{"id":2921,"date":"2014-11-23T23:59:03","date_gmt":"2014-11-23T22:59:03","guid":{"rendered":"http:\/\/blog.inmontanis.info\/?p=2921"},"modified":"2023-08-04T18:56:18","modified_gmt":"2023-08-04T16:56:18","slug":"gressoney-23-11-2014","status":"publish","type":"post","link":"http:\/\/blog.inmontanis.info\/?p=2921","title":{"rendered":"Gressoney, 23.11.2014"},"content":{"rendered":"<p>(Tag 2)<\/p>\n<p>Um 5:40 Uhr bin ich aufgestanden, da ich fr\u00fch genug ins Bett ging. In Cervinia sollten die Bahnen ab 8 oder 8:10 Uhr laufen, ich kam um 8:15 Uhr an, die Parkplatz-Ebenen an der Talstation sind doch etwas klein jetzt im Winter, es war schon alles voll, Chaos, die Leute stellten sich hier und da hin, wo es noch ging, oder an der Stra\u00dfe etc. Ganz unten, direkt neben der Talstation, sah es so aus, als ob es noch ein paar Pl\u00e4tze gab, also bin ich dort runter.<\/p>\n<p>Der Platz war schneebedeckt, zwischen einigen Fahrzeugen war noch f\u00fcr ca. 2 Autos Platz, man musste halt durch eine Pf\u00fctze fahren, konnte aber danach stehenbleiben um auszusteigen. Soweit so gut, nur &#8230; die Pf\u00fctze, die ca. 1-3m lang und mehrere Autol\u00e4ngen breit war, war allerdings doch keine Pf\u00fctze, sondern ein regelrechter See. Aus dem ich nicht mehr rauskam. Weder nach vorne, noch nach hinten. Wobei ich jetzt gar nicht mehr wei\u00df, ob ich nur mit den Vorderr\u00e4dern, oder auch mit den Hinterr\u00e4dern im Wasser war. Stehenbleiben und Aussteigen war auch keine Option, denn als ich die T\u00fcr aufmachte, sah ich den Schlam(m)assel, das Wasser stand beinahe bis zum T\u00fcrrahmen!!!<\/p>\n<p>Nach etlichen erfolglosen Versuchen erbarmten sich 3 Italiener und schoben mich von vorne an, damit ich r\u00fcckw\u00e4rts aus diesem &#8220;See&#8221; wieder rauskam. Als ich dann auch noch die Schlangen an den Kassen sah (gesch\u00e4tzt gute 30 Minuten), stand f\u00fcr mich fest, dass ich nicht nur heute hier nicht fahren werde, sondern es im November nie wieder in Cervinia probieren werde. Als ich dann talw\u00e4rts fuhr, kamen &#8211; der Uhrzeit gerecht &#8211; nat\u00fcrlich noch viele Autos und Busse rauf. Nein, Danke, nicht mit mir. Da bleib ich lieber am Stubaier.<\/p>\n<p><a href='http:\/\/ski.inmontanis.info\/d\/188025-3\/DSC09305.jpg'><img src=http:\/\/ski.inmontanis.info\/d\/188024-3\/DSC09305.jpg \/><\/a><br \/>\n^ Cervinia<\/p>\n<p>Anfahrbare Alternativen gab es f\u00fcr heute f\u00fcr mich noch 3 Gebiete, das &#8220;benachbarte&#8221; Gressoney (auch ca. 1.5h Fahrzeit) oder die beiden ebenfalls dieses WE ge\u00f6ffnete Gebiete im Tessin. Die 3 genannten Gebiete hatten alle jeweils einen Hauptlift und einen kurzen Lift und jeweils 1-2 Abfahrten ge\u00f6ffnet. Gressoney war nicht nur am schnellsten anfahrbar, sondern hatte auch den l\u00e4ngsten Lift (3 km) und die meisten H\u00f6henmeter.<\/p>\n<p><a href='http:\/\/extra.inmontanis.info\/d\/25913-2\/DSC09309.jpg'><img src=http:\/\/extra.inmontanis.info\/d\/25912-3\/DSC09309.jpg \/><\/a><br \/>\n^ Forte di Bard mit seinen 3 Schr\u00e4gaufz\u00fcgen<\/p>\n<p>In Gressoney angekommen sah es erst mal recht voll aus, aber die Parkpl\u00e4tze an der EUB waren kostenpflichtig und daher recht leer. Somit gab es doch keinerlei Wartezeiten im Skigebiet. Das Wetter war auch besser als manche Wetterberichte bef\u00fcrchten lie\u00dfen, es gab neben den ge\u00f6ffneten Abfahrten auch genug Varianten und die geschlossene Talabfahrt war auch pr\u00e4pariert und hatte nur unten ein kleines aperes St\u00fcck. Die Tageskarte kostete 25,- \u20ac und war somit 10,- \u20ac g\u00fcnstiger als in Cervinia.<\/p>\n<p>Dass die kurze 3SB Lago offen war, war ebenfalls recht nett, so konnte man sich zwischendrin mal ausruhen und ausl\u00fcften lassen &#8211; die Sitze in der 12EUB waren leider hochgeklappt. Zudem hatte man von der Bergstation der 3SB ein sch\u00f6nes See-Pano.<\/p>\n<p>Alles in Allem h\u00e4tte ich gleich hier her fahren sollen, da es mir ja klar war, dass die meisten nach Cervinia fahren werden, w\u00e4hrend man hier entspannt und ruhig fahren kann. Ich war ja schon mal im November in Alagna, damals war eben nur Alagna (ab Mittelstation Funifor) ge\u00f6ffnet, und im Vergleich dazu war das heutige Angebot wesentlich interessanter. \u00dcberhaupt fand ich den heutigen Vorsaisontag in Gressoney viel angenehmer und sch\u00f6ner als Ende Januar, als ich das ganze Gebiet fahren konnte! Nur dass die Agudio-6EUB Stafal-Gabiet mit einer 8EUB ersetzt wurde, fand ich nat\u00fcrlich schade.<\/p>\n<p>(Fotos anklicken zum Vergr\u00f6\u00dfern)<\/p>\n<p><a href='http:\/\/ski.inmontanis.info\/d\/188029-2\/ge20141123b.jpg'><img src=http:\/\/ski.inmontanis.info\/d\/188028-3\/ge20141123b.jpg \/><\/a><br \/>\n^ GPS-Track 25.11.2014<\/p>\n<p><a href='http:\/\/ski.inmontanis.info\/d\/188033-2\/DSC09310.jpg'><img src=http:\/\/ski.inmontanis.info\/d\/188032-3\/DSC09310.jpg \/><\/a><br \/>\n^ EUB Stafal-Gabiet. Die leeren Parkpl\u00e4tze nahe der Talstation sind kostenpflichtig (zumindest lt. Tafel), dort wo voll ist ist kostenfrei.<\/p>\n<p><a href='http:\/\/ski.inmontanis.info\/d\/188037-2\/DSC09314.jpg'><img src=http:\/\/ski.inmontanis.info\/d\/188036-3\/DSC09314.jpg \/><\/a><br \/>\n^ 8EUB Stafal-Gabiet mit Talabfahrt, offiziell gesperrt aber pr\u00e4pariert<\/p>\n<p><a href='http:\/\/ski.inmontanis.info\/d\/188041-2\/DSC09315.jpg'><img src=http:\/\/ski.inmontanis.info\/d\/188040-3\/DSC09315.jpg \/><\/a><br \/>\n^ Mittelstation Gabiet<\/p>\n<p><a href='http:\/\/ski.inmontanis.info\/d\/188045-2\/DSC09316.jpg'><img src=http:\/\/ski.inmontanis.info\/d\/188044-3\/DSC09316.jpg \/><\/a><br \/>\n^ In Alagna ist heute noch geschlossen, das Pano in die Po-Ebene war heut recht diesig.<\/p>\n<p><a href='http:\/\/ski.inmontanis.info\/d\/188049-2\/DSC09318.jpg'><img src=http:\/\/ski.inmontanis.info\/d\/188048-3\/DSC09318.jpg \/><\/a><br \/>\n^ Abfahrt an der 12 EUB Gabiet-Salati<\/p>\n<p><a href='http:\/\/ski.inmontanis.info\/d\/188053-2\/DSC09322.jpg'><img src=http:\/\/ski.inmontanis.info\/d\/188052-3\/DSC09322.jpg \/><\/a><br \/>\n^ Abfahrt und paar Offpiste-M\u00f6glichkeiten<\/p>\n<p><a href='http:\/\/ski.inmontanis.info\/d\/188057-2\/DSC09323.jpg'><img src=http:\/\/ski.inmontanis.info\/d\/188056-3\/DSC09323.jpg \/><\/a><br \/>\n^ Gabiet und Lago. Die schwarz-wei\u00dfen 12er Sigma Diamond Kabinen schauen ja schon stylisch aus.<\/p>\n<p><a href='http:\/\/ski.inmontanis.info\/d\/188061-2\/DSC09324.jpg'><img src=http:\/\/ski.inmontanis.info\/d\/188060-3\/DSC09324.jpg \/><\/a><br \/>\n^ Lago Gabiet<\/p>\n<p><a href='http:\/\/ski.inmontanis.info\/d\/188065-2\/DSC09327.jpg'><img src=http:\/\/ski.inmontanis.info\/d\/188064-3\/DSC09327.jpg \/><\/a><br \/>\n^ 3SB Lago, kurz, aber nett.<\/p>\n<p><a href='http:\/\/ski.inmontanis.info\/d\/188069-2\/DSC09329.jpg'><img src=http:\/\/ski.inmontanis.info\/d\/188068-3\/DSC09329.jpg \/><\/a><br \/>\n^ 3SB Lago, bester Schnee des Tages. Und die Pistenraupenspuren hatte man hier und da auch nachmittags noch gesehen.<\/p>\n<p><a href='http:\/\/ski.inmontanis.info\/d\/188073-2\/DSC09331.jpg'><img src=http:\/\/ski.inmontanis.info\/d\/188072-3\/DSC09331.jpg \/><\/a><br \/>\n^ Pano am Lago Gabiet<\/p>\n<p><a href='http:\/\/ski.inmontanis.info\/d\/188077-2\/DSC09335.jpg'><img src=http:\/\/ski.inmontanis.info\/d\/188076-3\/DSC09335.jpg \/><\/a><br \/>\n^ Lago Gabiet<\/p>\n<p><a href='http:\/\/ski.inmontanis.info\/d\/188081-2\/DSC09336.jpg'><img src=http:\/\/ski.inmontanis.info\/d\/188080-3\/DSC09336.jpg \/><\/a><br \/>\n^ Lago Gabiet<\/p>\n<p><a href='http:\/\/ski.inmontanis.info\/d\/188085-2\/DSC09339.jpg'><img src=http:\/\/ski.inmontanis.info\/d\/188084-3\/DSC09339.jpg \/><\/a><br \/>\n^ 12EUB Salati<\/p>\n<p><a href='http:\/\/ski.inmontanis.info\/d\/188089-2\/DSC09341.jpg'><img src=http:\/\/ski.inmontanis.info\/d\/188088-3\/DSC09341.jpg \/><\/a><br \/>\n^ Abfahrt Salati<\/p>\n<p><a href='http:\/\/ski.inmontanis.info\/d\/188093-2\/DSC09346.jpg'><img src=http:\/\/ski.inmontanis.info\/d\/188092-3\/DSC09346.jpg \/><\/a><br \/>\n^ Offpiste<\/p>\n<p><a href='http:\/\/ski.inmontanis.info\/d\/188097-2\/DSC09347.jpg'><img src=http:\/\/ski.inmontanis.info\/d\/188096-3\/DSC09347.jpg \/><\/a><br \/>\n^ Offpiste unter der 12EUB<\/p>\n<p><a href='http:\/\/ski.inmontanis.info\/d\/188101-2\/DSC09348.jpg'><img src=http:\/\/ski.inmontanis.info\/d\/188100-3\/DSC09348.jpg \/><\/a><br \/>\n^ 3SB Lago, ungew\u00f6hnlich viele St\u00fctzenschaftteile f\u00fcr die doch recht kurze St\u00fctze &#8230;.<\/p>\n<p><a href='http:\/\/ski.inmontanis.info\/d\/188105-2\/DSC09357.jpg'><img src=http:\/\/ski.inmontanis.info\/d\/188104-3\/DSC09357.jpg \/><\/a><br \/>\n^ Lago Gabiet<\/p>\n<p><a href='http:\/\/ski.inmontanis.info\/d\/188109-2\/DSC00484.jpg'><img src=http:\/\/ski.inmontanis.info\/d\/188108-3\/DSC00484.jpg \/><\/a><br \/>\n^ IR-Zoom<\/p>\n<p><a href='http:\/\/ski.inmontanis.info\/d\/188113-2\/DSC09359.jpg'><img src=http:\/\/ski.inmontanis.info\/d\/188112-3\/DSC09359.jpg \/><\/a><br \/>\n^ Freeride-H\u00e4nge des Indren-Funifors. Aufgrund der Felsen gibt&#8217;s hier doch kaum M\u00f6glichkeiten zum Abfahren?! Irgendwie sinnlose Bahn, m.E.- da h\u00e4tte es doch sicherlich sinnvollere Standorte gegeben&#8230; Und ja, ich wei\u00df, dass es egtl. eine andere Bergstation oder eine zweite Sektion h\u00e4tte geben sollen, aber m.E. ist &#8220;die H\u00e4lfte&#8221; hier eben weniger als &#8220;die H\u00e4lfte&#8221; wert.<\/p>\n<p><a href='http:\/\/ski.inmontanis.info\/d\/188117-2\/DSC09360.jpg'><img src=http:\/\/ski.inmontanis.info\/d\/188116-3\/DSC09360.jpg \/><\/a><br \/>\n^ Offpiste unter der 12EUB<\/p>\n<p><a href='http:\/\/ski.inmontanis.info\/d\/188121-2\/DSC09362.jpg'><img src=http:\/\/ski.inmontanis.info\/d\/188120-3\/DSC09362.jpg \/><\/a><br \/>\n^ Offpiste in den Graben. Da ich nicht wusste (und man es nicht sehen konnte), wie das St\u00fcck von dort zur\u00fcck zur Gabiet-Mittelstation geht, bin ich leider nicht gefahren. Da unten in den Talboden h\u00e4tte man eine Mittelstation der Salati-EUB bauen sollen ;)<\/p>\n<p><a href='http:\/\/ski.inmontanis.info\/d\/188125-2\/DSC09363.jpg'><img src=http:\/\/ski.inmontanis.info\/d\/188124-3\/DSC09363.jpg \/><\/a><br \/>\n^ Alte Piemonte Funivie Gondel<\/p>\n<p><a href='http:\/\/ski.inmontanis.info\/d\/188129-2\/DSC09367.jpg'><img src=http:\/\/ski.inmontanis.info\/d\/188128-3\/DSC09367.jpg \/><\/a><br \/>\n^ .. Sitzfl\u00e4che im Inneren &#8211; es war eine zweier Kabine.<\/p>\n<p><a href='http:\/\/ski.inmontanis.info\/d\/188133-2\/DSC09368.jpg'><img src=http:\/\/ski.inmontanis.info\/d\/188132-3\/DSC09368.jpg \/><\/a><br \/>\n^ T\u00fcrschl\u00f6sser<\/p>\n<p><a href='http:\/\/ski.inmontanis.info\/d\/188137-2\/DSC09374.jpg'><img src=http:\/\/ski.inmontanis.info\/d\/188136-3\/DSC09374.jpg \/><\/a><br \/>\n^ R\u00fcckseite mit den Skik\u00f6chern, ist also das 2-Personen-Modell. Gab ja glaub ich auch noch eine Variante f\u00fcr 3 Personen.<\/p>\n<p><a href='http:\/\/ski.inmontanis.info\/d\/188141-2\/DSC09377.jpg'><img src=http:\/\/ski.inmontanis.info\/d\/188140-3\/DSC09377.jpg \/><\/a><br \/>\n^ Skik\u00f6cher. Da w\u00fcrden heut kaum noch Ski reinpassen ;)<\/p>\n<p><a href='http:\/\/ski.inmontanis.info\/d\/188145-2\/DSC09379.jpg'><img src=http:\/\/ski.inmontanis.info\/d\/188144-3\/DSC09379.jpg \/><\/a><br \/>\n^ Das Fenster auf dieser Seite war anscheinend zu \u00f6ffnen, den Scharnieren oben nach zu urteilen.<\/p>\n<p><a href='http:\/\/ski.inmontanis.info\/d\/188149-2\/DSC09381.jpg'><img src=http:\/\/ski.inmontanis.info\/d\/188148-3\/DSC09381.jpg \/><\/a><br \/>\n^ Die Piemonte Funivie Ovovia Kabine. Leider konnte ich nie so eine Bahn fahren :-(<\/p>\n<p><a href='http:\/\/ski.inmontanis.info\/d\/188153-2\/DSC09384.jpg'><img src=http:\/\/ski.inmontanis.info\/d\/188152-3\/DSC09384.jpg \/><\/a><br \/>\n^ Ausblick in der Kabine<\/p>\n<p><a href='http:\/\/ski.inmontanis.info\/d\/188157-2\/DSC09386.jpg'><img src=http:\/\/ski.inmontanis.info\/d\/188156-3\/DSC09386.jpg \/><\/a><br \/>\n^ 12EUB Gabiet-Salati, unterer Teil<\/p>\n<p><a href='http:\/\/ski.inmontanis.info\/d\/188161-2\/DSC09388.jpg'><img src=http:\/\/ski.inmontanis.info\/d\/188160-3\/DSC09388.jpg \/><\/a><br \/>\n^ 12EUB Gabiet-Salati<\/p>\n<p><a href='http:\/\/ski.inmontanis.info\/d\/188165-2\/DSC09389.jpg'><img src=http:\/\/ski.inmontanis.info\/d\/188164-3\/DSC09389.jpg \/><\/a><br \/>\n^ Offpiste unter der EUB, ein paar freie Spuren hat man immer mal wieder gefunden, Schnee war auch recht gut, wobei alles was weiter von Norden weg war einen leichten Deckel hatte.<\/p>\n<p><a href='http:\/\/ski.inmontanis.info\/d\/188169-2\/DSC09392.jpg'><img src=http:\/\/ski.inmontanis.info\/d\/188168-3\/DSC09392.jpg \/><\/a><br \/>\n^ Offpiste zwischen den Felsen, es liegt genug Schnee.<\/p>\n<p><a href='http:\/\/ski.inmontanis.info\/d\/188173-2\/DSC09394.jpg'><img src=http:\/\/ski.inmontanis.info\/d\/188172-3\/DSC09394.jpg \/><\/a><br \/>\n^ Station Gabiet<\/p>\n<p><a href='http:\/\/ski.inmontanis.info\/d\/188177-2\/DSC09406.jpg'><img src=http:\/\/ski.inmontanis.info\/d\/188176-3\/DSC09406.jpg \/><\/a><br \/>\n^ Die komplette Strecke der 3 km langen 12EUB Gabiet-Salati<\/p>\n<p><a href='http:\/\/ski.inmontanis.info\/d\/188181-2\/DSC09408.jpg'><img src=http:\/\/ski.inmontanis.info\/d\/188180-3\/DSC09408.jpg \/><\/a><br \/>\n^ Von der Talabfahrt konnte ich den R\u00fcckweg von den Offpistevarianten einsehen &#8211; w\u00e4re wohl doch nicht so schlecht gewesen, schade.<\/p>\n<p><a href='http:\/\/ski.inmontanis.info\/d\/188202-3\/DSC09410.jpg'><img src=http:\/\/ski.inmontanis.info\/d\/188201-4\/DSC09410.jpg \/><\/a><br \/>\n^ Talabfahrt, geschlossen, viel befahren, pr\u00e4pariert, durch die Beschneiung hart und tw. knollig<\/p>\n<p><a href='http:\/\/ski.inmontanis.info\/d\/188186-2\/DSC09416.jpg'><img src=http:\/\/ski.inmontanis.info\/d\/188185-3\/DSC09416.jpg \/><\/a><br \/>\n^ Talabfahrt. Macht geschlossen vmtl. mehr Spa\u00df, weil weniger los und keine Fangz\u00e4une ;)<\/p>\n<p><a href='http:\/\/ski.inmontanis.info\/d\/188190-2\/DSC09417.jpg'><img src=http:\/\/ski.inmontanis.info\/d\/188189-3\/DSC09417.jpg \/><\/a><br \/>\n^ Talabfahrt. Recht schmal f\u00fcr eine 8EUB und wichtige Verbindungspiste.<\/p>\n<p><a href='http:\/\/ski.inmontanis.info\/d\/188194-2\/DSC09420.jpg'><img src=http:\/\/ski.inmontanis.info\/d\/188193-3\/DSC09420.jpg \/><\/a><br \/>\n^ Ende der Talabfahrt, hier musste ich mal kurz abschnallen.<\/p>\n<p>Nach der Querung einer Einfahrt konnte ich nochmal kurz anschnallen bis zu einem Sportgesch\u00e4ft, dort gab es dann einen Gehsteig aus Steinen, der egtl. komplett unproblematisch aussah, aber eben absch\u00fcssig war und &#8211; ich rutschte aus und flog hin. Eh klar, ich rutsch mit den Skischuhen ja immer und \u00fcberall aus. Wird wieder einen fetten blauen Fleck auf der rechten Seite im oberen Beinbereich geben. Wenigstens werden sich die Schaulustigen danach sicher nicht mehr gewundert haben, warum ich hier auf Schneeresten runter und auch auf Schneeresten weiter zum Auto gefahren bin :) Einer hat sich dann am Parkplatz sogar noch erkundigt und gemeint, ich solle mir doch Gummi auf die Sohlen kleben ..<\/p>\n<p><a href='http:\/\/ski.inmontanis.info\/d\/188198-2\/DSC09421.jpg'><img src=http:\/\/ski.inmontanis.info\/d\/188197-3\/DSC09421.jpg \/><\/a><br \/>\n^ Nach dem Sturz hab ich wieder angeschnallt und bin bis zum Parkplatz weiter abgefahren.<\/p>\n<p>Mittags hab ich in der Bar an der Mittelstation ein Salsiccia-Panino gegessen (mit 4 oder 4,50 recht g\u00fcnstig, weil riesig gro\u00df, insb. im Vgl. zu Salsiccia-mit-Pommes um 8,50 bei lt. Foto gleich gro\u00dfem Salsiccia-Bratling) und da das ge\u00f6ffnete Skigebiet \u00fcberschaubar war, bin ich nicht bis zum Schluss geblieben, sondern war &#8220;schon&#8221; um 16 Uhr wieder am Auto.<\/p>\n<p>\u00dcber Varese hatte ich dann noch etwas Stau, da die Bauarbeiten an dem neuen St\u00fcck Umgehungsstra\u00dfe nun so gut wie fertig sind (Schilder + Bemalung bereits fertig, wird wohl heuer noch er\u00f6ffnet) und somit der Verkehr noch etwas kurviger geleitet wird. Der Rest war unproblematisch und um 21:30 Uhr ging sich noch eine Portion \u00c4lplermakkaroni an der Rheintal-Rastation aus. Kurz nach Mitternacht war ich dann wieder daheim.<\/p>\n<p>Fazit: Also im Vgl. zu dem letzten November-Ausflug 2011 nach Alagna und Prali hatte ich diese beiden Tage mal wesentlich mehr Lifte und Abfahrten und weniger Wartezeiten. Die ca. 1400-1500 km Fahrstrecke nur f\u00fcr die beiden Gebiete w\u00e4re aber dennoch fraglich, aber durch die vielen tollen Bilder und mit Einbezug des Einkaufs in Frankreich und da ich im Auto schlief und mir die \u00dcbernachtungskosten gespart hab, ist die Bilanz doch nicht ganz so negativ. Und sch\u00f6ner als Obergurgl waren die beiden Skigebiete in jedem Fall ;)<\/p>\n","protected":false},"excerpt":{"rendered":"<p>(Tag 2)<\/p>\n<p>Um 5:40 Uhr bin ich aufgestanden, da ich fr\u00fch genug ins Bett ging. In Cervinia sollten die Bahnen ab 8 oder 8:10 Uhr laufen, ich kam um 8:15 Uhr an, die Parkplatz-Ebenen an der Talstation sind doch etwas klein jetzt im Winter, es war schon alles voll, Chaos, die Leute stellten sich hier <a href=\"http:\/\/blog.inmontanis.info\/?p=2921\">[&#8230;]<\/a><\/p>\n","protected":false},"author":1,"featured_media":0,"comment_status":"closed","ping_status":"closed","sticky":false,"template":"","format":"standard","meta":{"footnotes":""},"categories":[535,508,15,27,81],"tags":[55,53,36,90,45],"class_list":["post-2921","post","type-post","status-publish","format-standard","hentry","category-alagna-monte-rosa","category-cervinia-zermatt","category-italienitaly","category-skifahren-winterskiing-winter","category-kurztrips","tag-3sb","tag-8eub","tag-castle","tag-infrarot","tag-see","odd"],"_links":{"self":[{"href":"http:\/\/blog.inmontanis.info\/index.php?rest_route=\/wp\/v2\/posts\/2921","targetHints":{"allow":["GET"]}}],"collection":[{"href":"http:\/\/blog.inmontanis.info\/index.php?rest_route=\/wp\/v2\/posts"}],"about":[{"href":"http:\/\/blog.inmontanis.info\/index.php?rest_route=\/wp\/v2\/types\/post"}],"author":[{"embeddable":true,"href":"http:\/\/blog.inmontanis.info\/index.php?rest_route=\/wp\/v2\/users\/1"}],"replies":[{"embeddable":true,"href":"http:\/\/blog.inmontanis.info\/index.php?rest_route=%2Fwp%2Fv2%2Fcomments&post=2921"}],"version-history":[{"count":3,"href":"http:\/\/blog.inmontanis.info\/index.php?rest_route=\/wp\/v2\/posts\/2921\/revisions"}],"predecessor-version":[{"id":2924,"href":"http:\/\/blog.inmontanis.info\/index.php?rest_route=\/wp\/v2\/posts\/2921\/revisions\/2924"}],"wp:attachment":[{"href":"http:\/\/blog.inmontanis.info\/index.php?rest_route=%2Fwp%2Fv2%2Fmedia&parent=2921"}],"wp:term":[{"taxonomy":"category","embeddable":true,"href":"http:\/\/blog.inmontanis.info\/index.php?rest_route=%2Fwp%2Fv2%2Fcategories&post=2921"},{"taxonomy":"post_tag","embeddable":true,"href":"http:\/\/blog.inmontanis.info\/index.php?rest_route=%2Fwp%2Fv2%2Ftags&post=2921"}],"curies":[{"name":"wp","href":"https:\/\/api.w.org\/{rel}","templated":true}]}}