{"id":2918,"date":"2014-11-22T00:16:42","date_gmt":"2014-11-21T23:16:42","guid":{"rendered":"http:\/\/blog.inmontanis.info\/?p=2918"},"modified":"2023-07-30T21:57:18","modified_gmt":"2023-07-30T19:57:18","slug":"montgenevre-22-11-2014","status":"publish","type":"post","link":"http:\/\/blog.inmontanis.info\/?p=2918","title":{"rendered":"Montgenevre, 22.11.2014"},"content":{"rendered":"<p>An diesem Wochenende machten in Italien, Schweiz und Frankreich etliche Skigebiete auf. Grund genug, mal wieder einen kleinen Wochenendausflug zu machen. Nur wohin?<\/p>\n<p>Am meisten interessierte mich Cervinia, das f\u00fcr einen noch erm\u00e4\u00dfigten Tageskartentarif von 35,- recht viel offen hatte. Von Innsbruck aus f\u00fcr mich und meine Fahrroute am Samstag allerdings nicht zu einer sinnvollen Zeit anfahrbar gewesen.<\/p>\n<p>Die Mehrheit der franz\u00f6sischen Skigebiete lagen auch au\u00dferhalb des halbwegs vertr\u00e4glich anfahrbaren Radius, mit Ausnahme eines Gebietes: Montgenevre, am gleichnamigen Pass zwischen Briancon und Sestriere. Auch wenn die hier schon den normalen Vorsaisontarif von 30,50 \u20ac verlangen und teurer als die meisten anderen dieses WE ge\u00f6ffneten Gebiete sind. <\/p>\n<p>Nebenbei hatte Montgenevre den unbestrittenen Vorteil, dass ich mal wieder einen kleinen Einkauf in Briancon machen und g\u00fcnstig tanken kann. Au\u00dferdem hie\u00df es, dass der &#8220;Secteur Gondrans&#8221; aufmachen soll, was ja bedeuten m\u00fcsste, dass mehr als nur die 4KSB ge\u00f6ffnet werden w\u00fcrde &#8211; ich hatte auf den einen oder anderen KSSL gehofft. Was sich dann leider nicht bewahrheitet hatte. <\/p>\n<p>Die Fahrzeit nach Cervinia und Montgenevre ist fast ident, da Montgenevre durch die wenigeren Lifte aber ab 11\/12 Uhr ausreichend ist, ging&#8217;s am Samstag eben dort hin. Um 3:40 Uhr klingelte der Wecker, kurz nach 4 Uhr kam ich aus dem Haus. Paar Zwischenstops f\u00fcr WC und Tanken und wie \u00fcblich die ca. 1h l\u00e4ngere, aber mautm\u00e4\u00dfig g\u00fcnstigere Strecke \u00fcber Arlberg+Bernardino &#8211; kurz vor 12 Uhr kam ich ca. 0,5-1 Stunde sp\u00e4ter als eigentlich gewollt im Skigebiet an. <\/p>\n<p>Ganz leer war&#8217;s nicht, an der Kombibahn musste man am Sesseleinstieg auch mal ein paar Sessel warten (hab aber eh meist die leereren Gondeln genommen), auch weil diese heute extrem langsam fuhr &#8211; kaum schneller als die 4SB. Au\u00dfer einem Holl\u00e4nder hab ich aber nur Italiener in den Liften geh\u00f6rt. Wobei zumindest am Parkplatz neben einem weiteren holl\u00e4ndischen Auto auch deutsche standen!<\/p>\n<p>Von der Kombibahn konnte man die beiden anderen ge\u00f6ffneten Sesselbahnen erreichen, die KSSL leider noch nicht mal betriebsbereit und der ge\u00f6ffnete SL im Tal leider mittlerweile ein SL und kein KSSL mehr &#8211; so was bl\u00f6des, der vielelicht einzige SL im Montgenevre und der muss offen sein, na danke. Zum Wechseln der Gebietsteile musste man immer \u00fcber die Talstation Kombibahn fahren, man hat auch die Bergstation der Kombibahn von beiden Sektoren nicht erreicht. Allerdings ist der unterste Teil der Abfahrt schon etwas schneearm &#8211; hoffentlich k\u00f6nnen die da noch beschneien, sonst schaut&#8217;s n\u00e4chstes WE schlecht aus.<\/p>\n<p>Ge\u00f6ffnet war neben der Kombibahn eben die lange 4SB Aigle, die m.E. landschaftlich sch\u00f6nste Bahn der Via Lattea, die auch eine recht nette in der Landschaft integrierte Abfahrt etwas abseits hat und auch ein paar Offpistevarianten anbietet. Dieser Lift war schlussendlich auch ausschlaggebend, dass ich heute nach Montgenevre gefahren bin, auch wenn ich ihn schlussendlich nur 3x und somit seltener als die 4KSB gefahren bin, aber er ist halt doch sehr lang und langsam und sollte halt eine KSB sein.<\/p>\n<p>Die 4KSB Gondrans dagegen gl\u00e4nzte im oberen Teil mit unmodellierten Abfahrten, von denen 3 z.T. sehr breit pr\u00e4pariert und ge\u00f6ffnet waren. Offpiste war&#8217;s hier aber etwas schwieriger, der Schnee hatte einen leichten Deckel (es war auch sehr warm), nur die Nordh\u00e4nge an der 4SB Aigle hatten besseren Pulver.<\/p>\n<p>Gegen 16:15 stieg ich von der 4KSB zum KSSL auf, dessen Abfahrt bereits pr\u00e4pariert war. Um 5 vor 5 wollte ich noch den SL Clot unten im Tal mitnehmen, der bis 17 Uhr h\u00e4tte in Betrieb sein sollen &#8211; es aber dann doch nicht war. Naja, auch egal.<\/p>\n<p>(Fotos anklicken zum Vergr\u00f6\u00dfern)<\/p>\n<p><a href='http:\/\/ski.inmontanis.info\/d\/187905-2\/ge20141122.jpg'><img src=http:\/\/ski.inmontanis.info\/d\/187904-3\/ge20141122.jpg \/><\/a><br \/>\n^ GPS-Track 22.11.2014<\/p>\n<p><a href='http:\/\/ski.inmontanis.info\/d\/187909-2\/DSC09235.jpg'><img src=http:\/\/ski.inmontanis.info\/d\/187908-3\/DSC09235.jpg \/><\/a><br \/>\n^ 4SB Aigle, unterer Abschnitt<\/p>\n<p><a href='http:\/\/ski.inmontanis.info\/d\/187913-2\/DSC09237.jpg'><img src=http:\/\/ski.inmontanis.info\/d\/187912-3\/DSC09237.jpg \/><\/a><br \/>\n^ 4SB Aigle, der landschaftlich sch\u00f6nste, mittlerer Teil. Rechts die Abfahrt.<\/p>\n<p><a href='http:\/\/ski.inmontanis.info\/d\/187917-2\/DSC09238.jpg'><img src=http:\/\/ski.inmontanis.info\/d\/187916-3\/DSC09238.jpg \/><\/a><br \/>\n^ 4SB Aigle<\/p>\n<p><a href='http:\/\/ski.inmontanis.info\/d\/187921-2\/DSC09242.jpg'><img src=http:\/\/ski.inmontanis.info\/d\/187920-3\/DSC09242.jpg \/><\/a><br \/>\n^ Blick von der 4SB Aigle zur Abfahrt bzw. Bergstation KSSL Cr\u00eate<\/p>\n<p><a href='http:\/\/ski.inmontanis.info\/d\/187925-2\/DSC09243.jpg'><img src=http:\/\/ski.inmontanis.info\/d\/187924-3\/DSC09243.jpg \/><\/a><br \/>\n^ 4SB Aigle und Montgenevre<\/p>\n<p><a href='http:\/\/ski.inmontanis.info\/d\/187929-2\/DSC09244.jpg'><img src=http:\/\/ski.inmontanis.info\/d\/187928-3\/DSC09244.jpg \/><\/a><br \/>\n^ Varianten an der 4SB Aigle, den Hang da in Bildmitte bin ich sp\u00e4ter auch reingefahren, ganz nett<\/p>\n<p><a href='http:\/\/ski.inmontanis.info\/d\/187933-2\/DSC09246.jpg'><img src=http:\/\/ski.inmontanis.info\/d\/187932-3\/DSC09246.jpg \/><\/a><br \/>\n^ 4SB Aigle, obere Varianten &#8211; hier sahen mir noch etwas zu viel Steine raus.<\/p>\n<p><a href='http:\/\/ski.inmontanis.info\/d\/187937-2\/DSC09249.jpg'><img src=http:\/\/ski.inmontanis.info\/d\/187936-3\/DSC09249.jpg \/><\/a><br \/>\n^ Action-Foto ;-)<\/p>\n<p><a href='http:\/\/ski.inmontanis.info\/d\/187941-2\/DSC09251.jpg'><img src=http:\/\/ski.inmontanis.info\/d\/187940-3\/DSC09251.jpg \/><\/a><br \/>\n^ 4SB Aigle, oberer Teil.<\/p>\n<p><a href='http:\/\/ski.inmontanis.info\/d\/187945-2\/DSC09252.jpg'><img src=http:\/\/ski.inmontanis.info\/d\/187944-3\/DSC09252.jpg \/><\/a><br \/>\n^ Pano kurz unterhalb der Bergstation 4SB Aigle<\/p>\n<p><a href='http:\/\/ski.inmontanis.info\/d\/187949-2\/DSC09254.jpg'><img src=http:\/\/ski.inmontanis.info\/d\/187948-3\/DSC09254.jpg \/><\/a><br \/>\n^ Start der sch\u00f6nen Abfahrt an der 4SB Aigle, leider wohl mal etwas beschneit worden, da sie etwas h\u00e4rter war als die an der 4KSB<\/p>\n<p><a href='http:\/\/ski.inmontanis.info\/d\/187953-2\/DSC09255.jpg'><img src=http:\/\/ski.inmontanis.info\/d\/187952-3\/DSC09255.jpg \/><\/a><br \/>\n^ Talabfahrt und Kombibahn (die heute sehr langsam fuhr)<\/p>\n<p><a href='http:\/\/ski.inmontanis.info\/d\/187957-2\/DSC09256.jpg'><img src=http:\/\/ski.inmontanis.info\/d\/187956-3\/DSC09256.jpg \/><\/a><br \/>\n^ Ort und Kombibahn. Der SL Cl\u00f4t, der hier rechts schr\u00e4g reinkommt, ist leider kein KSSL mehr, aber ausgerechnet der hier war heute in Betrieb :-(<\/p>\n<p><a href='http:\/\/ski.inmontanis.info\/d\/187961-2\/DSC09259.jpg'><img src=http:\/\/ski.inmontanis.info\/d\/187960-3\/DSC09259.jpg \/><\/a><br \/>\n^ Sektor Gondrans, war aber nur die 4KSB offen, auch wenn rechts der KSSL pr\u00e4pariert war.<\/p>\n<p><a href='http:\/\/ski.inmontanis.info\/d\/187965-2\/DSC09261.jpg'><img src=http:\/\/ski.inmontanis.info\/d\/187964-3\/DSC09261.jpg \/><\/a><br \/>\n^ 4KSB Gondrans, der KSSL Alp links war auch nicht in Betrieb<\/p>\n<p><a href='http:\/\/ski.inmontanis.info\/d\/187969-2\/DSC09265.jpg'><img src=http:\/\/ski.inmontanis.info\/d\/187968-3\/DSC09265.jpg \/><\/a><br \/>\n^ 4KSB Gondrans Bergstation<\/p>\n<p><a href='http:\/\/ski.inmontanis.info\/d\/187973-2\/DSC09267.jpg'><img src=http:\/\/ski.inmontanis.info\/d\/187972-3\/DSC09267.jpg \/><\/a><br \/>\n^ Pano von der 4KSB Gondrans richtung Serre Chevalier Skigebiet<\/p>\n<p><a href='http:\/\/ski.inmontanis.info\/d\/187977-2\/DSC09270.jpg'><img src=http:\/\/ski.inmontanis.info\/d\/187976-3\/DSC09270.jpg \/><\/a><br \/>\n^ 4KSB Gondrans, die Abfahrten hier sind allesamt alles andere als modelliert, sehr nett.<\/p>\n<p><a href='http:\/\/ski.inmontanis.info\/d\/187981-2\/DSC09271.jpg'><img src=http:\/\/ski.inmontanis.info\/d\/187980-3\/DSC09271.jpg \/><\/a><br \/>\n^ 4KSB Gondrans, talw\u00e4rts<\/p>\n<p><a href='http:\/\/ski.inmontanis.info\/d\/187985-2\/DSC09272.jpg'><img src=http:\/\/ski.inmontanis.info\/d\/187984-3\/DSC09272.jpg \/><\/a><br \/>\n^ Offpiste an der 4SB Aigle<\/p>\n<p><a href='http:\/\/ski.inmontanis.info\/d\/187989-2\/DSC09276.jpg'><img src=http:\/\/ski.inmontanis.info\/d\/187988-3\/DSC09276.jpg \/><\/a><br \/>\n^ Offpiste an der 4SB Aigle<\/p>\n<p><a href='http:\/\/ski.inmontanis.info\/d\/187993-2\/DSC09277.jpg'><img src=http:\/\/ski.inmontanis.info\/d\/187992-3\/DSC09277.jpg \/><\/a><br \/>\n^ Offpiste an der 4SB Aigle, gegen\u00fcber die Bergstation KSSL Cr\u00eat<\/p>\n<p><a href='http:\/\/ski.inmontanis.info\/d\/187997-2\/DSC09278.jpg'><img src=http:\/\/ski.inmontanis.info\/d\/187996-3\/DSC09278.jpg \/><\/a><br \/>\n^ Offpiste an der 4SB Aigle, h\u00fcbsch steil hier.<\/p>\n<p><a href='http:\/\/ski.inmontanis.info\/d\/188001-2\/DSC09280.jpg'><img src=http:\/\/ski.inmontanis.info\/d\/188000-3\/DSC09280.jpg \/><\/a><br \/>\n^ Offpiste an der 4SB Aigle<\/p>\n<p><a href='http:\/\/ski.inmontanis.info\/d\/188005-2\/DSC09285.jpg'><img src=http:\/\/ski.inmontanis.info\/d\/188004-3\/DSC09285.jpg \/><\/a><br \/>\n^ Oberer Teil des Fu\u00dfwegs von der 4KSB Gondrans zu den beiden anderen Liften<\/p>\n<p><a href='http:\/\/ski.inmontanis.info\/d\/188009-2\/DSC09287.jpg'><img src=http:\/\/ski.inmontanis.info\/d\/188008-3\/DSC09287.jpg \/><\/a><br \/>\n^ 4KSB Gondrans, von der Bergstation Observatoire<\/p>\n<p><a href='http:\/\/ski.inmontanis.info\/d\/188013-2\/DSC09295.jpg'><img src=http:\/\/ski.inmontanis.info\/d\/188012-3\/DSC09295.jpg \/><\/a><br \/>\n^ R\u00fcckseitenpano<\/p>\n<p><a href='http:\/\/ski.inmontanis.info\/d\/188017-2\/DSC09300.jpg'><img src=http:\/\/ski.inmontanis.info\/d\/188016-3\/DSC09300.jpg \/><\/a><br \/>\n^ KSSL Querelay, dessen SL-Spur und Abfahrt pr\u00e4pariert war, aber leider noch nicht betriebsbereit.<\/p>\n<p><a href='http:\/\/ski.inmontanis.info\/d\/188021-2\/DSC09301.jpg'><img src=http:\/\/ski.inmontanis.info\/d\/188020-3\/DSC09301.jpg \/><\/a><br \/>\n^ Auf den letzten Resten bis zum unteren Parkplatz ;-)<\/p>\n<p>Fazit: War ganz nett, die beiden ge\u00f6ffneten Sektoren.<\/p>\n<p>Danach ging&#8217;s runter nach Briancon, Tanken (Diesel 1,22 \u20ac) und Einkaufen im Carrefour (Fertiggerichte gek\u00fchlt und ungek\u00fchlt, sowie S\u00fc\u00dfigkeiten, wie \u00fcblich) &#8211; nach 130,- \u20ac sah mir der Einkauf aber nicht aus. Mag schon sein, dass Carrefour etwas teurer ist, wie es auch im Geant Casino \u00fcberall ausgeschlagen ist. Hier hab ich nochmal 40,- \u20ac ausgegeben, rein Auswahlm\u00e4\u00dfig f\u00fcr meinen Bedarf war der Carrefour allerdings besser. Obwohl ich nat\u00fcrlich trotz beider Superm\u00e4rkte bei weitem nicht alles bekam, was ich wollte, wie halt \u00fcblich.<\/p>\n<p>Bis ich mit beiden M\u00e4rkten fertig war, war&#8217;s 19:30 Uhr. Da ich heute &#8211; au\u00dfer einem noch daheim gemachten Wrap und 2 Schokoriegel &#8211; noch nichts gegessen hatte, wollte ich ja eigentlich nicht so sp\u00e4t essen, wollte aber doch lieber in Italien eine Pizzeria besuchen. Hatte mir ja auch egtl. heute Mittag ein paar merken wollen, aber &#8211; die eine sah mir dann zu teuer, die n\u00e4chste zu sch\u00e4big aus, die dritte verpasste ich, die vierte &#8211; usw. und da ich egtl. sowieso keinen gro\u00dfen Hunger hatte und eine ganze Pizza nie und nimmer geschafft h\u00e4tte, begn\u00fcgte ich mich mit einem vorhin im Supermarkt gekauften Tiramisu aus der K\u00fchltasche. Ess ich halt morgen Mittag was.<\/p>\n<p>\u00dcbernachten wollte ich heute auch nochmal &#8220;zum Abschluss der Saison&#8221; im Auto, da nachts nicht k\u00e4lter als 2-5\u00b0 gemeldet wurden. Genauer gesagt fuhr ich auf den ruhigen Col del Lys, wo ich ja vor einigen Jahren schon mal schlief und die dort stillgelegten Skilifte dokumentierte. Mit der Wolldecke im Schlafsack ist es jedenfalls wesentlich w\u00e4rmer als umgekehrt &#8211; teilweise war&#8217;s mir sogar fast zu warm :)<\/p>\n<p><a href='http:\/\/extra.inmontanis.info\/d\/25909-2\/DSC09304.jpg'><img src=http:\/\/extra.inmontanis.info\/d\/25908-3\/DSC09304.jpg \/><\/a><br \/>\n^ Pano vom Col del Lys (manchmal auch Lis)<\/p>\n<p>(Fortsetzung folgt)<\/p>\n","protected":false},"excerpt":{"rendered":"<p>An diesem Wochenende machten in Italien, Schweiz und Frankreich etliche Skigebiete auf. Grund genug, mal wieder einen kleinen Wochenendausflug zu machen. Nur wohin?<\/p>\n<p>Am meisten interessierte mich Cervinia, das f\u00fcr einen noch erm\u00e4\u00dfigten Tageskartentarif von 35,- recht viel offen hatte. Von Innsbruck aus f\u00fcr mich und meine Fahrroute am Samstag allerdings nicht zu einer sinnvollen <a href=\"http:\/\/blog.inmontanis.info\/?p=2918\">[&#8230;]<\/a><\/p>\n","protected":false},"author":1,"featured_media":0,"comment_status":"closed","ping_status":"closed","sticky":false,"template":"","format":"standard","meta":{"footnotes":""},"categories":[16,15,322,27,81],"tags":[49,48],"class_list":["post-2918","post","type-post","status-publish","format-standard","hentry","category-france","category-italienitaly","category-montgenevre","category-skifahren-winterskiing-winter","category-kurztrips","tag-4sb","tag-kssl","odd"],"_links":{"self":[{"href":"http:\/\/blog.inmontanis.info\/index.php?rest_route=\/wp\/v2\/posts\/2918","targetHints":{"allow":["GET"]}}],"collection":[{"href":"http:\/\/blog.inmontanis.info\/index.php?rest_route=\/wp\/v2\/posts"}],"about":[{"href":"http:\/\/blog.inmontanis.info\/index.php?rest_route=\/wp\/v2\/types\/post"}],"author":[{"embeddable":true,"href":"http:\/\/blog.inmontanis.info\/index.php?rest_route=\/wp\/v2\/users\/1"}],"replies":[{"embeddable":true,"href":"http:\/\/blog.inmontanis.info\/index.php?rest_route=%2Fwp%2Fv2%2Fcomments&post=2918"}],"version-history":[{"count":2,"href":"http:\/\/blog.inmontanis.info\/index.php?rest_route=\/wp\/v2\/posts\/2918\/revisions"}],"predecessor-version":[{"id":2920,"href":"http:\/\/blog.inmontanis.info\/index.php?rest_route=\/wp\/v2\/posts\/2918\/revisions\/2920"}],"wp:attachment":[{"href":"http:\/\/blog.inmontanis.info\/index.php?rest_route=%2Fwp%2Fv2%2Fmedia&parent=2918"}],"wp:term":[{"taxonomy":"category","embeddable":true,"href":"http:\/\/blog.inmontanis.info\/index.php?rest_route=%2Fwp%2Fv2%2Fcategories&post=2918"},{"taxonomy":"post_tag","embeddable":true,"href":"http:\/\/blog.inmontanis.info\/index.php?rest_route=%2Fwp%2Fv2%2Ftags&post=2918"}],"curies":[{"name":"wp","href":"https:\/\/api.w.org\/{rel}","templated":true}]}}