{"id":2902,"date":"2014-11-08T18:02:57","date_gmt":"2014-11-08T17:02:57","guid":{"rendered":"http:\/\/blog.inmontanis.info\/?p=2902"},"modified":"2023-08-06T11:03:15","modified_gmt":"2023-08-06T09:03:15","slug":"stubaier-gletscher-8-11-2014","status":"publish","type":"post","link":"http:\/\/blog.inmontanis.info\/?p=2902","title":{"rendered":"Stubaier Gletscher, 8.11.2014"},"content":{"rendered":"<p>Um 7:20 Uhr hie\u00df es erst mal mind. 10 Minuten warten: an der Baustelle! W\u00e4hrend hier in den letzten Wochenenden die Ampel immer wegger\u00e4umt war, war sie heute aktiv, und zwar nicht unbedingt zum Vorteil der morgendlichen Taleinw\u00e4rts-Richtung. Der Vorteil an der Sache: Die Leute kommen somit langsamer an den Talstationen an :)<\/p>\n<p>Allerdings f\u00fcrchte ich, das der Stau sp\u00e4ter noch eklatanter gewesen sein d\u00fcrfte &#8211; au\u00dfer man hatte dann doch noch die Ampelschaltung ge\u00e4ndert. Und nachmittags dann Stau retour? Keine Ahnung.<\/p>\n<p>Das Wetter war am Morgen alles, nur nicht wie gemeldet sonnig. Stattdessen Hochnebel und Nebel durch tiefliegende Wolken und nur hin und wieder ein Sonnenstrahl. Der Schnee war onpiste aufgrund der Schneef\u00e4lle der letzten Tagen pulvrig, offpiste zumindest im Bereich Daunscharte mir zu windgepresst &#8211; andere Stellen hab ich nicht ausprobiert. Die Mittelstationsabfahrt war kunstschneebedingt etwas hart. Nebenbei war es auch relativ windig (insb. an der Schaufeljochbahn &#8211; und k\u00f6nnte man der nicht mal beheizte Sitze verpassen?) und somit auch recht frisch.<\/p>\n<p>Da ich heute noch ein paar andere Sachen vorhatte, bin ich um 10:30 Uhr wieder talw\u00e4rts gefahren &#8211; \u00fcbrigens nicht als einziger! Zu der Zeit trudelten gerade die letzten Autos an den Parkpl\u00e4tzen ein, der Ausweichparkplatz Volderau wurde also wohl gegen 10 Uhr oder kurz danach aktiviert.<\/p>\n<p>Fotos, anklicken zum Vergr\u00f6\u00dfern:<\/p>\n<p><a href='http:\/\/ski.inmontanis.info\/d\/187773-2\/DSC09144.jpg'><img src=http:\/\/ski.inmontanis.info\/d\/187772-3\/DSC09144.jpg \/><\/a><br \/>\n^ SL Daunscharte<\/p>\n<p><a href='http:\/\/ski.inmontanis.info\/d\/187777-2\/DSC09145.jpg'><img src=http:\/\/ski.inmontanis.info\/d\/187776-3\/DSC09145.jpg \/><\/a><br \/>\n^ Sport-Scheck<\/p>\n<p><a href='http:\/\/ski.inmontanis.info\/d\/187781-2\/DSC09149.jpg'><img src=http:\/\/ski.inmontanis.info\/d\/187780-3\/DSC09149.jpg \/><\/a><br \/>\n^ Gai\u00dfkar, Abfahrt bis runter pr\u00e4pariert, ein Bediensteter f\u00e4hrt gerade den Lift in der SL-Trasse hinauf.<\/p>\n","protected":false},"excerpt":{"rendered":"<p>Um 7:20 Uhr hie\u00df es erst mal mind. 10 Minuten warten: an der Baustelle! W\u00e4hrend hier in den letzten Wochenenden die Ampel immer wegger\u00e4umt war, war sie heute aktiv, und zwar nicht unbedingt zum Vorteil der morgendlichen Taleinw\u00e4rts-Richtung. Der Vorteil an der Sache: Die Leute kommen somit langsamer an den Talstationen an :)<\/p>\n<p>Allerdings f\u00fcrchte <a href=\"http:\/\/blog.inmontanis.info\/?p=2902\">[&#8230;]<\/a><\/p>\n","protected":false},"author":1,"featured_media":0,"comment_status":"closed","ping_status":"closed","sticky":false,"template":"","format":"standard","meta":{"footnotes":""},"categories":[25,13,27,895],"tags":[53,38,47],"class_list":["post-2902","post","type-post","status-publish","format-standard","hentry","category-noreport","category-austria","category-skifahren-winterskiing-winter","category-stubaier-gletscher","tag-8eub","tag-dsb","tag-sl","odd"],"_links":{"self":[{"href":"http:\/\/blog.inmontanis.info\/index.php?rest_route=\/wp\/v2\/posts\/2902","targetHints":{"allow":["GET"]}}],"collection":[{"href":"http:\/\/blog.inmontanis.info\/index.php?rest_route=\/wp\/v2\/posts"}],"about":[{"href":"http:\/\/blog.inmontanis.info\/index.php?rest_route=\/wp\/v2\/types\/post"}],"author":[{"embeddable":true,"href":"http:\/\/blog.inmontanis.info\/index.php?rest_route=\/wp\/v2\/users\/1"}],"replies":[{"embeddable":true,"href":"http:\/\/blog.inmontanis.info\/index.php?rest_route=%2Fwp%2Fv2%2Fcomments&post=2902"}],"version-history":[{"count":2,"href":"http:\/\/blog.inmontanis.info\/index.php?rest_route=\/wp\/v2\/posts\/2902\/revisions"}],"predecessor-version":[{"id":2904,"href":"http:\/\/blog.inmontanis.info\/index.php?rest_route=\/wp\/v2\/posts\/2902\/revisions\/2904"}],"wp:attachment":[{"href":"http:\/\/blog.inmontanis.info\/index.php?rest_route=%2Fwp%2Fv2%2Fmedia&parent=2902"}],"wp:term":[{"taxonomy":"category","embeddable":true,"href":"http:\/\/blog.inmontanis.info\/index.php?rest_route=%2Fwp%2Fv2%2Fcategories&post=2902"},{"taxonomy":"post_tag","embeddable":true,"href":"http:\/\/blog.inmontanis.info\/index.php?rest_route=%2Fwp%2Fv2%2Ftags&post=2902"}],"curies":[{"name":"wp","href":"https:\/\/api.w.org\/{rel}","templated":true}]}}