{"id":2897,"date":"2014-11-02T18:59:54","date_gmt":"2014-11-02T17:59:54","guid":{"rendered":"http:\/\/blog.inmontanis.info\/?p=2897"},"modified":"2023-08-06T11:03:18","modified_gmt":"2023-08-06T09:03:18","slug":"stubaier-gletscher-2-11-2014","status":"publish","type":"post","link":"http:\/\/blog.inmontanis.info\/?p=2897","title":{"rendered":"Stubaier Gletscher, 2.11.2014"},"content":{"rendered":"<p>Obwohl es gestern so leer war, war es heute wieder viel voller, der E-Parkplatz d\u00fcrfte ziemlich komplett voll gewesen sein (gestern nur H\u00e4lfte). Dazu kam, dass heute vormittag weniger am Fernau waren -> daher mehr Wartezeiten an den beiden anderen KSBs und den Daunferner-SL. Aber nur bis ca. 11:30 Uhr, danach gab&#8217;s an den &#8220;normalen&#8221; Liften keine Wartezeiten mehr.<\/p>\n<p>Talfahrt vom Eisgrat gegen 15:15 Uhr d\u00fcrfte aber 20-30 Minuten Wartezeit gewesen sein &#8211; zu der Zeit wird der Park geschlossen und etliche der Funpark-User fahren sogar mit der Schaufeljochbahn talw\u00e4rts.<\/p>\n<p>.. somit konnte ich um 15:30 mal wieder den Gai\u00dfkar-SL fahren, danach fuhr ich bis Betriebsschluss noch ca 7-8x den Windachferner-SL und genoss dort die letzten Sonnenstrahlen, bevor ich zur Mittelstation abfuhr &#8211; im unteren Bereich dann die geschlossene mittlere Abfahrt. <\/p>\n<p>Die ge\u00f6ffnete Mittelstationsabfahrt war selbst am Morgen nur rudiment\u00e4r an einem Rand pr\u00e4pariert, die Buckel-Stein-Mischung von gestern lie\u00df man wie sie ist! Bin sie auch nur einmal gefahren, die zwei Mal danach hab ich die gesperrte Mittlere genommen. Dort konnte man die Steine gut umfahren, die Schneeverh\u00e4ltnisse waren teilweise aber etwas m\u00fc\u00dfig&#8230;<\/p>\n<p>Fotos, anklicken zum Vergr\u00f6\u00dfern:<\/p>\n<p><a href='http:\/\/ski.inmontanis.info\/d\/187757-2\/DSC09128.jpg'><img src=http:\/\/ski.inmontanis.info\/d\/187756-3\/DSC09128.jpg \/><\/a><br \/>\n^ Letzte Woche war die Mittelstationsabfahrt geschlossen und wurde pr\u00e4pariert, jetzt ist die Abfahrt offen &#8211; und wurde nicht pr\u00e4pariert, bzw. nur links 1-3 Spuren&#8230;<\/p>\n<p><a href='http:\/\/ski.inmontanis.info\/d\/187761-2\/DSC09131.jpg'><img src=http:\/\/ski.inmontanis.info\/d\/187760-3\/DSC09131.jpg \/><\/a><br \/>\n^ Daf\u00fcr ist seit heute die schwarze Abfahrt Daunferner-Eisgrat offen, ging vormittags super, nachmittags aber auch paar Eisplatten frei geschoben. Bin ich 3x gefahren. \u00dcbrigens ganz sch\u00f6n steil.<\/p>\n<p><a href='http:\/\/ski.inmontanis.info\/d\/187765-2\/DSC09132.jpg'><img src=http:\/\/ski.inmontanis.info\/d\/187764-3\/DSC09132.jpg \/><\/a><br \/>\n^ Um 15:30 Uhr hat&#8217;s momentan im Skigebiet so gut wie nirgends mehr Sonne &#8211; au\u00dfer am SL Gai\u00dfkar und SL Windach. Das Kuriose dabei: Die beiden SL sind genau entgegengesetzt. Gibt&#8217;s wohl auch nicht allzu h\u00e4ufig und funktioniert wohl auch nur bei einer flachen S\u00fcd-Ost- vs. Nord-West-Ausrichtung.<\/p>\n<p><a href='http:\/\/ski.inmontanis.info\/d\/187769-2\/DSC09135.jpg'><img src=http:\/\/ski.inmontanis.info\/d\/187768-3\/DSC09135.jpg \/><\/a><br \/>\n^ SL Windach liegt nachmittags bis zum Betriebsschluss um 16 Uhr komplett in der Sonne.<\/p>\n","protected":false},"excerpt":{"rendered":"<p>Obwohl es gestern so leer war, war es heute wieder viel voller, der E-Parkplatz d\u00fcrfte ziemlich komplett voll gewesen sein (gestern nur H\u00e4lfte). Dazu kam, dass heute vormittag weniger am Fernau waren -> daher mehr Wartezeiten an den beiden anderen KSBs und den Daunferner-SL. Aber nur bis ca. 11:30 Uhr, danach gab&#8217;s an den &#8220;normalen&#8221; <a href=\"http:\/\/blog.inmontanis.info\/?p=2897\">[&#8230;]<\/a><\/p>\n","protected":false},"author":1,"featured_media":0,"comment_status":"closed","ping_status":"closed","sticky":false,"template":"","format":"standard","meta":{"footnotes":""},"categories":[25,13,27,895],"tags":[56,47],"class_list":["post-2897","post","type-post","status-publish","format-standard","hentry","category-noreport","category-austria","category-skifahren-winterskiing-winter","category-stubaier-gletscher","tag-6sb","tag-sl","odd"],"_links":{"self":[{"href":"http:\/\/blog.inmontanis.info\/index.php?rest_route=\/wp\/v2\/posts\/2897","targetHints":{"allow":["GET"]}}],"collection":[{"href":"http:\/\/blog.inmontanis.info\/index.php?rest_route=\/wp\/v2\/posts"}],"about":[{"href":"http:\/\/blog.inmontanis.info\/index.php?rest_route=\/wp\/v2\/types\/post"}],"author":[{"embeddable":true,"href":"http:\/\/blog.inmontanis.info\/index.php?rest_route=\/wp\/v2\/users\/1"}],"replies":[{"embeddable":true,"href":"http:\/\/blog.inmontanis.info\/index.php?rest_route=%2Fwp%2Fv2%2Fcomments&post=2897"}],"version-history":[{"count":3,"href":"http:\/\/blog.inmontanis.info\/index.php?rest_route=\/wp\/v2\/posts\/2897\/revisions"}],"predecessor-version":[{"id":2900,"href":"http:\/\/blog.inmontanis.info\/index.php?rest_route=\/wp\/v2\/posts\/2897\/revisions\/2900"}],"wp:attachment":[{"href":"http:\/\/blog.inmontanis.info\/index.php?rest_route=%2Fwp%2Fv2%2Fmedia&parent=2897"}],"wp:term":[{"taxonomy":"category","embeddable":true,"href":"http:\/\/blog.inmontanis.info\/index.php?rest_route=%2Fwp%2Fv2%2Fcategories&post=2897"},{"taxonomy":"post_tag","embeddable":true,"href":"http:\/\/blog.inmontanis.info\/index.php?rest_route=%2Fwp%2Fv2%2Ftags&post=2897"}],"curies":[{"name":"wp","href":"https:\/\/api.w.org\/{rel}","templated":true}]}}