{"id":288,"date":"2009-08-09T23:59:36","date_gmt":"2009-08-09T21:59:36","guid":{"rendered":"http:\/\/blog.inmontanis.info\/?p=288"},"modified":"2025-10-21T19:08:27","modified_gmt":"2025-10-21T17:08:27","slug":"sssss-2009-tag-2-9-8-2009sssss-2009-day-2-2009089","status":"publish","type":"post","link":"http:\/\/blog.inmontanis.info\/?p=288","title":{"rendered":"SSSSS 2009 \u2013 Tag 2: 9.8.2009|SSSSS 2009 \u2013 Day 2: 2009\/08\/9"},"content":{"rendered":"<p><em>[_de]Bilder anklicken zum Vergr\u00f6\u00dfern[\/_de]\u2028[_en]Click photos to enlarge[\/_en]<\/em><\/p>\n<p><strong>So, 9.8.2009  &#8211; 2. Tag<\/strong><\/p>\n<p>Kurioserweise bin ich heute gleich 2 Hasenclever-DSBs gefahren. Eigentlich wollte ich nur eine fahren, die anderen war irgendwie &#8220;ein Versehen&#8221; :-)<\/p>\n<p>Au\u00dfer der stillgelegten PB in Luster gibt&#8217;s von Hasenclever keine weitere PB, oder? Und au\u00dfer der 4ZUB auf die Kampenwand keine weitere Gondelbahn, oder? Und sonst nur DSB, oder auch ESL oder SL ?<\/p>\n<p>Als erstes gings heute in Boppard mit der Sesselbahn hinauf (um 6,50 \u20ac) &#8211; zwar sehr (!) langsam und kaum Sicht, aber ganz nett.  Die Wanderung zum Vierseenblick war doch etwas l\u00e4nger als gedacht und &#8211; naja, h\u00e4tte man sich sparen k\u00f6nnen.<\/p>\n<p><a href='http:\/\/extra.inmontanis.info\/d\/210-1\/P1390742.JPG'><img src=http:\/\/extra.inmontanis.info\/d\/211-3\/P1390742.JPG \/><\/a><br \/>\n^ DSB Boppard, Talstation und unterer Streckenteil<\/p>\n<p><a href='http:\/\/extra.inmontanis.info\/d\/215-1\/P1390746.JPG'><img src=http:\/\/extra.inmontanis.info\/d\/216-3\/P1390746.JPG \/><\/a><br \/>\n^ Talstation<\/p>\n<p><a href='http:\/\/extra.inmontanis.info\/d\/219-1\/P1390749.JPG'><img src=http:\/\/extra.inmontanis.info\/d\/220-3\/P1390749.JPG \/><\/a><br \/>\n^ Steuerpult<\/p>\n<p><a href='http:\/\/extra.inmontanis.info\/d\/223-1\/P1390752.JPG'><img src=http:\/\/extra.inmontanis.info\/d\/224-3\/P1390752.JPG \/><\/a><br \/>\n^ Talstation<\/p>\n<p><a href='http:\/\/extra.inmontanis.info\/d\/227-1\/P1390754.JPG'><img src=http:\/\/extra.inmontanis.info\/d\/228-3\/P1390754.JPG \/><\/a><br \/>\n^ St\u00fctze 1<\/p>\n<p><a href='http:\/\/extra.inmontanis.info\/d\/231-1\/P1390767.JPG'><img src=http:\/\/extra.inmontanis.info\/d\/232-3\/P1390767.JPG \/><\/a><br \/>\n^ Zug, Stra\u00dfe, Rad und Schiff<\/p>\n<p><a href='http:\/\/extra.inmontanis.info\/d\/235-1\/P1390769.JPG'><img src=http:\/\/extra.inmontanis.info\/d\/236-3\/P1390769.JPG \/><\/a><br \/>\n^ Rheinschleife. Ziemlich interessant, den Schiffen hier beim Kurvenfahren zuzusehen, ist ja doch recht eng!<\/p>\n<p><a href='http:\/\/extra.inmontanis.info\/d\/239-1\/P1390775.JPG'><img src=http:\/\/extra.inmontanis.info\/d\/240-3\/P1390775.JPG \/><\/a><br \/>\n^ .. und der obere Teil der DSB bis zur Bergstation<\/p>\n<p><a href='http:\/\/extra.inmontanis.info\/d\/243-1\/P1390779.JPG'><img src=http:\/\/extra.inmontanis.info\/d\/244-3\/P1390779.JPG \/><\/a><br \/>\n^ Schlie\u00dfmechanismus des Sicherheitsb\u00fcgels. Das Ding ist so fest drin, dass man es selbst (fast) nicht aufbekommt. Also solls halt der Bedienstete \u00f6ffnen.<\/p>\n<p><a href='http:\/\/extra.inmontanis.info\/d\/247-1\/P1390785.JPG'><img src=http:\/\/extra.inmontanis.info\/d\/248-3\/P1390785.JPG \/><\/a><br \/>\n^ Kurz vor der Bergstation. Das gelbe links sind Fahrrad-Geh\u00e4nge<\/p>\n<p><a href='http:\/\/extra.inmontanis.info\/d\/251-1\/P1390790.JPG'><img src=http:\/\/extra.inmontanis.info\/d\/252-3\/P1390790.JPG \/><\/a><br \/>\n^ Bergstation mit zwei urigen Eingeborenen :-)<\/p>\n<p><a href='http:\/\/extra.inmontanis.info\/d\/255-1\/P1390791.JPG'><img src=http:\/\/extra.inmontanis.info\/d\/256-3\/P1390791.JPG \/><\/a><br \/>\n^ Die Loreley ist auch ganz in der N\u00e4he.<\/p>\n<p><a href='http:\/\/extra.inmontanis.info\/d\/259-1\/P1390792.JPG'><img src=http:\/\/extra.inmontanis.info\/d\/260-3\/P1390792.JPG \/><\/a><br \/>\n^ Passionierte Kleing\u00e4rtner, die Liftw\u00e4rter hier, hm? :)<\/p>\n<p><a href='http:\/\/extra.inmontanis.info\/d\/263-1\/P1390793.JPG'><img src=http:\/\/extra.inmontanis.info\/d\/264-3\/P1390793.JPG \/><\/a><br \/>\n^ Oberer Teil der Strecke<\/p>\n<p><a href='http:\/\/extra.inmontanis.info\/d\/267-1\/P1390794.JPG'><img src=http:\/\/extra.inmontanis.info\/d\/268-3\/P1390794.JPG \/><\/a><br \/>\n^ Bergstation<\/p>\n<p><a href='http:\/\/extra.inmontanis.info\/d\/271-1\/P1390798.JPG'><img src=http:\/\/extra.inmontanis.info\/d\/272-3\/P1390798.JPG \/><\/a><br \/>\n^ Die Rheinschleife bei Boppard. Da reicht nicht mal mein Weitwinkelobjektiv, um sie komplett auf&#8217;s Bild zu bekommen&#8230;<\/p>\n<p><a href='http:\/\/extra.inmontanis.info\/d\/275-1\/P1390806.JPG'><img src=http:\/\/extra.inmontanis.info\/d\/276-3\/P1390806.JPG \/><\/a><br \/>\n^ Vier-Seen-Blick. Die Berge teilen die Rheinschleife hier so auf, dass man meint, man w\u00fcrde 4 Seen sehen. Naja &#8230; <\/p>\n<p><a href='http:\/\/extra.inmontanis.info\/d\/279-1\/P1390822.JPG'><img src=http:\/\/extra.inmontanis.info\/d\/280-3\/P1390822.JPG \/><\/a><br \/>\n^ Mini-St\u00fctze 6<\/p>\n<p><a href='http:\/\/extra.inmontanis.info\/d\/283-1\/P1390823.JPG'><img src=http:\/\/extra.inmontanis.info\/d\/284-3\/P1390823.JPG \/><\/a><br \/>\n^ Pano auf die andere Seite der DSB<\/p>\n<p><a href='http:\/\/extra.inmontanis.info\/d\/287-1\/P1390829.JPG'><img src=http:\/\/extra.inmontanis.info\/d\/288-3\/P1390829.JPG \/><\/a><br \/>\n^ DSB, Boppard und Rhein<\/p>\n<p><a href='http:\/\/extra.inmontanis.info\/d\/291-1\/P1390844.JPG'><img src=http:\/\/extra.inmontanis.info\/d\/292-3\/P1390844.JPG \/><\/a><br \/>\n^ Stau auf dm Rhein :-)<\/p>\n<p><a href='http:\/\/extra.inmontanis.info\/d\/295-1\/P1390849.JPG'><img src=http:\/\/extra.inmontanis.info\/d\/296-3\/P1390849.JPG \/><\/a><br \/>\n^ Find ich irgendwie krass, wie wenig dieses Schiff hier aus dem Wasser rausschaut&#8230;<\/p>\n<p><a href='http:\/\/extra.inmontanis.info\/d\/299-1\/P1390855.JPG'><img src=http:\/\/extra.inmontanis.info\/d\/300-3\/P1390855.JPG \/><\/a><br \/>\n^ St\u00fctze .. \u00e4h&#8230; 0a und 0b ? Die 1er ist viel weiter oben :-)<\/p>\n<p><a href='http:\/\/extra.inmontanis.info\/d\/303-1\/P1390856.JPG'><img src=http:\/\/extra.inmontanis.info\/d\/304-3\/P1390856.JPG \/><\/a><br \/>\n^ Talstation<\/p>\n<p><a href='http:\/\/extra.inmontanis.info\/d\/307-1\/gps-boppard20090809.jpg'><img src=http:\/\/extra.inmontanis.info\/d\/308-3\/gps-boppard20090809.jpg \/><\/a><br \/>\n^ GE-Bild mit DSB und Wanderung zum 4-Seen-Blick<\/p>\n<p>Da sich Cochem nur zweifelhaft ausgegangen w\u00e4re, gings nach Altenahr &#8211; nunja, recht kurz (f\u00fcr \u20ac\u00a05,-) und die Aussicht war auch sehr grenzwertig. Glaub die h\u00e4tte ich auslassen sollen&#8230;.<\/p>\n<p><a href='http:\/\/extra.inmontanis.info\/d\/312-1\/P1390859.JPG'><img src=http:\/\/extra.inmontanis.info\/d\/313-3\/P1390859.JPG \/><\/a><br \/>\n^ DSB Altenahr, quasi komplette Strecke.<\/p>\n<p><a href='http:\/\/extra.inmontanis.info\/d\/317-1\/P1390862.JPG'><img src=http:\/\/extra.inmontanis.info\/d\/318-3\/P1390862.JPG \/><\/a><br \/>\n^ Schmale Umlenkscheibe an der Talstation<\/p>\n<p><a href='http:\/\/extra.inmontanis.info\/d\/321-1\/P1390864.JPG'><img src=http:\/\/extra.inmontanis.info\/d\/322-3\/P1390864.JPG \/><\/a><br \/>\n^ Talstation und anscheinend die bei Hasenclever \u00fcbliche Portalst\u00fctze<\/p>\n<p><a href='http:\/\/extra.inmontanis.info\/d\/325-1\/P1390870.JPG'><img src=http:\/\/extra.inmontanis.info\/d\/326-3\/P1390870.JPG \/><\/a><br \/>\n^ Sessel<\/p>\n<p><a href='http:\/\/extra.inmontanis.info\/d\/329-1\/P1390871.JPG'><img src=http:\/\/extra.inmontanis.info\/d\/330-3\/P1390871.JPG \/><\/a><br \/>\n^ St\u00fctze 5<\/p>\n<p><a href='http:\/\/extra.inmontanis.info\/d\/333-1\/P1390875.JPG'><img src=http:\/\/extra.inmontanis.info\/d\/334-3\/P1390875.JPG \/><\/a><br \/>\n^ Bergstation<\/p>\n<p><a href='http:\/\/extra.inmontanis.info\/d\/337-1\/P1390880.JPG'><img src=http:\/\/extra.inmontanis.info\/d\/338-3\/P1390880.JPG \/><\/a><br \/>\n^ Bergstation und Antrieb<\/p>\n<p><a href='http:\/\/extra.inmontanis.info\/d\/341-1\/P1390879.JPG'><img src=http:\/\/extra.inmontanis.info\/d\/342-3\/P1390879.JPG \/><\/a><br \/>\n^ Herstellerschild Hasenclever.<\/p>\n<p><a href='http:\/\/extra.inmontanis.info\/d\/345-1\/P1390881.JPG'><img src=http:\/\/extra.inmontanis.info\/d\/346-3\/P1390881.JPG \/><\/a><br \/>\n^ Saftig: Doppel-Zwillingsst\u00fctze am Abgrund. Rechts anschienend eine Bergungs oder Wartungskabine<\/p>\n<p><a href='http:\/\/extra.inmontanis.info\/d\/349-1\/P1390882.JPG'><img src=http:\/\/extra.inmontanis.info\/d\/350-3\/P1390882.JPG \/><\/a><br \/>\n^ Das Pano ist allerdings .. naja.<\/p>\n<p><a href='http:\/\/extra.inmontanis.info\/d\/353-1\/P1390883.JPG'><img src=http:\/\/extra.inmontanis.info\/d\/354-3\/P1390883.JPG \/><\/a><br \/>\n^ Tunnel im Zoom<\/p>\n<p><a href='http:\/\/extra.inmontanis.info\/d\/357-1\/P1390885.JPG'><img src=http:\/\/extra.inmontanis.info\/d\/358-3\/P1390885.JPG \/><\/a><br \/>\n^ DSB-Bergstation<\/p>\n<p><a href='http:\/\/extra.inmontanis.info\/d\/361-1\/P1390891.JPG'><img src=http:\/\/extra.inmontanis.info\/d\/362-3\/P1390891.JPG \/><\/a><br \/>\n^ Zoom zu einer Burgruine<\/p>\n<p><a href='http:\/\/extra.inmontanis.info\/d\/365-1\/P1390893.JPG'><img src=http:\/\/extra.inmontanis.info\/d\/366-3\/P1390893.JPG \/><\/a><br \/>\n^ Talfahrt mit Altenahr<\/p>\n<p><a href='http:\/\/extra.inmontanis.info\/d\/369-1\/P1390869.JPG'><img src=http:\/\/extra.inmontanis.info\/d\/370-3\/P1390869.JPG \/><\/a><br \/>\n^ Sicherheits-Schlie\u00dfb\u00fcgel. Zum \u00d6ffnen zieht der Bedienstete hinten am Sessel einen Griff!<\/p>\n<p>.. das ging recht schnell, also wollte ich noch \u00fcber K\u00f6ln zur Rheinseilbahn. Leider war dort aber das Parkhaus an der Seilbahn komplett besetzt, und ich hatte keine Zeit mehr f\u00fcr lange Fu\u00dfwege von anderen Parpl\u00e4tzen&#8230; Tja, da ist man direkt an der Seilbahn ud sie f\u00e4hrt &#8211; und ich hab keine Zeit mehr &#8230; War &#8216;ne dumme Idee, den Umweg \u00fcber K\u00f6ln zu nehmen.<\/p>\n<p>Also ging&#8217;s auf direktem Weg \u00fcber Belgien nach Frankreich.<\/p>\n<p><a href='http:\/\/extra.inmontanis.info\/d\/373-1\/P1390899.JPG'><img src=http:\/\/extra.inmontanis.info\/d\/375-3\/P1390899.JPG \/><\/a><br \/>\n^ Belgische Autobahn &#8211; mit B\u00e4umen zwischen den Fahrspuren und Beleuchtung. Allerdings werden nicht mehr alle Autobahnen komplett  beleuchtet..<\/p>\n<p>Gegen 18 Uhr war ich in Frankreich an der Mattenskipiste Loisinord. Hatte mir eine 2h-Karte geauft, da sie  ja bis 20h h\u00e4tten offen haben sollen. Naja, um 19:15 war dann Schicht im Schacht &#8211; wieso mir also \u00fcberhaupt eine 2h-Karte verkauft wurde, bleibt r\u00e4tselhaft. <\/p>\n<p>Die aussicht oben war supi, und der (G) MM &#8211; KSSL ebenfalls. Leider konnte man das von der Piste nicht behaupten. Obwohl die ganze Zeit bew\u00e4ssert, konnte man kaum einen Schwung machen und stand oft talw\u00e4rts. Pappschnee vom feinsten sozusagen. Einzig auf dem Steilhang unterhalb der Schanzen und teilweise in der Halfpipe konnte man einige Schw\u00fcnge machen. Und das, wo doch diese Snowflex-Matten so gut sein sollen? P\u00fch, da ging&#8217;s letztes Jahr in Selvino auf unbew\u00e4ssertem Neveplast (man fuhr nur mit dem Ski \u00fcber so einen Schwamm einer Fl\u00fcssigkeit) 100x besser!<\/p>\n<p><a href='http:\/\/ski.inmontanis.info\/d\/101581-2\/P1390900.JPG'><img src=http:\/\/ski.inmontanis.info\/d\/101583-4\/P1390900.JPG \/><\/a><br \/>\n^ Matttenskigebiet in Reichweite. Viel Betrieb scheint da heute Abend nicht zu sein &#8230;<\/p>\n<p><a href='http:\/\/ski.inmontanis.info\/d\/101586-2\/P1390902.JPG'><img src=http:\/\/ski.inmontanis.info\/d\/101588-4\/P1390902.JPG \/><\/a><br \/>\n^ Talstations-Komplex und Mattenskgebiet<\/p>\n<p><a href='http:\/\/ski.inmontanis.info\/d\/101590-2\/P1390903.JPG'><img src=http:\/\/ski.inmontanis.info\/d\/101592-4\/P1390903.JPG \/><\/a><br \/>\n^ Ein paar Skifahrer sind da, also ist&#8217;s in Betrieb! Na dann auf!<\/p>\n<p><a href='http:\/\/ski.inmontanis.info\/d\/101594-2\/P1390904.JPG'><img src=http:\/\/ski.inmontanis.info\/d\/101596-4\/P1390904.JPG \/><\/a><br \/>\n^ Talstation des GMM &#8211; KSSL. YEAH! Was die franz\u00f6sischen Gletscher nicht haben, gibt&#8217;s im franz\u00f6sischen Mattenskigebiet: Ein kuppelbarer Stangenschlepper!<\/p>\n<p><a href='http:\/\/ski.inmontanis.info\/d\/101598-2\/P1390905.JPG'><img src=http:\/\/ski.inmontanis.info\/d\/101600-4\/P1390905.JPG \/><\/a><br \/>\n^ Im KSSL. Leider sollten die Liftfahrten heute hier das sch\u00f6nste bleiben &#8211; zum Abfahren waren die Matten trotz Bew\u00e4sserung viel zu trocken :-(<\/p>\n<p><a href='http:\/\/ski.inmontanis.info\/d\/101602-2\/P1390907.JPG'><img src=http:\/\/ski.inmontanis.info\/d\/101604-4\/P1390907.JPG \/><\/a><br \/>\n^ Oberer Teil mit Buckelpiste (quasi unfahrbar). Der Steilhang unter den Schanzen ging aber echt gut!<\/p>\n<p><a href='http:\/\/ski.inmontanis.info\/d\/101606-2\/P1390909.JPG'><img src=http:\/\/ski.inmontanis.info\/d\/101608-4\/P1390909.JPG \/><\/a><br \/>\n^ Bergstation KSSL<\/p>\n<p><a href='http:\/\/ski.inmontanis.info\/d\/101610-2\/P1390914.JPG'><img src=http:\/\/ski.inmontanis.info\/d\/101612-4\/P1390914.JPG \/><\/a><br \/>\n^ Bergstation<\/p>\n<p><a href='http:\/\/ski.inmontanis.info\/d\/101614-2\/P1390915.JPG'><img src=http:\/\/ski.inmontanis.info\/d\/101616-4\/P1390915.JPG \/><\/a><br \/>\n^ Kleiner H\u00f6hen-Check: So tief bin ich auch noch nie Ski gefahren :-)<\/p>\n<p><a href='http:\/\/ski.inmontanis.info\/d\/101618-2\/P1390921.JPG'><img src=http:\/\/ski.inmontanis.info\/d\/101620-4\/P1390921.JPG \/><\/a><br \/>\n^ Die Buckel waren auch viel zu trocken. Und w\u00e4ren sie nass gewesen, w\u00e4re es wohl zu rutschig gewesen &#8230;<\/p>\n<p><a href='http:\/\/ski.inmontanis.info\/d\/101622-2\/P1390922.JPG'><img src=http:\/\/ski.inmontanis.info\/d\/101624-4\/P1390922.JPG \/><\/a><br \/>\n^ .. aber der f\u00e4hrt sich wie im Winter :-)<\/p>\n<p><a href='http:\/\/ski.inmontanis.info\/d\/101626-2\/P1390923.JPG'><img src=http:\/\/ski.inmontanis.info\/d\/101628-4\/P1390923.JPG \/><\/a><br \/>\n^ .. eine alte PB-Kabine von la Clusaz steht auch rum&#8230;<\/p>\n<p><a href='http:\/\/ski.inmontanis.info\/d\/101630-2\/P1390924.JPG'><img src=http:\/\/ski.inmontanis.info\/d\/101632-4\/P1390924.JPG \/><\/a><br \/>\n^ Trotz Bew\u00e4sserung war&#8217;s viel zu trocken zum rutschen. Teilweise kam man selbst im Schuss nicht weiter :-(<\/p>\n<p><a href='http:\/\/ski.inmontanis.info\/d\/101634-2\/P1390925.JPG'><img src=http:\/\/ski.inmontanis.info\/d\/101636-4\/P1390925.JPG \/><\/a><br \/>\n^ R\u00fcckseiten-Pano<\/p>\n<p><a href='http:\/\/ski.inmontanis.info\/d\/101638-2\/P1390928.JPG'><img src=http:\/\/ski.inmontanis.info\/d\/101640-4\/P1390928.JPG \/><\/a><br \/>\n^ .. daf\u00fcr war das Pano gro\u00dfartig.<\/p>\n<p><a href='http:\/\/ski.inmontanis.info\/d\/101642-2\/P1390929.JPG'><img src=http:\/\/ski.inmontanis.info\/d\/101644-4\/P1390929.JPG \/><\/a><br \/>\n^ KSSL, Buckelpiste, Schanzen, Halfpipe, Abfahrt &#8230;<\/p>\n<p><a href='http:\/\/ski.inmontanis.info\/d\/101646-2\/P1390931.JPG'><img src=http:\/\/ski.inmontanis.info\/d\/101648-4\/P1390931.JPG \/><\/a><br \/>\n^ .. und die Umfahrung, die ich aufgrund der Trockenheit nur einmal im Schrittempo Schuss fahrend gemacht hab.<\/p>\n<p><a href='http:\/\/ski.inmontanis.info\/d\/101650-2\/P1390935.JPG'><img src=http:\/\/ski.inmontanis.info\/d\/101652-4\/P1390935.JPG \/><\/a><br \/>\n^ Pano<\/p>\n<p><a href='http:\/\/ski.inmontanis.info\/d\/101654-2\/P1390934.JPG'><img src=http:\/\/ski.inmontanis.info\/d\/101656-4\/P1390934.JPG \/><\/a><br \/>\n^ R\u00fcckseiten-Pano<\/p>\n<p><a href='http:\/\/ski.inmontanis.info\/d\/101658-2\/P1390936.JPG'><img src=http:\/\/ski.inmontanis.info\/d\/101660-4\/P1390936.JPG \/><\/a><br \/>\n^ Talstation des k\u00fcrzeren SL (nicht gefahren)<\/p>\n<p><a href='http:\/\/ski.inmontanis.info\/d\/101662-2\/P1390937.JPG'><img src=http:\/\/ski.inmontanis.info\/d\/101664-4\/P1390937.JPG \/><\/a><br \/>\n^ Der Mattenskihang von unten. Statt bis 20h fuhr man nur bis 19:15. Und daf\u00fcr hatte man mir um 18:00 eine 2h-Karte verkauft!!! Unversch\u00e4mt.<\/p>\n<p><a href='http:\/\/ski.inmontanis.info\/d\/101666-2\/P1390917.JPG'><img src=http:\/\/ski.inmontanis.info\/d\/101668-4\/P1390917.JPG \/><\/a><br \/>\n^ Im Gegensatz zu anderen Matten haben diese hier feinere und engere Plastik-Stifte, die ein nat\u00fcrlicheres Skifahren versprechen. Allerdings m\u00fcssen sie anscheinend viel n\u00e4sser sein, um so gut wie Loch-Matten zu funktionieren. Und irgendwie h\u00e4ngt man immer ein bi\u00dfchen.<\/p>\n<p><a href='http:\/\/ski.inmontanis.info\/d\/101670-2\/gps_loisinord20090809.jpg'><img src=http:\/\/ski.inmontanis.info\/d\/101672-4\/gps_loisinord20090809.jpg \/><\/a><br \/>\n^ GPS-Track. Foto lt. GE von 2006, da haben&#8217;s anscheinend gerade die Matten gewechselt.<\/p>\n<p>Nun, dann hatte ich heute Abend also noch etwas Zeit&#8230;<\/p>\n<p>Als ich von Deutschland aus nach Belgien kam, sah ich mal von der Autobahn ein wei\u00dfes Q auf rotem Hintergrund und &#8220;Quick&#8221; drunter stehen. Moooment. Quick? Stimmt. Fast Food. Den gab&#8217;s ja auch mal in Deutschland.<\/p>\n<p>Und wenn ich mich nicht t\u00e4usche, war der in N\u00fcrnberg doch genau da, wo davor oder danach der Wendy in der Breiten Gasse war? Ja verdammt! Die ganzen letzten Jahre trauer ich dem Wendy nach, und jetzt f\u00e4llt mir ein, dass es den Quick ja auch noch gab. Welche Erinnerungen, die ich an dieses Fastfood-Restaurants haben jetzt, stimmen jetzt, bzw. erinnere ich mich nun an den Quick oder an den Wendy?<\/p>\n<p>Meine Erinnerungen: Es gab &#8220;Grund-Burger&#8221; zum Auswahlen und dann konnte man selbst entscheiden, welche Zutaten man drauf haben wollte. Hatte dann eben ein paar Pfennig gekostet, wenn man Gurken oder Zwiebel oder K\u00e4se oder Bacon oder Salat oder waswei\u00dfich haben hatte wollen. Die Theke war viel h\u00f6her als beim McD und ich als kleines Kind hatte da noch mehr Schwierigkeiten. Jedenfalls war mir das lieber als der McDonalds.<\/p>\n<p>Die letzten Jahre meinte ich immer, das sei der Wendy gewesen &#8211; aber jetzt meine ich, das k\u00f6nnte auch der Quick gewesen sein, wenn der evtl. vorm Wendy drin war? <\/p>\n<p>Nun, wenn&#8217;s hier in Belgien noch Quick gibt, muss ich das mal abchecken. Also von Frankreich wieder zur\u00fcck nach Belgien zum n\u00e4chsten Quick. Hm. Nein, weder Auswahl- noch Essensm\u00e4\u00dfig hatte ich ein D\u00e9j\u00e0-vu. <\/p>\n<p>Weiter duch Belgien richtung Dunkerque, von der aus meine F\u00e4hre fuhr. Check ich nicht ganz. Dunkerque liegt in Frankreich und hat anscheinend drei Namen. Einmal den franz\u00f6ischen Dunkerque, dann den deutschklingenden D\u00fcnkirchen und dann noch einen fl\u00e4misch oder holl\u00e4ndischen?!<\/p>\n<p>\u00dcberhaupt war die Fahrerei durch Belgien sehr &#8220;interessant&#8221;. Ohne km-Beschr\u00e4nkung auf der Landstra\u00dfe (also mit den erlaubten 90 km\/h) ging&#8217;s an H\u00e4usern und Einfahrten vorbei, \u00fcber Kreuzungen und Ampeln und bei einem so schlechten Stra\u00dfenzustand, dass ich meist nur 70 gefahren bin. Jedenfalls das komplette Gegenteil zu den italienischen Geschwindigkeitsbeschr\u00e4nkungen .-)<\/p>\n<p><a href='http:\/\/extra.inmontanis.info\/d\/377-1\/P1390939.JPG'><img src=http:\/\/extra.inmontanis.info\/d\/379-3\/P1390939.JPG \/><\/a><br \/>\n^ Zwischen Frankreich und Belgien gibt&#8217;s an dieser Autobahn sogar noch Grenz-Einrichtungen! Kurios..<\/p>\n<p><a href='http:\/\/extra.inmontanis.info\/d\/381-1\/P1390942.JPG'><img src=http:\/\/extra.inmontanis.info\/d\/383-3\/P1390942.JPG \/><\/a><br \/>\n^ Diese verg\u00fcnstigten Preise an einer Tankstelle in Belgien bekommt man wohl nur mit einer speziellen Tankkarte. Unten stehen anscheinend die offiziellen Preise.<\/p>\n<p><a href='http:\/\/extra.inmontanis.info\/d\/385-1\/P1390943.JPG'><img src=http:\/\/extra.inmontanis.info\/d\/387-3\/P1390943.JPG \/><\/a><\/p>\n<p>Noch ein paar Filmchen zum 9.8.:<\/p>\n<p><object style=\"height: 500px; width: 900px\"><param name=\"movie\" value=\"http:\/\/www.youtube.com\/v\/bxXhOCsEwCk\"><\/param><param name=\"wmode\" value=\"transparent\"><\/param><embed src=\"http:\/\/www.youtube.com\/v\/bxXhOCsEwCk\" type=\"application\/x-shockwave-flash\" wmode=\"transparent\"  width=\"900\" height=\"480\"><\/embed><\/object><br \/>\n^ Boppard<\/p>\n<p><object style=\"height: 500px; width: 900px\"><param name=\"movie\" value=\"http:\/\/www.youtube.com\/v\/XrTjAPzUDhE\"><\/param><param name=\"wmode\" value=\"transparent\"><\/param><embed src=\"http:\/\/www.youtube.com\/v\/XrTjAPzUDhE\" type=\"application\/x-shockwave-flash\" wmode=\"transparent\"  width=\"900\" height=\"480\"><\/embed><\/object><br \/>\n^ Altenahr<\/p>\n<p><object style=\"height: 500px; width: 900px\"><param name=\"movie\" value=\"http:\/\/www.youtube.com\/v\/3vSHIqNcxXE\"><\/param><param name=\"wmode\" value=\"transparent\"><\/param><embed src=\"http:\/\/www.youtube.com\/v\/3vSHIqNcxXE\" type=\"application\/x-shockwave-flash\" wmode=\"transparent\"  width=\"900\" height=\"480\"><\/embed><\/object><br \/>\n^ Loisinord<\/p>\n","protected":false},"excerpt":{"rendered":"<p>Boppard DSB Vierseenblick \/ Rheinschleife, Altenahr (DSB), Loisinord (Mattenski) <a href=\"http:\/\/blog.inmontanis.info\/?p=288\">[&#8230;]<\/a><\/p>\n","protected":false},"author":1,"featured_media":0,"comment_status":"open","ping_status":"closed","sticky":false,"template":"","format":"standard","meta":{"footnotes":""},"categories":[23,953,12,16,320,33],"tags":[38,48],"class_list":["post-288","post","type-post","status-publish","format-standard","hentry","category-sssss2009","category-boppard","category-germany","category-france","category-loisinord","category-skifahren-mattenskiing-dry-slopes","tag-dsb","tag-kssl","odd"],"_links":{"self":[{"href":"http:\/\/blog.inmontanis.info\/index.php?rest_route=\/wp\/v2\/posts\/288","targetHints":{"allow":["GET"]}}],"collection":[{"href":"http:\/\/blog.inmontanis.info\/index.php?rest_route=\/wp\/v2\/posts"}],"about":[{"href":"http:\/\/blog.inmontanis.info\/index.php?rest_route=\/wp\/v2\/types\/post"}],"author":[{"embeddable":true,"href":"http:\/\/blog.inmontanis.info\/index.php?rest_route=\/wp\/v2\/users\/1"}],"replies":[{"embeddable":true,"href":"http:\/\/blog.inmontanis.info\/index.php?rest_route=%2Fwp%2Fv2%2Fcomments&post=288"}],"version-history":[{"count":4,"href":"http:\/\/blog.inmontanis.info\/index.php?rest_route=\/wp\/v2\/posts\/288\/revisions"}],"predecessor-version":[{"id":8930,"href":"http:\/\/blog.inmontanis.info\/index.php?rest_route=\/wp\/v2\/posts\/288\/revisions\/8930"}],"wp:attachment":[{"href":"http:\/\/blog.inmontanis.info\/index.php?rest_route=%2Fwp%2Fv2%2Fmedia&parent=288"}],"wp:term":[{"taxonomy":"category","embeddable":true,"href":"http:\/\/blog.inmontanis.info\/index.php?rest_route=%2Fwp%2Fv2%2Fcategories&post=288"},{"taxonomy":"post_tag","embeddable":true,"href":"http:\/\/blog.inmontanis.info\/index.php?rest_route=%2Fwp%2Fv2%2Ftags&post=288"}],"curies":[{"name":"wp","href":"https:\/\/api.w.org\/{rel}","templated":true}]}}