{"id":2879,"date":"2014-10-18T18:45:08","date_gmt":"2014-10-18T16:45:08","guid":{"rendered":"http:\/\/blog.inmontanis.info\/?p=2879"},"modified":"2023-08-06T11:03:28","modified_gmt":"2023-08-06T09:03:28","slug":"stubaier-gletscher-18-10-2014","status":"publish","type":"post","link":"http:\/\/blog.inmontanis.info\/?p=2879","title":{"rendered":"Stubaier Gletscher, 18.10.2014"},"content":{"rendered":"<p>Nach dem tollen letzten WE waren die Pisten heute leider ziemlich schlecht. Sonne + warme Temperaturen versprachen egtl. weichen Schnee, aber ich wartete vergeblich. Es blieb eisig hart mit vielen Glatteisstellen &#8211; und zwar aus Wasserschnee, also kein griffiges Gletschereis ..<\/p>\n<p>Zus\u00e4tzlich in Betrieb war heute der SL Daunscharte, wo es bereits ab Vormittag hier und da weichere Stellen ab und somit einigerma\u00dfen fahrbar war. Auch am SL Windachferner gab&#8217;s nachmittags abschnittsweise weicheren Schnee, aber am SL Daunferner blieb es on- wie offpiste leider extrem eisig, auch am SL Eisjoch. Und zwar so eisig, dass man bestimmte Pistenabschnitte wie auch SL-Querungen durchfahren musste, ohne Chance auf Bremsm\u00f6glichkeit, und hoffen, dass man keinen zusammenf\u00e4hrt. <\/p>\n<p>Manchen war das wohl zu viel, stiegen im Eis auf oder ab, einer lie\u00df sich sogar mit der Pistenraupe abholen (oder war er tats\u00e4chlich verletzt?) &#8230;<\/p>\n<p>Nebenbei war heute das Boarder- bzw. Funpark-Opening und somit recht viele Leute oben, inkl. besetztem B-Parkplatz und Parkplatzpendelbus. Und obwohl man die letzten 2 Wochen am Park am SL Gai\u00dfkar gearbeitet hatte und genug Altschnee h\u00e4tte, entschied man sich, diesen Park aufgrund von Schneemangel (???) nicht zu \u00f6ffnen und stattdessen einen Mikro-Park am Eisgrat zu bauen (ja wo kam der Schnee bitte her?) &#8211; muss man mal wieder nicht verstehen. <\/p>\n<p>Fotos, anklicken zum Vergr\u00f6\u00dfern:<\/p>\n<p><a href='http:\/\/ski.inmontanis.info\/d\/186552-2\/DSC08744.jpg'><img src=http:\/\/ski.inmontanis.info\/d\/186551-3\/DSC08744.jpg \/><\/a><br \/>\n^ Eisglatte Piste am SL Eisjoch<\/p>\n<p><a href='http:\/\/ski.inmontanis.info\/d\/186556-2\/DSC08745.jpg'><img src=http:\/\/ski.inmontanis.info\/d\/186555-3\/DSC08745.jpg \/><\/a><br \/>\n^ SL Gai\u00dfkar &#8211; liegt doch genug Altschnee zum \u00d6ffnen? Und der neue Seillift steht auch schon&#8230;<\/p>\n<p><a href='http:\/\/ski.inmontanis.info\/d\/186560-2\/DSC08748.jpg'><img src=http:\/\/ski.inmontanis.info\/d\/186559-3\/DSC08748.jpg \/><\/a><br \/>\n^ DSB Wildspitz, tolle Fernsicht heute<\/p>\n<p><a href='http:\/\/ski.inmontanis.info\/d\/186564-2\/DSC08750.jpg'><img src=http:\/\/ski.inmontanis.info\/d\/186563-3\/DSC08750.jpg \/><\/a><br \/>\n^ Blick zur Wildspitze und die Gletscherskigebiete von \u00d6tz- und Pitztal<\/p>\n<p><a href='http:\/\/ski.inmontanis.info\/d\/186540-2\/DSC08751.jpg'><img src=http:\/\/ski.inmontanis.info\/d\/186539-3\/DSC08751.jpg \/><\/a><br \/>\n^ Zoom Skigebiet Pitztaler Gletscher vom Stubaier \/ DSB Wildspitze; links unten S\u00f6lden \/ Gaislachkogl<\/p>\n<p><a href='http:\/\/ski.inmontanis.info\/d\/186544-2\/DSC08752.jpg'><img src=http:\/\/ski.inmontanis.info\/d\/186543-3\/DSC08752.jpg \/><\/a><br \/>\n^ Zoom Skigebiet \u00d6tztaler Gletscher vom Stubaier \/ DSB Wildspitze. Am Gletscher an der Bergstation der Schwarzen-Schneid-Bahn k\u00f6nnte man doch mal einen SL errichten ;-)<\/p>\n<p><a href='http:\/\/ski.inmontanis.info\/d\/186548-2\/DSC08753.jpg'><img src=http:\/\/ski.inmontanis.info\/d\/186547-3\/DSC08753.jpg \/><\/a><br \/>\n^ Zoom Skigebiet \u00d6tztaler Gletscher vom Stubaier \/ DSB Wildspitze.<\/p>\n<p><a href='http:\/\/ski.inmontanis.info\/d\/186568-2\/DSC08755.jpg'><img src=http:\/\/ski.inmontanis.info\/d\/186567-3\/DSC08755.jpg \/><\/a><\/p>\n<p><a href='http:\/\/ski.inmontanis.info\/d\/186572-2\/DSC08757_001.jpg'><img src=http:\/\/ski.inmontanis.info\/d\/186571-3\/DSC08757_001.jpg \/><\/a><br \/>\n^ Zoom zum Ortler.<\/p>\n<p><a href='http:\/\/ski.inmontanis.info\/d\/186576-2\/DSC08759_001.jpg'><img src=http:\/\/ski.inmontanis.info\/d\/186575-3\/DSC08759_001.jpg \/><\/a><\/p>\n<p><a href='http:\/\/ski.inmontanis.info\/d\/186580-2\/DSC08762_001.jpg'><img src=http:\/\/ski.inmontanis.info\/d\/186579-3\/DSC08762_001.jpg \/><\/a><br \/>\n^ DSB Wildspitze<\/p>\n<p><a href='http:\/\/ski.inmontanis.info\/d\/186584-2\/DSC08766_001.jpg'><img src=http:\/\/ski.inmontanis.info\/d\/186583-3\/DSC08766_001.jpg \/><\/a><br \/>\n^ S\u00fcdpano mit DSB Wildspitz<\/p>\n<p><a href='http:\/\/ski.inmontanis.info\/d\/186588-2\/DSC08771.jpg'><img src=http:\/\/ski.inmontanis.info\/d\/186587-3\/DSC08771.jpg \/><\/a><br \/>\n^ SL Daunscharte, seit heute in Betrieb<\/p>\n<p><a href='http:\/\/ski.inmontanis.info\/d\/186592-2\/DSC08773_002.jpg'><img src=http:\/\/ski.inmontanis.info\/d\/186591-3\/DSC08773_002.jpg \/><\/a><br \/>\n^ Glatteis am SL Eisjoch, wie auch auf der Piste &#8211; wurde heute leider nicht weich.<\/p>\n<p><a href='http:\/\/ski.inmontanis.info\/d\/186596-2\/DSC08779_001.jpg'><img src=http:\/\/ski.inmontanis.info\/d\/186595-3\/DSC08779_001.jpg \/><\/a><br \/>\n^ Weil das untere St\u00fcck am SL Eisjoch so arschglatt war, musste die Piste hier zu Mittag nochmal pr\u00e4pariert werden. Hinten l\u00e4sst sich einer von einer Pistenraupe abholen.<\/p>\n<p><a href='http:\/\/ski.inmontanis.info\/d\/186600-2\/DSC08783_001.jpg'><img src=http:\/\/ski.inmontanis.info\/d\/186599-3\/DSC08783_001.jpg \/><\/a><br \/>\n^ Mini-Funpark. Am Gaiskar l\u00e4ge doch wesentlich mehr Schnee?!<\/p>\n<p><a href='http:\/\/ski.inmontanis.info\/d\/186604-2\/DSC08786.jpg'><img src=http:\/\/ski.inmontanis.info\/d\/186603-3\/DSC08786.jpg \/><\/a><br \/>\n^ Eisgrat<\/p>\n<p><a href='http:\/\/ski.inmontanis.info\/d\/186608-2\/DSC08791.jpg'><img src=http:\/\/ski.inmontanis.info\/d\/186607-3\/DSC08791.jpg \/><\/a><br \/>\n^ Extrem glatt und gef\u00e4hrlich waren die SL-Querungen am Eisjoch und hier am Daunferner. Einmal losgefahren gab es kaum mehr eine M\u00f6glichkeit zum Halten.<\/p>\n<p><a href='http:\/\/ski.inmontanis.info\/d\/186612-2\/DSC08793.jpg'><img src=http:\/\/ski.inmontanis.info\/d\/186611-3\/DSC08793.jpg \/><\/a><br \/>\n^ Die unteren Parkpl\u00e4tze waren heute gef\u00fcllt, aber an den Liften war trotzdem nicht mehr los. Weniger Trainingsmannschaften und die meisten Boarder waren im Mini-Funpark.<\/p>\n","protected":false},"excerpt":{"rendered":"<p>Nach dem tollen letzten WE waren die Pisten heute leider ziemlich schlecht. Sonne + warme Temperaturen versprachen egtl. weichen Schnee, aber ich wartete vergeblich. Es blieb eisig hart mit vielen Glatteisstellen &#8211; und zwar aus Wasserschnee, also kein griffiges Gletschereis ..<\/p>\n<p>Zus\u00e4tzlich in Betrieb war heute der SL Daunscharte, wo es bereits ab Vormittag hier <a href=\"http:\/\/blog.inmontanis.info\/?p=2879\">[&#8230;]<\/a><\/p>\n","protected":false},"author":1,"featured_media":0,"comment_status":"closed","ping_status":"closed","sticky":false,"template":"","format":"standard","meta":{"footnotes":""},"categories":[25,13,28,895],"tags":[69,53,38,47],"class_list":["post-2879","post","type-post","status-publish","format-standard","hentry","category-noreport","category-austria","category-skifahren-sommer","category-stubaier-gletscher","tag-6zub","tag-8eub","tag-dsb","tag-sl","odd"],"_links":{"self":[{"href":"http:\/\/blog.inmontanis.info\/index.php?rest_route=\/wp\/v2\/posts\/2879","targetHints":{"allow":["GET"]}}],"collection":[{"href":"http:\/\/blog.inmontanis.info\/index.php?rest_route=\/wp\/v2\/posts"}],"about":[{"href":"http:\/\/blog.inmontanis.info\/index.php?rest_route=\/wp\/v2\/types\/post"}],"author":[{"embeddable":true,"href":"http:\/\/blog.inmontanis.info\/index.php?rest_route=\/wp\/v2\/users\/1"}],"replies":[{"embeddable":true,"href":"http:\/\/blog.inmontanis.info\/index.php?rest_route=%2Fwp%2Fv2%2Fcomments&post=2879"}],"version-history":[{"count":1,"href":"http:\/\/blog.inmontanis.info\/index.php?rest_route=\/wp\/v2\/posts\/2879\/revisions"}],"predecessor-version":[{"id":2880,"href":"http:\/\/blog.inmontanis.info\/index.php?rest_route=\/wp\/v2\/posts\/2879\/revisions\/2880"}],"wp:attachment":[{"href":"http:\/\/blog.inmontanis.info\/index.php?rest_route=%2Fwp%2Fv2%2Fmedia&parent=2879"}],"wp:term":[{"taxonomy":"category","embeddable":true,"href":"http:\/\/blog.inmontanis.info\/index.php?rest_route=%2Fwp%2Fv2%2Fcategories&post=2879"},{"taxonomy":"post_tag","embeddable":true,"href":"http:\/\/blog.inmontanis.info\/index.php?rest_route=%2Fwp%2Fv2%2Ftags&post=2879"}],"curies":[{"name":"wp","href":"https:\/\/api.w.org\/{rel}","templated":true}]}}