{"id":2877,"date":"2014-10-12T18:43:30","date_gmt":"2014-10-12T16:43:30","guid":{"rendered":"http:\/\/blog.inmontanis.info\/?p=2877"},"modified":"2023-08-06T11:03:31","modified_gmt":"2023-08-06T09:03:31","slug":"stubaier-gletscher-12-10-2014","status":"publish","type":"post","link":"http:\/\/blog.inmontanis.info\/?p=2877","title":{"rendered":"Stubaier Gletscher, 12.10.2014"},"content":{"rendered":"<p>Heut bin ich ca. 20-30 Minuten sp\u00e4ter dran gewesen als gestern, war aber aufgrund der klaren Nacht noch fast zu fr\u00fch f\u00fcr meinen Geschmack. Allerdings dauerte es nicht lange, bis der Schnee an den meisten Abfahrten angenehm zu fahren war.<\/p>\n<p>Am SL Eisjoch dagegen fand ich den Matsch gestern tats\u00e4chlich noch angenehmer als den heutigen Zustand, denn mind. 2\/3 der Piste waren doch recht eisig und das wurde wohl nicht viel besser. Bin die beiden Pisten auch nur jeweils 1x gefahren.<\/p>\n<p>Wind war wieder recht stark, die Schaufeljochbahn musste zeitweise langsam fahren, blieb aber heute in Betrieb. Dazu sehr viel Sonne, au\u00dfer im Bereich Schaufeljoch\/Eisjoch.<\/p>\n<p>Am SL Windach blieb ich ab 13 Uhr f\u00fcr fast &#8216;ne Stunde, weil es einfach tolle Fr\u00fchjahrsverh\u00e4ltnisse gab. <\/p>\n<p>Ab 14 Uhr war ich dann bis 15:45 am Daunferner, wo es in den Trainingsbereichen tolle Firn-Abfahrten gab. Und wenn 1\/2 &#8211; 2\/3 der Abfahrt gut bis sehr gut gehen, kann einem das untere St\u00fcck auf Eis die Abfahrt auch nicht mehr vermiesen. Zumal man selbst im Winter und Fr\u00fchjahr genug Tage bzw. Abfahrten hat, wo man weitaus schlechtere Verh\u00e4ltnisse hat bzw. nicht behaupten kann, dass 1\/2 &#8211; 2\/3 der Abfahrt super w\u00e4ren &#8230;<\/p>\n<p>Zum Schluss noch die 2. Abfahrt am SL Eisjoch, aber &#8211; den Hang hier kann man momentan leider ziemlich komplett vergessen.<\/p>\n<p>Fotos, anklicken zum Vergr\u00f6\u00dfern:<\/p>\n<p><a href='http:\/\/ski.inmontanis.info\/d\/186052-2\/DSC08644.jpg'><img src=http:\/\/ski.inmontanis.info\/d\/186051-3\/DSC08644.jpg \/><\/a><br \/>\n^ Status Parkpl\u00e4tze um 10:27 Uhr<\/p>\n<p><a href='http:\/\/ski.inmontanis.info\/d\/186056-2\/DSC08647.jpg'><img src=http:\/\/ski.inmontanis.info\/d\/186055-3\/DSC08647.jpg \/><\/a><br \/>\n^ SL Daunferner<\/p>\n<p><a href='http:\/\/ski.inmontanis.info\/d\/186060-2\/DSC08650.jpg'><img src=http:\/\/ski.inmontanis.info\/d\/186059-3\/DSC08650.jpg \/><\/a><br \/>\n^ SL Daunferner mit Blick ins Stubaital. \u00dcbern Brenner scheinen die Wolken wohl weiter nach Norden geschwappt zu sein &#8230;<\/p>\n<p><a href='http:\/\/ski.inmontanis.info\/d\/186064-2\/DSC08651.jpg'><img src=http:\/\/ski.inmontanis.info\/d\/186063-3\/DSC08651.jpg \/><\/a><br \/>\n^ SL Daunferner, der linke war wieder bis Mittag in kompletter L\u00e4nge in Betrieb<\/p>\n<p><a href='http:\/\/ski.inmontanis.info\/d\/186068-2\/DSC08653.jpg'><img src=http:\/\/ski.inmontanis.info\/d\/186067-3\/DSC08653.jpg \/><\/a><br \/>\n^ Neuer Park-Seillift am Gai\u00dfkar, sehr weit links. Ob da noch Platz f\u00fcr die Abfahrt von der Schaufeljochbahn bleibt &#8230;.<\/p>\n<p><a href='http:\/\/ski.inmontanis.info\/d\/186072-2\/DSC08654.jpg'><img src=http:\/\/ski.inmontanis.info\/d\/186071-3\/DSC08654.jpg \/><\/a><br \/>\n^ SL Windach, ab Mittag auf den Abfahrten schon sch\u00f6n weich, rechts drau\u00dfen dagegen blieb es auch nachmittags hart.<\/p>\n<p><a href='http:\/\/ski.inmontanis.info\/d\/186076-2\/DSC08655.jpg'><img src=http:\/\/ski.inmontanis.info\/d\/186075-3\/DSC08655.jpg \/><\/a><br \/>\n^ SL Windach; Links die Spuren waren wohl von gestern, als alles so sch\u00f6n weich war. Die pr\u00e4parierte Strecke ging ab 13:30 Uhr ganz gut, offiziell aber gesperrt.<\/p>\n<p><a href='http:\/\/ski.inmontanis.info\/d\/186080-2\/DSC08656.jpg'><img src=http:\/\/ski.inmontanis.info\/d\/186079-3\/DSC08656.jpg \/><\/a><br \/>\n^ Offpiste am SL Windach.<\/p>\n<p><a href='http:\/\/ski.inmontanis.info\/d\/186084-2\/DSC08659.jpg'><img src=http:\/\/ski.inmontanis.info\/d\/186083-3\/DSC08659.jpg \/><\/a><br \/>\n^ Wolken im S\u00fcden, F\u00f6hn im Norden<\/p>\n<p><a href='http:\/\/ski.inmontanis.info\/d\/186088-2\/DSC08660.jpg'><img src=http:\/\/ski.inmontanis.info\/d\/186087-3\/DSC08660.jpg \/><\/a><br \/>\n^ Offpiste am SL Daunferner, Schnee wie im Juni :) Der Altschnee hier war gestern besser (weicher), nur die untere Variante, zwischen den Felsen, hatte ich gestern nicht bemerkt.<\/p>\n<p><a href='http:\/\/ski.inmontanis.info\/d\/186092-2\/DSC08662.jpg'><img src=http:\/\/ski.inmontanis.info\/d\/186091-3\/DSC08662.jpg \/><\/a><br \/>\n^ 14:35 Uhr &#8211; perfekte Verh\u00e4ltnisse im Trainingsbereich am SL Daunferner<\/p>\n<p><a href='http:\/\/ski.inmontanis.info\/d\/186096-2\/DSC08664.jpg'><img src=http:\/\/ski.inmontanis.info\/d\/186095-3\/DSC08664.jpg \/><\/a><br \/>\n^ 14:55 Uhr &#8211; noch bessere Verh\u00e4ltnisse in diesem Trainingsareal (nun gut, weiter unten war&#8217;s daf\u00fcr eisiger hier)<\/p>\n<p><a href='http:\/\/ski.inmontanis.info\/d\/186100-2\/DSC08666_001.jpg'><img src=http:\/\/ski.inmontanis.info\/d\/186099-3\/DSC08666_001.jpg \/><\/a><br \/>\n^ 15:05 Uhr &#8211; und auch auf diesem Trainingshang nachmittags perfekte Verh\u00e4ltnisse ;)<\/p>\n<p><a href='http:\/\/ski.inmontanis.info\/d\/186104-2\/DSC08670.jpg'><img src=http:\/\/ski.inmontanis.info\/d\/186103-3\/DSC08670.jpg \/><\/a><br \/>\n^ Die Variante rechts zwischen den Felsen bin ich 2x gefahren, man muss etwas m\u00fc\u00dfig \u00fcber den Gletscher schieben, um zum oberen Daunferer-SL zu gelangen.<\/p>\n<p><a href='http:\/\/ski.inmontanis.info\/d\/186108-2\/DSC08673.jpg'><img src=http:\/\/ski.inmontanis.info\/d\/186107-3\/DSC08673.jpg \/><\/a><br \/>\n^ Auch wenn&#8217;s besser ausschaut als gestern &#8211; der Eisjoch-Hang war heute nicht angenehmer zu fahren.<\/p>\n<p><a href='http:\/\/ski.inmontanis.info\/d\/186112-2\/DSC08679.jpg'><img src=http:\/\/ski.inmontanis.info\/d\/186111-3\/DSC08679.jpg \/><\/a><br \/>\n^ Depot + Gletscherende Abfahrt Fernau-6KSB<\/p>\n<p><a href='http:\/\/ski.inmontanis.info\/d\/186116-2\/DSC08683.jpg'><img src=http:\/\/ski.inmontanis.info\/d\/186115-3\/DSC08683.jpg \/><\/a><br \/>\n^ Fernau-6KSB<\/p>\n","protected":false},"excerpt":{"rendered":"<p>Heut bin ich ca. 20-30 Minuten sp\u00e4ter dran gewesen als gestern, war aber aufgrund der klaren Nacht noch fast zu fr\u00fch f\u00fcr meinen Geschmack. Allerdings dauerte es nicht lange, bis der Schnee an den meisten Abfahrten angenehm zu fahren war.<\/p>\n<p>Am SL Eisjoch dagegen fand ich den Matsch gestern tats\u00e4chlich noch angenehmer als den heutigen <a href=\"http:\/\/blog.inmontanis.info\/?p=2877\">[&#8230;]<\/a><\/p>\n","protected":false},"author":1,"featured_media":0,"comment_status":"closed","ping_status":"closed","sticky":false,"template":"","format":"standard","meta":{"footnotes":""},"categories":[25,13,28,895],"tags":[69,53,38,47],"class_list":["post-2877","post","type-post","status-publish","format-standard","hentry","category-noreport","category-austria","category-skifahren-sommer","category-stubaier-gletscher","tag-6zub","tag-8eub","tag-dsb","tag-sl","odd"],"_links":{"self":[{"href":"http:\/\/blog.inmontanis.info\/index.php?rest_route=\/wp\/v2\/posts\/2877","targetHints":{"allow":["GET"]}}],"collection":[{"href":"http:\/\/blog.inmontanis.info\/index.php?rest_route=\/wp\/v2\/posts"}],"about":[{"href":"http:\/\/blog.inmontanis.info\/index.php?rest_route=\/wp\/v2\/types\/post"}],"author":[{"embeddable":true,"href":"http:\/\/blog.inmontanis.info\/index.php?rest_route=\/wp\/v2\/users\/1"}],"replies":[{"embeddable":true,"href":"http:\/\/blog.inmontanis.info\/index.php?rest_route=%2Fwp%2Fv2%2Fcomments&post=2877"}],"version-history":[{"count":1,"href":"http:\/\/blog.inmontanis.info\/index.php?rest_route=\/wp\/v2\/posts\/2877\/revisions"}],"predecessor-version":[{"id":2878,"href":"http:\/\/blog.inmontanis.info\/index.php?rest_route=\/wp\/v2\/posts\/2877\/revisions\/2878"}],"wp:attachment":[{"href":"http:\/\/blog.inmontanis.info\/index.php?rest_route=%2Fwp%2Fv2%2Fmedia&parent=2877"}],"wp:term":[{"taxonomy":"category","embeddable":true,"href":"http:\/\/blog.inmontanis.info\/index.php?rest_route=%2Fwp%2Fv2%2Fcategories&post=2877"},{"taxonomy":"post_tag","embeddable":true,"href":"http:\/\/blog.inmontanis.info\/index.php?rest_route=%2Fwp%2Fv2%2Ftags&post=2877"}],"curies":[{"name":"wp","href":"https:\/\/api.w.org\/{rel}","templated":true}]}}