{"id":2869,"date":"2014-09-28T18:35:45","date_gmt":"2014-09-28T16:35:45","guid":{"rendered":"http:\/\/blog.inmontanis.info\/?p=2869"},"modified":"2023-08-06T20:59:02","modified_gmt":"2023-08-06T18:59:02","slug":"kaunertaler-gletscher-28-9-2014","status":"publish","type":"post","link":"http:\/\/blog.inmontanis.info\/?p=2869","title":{"rendered":"Kaunertaler Gletscher, 28.9.2014"},"content":{"rendered":"<p>Eigentlich hatte ich ja nicht mehr vor, im September noch mal auf den Kaunertaler zu fahren, dann hatte ich mir \u00fcberlegt, so 1-2 Stunden und danach SFL, aber schlie\u00dflich hat&#8217;s mir mal wieder so gut gefallen, dass ich um 13 Uhr noch gar nicht aufh\u00f6ren wollte &#8211; aber die SL fahren derzeit leider nicht l\u00e4nger.<\/p>\n<p>Im Gegensatz zum Pitztaler gestern war der Style heute doch wesentlich authentischer &#8211; auch wenn am Kaunertaler ohne Depot ebenfalls nichts gehen w\u00fcrde. Hatte aber definitiv mehr mit Sp\u00e4tsommerski zu tun, da es etlichen dreckigen Altschnee, Eisplatten und ruppige Gletscherabfahrten gab, was mir wesentlich besser gefiel als das gestrige Depot-Schneeband am Pitztaler.<\/p>\n<p>In Betrieb war nur der linke SL Wei\u00dfseeferner + der SL Falgin. W\u00e4hrend mir der SL Falgin heute gar nicht so langsam wie sonst vorkam, war der linke Wei\u00dfseeferner-SL naturgem\u00e4\u00df noch anstrengender zu fahren als im Fr\u00fchjahr.<\/p>\n<p>(Fotos anklicken zum Vergr\u00f6\u00dfern)<\/p>\n<p><a href='http:\/\/ski.inmontanis.info\/d\/185370-2\/DSC08413.jpg'><img src=http:\/\/ski.inmontanis.info\/d\/185369-3\/DSC08413.jpg \/><\/a><br \/>\n^ Da die H\u00e4nge unter der Wei\u00dfseespitze um 9:40 Uhr noch tief im Schatten waren, ging&#8217;s gleich mal zum SL Falgin und dort 3x rauf &#038; runter.<\/p>\n<p><a href='http:\/\/ski.inmontanis.info\/d\/185374-2\/DSC08415.jpg'><img src=http:\/\/ski.inmontanis.info\/d\/185373-3\/DSC08415.jpg \/><\/a><br \/>\n^ SL Falgin und dr\u00fcber am Berg eine komische blaue Abdeckung &#8230;<\/p>\n<p><a href='http:\/\/ski.inmontanis.info\/d\/185410-2\/DSC08445.jpg'><img src=http:\/\/ski.inmontanis.info\/d\/185409-3\/DSC08445.jpg \/><\/a><br \/>\n^ Zoom sp\u00e4ter. Wof\u00fcr ist diese blaue Abdeckung da?<\/p>\n<p><a href='http:\/\/ski.inmontanis.info\/d\/185378-2\/DSC08417.jpg'><img src=http:\/\/ski.inmontanis.info\/d\/185377-3\/DSC08417.jpg \/><\/a><br \/>\n^ SL Falgin<\/p>\n<p><a href='http:\/\/ski.inmontanis.info\/d\/185382-2\/DSC08420.jpg'><img src=http:\/\/ski.inmontanis.info\/d\/185381-3\/DSC08420.jpg \/><\/a><br \/>\n^ SL Wei\u00dfseeferner<\/p>\n<p><a href='http:\/\/ski.inmontanis.info\/d\/185386-2\/DSC08422.jpg'><img src=http:\/\/ski.inmontanis.info\/d\/185385-3\/DSC08422.jpg \/><\/a><br \/>\n^ Talstationen + Beschneiung an der EUB<\/p>\n<p><a href='http:\/\/ski.inmontanis.info\/d\/185390-2\/DSC08423.jpg'><img src=http:\/\/ski.inmontanis.info\/d\/185389-3\/DSC08423.jpg \/><\/a><br \/>\n^ Abfahrt SL Wei\u00dfseeferner, sp\u00e4tsommertypisch mit Altschnee- und Eisstellen. Das geh\u00f6rt im Herbst aber dazu, sonst w\u00e4r&#8217;s langweilig. Genauso wie Restschnee im Fr\u00fchjahr.<\/p>\n<p><a href='http:\/\/ski.inmontanis.info\/d\/185394-2\/DSC08426.jpg'><img src=http:\/\/ski.inmontanis.info\/d\/185393-3\/DSC08426.jpg \/><\/a><br \/>\n^ Abfahrt SL Wei\u00dfseeferner; man muss nicht hier \u00fcber den kaum bedeckten Gletscher, man kann auch links rum fahren.<\/p>\n<p><a href='http:\/\/ski.inmontanis.info\/d\/185398-2\/DSC08429.jpg'><img src=http:\/\/ski.inmontanis.info\/d\/185397-3\/DSC08429.jpg \/><\/a><br \/>\n^ SL Wei\u00dfseeferner<\/p>\n<p><a href='http:\/\/ski.inmontanis.info\/d\/185402-2\/DSC08439.jpg'><img src=http:\/\/ski.inmontanis.info\/d\/185401-3\/DSC08439.jpg \/><\/a><br \/>\n^ SL Wei\u00dfseeferner<\/p>\n<p><a href='http:\/\/ski.inmontanis.info\/d\/185406-2\/DSC08440.jpg'><img src=http:\/\/ski.inmontanis.info\/d\/185405-3\/DSC08440.jpg \/><\/a><br \/>\n^ SL Wei\u00dfseeferner Steilhang<\/p>\n<p><a href='http:\/\/ski.inmontanis.info\/d\/185414-2\/DSC08449.jpg'><img src=http:\/\/ski.inmontanis.info\/d\/185413-3\/DSC08449.jpg \/><\/a><br \/>\n^ SL Wei\u00dfseeferner, Zufahrt Trainingshang<\/p>\n<p><a href='http:\/\/ski.inmontanis.info\/d\/185418-2\/DSC08453.jpg'><img src=http:\/\/ski.inmontanis.info\/d\/185417-3\/DSC08453.jpg \/><\/a><br \/>\n^ Trainingshang SL Wei\u00dfseeferner  + Lage Skitunnel<\/p>\n<p><a href='http:\/\/ski.inmontanis.info\/d\/185422-2\/DSC08457.jpg'><img src=http:\/\/ski.inmontanis.info\/d\/185421-3\/DSC08457.jpg \/><\/a><br \/>\n^ SL N\u00f6rderjoch I<\/p>\n<p><a href='http:\/\/ski.inmontanis.info\/d\/185426-2\/DSC08463.jpg'><img src=http:\/\/ski.inmontanis.info\/d\/185425-3\/DSC08463.jpg \/><\/a><br \/>\n^ SL N\u00f6rderjoch I und Schneekanonen<\/p>\n<p><a href='http:\/\/ski.inmontanis.info\/d\/185430-2\/DSC08468.jpg'><img src=http:\/\/ski.inmontanis.info\/d\/185429-3\/DSC08468.jpg \/><\/a><br \/>\n^ SL Wei\u00dfseeferner Steilhang. Der linke Lift ist deshalb anstrengender zu fahren, weil die letzte St\u00fctze h\u00f6her ist als im rechten Lift und daher oben das Seil h\u00f6her l\u00e4uft.<\/p>\n<p><a href='http:\/\/ski.inmontanis.info\/d\/185434-2\/DSC08476.jpg'><img src=http:\/\/ski.inmontanis.info\/d\/185433-3\/DSC08476.jpg \/><\/a><br \/>\n^ SL N\u00f6rderjoch I-II<\/p>\n<p><a href='http:\/\/ski.inmontanis.info\/d\/185438-2\/DSC08479.jpg'><img src=http:\/\/ski.inmontanis.info\/d\/185437-3\/DSC08479.jpg \/><\/a><br \/>\n^ Pistenzustand zum Betriebsschluss um 13:05 Uhr<\/p>\n<p><a href='http:\/\/ski.inmontanis.info\/d\/185442-2\/DSC08492.jpg'><img src=http:\/\/ski.inmontanis.info\/d\/185441-3\/DSC08492.jpg \/><\/a><br \/>\n^ SL Wei\u00dfseeferner + Falgin von der 8EUB aus<\/p>\n<p><a href='http:\/\/ski.inmontanis.info\/d\/185446-2\/DSC08498.jpg'><img src=http:\/\/ski.inmontanis.info\/d\/185445-3\/DSC08498.jpg \/><\/a><br \/>\n^ Zoom SL N\u00f6rderjoch I-II<\/p>\n<p><a href='http:\/\/ski.inmontanis.info\/d\/185450-2\/DSC08511.jpg'><img src=http:\/\/ski.inmontanis.info\/d\/185449-3\/DSC08511.jpg \/><\/a><br \/>\n^ Bald-nicht-mehr-Gletscher-Hang an der Wei\u00dfseespitze<\/p>\n<p><a href='http:\/\/ski.inmontanis.info\/d\/185454-2\/DSC08526.jpg'><img src=http:\/\/ski.inmontanis.info\/d\/185453-3\/DSC08526.jpg \/><\/a><br \/>\n^ Gletscherpano an der 8EUB<\/p>\n<p><a href='http:\/\/ski.inmontanis.info\/d\/185458-2\/DSC08530.jpg'><img src=http:\/\/ski.inmontanis.info\/d\/185457-3\/DSC08530.jpg \/><\/a><br \/>\n^ 8EUB Grenzblick<\/p>\n<p><a href='http:\/\/ski.inmontanis.info\/d\/185462-2\/DSC08537.jpg'><img src=http:\/\/ski.inmontanis.info\/d\/185461-3\/DSC08537.jpg \/><\/a><br \/>\n^ SL N\u00f6rderjoch, Wei\u00dfseeferner, Wei\u00dfseespitze<\/p>\n","protected":false},"excerpt":{"rendered":"<p>Eigentlich hatte ich ja nicht mehr vor, im September noch mal auf den Kaunertaler zu fahren, dann hatte ich mir \u00fcberlegt, so 1-2 Stunden und danach SFL, aber schlie\u00dflich hat&#8217;s mir mal wieder so gut gefallen, dass ich um 13 Uhr noch gar nicht aufh\u00f6ren wollte &#8211; aber die SL fahren derzeit leider nicht l\u00e4nger.<\/p>\n<p> <a href=\"http:\/\/blog.inmontanis.info\/?p=2869\">[&#8230;]<\/a><\/p>\n","protected":false},"author":1,"featured_media":0,"comment_status":"closed","ping_status":"closed","sticky":false,"template":"","format":"standard","meta":{"footnotes":""},"categories":[905,25,13,28],"tags":[53,47],"class_list":["post-2869","post","type-post","status-publish","format-standard","hentry","category-kaunertaler-gletscher","category-noreport","category-austria","category-skifahren-sommer","tag-8eub","tag-sl","odd"],"_links":{"self":[{"href":"http:\/\/blog.inmontanis.info\/index.php?rest_route=\/wp\/v2\/posts\/2869","targetHints":{"allow":["GET"]}}],"collection":[{"href":"http:\/\/blog.inmontanis.info\/index.php?rest_route=\/wp\/v2\/posts"}],"about":[{"href":"http:\/\/blog.inmontanis.info\/index.php?rest_route=\/wp\/v2\/types\/post"}],"author":[{"embeddable":true,"href":"http:\/\/blog.inmontanis.info\/index.php?rest_route=\/wp\/v2\/users\/1"}],"replies":[{"embeddable":true,"href":"http:\/\/blog.inmontanis.info\/index.php?rest_route=%2Fwp%2Fv2%2Fcomments&post=2869"}],"version-history":[{"count":2,"href":"http:\/\/blog.inmontanis.info\/index.php?rest_route=\/wp\/v2\/posts\/2869\/revisions"}],"predecessor-version":[{"id":9288,"href":"http:\/\/blog.inmontanis.info\/index.php?rest_route=\/wp\/v2\/posts\/2869\/revisions\/9288"}],"wp:attachment":[{"href":"http:\/\/blog.inmontanis.info\/index.php?rest_route=%2Fwp%2Fv2%2Fmedia&parent=2869"}],"wp:term":[{"taxonomy":"category","embeddable":true,"href":"http:\/\/blog.inmontanis.info\/index.php?rest_route=%2Fwp%2Fv2%2Fcategories&post=2869"},{"taxonomy":"post_tag","embeddable":true,"href":"http:\/\/blog.inmontanis.info\/index.php?rest_route=%2Fwp%2Fv2%2Ftags&post=2869"}],"curies":[{"name":"wp","href":"https:\/\/api.w.org\/{rel}","templated":true}]}}