{"id":2866,"date":"2014-09-27T18:33:45","date_gmt":"2014-09-27T16:33:45","guid":{"rendered":"http:\/\/blog.inmontanis.info\/?p=2866"},"modified":"2023-08-06T20:20:35","modified_gmt":"2023-08-06T18:20:35","slug":"pitztaler-gletscher-27-9-2014","status":"publish","type":"post","link":"http:\/\/blog.inmontanis.info\/?p=2866","title":{"rendered":"Pitztaler Gletscher, 27.9.2014"},"content":{"rendered":"<p>Herbstski zum Abgew\u00f6hnen. Jedenfalls am Pitztaler. Erst wird man an der Tunnelbahn verarscht, weil man sich entschloss, die Bahnen heute jeweils 5 Minuten VOR der auf der Website kommunizierten Abfahrtszeiten starten zu lassen. Statt 9:10 fuhr die Bahn um 9:05 &#8211; und ich nat\u00fcrlich um 9:05 da (extra nicht beim McDonalds vorbei gefahren, damit ich die Bahn um 9:10 noch schaff) &#8211; n\u00e4chste dann um 9:25. Grrr!!<\/p>\n<p>Am SL musste ich meinen B\u00fcgel auch 2x verteidigen, weil Rennfahrer zusteigen wollten. Vom Ersten, als ich seinem Zusteigversuch auswich, wurde ich dann gleich mal &#8220;Arschloch&#8221; geschimpft, was ich mit einem &#8220;selber Arschloch&#8221; beantwortete. (Das Zusteigenwollen dieser Menschenart gilt nat\u00fcrlich nur f\u00fcr SL, in der EUB wird sich m\u00f6glichst assozial hingesetzt, damit niemand mehr einsteigen kann &#8211; aber das st\u00f6rte mich heute nicht, da man in die n\u00e4chste Gondel einsteigen konnte.) Der zweite, Trainer, auf der gleichen SL-Fahrt wie vorhin, kam unerwartet von unten\/hinten, was ich dann mit einem &#8220;Zefix, geht&#8217;s no&#8221; und Ausweichen quittierte, bevor dieser sich beschweren konnte. Grrr!! Sollen die sich doch bei der Pitztaler Gletscherbahn beschweren und einen Zwischeneinstieg verlangen. Ich muss auch den nervigen Pistenteil bis unten fahren, sollen die das mal sch\u00f6n auch.<\/p>\n<p>Die Steilh\u00e4nge an der EUB gingen heute wesentlich besser zu fahren als vor einer Woche, der unterste Teil am SL war aber recht fr\u00fch tief aufgefahren und dort, sowie egtl. auf fast der ganzen SL-Abfahrt, war es auch immer wieder stockig. Schade, dass es die GUB mit der Mittelstation nicht mehr gibt.<\/p>\n<p><a href='http:\/\/ski.inmontanis.info\/d\/185322-2\/DSC08384.jpg'><img src=http:\/\/ski.inmontanis.info\/d\/185321-3\/DSC08384.jpg \/><\/a><br \/>\n^ SL-EUB<\/p>\n<p><a href='http:\/\/ski.inmontanis.info\/d\/185326-2\/DSC08386.jpg'><img src=http:\/\/ski.inmontanis.info\/d\/185325-3\/DSC08386.jpg \/><\/a><br \/>\n^ Noch riesig &#8211; das Schneedepot<\/p>\n<p><a href='http:\/\/ski.inmontanis.info\/d\/185330-2\/DSC08389.jpg'><img src=http:\/\/ski.inmontanis.info\/d\/185329-3\/DSC08389.jpg \/><\/a><br \/>\n^ Die Depots hier oben wurden zu einer Piste (wohl eher zus\u00e4tzlicher Trainingshang) gewandelt<\/p>\n","protected":false},"excerpt":{"rendered":"<p>Herbstski zum Abgew\u00f6hnen. Jedenfalls am Pitztaler. Erst wird man an der Tunnelbahn verarscht, weil man sich entschloss, die Bahnen heute jeweils 5 Minuten VOR der auf der Website kommunizierten Abfahrtszeiten starten zu lassen. Statt 9:10 fuhr die Bahn um 9:05 &#8211; und ich nat\u00fcrlich um 9:05 da (extra nicht beim McDonalds vorbei gefahren, damit ich <a href=\"http:\/\/blog.inmontanis.info\/?p=2866\">[&#8230;]<\/a><\/p>\n","protected":false},"author":1,"featured_media":0,"comment_status":"closed","ping_status":"closed","sticky":false,"template":"","format":"standard","meta":{"footnotes":""},"categories":[25,13,901,28],"tags":[53,47],"class_list":["post-2866","post","type-post","status-publish","format-standard","hentry","category-noreport","category-austria","category-pitztaler-gletscher","category-skifahren-sommer","tag-8eub","tag-sl","odd"],"_links":{"self":[{"href":"http:\/\/blog.inmontanis.info\/index.php?rest_route=\/wp\/v2\/posts\/2866","targetHints":{"allow":["GET"]}}],"collection":[{"href":"http:\/\/blog.inmontanis.info\/index.php?rest_route=\/wp\/v2\/posts"}],"about":[{"href":"http:\/\/blog.inmontanis.info\/index.php?rest_route=\/wp\/v2\/types\/post"}],"author":[{"embeddable":true,"href":"http:\/\/blog.inmontanis.info\/index.php?rest_route=\/wp\/v2\/users\/1"}],"replies":[{"embeddable":true,"href":"http:\/\/blog.inmontanis.info\/index.php?rest_route=%2Fwp%2Fv2%2Fcomments&post=2866"}],"version-history":[{"count":2,"href":"http:\/\/blog.inmontanis.info\/index.php?rest_route=\/wp\/v2\/posts\/2866\/revisions"}],"predecessor-version":[{"id":2868,"href":"http:\/\/blog.inmontanis.info\/index.php?rest_route=\/wp\/v2\/posts\/2866\/revisions\/2868"}],"wp:attachment":[{"href":"http:\/\/blog.inmontanis.info\/index.php?rest_route=%2Fwp%2Fv2%2Fmedia&parent=2866"}],"wp:term":[{"taxonomy":"category","embeddable":true,"href":"http:\/\/blog.inmontanis.info\/index.php?rest_route=%2Fwp%2Fv2%2Fcategories&post=2866"},{"taxonomy":"post_tag","embeddable":true,"href":"http:\/\/blog.inmontanis.info\/index.php?rest_route=%2Fwp%2Fv2%2Ftags&post=2866"}],"curies":[{"name":"wp","href":"https:\/\/api.w.org\/{rel}","templated":true}]}}