{"id":2861,"date":"2014-09-21T23:57:33","date_gmt":"2014-09-21T21:57:33","guid":{"rendered":"http:\/\/blog.inmontanis.info\/?p=2861"},"modified":"2023-08-02T21:55:34","modified_gmt":"2023-08-02T19:55:34","slug":"san-vito-pieve-di-cadore-lsap-reste-21-9-2014","status":"publish","type":"post","link":"http:\/\/blog.inmontanis.info\/?p=2861","title":{"rendered":"San Vito &#038; Pieve di Cadore, LSAP-Reste, 21.9.2014"},"content":{"rendered":"<p>Als Nachmittagsprogramm nach dem Staunies-Gondellift in Cortina hatte ich einige Ideen. ESL\/Korblift in Vellau, weil letztes Jahr ausgelassen und weil Wetter f\u00fcr heute Nachmittag dort besser gemeldet war. Aber halt weit weg und mittlerweile waren wir eh zu sp\u00e4t dran.<\/p>\n<p>Au\u00dferdem wollte ich mal wieder nach Pieve di Cadore sehen, ob die \u00dcberreste des ESL noch stehen. Und auf dem Weg in San Vito vorbeischauen, wo es lt. alter Karte ein aufgelassenes Skigebiet mit ESL, gegen\u00fcber dem aktuellen, gab.<\/p>\n<p>Nach der Verpflegung steuerten wir die Talstation des ESL Senes in San Vito di Cadore an. Obwohl ich von GE aus nicht mal mit dem Talstationsgeb\u00e4ude mehr gerechnet h\u00e4tte, stand wenigstens das noch rum. Ansonsten gibt&#8217;s nicht viel zu sehen. Eine geteerte, einspurige Stra\u00dfe f\u00fchrt hinauf zum Rifugio, wo es aber noch weniger zu sehen gab &#8230;<\/p>\n<p>Fotos, anklicken zum Vergr\u00f6\u00dfern:<\/p>\n<p><a href='http:\/\/ski.inmontanis.info\/d\/187036-2\/DSC08126.jpg'><img src=http:\/\/ski.inmontanis.info\/d\/187035-3\/DSC08126.jpg \/><\/a><br \/>\n^ \u00dcberreste des ehemaligen ESL Senes (Hersteller Drago) in San Vito di Cadore<\/p>\n<p><a href='http:\/\/ski.inmontanis.info\/d\/187040-2\/DSC08127.jpg'><img src=http:\/\/ski.inmontanis.info\/d\/187039-3\/DSC08127.jpg \/><\/a><br \/>\n^ So ziemlich die einzige Reste, die noch dem ESL zugeordnet werden k\u00f6nnen &#8211; der Ausgangs-Schriftzug<\/p>\n<p><a href='http:\/\/ski.inmontanis.info\/d\/187044-2\/DSC08130.jpg'><img src=http:\/\/ski.inmontanis.info\/d\/187043-3\/DSC08130.jpg \/><\/a><br \/>\n^ Ex-ESL Senes, das Geb\u00e4ude wurde wohl zwischenzeitlich anderweitig verwendet<\/p>\n<p><a href='http:\/\/ski.inmontanis.info\/d\/187048-2\/DSC08131.jpg'><img src=http:\/\/ski.inmontanis.info\/d\/187047-3\/DSC08131.jpg \/><\/a><br \/>\n^ Ehemalige Lifttrasse<\/p>\n<p><a href='http:\/\/ski.inmontanis.info\/d\/187052-2\/DSC08135.jpg'><img src=http:\/\/ski.inmontanis.info\/d\/187051-3\/DSC08135.jpg \/><\/a><br \/>\n^ Talstationsgeb\u00e4ude seitlich &#8211; zu dicht.<\/p>\n<p><a href='http:\/\/ski.inmontanis.info\/d\/187056-2\/DSC08138.jpg'><img src=http:\/\/ski.inmontanis.info\/d\/187055-3\/DSC08138.jpg \/><\/a><br \/>\n^ Auf dem Schild steht Cab. Segg. Senes<\/p>\n<p><a href='http:\/\/ski.inmontanis.info\/d\/187060-2\/DSC08141.jpg'><img src=http:\/\/ski.inmontanis.info\/d\/187059-3\/DSC08141.jpg \/><\/a><br \/>\n^ Hier oben war irgendwo die Bergstation, man hat aber (au\u00dfer einem potentiellen leeren Platz) keine Reste mehr gefunden<\/p>\n<p><a href='http:\/\/ski.inmontanis.info\/d\/187064-2\/DSC08144.jpg'><img src=http:\/\/ski.inmontanis.info\/d\/187063-3\/DSC08144.jpg \/><\/a><br \/>\n^ Blick r\u00fcber ins aktuelle Skigebiet von San Vito<\/p>\n<p><a href='http:\/\/ski.inmontanis.info\/d\/187068-2\/DSC08145.jpg'><img src=http:\/\/ski.inmontanis.info\/d\/187067-3\/DSC08145.jpg \/><\/a><br \/>\n^ Oberhalb der vermeintlichen ESL-Bergstation endet die Stromleitung &#8211; interessant find ich nur die extreme \u00c4hnlichkeit dieses Strommastens mit Liftst\u00fctzen ;-)<\/p>\n<p>Ein altes Foto vom ESL auf Delcampe:<br \/>\n<a href='http:\/\/images-01.delcampe-static.net\/img_large\/auction\/000\/111\/281\/865_001.jpg'>http:\/\/images-01.delcampe-static.net\/img_large\/auction\/000\/111\/281\/865_001.jpg<\/a><\/p>\n<p>Weiter ging&#8217;s nach Pieve di Cadore, dessen ESL ich &#8211; abgesehen von einem abendlichem Kurzbesuch mit &#8220;Alpenk\u00f6nig&#8221; &#8211; bereits im Februar 2007 ausf\u00fchrlich dokumentiert hatte&#8230;.<br \/>\n&#8230; aber mittlerweile wurde meine Fotoausr\u00fcstung besser, die Lifttrasse bin ich auch nicht abgegangen, Kris war auch noch nie dort &#8211; und stehen die Liftreste \u00fcberhaupt noch?<\/p>\n<p>Letzters kann mit JA, ABER beantwortet werden, denn: Die Sessel in der Talstation wurden mittlerweile entfernt!<\/p>\n<p>Da ich wusste, dass an der Talstation ein Wanderweg weggeht, dachte ich, dieser w\u00fcrde zur Bergstation f\u00fchren. Allerdings verlie\u00dfen wir gleich an der ersten St\u00fctze im Wald den Pfad, denn diese St\u00fctze war einfach zu genial. Wobei der Weg dem ESL entlang sehr steil ist (der ESL soll 79% max. Steigung gehabt haben) und daher sehr schwierig zu gehen ist, die am Boden liegenden Bl\u00e4tter und Nadeln sind doch recht rutschig, aber bergauf noch halbwegs machbar. Runter w\u00e4re es hier f\u00fcr mich nicht gegangen.<\/p>\n<p>Nach anstrengenden ca. 150 H\u00f6henmeter kamen wir an der Bergstation an. Das Schwimmbecken hatte ich bei meinem letzten Besuch auch nicht bemerkt!<\/p>\n<p>Der Nachteil an der Trassenbegehung war aber jetzt, dass wir nicht wussten, wie wir diesen Wanderweg, den wir unten an St\u00fctze 3 verlie\u00dfen, wieder erreichen sollen. Da ich ja schon mal mit dem Auto hier oben war, wusste ich, dass es eine Stra\u00dfe gibt, die aber ein ziemlicher Umweg ist&#8230;.  (Warum sind wir egtl. nicht auf die Idee gekommen, einfach die ehemalige Abfahrt runter zu gehen???)<\/p>\n<p>Zuerst noch kurz die SL abgegrast und den oberen SL, zumindest seine Talstation, gesucht. Hier war ich 2007 ja auch schon unterwegs und hab einige Fotos gemacht, daher diesmal kaum welche, da es nicht viel mehr zu finden gab. Die Talstation bzw. zumindest das Fundament des oberen SL wurde nun in einen Grill umfunktioniert, nebenan hat evtl. ein kleines Restaurant ge\u00f6ffnet.<\/p>\n<p><a href='http:\/\/ski.inmontanis.info\/d\/187072-2\/DSC08146.jpg'><img src=http:\/\/ski.inmontanis.info\/d\/187071-3\/DSC08146.jpg \/><\/a><br \/>\n^ Talstation des stillgelegten ESL in Pieve di Cadore<\/p>\n<p><a href='http:\/\/ski.inmontanis.info\/d\/187076-2\/DSC08148.jpg'><img src=http:\/\/ski.inmontanis.info\/d\/187075-3\/DSC08148.jpg \/><\/a><br \/>\n^ Aufgang<\/p>\n<p><a href='http:\/\/ski.inmontanis.info\/d\/187080-2\/DSC08149.jpg'><img src=http:\/\/ski.inmontanis.info\/d\/187079-3\/DSC08149.jpg \/><\/a><br \/>\n^ Von der Seite<\/p>\n<p><a href='http:\/\/ski.inmontanis.info\/d\/187084-2\/DSC08150.jpg'><img src=http:\/\/ski.inmontanis.info\/d\/187083-3\/DSC08150.jpg \/><\/a><br \/>\n^ Entrata &#8211; Eingang<\/p>\n<p><a href='http:\/\/ski.inmontanis.info\/d\/187088-2\/DSC08152.jpg'><img src=http:\/\/ski.inmontanis.info\/d\/187087-3\/DSC08152.jpg \/><\/a><br \/>\n^ Talstation<\/p>\n<p><a href='http:\/\/ski.inmontanis.info\/d\/187092-2\/DSC08153.jpg'><img src=http:\/\/ski.inmontanis.info\/d\/187091-3\/DSC08153.jpg \/><\/a><br \/>\n^ Antrieb Talstation. BJ 1949, 1952 oder 1956. Im Hintergrund sieht man, dass aufger\u00e4umt wurde &#8211; die Sessel sind jetzt weg!<\/p>\n<p>2007:<br \/>\n<a href='http:\/\/ski.inmontanis.info\/d\/30486-2\/P1140561.jpg'><img src=http:\/\/ski.inmontanis.info\/d\/30486-2\/P1140561.jpg \/><\/a><br \/>\n^ 2007: Bunte Sessel!!<\/p>\n<p><a href='http:\/\/ski.inmontanis.info\/d\/187096-2\/DSC08159.jpg'><img src=http:\/\/ski.inmontanis.info\/d\/187095-3\/DSC08159.jpg \/><\/a><br \/>\n^ Manueller Notantrieb?<\/p>\n<p><a href='http:\/\/ski.inmontanis.info\/d\/187100-2\/DSC08163.jpg'><img src=http:\/\/ski.inmontanis.info\/d\/187099-3\/DSC08163.jpg \/><\/a><br \/>\n^ Strecke. Irgendwer hat hier anscheinend mal aufger\u00e4umt und gem\u00e4ht usw.<\/p>\n<p><a href='http:\/\/ski.inmontanis.info\/d\/187104-2\/DSC08192.jpg'><img src=http:\/\/ski.inmontanis.info\/d\/187103-3\/DSC08192.jpg \/><\/a><br \/>\n^ Aufgang ins Obergeschoss. Erstaunlicherweise alles noch stabil.<\/p>\n<p><a href='http:\/\/ski.inmontanis.info\/d\/187108-2\/DSC08164.jpg'><img src=http:\/\/ski.inmontanis.info\/d\/187107-3\/DSC08164.jpg \/><\/a><br \/>\n^ Antrieb<\/p>\n<p><a href='http:\/\/ski.inmontanis.info\/d\/187112-2\/DSC08166.jpg'><img src=http:\/\/ski.inmontanis.info\/d\/187111-3\/DSC08166.jpg \/><\/a><br \/>\n^ Wohl Spanngewichte f\u00fcr die Strom- oder Steuerleitungen<\/p>\n<p><a href='http:\/\/ski.inmontanis.info\/d\/187116-2\/DSC08167.jpg'><img src=http:\/\/ski.inmontanis.info\/d\/187115-3\/DSC08167.jpg \/><\/a><br \/>\n^ Obergeschoss<\/p>\n<p><a href='http:\/\/ski.inmontanis.info\/d\/187120-2\/DSC08169.jpg'><img src=http:\/\/ski.inmontanis.info\/d\/187119-3\/DSC08169.jpg \/><\/a><br \/>\n^ Antrieb<\/p>\n<p><a href='http:\/\/ski.inmontanis.info\/d\/187124-2\/DSC08171.jpg'><img src=http:\/\/ski.inmontanis.info\/d\/187123-3\/DSC08171.jpg \/><\/a><br \/>\n^ Hersteller Teletrasporti Genova<\/p>\n<p><a href='http:\/\/ski.inmontanis.info\/d\/187128-2\/DSC08172.jpg'><img src=http:\/\/ski.inmontanis.info\/d\/187127-3\/DSC08172.jpg \/><\/a><br \/>\n^ Cabina di Manovra<\/p>\n<p><a href='http:\/\/ski.inmontanis.info\/d\/187132-2\/DSC08174.jpg'><img src=http:\/\/ski.inmontanis.info\/d\/187131-3\/DSC08174.jpg \/><\/a><br \/>\n^ Kabel<\/p>\n<p><a href='http:\/\/ski.inmontanis.info\/d\/187136-2\/DSC08176.jpg'><img src=http:\/\/ski.inmontanis.info\/d\/187135-3\/DSC08176.jpg \/><\/a><br \/>\n^ Aufgang<\/p>\n<p><a href='http:\/\/ski.inmontanis.info\/d\/187140-2\/DSC08177.jpg'><img src=http:\/\/ski.inmontanis.info\/d\/187139-3\/DSC08177.jpg \/><\/a><br \/>\n^ Kasse<\/p>\n<p><a href='http:\/\/ski.inmontanis.info\/d\/187144-2\/DSC08179.jpg'><img src=http:\/\/ski.inmontanis.info\/d\/187143-3\/DSC08179.jpg \/><\/a><br \/>\n^ Steuerung<\/p>\n<p><a href='http:\/\/ski.inmontanis.info\/d\/187148-2\/DSC08183.jpg'><img src=http:\/\/ski.inmontanis.info\/d\/187147-3\/DSC08183.jpg \/><\/a><br \/>\n^ Steuerung<\/p>\n<p><a href='http:\/\/ski.inmontanis.info\/d\/187152-2\/DSC08186.jpg'><img src=http:\/\/ski.inmontanis.info\/d\/187151-3\/DSC08186.jpg \/><\/a><br \/>\n^ Steuerung<\/p>\n<p><a href='http:\/\/ski.inmontanis.info\/d\/187156-2\/DSC08185.jpg'><img src=http:\/\/ski.inmontanis.info\/d\/187155-3\/DSC08185.jpg \/><\/a><br \/>\n^ Schalter<\/p>\n<p><a href='http:\/\/ski.inmontanis.info\/d\/187160-2\/DSC08188.jpg'><img src=http:\/\/ski.inmontanis.info\/d\/187159-3\/DSC08188.jpg \/><\/a><br \/>\n^ Sicherungskasten oder was ist das?<\/p>\n<p><a href='http:\/\/ski.inmontanis.info\/d\/187164-2\/DSC08189.jpg'><img src=http:\/\/ski.inmontanis.info\/d\/187163-3\/DSC08189.jpg \/><\/a><br \/>\n^ Drehrichtung. War aber nicht zu drehen :)<\/p>\n<p><a href='http:\/\/ski.inmontanis.info\/d\/187168-2\/DSC08190.jpg'><img src=http:\/\/ski.inmontanis.info\/d\/187167-3\/DSC08190.jpg \/><\/a><br \/>\n^ Antrieb<\/p>\n<p><a href='http:\/\/ski.inmontanis.info\/d\/187172-2\/DSC08191.jpg'><img src=http:\/\/ski.inmontanis.info\/d\/187171-3\/DSC08191.jpg \/><\/a><br \/>\n^ Ausfahrt<\/p>\n<p><a href='http:\/\/ski.inmontanis.info\/d\/187176-2\/DSC08196.jpg'><img src=http:\/\/ski.inmontanis.info\/d\/187175-3\/DSC08196.jpg \/><\/a><br \/>\n^ Strecke und St\u00fctze 2<\/p>\n<p><a href='http:\/\/ski.inmontanis.info\/d\/187180-2\/DSC08197.jpg'><img src=http:\/\/ski.inmontanis.info\/d\/187179-3\/DSC08197.jpg \/><\/a><br \/>\n^ Sesselz\u00e4hler an der Talstationsausfahrt<\/p>\n<p><a href='http:\/\/ski.inmontanis.info\/d\/187184-2\/DSC08198.jpg'><img src=http:\/\/ski.inmontanis.info\/d\/187183-3\/DSC08198.jpg \/><\/a><br \/>\n^ Talstation<\/p>\n<p><a href='http:\/\/ski.inmontanis.info\/d\/187188-2\/DSC08199.jpg'><img src=http:\/\/ski.inmontanis.info\/d\/187187-3\/DSC08199.jpg \/><\/a><br \/>\n^ Talstation St\u00fctze 1<\/p>\n<p><a href='http:\/\/ski.inmontanis.info\/d\/187192-2\/DSC08205.jpg'><img src=http:\/\/ski.inmontanis.info\/d\/187191-3\/DSC08205.jpg \/><\/a><br \/>\n^ Talstation und St\u00fctze 1<\/p>\n<p><a href='http:\/\/ski.inmontanis.info\/d\/187196-2\/DSC08208.jpg'><img src=http:\/\/ski.inmontanis.info\/d\/187195-3\/DSC08208.jpg \/><\/a><br \/>\n^ Wanderweg und Abfahrt (von links oder geradeaus)<\/p>\n<p><a href='http:\/\/ski.inmontanis.info\/d\/187200-2\/DSC08209.jpg'><img src=http:\/\/ski.inmontanis.info\/d\/187199-3\/DSC08209.jpg \/><\/a><br \/>\n^ Doppel-St\u00fctze 3<\/p>\n<p><a href='http:\/\/ski.inmontanis.info\/d\/187204-2\/DSC08211.jpg'><img src=http:\/\/ski.inmontanis.info\/d\/187203-3\/DSC08211.jpg \/><\/a><br \/>\n^ St\u00fctze 3. Man beachte links den verzweigenden Baum, der die St\u00fctze umschlungen hat.<\/p>\n<p><a href='http:\/\/ski.inmontanis.info\/d\/187208-2\/DSC08214.jpg'><img src=http:\/\/ski.inmontanis.info\/d\/187207-3\/DSC08214.jpg \/><\/a><br \/>\n^ Hier ist der Baum an 2 Stellen durch die St\u00fctze gewachsen!<\/p>\n<p><a href='http:\/\/ski.inmontanis.info\/d\/187212-2\/DSC08216.jpg'><img src=http:\/\/ski.inmontanis.info\/d\/187211-3\/DSC08216.jpg \/><\/a><br \/>\n^ Doppel-St\u00fctze 3<\/p>\n<p><a href='http:\/\/ski.inmontanis.info\/d\/187216-2\/DSC08217.jpg'><img src=http:\/\/ski.inmontanis.info\/d\/187215-3\/DSC08217.jpg \/><\/a><br \/>\n^ Ein Baum hat die St\u00fctze hier mit einer Verzweigung regelrecht umschlungen<\/p>\n<p><a href='http:\/\/ski.inmontanis.info\/d\/187220-2\/DSC08225.jpg'><img src=http:\/\/ski.inmontanis.info\/d\/187219-3\/DSC08225.jpg \/><\/a><br \/>\n^ Auf der Suche nach dem perfekten Fotostandort :)<\/p>\n<p><a href='http:\/\/ski.inmontanis.info\/d\/187224-2\/DSC08227.jpg'><img src=http:\/\/ski.inmontanis.info\/d\/187223-3\/DSC08227.jpg \/><\/a><br \/>\n^ Der ESL hatte einst Holzst\u00fctzen, dann Metallst\u00fctzen und jetzt eine Kombination :-)<\/p>\n<p><a href='http:\/\/ski.inmontanis.info\/d\/187228-2\/DSC08228.jpg'><img src=http:\/\/ski.inmontanis.info\/d\/187227-3\/DSC08228.jpg \/><\/a><br \/>\n^ St\u00fctze 3<\/p>\n<p><a href='http:\/\/ski.inmontanis.info\/d\/187232-2\/DSC08233.jpg'><img src=http:\/\/ski.inmontanis.info\/d\/187231-3\/DSC08233.jpg \/><\/a><br \/>\n^ St\u00fctze 3 talw\u00e4rts<\/p>\n<p><a href='http:\/\/ski.inmontanis.info\/d\/187236-2\/DSC08241.jpg'><img src=http:\/\/ski.inmontanis.info\/d\/187235-3\/DSC08241.jpg \/><\/a><br \/>\n^ St\u00fctze 4<\/p>\n<p><a href='http:\/\/ski.inmontanis.info\/d\/187240-2\/DSC08243.jpg'><img src=http:\/\/ski.inmontanis.info\/d\/187239-3\/DSC08243.jpg \/><\/a><br \/>\n^ St\u00fctze 4<\/p>\n<p><a href='http:\/\/ski.inmontanis.info\/d\/187244-2\/DSC08249.jpg'><img src=http:\/\/ski.inmontanis.info\/d\/187243-3\/DSC08249.jpg \/><\/a><br \/>\n^ Kabelsalat<\/p>\n<p><a href='http:\/\/ski.inmontanis.info\/d\/187248-2\/DSC08250.jpg'><img src=http:\/\/ski.inmontanis.info\/d\/187247-3\/DSC08250.jpg \/><\/a><br \/>\n^ St\u00fctzeninneres (5)<\/p>\n<p><a href='http:\/\/ski.inmontanis.info\/d\/187252-2\/DSC08252.jpg'><img src=http:\/\/ski.inmontanis.info\/d\/187251-3\/DSC08252.jpg \/><\/a><br \/>\n^ St\u00fctze 5<\/p>\n<p><a href='http:\/\/ski.inmontanis.info\/d\/187256-2\/DSC08261.jpg'><img src=http:\/\/ski.inmontanis.info\/d\/187255-3\/DSC08261.jpg \/><\/a><br \/>\n^ St\u00fctze 6<\/p>\n<p><a href='http:\/\/ski.inmontanis.info\/d\/187260-2\/DSC08262.jpg'><img src=http:\/\/ski.inmontanis.info\/d\/187259-3\/DSC08262.jpg \/><\/a><br \/>\n^ Lt. Pistenplan d\u00fcrfte das zwar nicht die offizielle Abfahrt gewesen sein &#8211; aber fr\u00fcher standen hier ja eh kaum B\u00e4ume&#8230;<\/p>\n<p><a href='http:\/\/ski.inmontanis.info\/d\/187264-2\/DSC08266.jpg'><img src=http:\/\/ski.inmontanis.info\/d\/187263-3\/DSC08266.jpg \/><\/a><br \/>\n^ St\u00fctze 6<\/p>\n<p><a href='http:\/\/ski.inmontanis.info\/d\/187268-2\/DSC08268.jpg'><img src=http:\/\/ski.inmontanis.info\/d\/187267-3\/DSC08268.jpg \/><\/a><br \/>\n^ Schaukelseitenteile, aber am Baum montiert ?!<\/p>\n<p><a href='http:\/\/ski.inmontanis.info\/d\/187272-2\/DSC08270.jpg'><img src=http:\/\/ski.inmontanis.info\/d\/187271-3\/DSC08270.jpg \/><\/a><br \/>\n^ Wer findet die St\u00fctze 7<\/p>\n<p><a href='http:\/\/ski.inmontanis.info\/d\/187276-2\/DSC08271.jpg'><img src=http:\/\/ski.inmontanis.info\/d\/187275-3\/DSC08271.jpg \/><\/a><br \/>\n^ St\u00fctze 8 und Bergstation<\/p>\n<p><a href='http:\/\/ski.inmontanis.info\/d\/187280-2\/DSC08274.jpg'><img src=http:\/\/ski.inmontanis.info\/d\/187279-3\/DSC08274.jpg \/><\/a><br \/>\n^ Schaukel<\/p>\n<p><a href='http:\/\/ski.inmontanis.info\/d\/187284-2\/DSC08275.jpg'><img src=http:\/\/ski.inmontanis.info\/d\/187283-3\/DSC08275.jpg \/><\/a><br \/>\n^ Schaukel und evtl. ein Sessel der ersten Sesselliftgeneration (siehe zum Vergleich das alte Foto ganz unten)<\/p>\n<p><a href='http:\/\/ski.inmontanis.info\/d\/187288-2\/DSC08279.jpg'><img src=http:\/\/ski.inmontanis.info\/d\/187287-3\/DSC08279.jpg \/><\/a><br \/>\n^ Ehemaliges Schwimmbecken<\/p>\n<p><a href='http:\/\/ski.inmontanis.info\/d\/187292-2\/DSC08281.jpg'><img src=http:\/\/ski.inmontanis.info\/d\/187291-3\/DSC08281.jpg \/><\/a><br \/>\n^ Schwimmbecken<\/p>\n<p><a href='http:\/\/ski.inmontanis.info\/d\/187296-2\/DSC08283.jpg'><img src=http:\/\/ski.inmontanis.info\/d\/187295-3\/DSC08283.jpg \/><\/a><br \/>\n^ .. und der Sprungturm. Rechts dahinter das ehemalige Chalet<\/p>\n<p><a href='http:\/\/ski.inmontanis.info\/d\/187300-2\/DSC08284.jpg'><img src=http:\/\/ski.inmontanis.info\/d\/187299-3\/DSC08284.jpg \/><\/a><br \/>\n^ Ehemaliges Chalet di Col Contras, dar\u00fcber die Sessellift-Bergstation<\/p>\n<p><a href='http:\/\/ski.inmontanis.info\/d\/187304-2\/DSC08287.jpg'><img src=http:\/\/ski.inmontanis.info\/d\/187303-3\/DSC08287.jpg \/><\/a><br \/>\n^ Toiletten. Das war bei meinem letzten Besuch alles noch etwas weniger zerst\u00f6rt :-(<\/p>\n<p>2007:<br \/>\n<a href='http:\/\/ski.inmontanis.info\/d\/30585-2\/P1140536.jpg'><img src=http:\/\/ski.inmontanis.info\/d\/30585-2\/P1140536.jpg \/><\/a><br \/>\n^ 2007<\/p>\n<p><a href='http:\/\/ski.inmontanis.info\/d\/187308-2\/DSC08288.jpg'><img src=http:\/\/ski.inmontanis.info\/d\/187307-3\/DSC08288.jpg \/><\/a><br \/>\n^ ESL-Bergstation<\/p>\n<p><a href='http:\/\/ski.inmontanis.info\/d\/187312-2\/DSC08291.jpg'><img src=http:\/\/ski.inmontanis.info\/d\/187311-3\/DSC08291.jpg \/><\/a><br \/>\n^ St\u00fctze 8 und ESL-Trasse von Bergstation<\/p>\n<p><a href='http:\/\/ski.inmontanis.info\/d\/187316-2\/DSC08292.jpg'><img src=http:\/\/ski.inmontanis.info\/d\/187315-3\/DSC08292.jpg \/><\/a><br \/>\n^ Bergstation<\/p>\n<p><a href='http:\/\/ski.inmontanis.info\/d\/187320-2\/DSC08294.jpg'><img src=http:\/\/ski.inmontanis.info\/d\/187319-3\/DSC08294.jpg \/><\/a><br \/>\n^ Bergstation<\/p>\n<p><a href='http:\/\/ski.inmontanis.info\/d\/187324-2\/DSC08303.jpg'><img src=http:\/\/ski.inmontanis.info\/d\/187323-3\/DSC08303.jpg \/><\/a><br \/>\n^ Bergstation<\/p>\n<p><a href='http:\/\/ski.inmontanis.info\/d\/187328-2\/DSC08307.jpg'><img src=http:\/\/ski.inmontanis.info\/d\/187327-3\/DSC08307.jpg \/><\/a><br \/>\n^ Bergstation<\/p>\n<p><a href='http:\/\/ski.inmontanis.info\/d\/187332-2\/DSC08308.jpg'><img src=http:\/\/ski.inmontanis.info\/d\/187331-3\/DSC08308.jpg \/><\/a><br \/>\n^ Bergstation und Uscita &#8211; Bemalung<\/p>\n<p><a href='http:\/\/ski.inmontanis.info\/d\/187336-2\/DSC08312.jpg'><img src=http:\/\/ski.inmontanis.info\/d\/187335-3\/DSC08312.jpg \/><\/a><br \/>\n^ Bergstation<\/p>\n<p><a href='http:\/\/ski.inmontanis.info\/d\/187340-2\/DSC08314.jpg'><img src=http:\/\/ski.inmontanis.info\/d\/187339-3\/DSC08314.jpg \/><\/a><br \/>\n^ St\u00fctze 8<\/p>\n<p><a href='http:\/\/ski.inmontanis.info\/d\/187344-2\/DSC08327.jpg'><img src=http:\/\/ski.inmontanis.info\/d\/187343-3\/DSC08327.jpg \/><\/a><br \/>\n^ Nicht nur die Doppelst\u00fctze 3, sondern auch die St\u00fctze 7 hat ein interessantes Baumwachstum &#8211; abgesehen davon, dass der Baum mittlerweile mehr als doppelt so hoch wie die St\u00fctze ist &#8230;<\/p>\n<p>(Und jetzt nochmal ^das^ Bild genau anschauen &#8211; jetzt die St\u00fctze gefunden?)<\/p>\n<p><a href='http:\/\/ski.inmontanis.info\/d\/187348-2\/DSC08329.jpg'><img src=http:\/\/ski.inmontanis.info\/d\/187347-3\/DSC08329.jpg \/><\/a><br \/>\n^ &#8230; geht der Baum auch quer durch die St\u00fctze 7.<\/p>\n<p><a href='http:\/\/ski.inmontanis.info\/d\/187352-2\/DSC08332.jpg'><img src=http:\/\/ski.inmontanis.info\/d\/187351-3\/DSC08332.jpg \/><\/a><br \/>\n^ St\u00fctze 7 &#8211; Baum. H\u00e4tte ja auch drumrumwachsen k\u00f6nnen :)<\/p>\n<p><a href='http:\/\/ski.inmontanis.info\/d\/187356-2\/DSC08336.jpg'><img src=http:\/\/ski.inmontanis.info\/d\/187355-3\/DSC08336.jpg \/><\/a><br \/>\n^ St\u00fctze 7 und gequetschter Baum<\/p>\n<p><a href='http:\/\/ski.inmontanis.info\/d\/187360-2\/DSC08345.jpg'><img src=http:\/\/ski.inmontanis.info\/d\/187359-3\/DSC08345.jpg \/><\/a><br \/>\n^ Im Inneren der St\u00fctze kann man zwar aufsteigen, kommt dann aber auch nicht mehr wirklich raus &#8230;<\/p>\n<p><a href='http:\/\/ski.inmontanis.info\/d\/187364-2\/DSC08352.jpg'><img src=http:\/\/ski.inmontanis.info\/d\/187363-3\/DSC08352.jpg \/><\/a><br \/>\n^ Bergstation<\/p>\n<p><a href='http:\/\/ski.inmontanis.info\/d\/187368-2\/DSC08355.jpg'><img src=http:\/\/ski.inmontanis.info\/d\/187367-3\/DSC08355.jpg \/><\/a><br \/>\n^ Ehemalige Verbindungsabfahrt zu den SL<\/p>\n<p><a href='http:\/\/ski.inmontanis.info\/d\/187372-2\/DSC08358.jpg'><img src=http:\/\/ski.inmontanis.info\/d\/187371-3\/DSC08358.jpg \/><\/a><br \/>\n^ Ex-SL (der untere)<\/p>\n<p><a href='http:\/\/ski.inmontanis.info\/d\/187376-2\/DSC08361.jpg'><img src=http:\/\/ski.inmontanis.info\/d\/187375-3\/DSC08361.jpg \/><\/a><br \/>\n^ Links eine der Abfahrten, rechts die Schneise des oberen SL<\/p>\n<p><a href='http:\/\/ski.inmontanis.info\/d\/187380-2\/DSC08365.jpg'><img src=http:\/\/ski.inmontanis.info\/d\/187379-3\/DSC08365.jpg \/><\/a><br \/>\n^ Lifftrasse des oberen SL<\/p>\n<p><img src=http:\/\/ski.inmontanis.info\/d\/187383-2\/f_Pievedicadore_plan.jpg \/><br \/>\n^ Alter Pistenplan (irgendwann mal im Netz gefunden, keine Ahnung mehr wo). Es soll wohl auch noch eine Abfahrt vom ESL oder SL runter nach Tai gegeben haben.<\/p>\n<p><a href='http:\/\/ski.inmontanis.info\/d\/187387-2\/ge_pieve.jpg'><img src=http:\/\/ski.inmontanis.info\/d\/187386-3\/ge_pieve.jpg \/><\/a><br \/>\n^ Sat-Bild mit den eingezeichneten Liften. Den stillgelegten Lift links direkt an der Stra\u00dfe haben wir beim Vorbeifahren leider nicht bemerkt. Ansonsten empfehle ich jedem mal, GE zu \u00f6ffnen und Talstation und Bergstation des ESL zu finden :) Nahezu unm\u00f6glich, zumindest bei den momentanen GE-Bildern.<\/p>\n<p>Wir entschieden uns also, die Stra\u00dfe zu nehmen und hofften auf Abzweigungsm\u00f6glichkeiten, von denen es dann &#8211; auch aufgrund der Dunkelheit &#8211; doch keine sinnvollen gab. Daf\u00fcr trafen wir zwei Einheimsiche, die Kris etwas nach der Geschichte der Lifte ausquetschte. Der ESL soll wohl in den 80ern stillgelegt worden sein, die SL etwas sp\u00e4ter. Und wenn ich das richtig verstanden habe, werden die Pisten am oberen SL aktuell im Winter hin und wieder pr\u00e4pariert, f\u00fcr die Skitourengeher. <\/p>\n<p>Der Abstieg auf dem harten Asfalt war f\u00fcr meine Knie dann gar nicht angenehm &#8211; aber mit dem Bergm\u00f6nch auf dem R\u00fccken h\u00e4tte ich mich zuvor auch nicht durch den Wald k\u00e4mpfen k\u00f6nnen. Naja. Bis wir unten im Ort waren, war es Nacht und wir a\u00dfen noch eine Pizza, danach fing es zu regnen an und auf dem Heimweg hatten wir alsbald teils echt krasse Regeng\u00fcsse. Was f\u00fcr ein Gl\u00fcck, dass wir die nicht schon am Berg hatten. Bis wir aber wieder in Innsbruck waren, war es mal wieder nach 23 Uhr &#8230;<\/p>\n<p>Im Zuge der Nacharbeiten bin ich noch auf einige interessante, alte Fotos gesto\u00dfen:<\/p>\n<p>Das Schwimmbecken oben an der Bergstation:<br \/>\n<a href='http:\/\/commons.wikimedia.org\/wiki\/File:BL-Pieve-di-Cadore-1958-la-pisicna-seggiovia-Chalet-di-Col-Contras-m1200.jpg'>http:\/\/commons.wikimedia.org\/wiki\/File:BL-Pieve-di-Cadore-1958-la-pisicna-seggiovia-Chalet-di-Col-Contras-m1200.jpg<\/a><\/p>\n<p><a href='http:\/\/images.delcampe.com\/img_large\/auction\/000\/061\/548\/198_001.jpg'>http:\/\/images.delcampe.com\/img_large\/auction\/000\/061\/548\/198_001.jpg<\/a><\/p>\n<p>Das Chalet an der Bergstation:<br \/>\n<a href='http:\/\/images-00.delcampe-static.net\/img_large\/auction\/000\/185\/349\/458_001.jpg'>http:\/\/images-00.delcampe-static.net\/img_large\/auction\/000\/185\/349\/458_001.jpg<\/a><\/p>\n<p>Der ESL in Betrieb:<br \/>\n<a href='http:\/\/images-00.delcampe-static.net\/img_large\/auction\/000\/254\/146\/931_001.jpg'>http:\/\/images-00.delcampe-static.net\/img_large\/auction\/000\/254\/146\/931_001.jpg<\/a><\/p>\n<p>Das Skigebiet oben mit den SL:<br \/>\n<a href='http:\/\/images-00.delcampe-static.net\/img_large\/auction\/000\/207\/520\/550_001.jpg'>http:\/\/images-00.delcampe-static.net\/img_large\/auction\/000\/207\/520\/550_001.jpg<\/a><\/p>\n<p>Videos vom Skigebiet mit dem SL, 1990-91:<br \/>\n<a href='http:\/\/www.youtube.com\/watch?v=Z5VkqY8iMyg'>http:\/\/www.youtube.com\/watch?v=Z5VkqY8iMyg<\/a><\/p>\n<p><a href='http:\/\/www.youtube.com\/watch?v=OykW6TzcJgQ'>http:\/\/www.youtube.com\/watch?v=OykW6TzcJgQ<\/a><\/p>\n<p>.. und vielleicht das Interessanteste: Der von mir abgelichtete ESL ist die 2. Generation, es gab schon einen ESL vorher, mit interessanten Holzst\u00fctzen:<\/p>\n<p><a href='http:\/\/www.funivie.org\/funigallery\/albums\/userpics\/pievedicadorecolcontras.JPG'>http:\/\/www.funivie.org\/funigallery\/albums\/userpics\/pievedicadorecolcontras.JPG<\/a><\/p>\n<p>Die Bergstation der ersten Generation, hier sogar noch ohne Dach:<br \/>\n<a href='http:\/\/images-01.delcampe-static.net\/img_large\/auction\/000\/207\/250\/359_001.jpg'>http:\/\/images-01.delcampe-static.net\/img_large\/auction\/000\/207\/250\/359_001.jpg<\/a><\/p>\n<p>Fazit: Der Gondellift in Cortina und dann diese LSAP-Begehung &#8211; das war wieder einmal ein genialer Tag.<\/p>\n","protected":false},"excerpt":{"rendered":"<p>Als Nachmittagsprogramm nach dem Staunies-Gondellift in Cortina hatte ich einige Ideen. ESL\/Korblift in Vellau, weil letztes Jahr ausgelassen und weil Wetter f\u00fcr heute Nachmittag dort besser gemeldet war. Aber halt weit weg und mittlerweile waren wir eh zu sp\u00e4t dran.<\/p>\n<p>Au\u00dferdem wollte ich mal wieder nach Pieve di Cadore sehen, ob die \u00dcberreste des ESL <a href=\"http:\/\/blog.inmontanis.info\/?p=2861\">[&#8230;]<\/a><\/p>\n","protected":false},"author":1,"featured_media":0,"comment_status":"closed","ping_status":"closed","sticky":false,"template":"","format":"standard","meta":{"footnotes":""},"categories":[24,15,59,460,32,30],"tags":[35],"class_list":["post-2861","post","type-post","status-publish","format-standard","hentry","category-tagestour","category-italienitaly","category-nostalgie","category-pieve-di-cadore","category-lostplaces","category-wandern","tag-esl","odd"],"_links":{"self":[{"href":"http:\/\/blog.inmontanis.info\/index.php?rest_route=\/wp\/v2\/posts\/2861","targetHints":{"allow":["GET"]}}],"collection":[{"href":"http:\/\/blog.inmontanis.info\/index.php?rest_route=\/wp\/v2\/posts"}],"about":[{"href":"http:\/\/blog.inmontanis.info\/index.php?rest_route=\/wp\/v2\/types\/post"}],"author":[{"embeddable":true,"href":"http:\/\/blog.inmontanis.info\/index.php?rest_route=\/wp\/v2\/users\/1"}],"replies":[{"embeddable":true,"href":"http:\/\/blog.inmontanis.info\/index.php?rest_route=%2Fwp%2Fv2%2Fcomments&post=2861"}],"version-history":[{"count":4,"href":"http:\/\/blog.inmontanis.info\/index.php?rest_route=\/wp\/v2\/posts\/2861\/revisions"}],"predecessor-version":[{"id":2865,"href":"http:\/\/blog.inmontanis.info\/index.php?rest_route=\/wp\/v2\/posts\/2861\/revisions\/2865"}],"wp:attachment":[{"href":"http:\/\/blog.inmontanis.info\/index.php?rest_route=%2Fwp%2Fv2%2Fmedia&parent=2861"}],"wp:term":[{"taxonomy":"category","embeddable":true,"href":"http:\/\/blog.inmontanis.info\/index.php?rest_route=%2Fwp%2Fv2%2Fcategories&post=2861"},{"taxonomy":"post_tag","embeddable":true,"href":"http:\/\/blog.inmontanis.info\/index.php?rest_route=%2Fwp%2Fv2%2Ftags&post=2861"}],"curies":[{"name":"wp","href":"https:\/\/api.w.org\/{rel}","templated":true}]}}