{"id":2858,"date":"2014-09-21T14:00:21","date_gmt":"2014-09-21T12:00:21","guid":{"rendered":"http:\/\/blog.inmontanis.info\/?p=2858"},"modified":"2014-10-19T22:51:40","modified_gmt":"2014-10-19T20:51:40","slug":"cortina-staunies-gondellift-21-9-2014","status":"publish","type":"post","link":"http:\/\/blog.inmontanis.info\/?p=2858","title":{"rendered":"Cortina, Staunies-Gondellift, 21.9.2014"},"content":{"rendered":"<p>Vor einigen Jahren hatte ich mir ja vorgenommen, den Cristallo-Gondellift in Cortina ab sofort j\u00e4hrlich zu fahren, so lange er noch steht. Nachdem f\u00fcr heuer bereits der Neubau geplant und mir der aktuelle Status unbekannt war, ging&#8217;s am letzten Betriebstag, 21.9., wieder hin.<\/p>\n<p>Am Tag vorher kurz Kris gefragt, ob er mitwill -> ja, er kam mit. Kurz vor 10 Uhr waren wir an den Talstationen, es war noch super sonnig, was sich sp\u00e4ter allerdings etwas \u00e4ndern sollte (dennoch blieb es auch abends l\u00e4nger trocken als teilweise gemeldet). <\/p>\n<p>Auch wenn ich in den letzten Jahren schon massig Fotos gemacht und Online gestellt hab &#8211; konnte ich mich wieder nicht bremsen, 88 Fotos folgen sogleich. Es ist einfach momentan einer der sch\u00f6nsten Lifte, den es in Europa gibt.<\/p>\n<p>Nach einer ausgiebigen Fotosession um die Talstation fuhren wir hinauf, mussten aber beide wiederholt feststellen, dass die Liftbediensteten hier nicht besonders scharf auf (Nostalgie-) Seilbahnfans sind. Informationen, so sie \u00fcberhaupt eine Ahnung haben, muss man ihnen aus der Nase rausziehen, da hatte selbst Kris keine Chance. Der &#8220;Coolness-Faktor&#8221; der Mitarbeiter zwischen Fedaia-Korblift und Staunies-Gondellift ist 100:0<\/p>\n<p>Wenigstens haben wir erfahren, dass der Gondellift auch n\u00e4chsten Sommer noch in Betrieb sein wird. Wenn das mal keine gute Nachricht ist!<\/p>\n<p>Kris wollte oben noch zum ehemaligen Sommerskigebiet absteigen, allerdings war mir das alles zu heftig mittlerweile, und er kam dann auch nicht wirklich weiter. Zudem lag noch viel Altschnee, was f\u00fcr ein Restesuchen eh suboptimal war.<\/p>\n<p>Fotos, anklicken zum Vergr\u00f6\u00dfern:<\/p>\n<p><a href='http:\/\/ski.inmontanis.info\/d\/186616-2\/DSC07849.jpg'><img src=http:\/\/ski.inmontanis.info\/d\/186615-3\/DSC07849.jpg \/><\/a><br \/>\n^ Sch\u00f6nes Gem\u00e4lde<\/p>\n<p><a href='http:\/\/ski.inmontanis.info\/d\/186620-2\/DSC07851.jpg'><img src=http:\/\/ski.inmontanis.info\/d\/186619-3\/DSC07851.jpg \/><\/a><br \/>\n^ 4KSB<\/p>\n<p><a href='http:\/\/ski.inmontanis.info\/d\/186624-2\/DSC07852.jpg'><img src=http:\/\/ski.inmontanis.info\/d\/186623-3\/DSC07852.jpg \/><\/a><br \/>\n^ Alte Liftfundamente?<\/p>\n<p><a href='http:\/\/ski.inmontanis.info\/d\/186628-2\/DSC07856.jpg'><img src=http:\/\/ski.inmontanis.info\/d\/186627-3\/DSC07856.jpg \/><\/a><br \/>\n^ Der Gondellift mit seinen sch\u00f6nen Farben<\/p>\n<p><a href='http:\/\/ski.inmontanis.info\/d\/186632-2\/DSC07867.jpg'><img src=http:\/\/ski.inmontanis.info\/d\/186631-3\/DSC07867.jpg \/><\/a><br \/>\n^ War mit roten Rollen bis vor wenigen Jahren auch sch\u00f6ner &#8211; aber immerhin gibt&#8217;s noch ein paar.<\/p>\n<p><a href='http:\/\/ski.inmontanis.info\/d\/186636-2\/DSC07868.jpg'><img src=http:\/\/ski.inmontanis.info\/d\/186635-3\/DSC07868.jpg \/><\/a><br \/>\n^ <\/p>\n<p><a href='http:\/\/ski.inmontanis.info\/d\/186640-2\/DSC07871.jpg'><img src=http:\/\/ski.inmontanis.info\/d\/186639-3\/DSC07871.jpg \/><\/a><br \/>\n^ <\/p>\n<p><a href='http:\/\/ski.inmontanis.info\/d\/186644-2\/DSC07873.jpg'><img src=http:\/\/ski.inmontanis.info\/d\/186643-3\/DSC07873.jpg \/><\/a><br \/>\n^ <\/p>\n<p><a href='http:\/\/ski.inmontanis.info\/d\/186648-2\/DSC07882.jpg'><img src=http:\/\/ski.inmontanis.info\/d\/186647-3\/DSC07882.jpg \/><\/a><br \/>\n^ <\/p>\n<p><a href='http:\/\/ski.inmontanis.info\/d\/186652-2\/DSC07883.jpg'><img src=http:\/\/ski.inmontanis.info\/d\/186651-3\/DSC07883.jpg \/><\/a><br \/>\n^ <\/p>\n<p><a href='http:\/\/ski.inmontanis.info\/d\/186656-2\/DSC07885.jpg'><img src=http:\/\/ski.inmontanis.info\/d\/186655-3\/DSC07885.jpg \/><\/a><br \/>\n^ <\/p>\n<p><a href='http:\/\/ski.inmontanis.info\/d\/186660-2\/DSC07886.jpg'><img src=http:\/\/ski.inmontanis.info\/d\/186659-3\/DSC07886.jpg \/><\/a><br \/>\n^ <\/p>\n<p><a href='http:\/\/ski.inmontanis.info\/d\/186664-2\/DSC07890.jpg'><img src=http:\/\/ski.inmontanis.info\/d\/186663-3\/DSC07890.jpg \/><\/a><br \/>\n^ <\/p>\n<p><a href='http:\/\/ski.inmontanis.info\/d\/186668-2\/DSC07892.jpg'><img src=http:\/\/ski.inmontanis.info\/d\/186667-3\/DSC07892.jpg \/><\/a><br \/>\n^ <\/p>\n<p><a href='http:\/\/ski.inmontanis.info\/d\/186672-2\/DSC07902.jpg'><img src=http:\/\/ski.inmontanis.info\/d\/186671-3\/DSC07902.jpg \/><\/a><br \/>\n^ <\/p>\n<p><a href='http:\/\/ski.inmontanis.info\/d\/186676-2\/DSC07905.jpg'><img src=http:\/\/ski.inmontanis.info\/d\/186675-3\/DSC07905.jpg \/><\/a><br \/>\n^ <\/p>\n<p><a href='http:\/\/ski.inmontanis.info\/d\/186680-2\/DSC07907.jpg'><img src=http:\/\/ski.inmontanis.info\/d\/186679-3\/DSC07907.jpg \/><\/a><br \/>\n^ <\/p>\n<p><a href='http:\/\/ski.inmontanis.info\/d\/186684-2\/DSC07911.jpg'><img src=http:\/\/ski.inmontanis.info\/d\/186683-3\/DSC07911.jpg \/><\/a><br \/>\n^ <\/p>\n<p><a href='http:\/\/ski.inmontanis.info\/d\/186688-2\/DSC07914.jpg'><img src=http:\/\/ski.inmontanis.info\/d\/186687-3\/DSC07914.jpg \/><\/a><br \/>\n^ <\/p>\n<p><a href='http:\/\/ski.inmontanis.info\/d\/186692-2\/DSC07915.jpg'><img src=http:\/\/ski.inmontanis.info\/d\/186691-3\/DSC07915.jpg \/><\/a><br \/>\n^ <\/p>\n<p><a href='http:\/\/ski.inmontanis.info\/d\/186696-2\/DSC07916.jpg'><img src=http:\/\/ski.inmontanis.info\/d\/186695-3\/DSC07916.jpg \/><\/a><br \/>\n^ <\/p>\n<p><a href='http:\/\/ski.inmontanis.info\/d\/186700-2\/DSC07917.jpg'><img src=http:\/\/ski.inmontanis.info\/d\/186699-3\/DSC07917.jpg \/><\/a><br \/>\n^ <\/p>\n<p><a href='http:\/\/ski.inmontanis.info\/d\/186704-2\/DSC07920.jpg'><img src=http:\/\/ski.inmontanis.info\/d\/186703-3\/DSC07920.jpg \/><\/a><br \/>\n^ <\/p>\n<p><a href='http:\/\/ski.inmontanis.info\/d\/186708-2\/DSC07923.jpg'><img src=http:\/\/ski.inmontanis.info\/d\/186707-3\/DSC07923.jpg \/><\/a><br \/>\n^ <\/p>\n<p><a href='http:\/\/ski.inmontanis.info\/d\/186712-2\/DSC07926.jpg'><img src=http:\/\/ski.inmontanis.info\/d\/186711-3\/DSC07926.jpg \/><\/a><br \/>\n^ <\/p>\n<p><a href='http:\/\/ski.inmontanis.info\/d\/186716-2\/DSC07928.jpg'><img src=http:\/\/ski.inmontanis.info\/d\/186715-3\/DSC07928.jpg \/><\/a><br \/>\n^ <\/p>\n<p><a href='http:\/\/ski.inmontanis.info\/d\/186720-2\/DSC07930.jpg'><img src=http:\/\/ski.inmontanis.info\/d\/186719-3\/DSC07930.jpg \/><\/a><br \/>\n^ Die Schneekanonen wurden f\u00fcr den Winter fit gemacht<\/p>\n<p><a href='http:\/\/ski.inmontanis.info\/d\/186724-2\/DSC07934.jpg'><img src=http:\/\/ski.inmontanis.info\/d\/186723-3\/DSC07934.jpg \/><\/a><br \/>\n^ Komplette Strecke<\/p>\n<p><a href='http:\/\/ski.inmontanis.info\/d\/186728-2\/DSC07936.jpg'><img src=http:\/\/ski.inmontanis.info\/d\/186727-3\/DSC07936.jpg \/><\/a><br \/>\n^ <\/p>\n<p><a href='http:\/\/ski.inmontanis.info\/d\/186732-2\/DSC07937.jpg'><img src=http:\/\/ski.inmontanis.info\/d\/186731-3\/DSC07937.jpg \/><\/a><br \/>\n^ Wof\u00fcr wohl der klappbare Schlitten (Rodel) oben an der Decke gut sein mag?<\/p>\n<p><a href='http:\/\/ski.inmontanis.info\/d\/186736-2\/DSC07938.jpg'><img src=http:\/\/ski.inmontanis.info\/d\/186735-3\/DSC07938.jpg \/><\/a><br \/>\n^ <\/p>\n<p><a href='http:\/\/ski.inmontanis.info\/d\/186740-2\/DSC07944.jpg'><img src=http:\/\/ski.inmontanis.info\/d\/186739-3\/DSC07944.jpg \/><\/a><br \/>\n^ <\/p>\n<p><a href='http:\/\/ski.inmontanis.info\/d\/186744-2\/DSC07947.jpg'><img src=http:\/\/ski.inmontanis.info\/d\/186743-3\/DSC07947.jpg \/><\/a><br \/>\n^ <\/p>\n<p><a href='http:\/\/ski.inmontanis.info\/d\/186748-2\/DSC07949.jpg'><img src=http:\/\/ski.inmontanis.info\/d\/186747-3\/DSC07949.jpg \/><\/a><br \/>\n^ <\/p>\n<p><a href='http:\/\/ski.inmontanis.info\/d\/186752-2\/DSC07961.jpg'><img src=http:\/\/ski.inmontanis.info\/d\/186751-3\/DSC07961.jpg \/><\/a><br \/>\n^ <\/p>\n<p><a href='http:\/\/ski.inmontanis.info\/d\/186756-2\/DSC07962.jpg'><img src=http:\/\/ski.inmontanis.info\/d\/186755-3\/DSC07962.jpg \/><\/a><br \/>\n^ <\/p>\n<p><a href='http:\/\/ski.inmontanis.info\/d\/186760-2\/DSC07963.jpg'><img src=http:\/\/ski.inmontanis.info\/d\/186759-3\/DSC07963.jpg \/><\/a><br \/>\n^ <\/p>\n<p><a href='http:\/\/ski.inmontanis.info\/d\/186764-2\/DSC07964.jpg'><img src=http:\/\/ski.inmontanis.info\/d\/186763-3\/DSC07964.jpg \/><\/a><br \/>\n^ <\/p>\n<p><a href='http:\/\/ski.inmontanis.info\/d\/186768-2\/DSC07966.jpg'><img src=http:\/\/ski.inmontanis.info\/d\/186767-3\/DSC07966.jpg \/><\/a><br \/>\n^ <\/p>\n<p><a href='http:\/\/ski.inmontanis.info\/d\/186772-2\/DSC07968.jpg'><img src=http:\/\/ski.inmontanis.info\/d\/186771-3\/DSC07968.jpg \/><\/a><br \/>\n^ <\/p>\n<p><a href='http:\/\/ski.inmontanis.info\/d\/186776-2\/DSC07970.jpg'><img src=http:\/\/ski.inmontanis.info\/d\/186775-3\/DSC07970.jpg \/><\/a><br \/>\n^ <\/p>\n<p><a href='http:\/\/ski.inmontanis.info\/d\/186780-2\/DSC07973.jpg'><img src=http:\/\/ski.inmontanis.info\/d\/186779-3\/DSC07973.jpg \/><\/a><br \/>\n^ Gibt einige gro\u00dfe Schneefelder, die den Sommer heuer \u00fcberlebt haben.<\/p>\n<p><a href='http:\/\/ski.inmontanis.info\/d\/186784-2\/DSC07975.jpg'><img src=http:\/\/ski.inmontanis.info\/d\/186783-3\/DSC07975.jpg \/><\/a><br \/>\n^ Mittelstation (nur im Winter)<\/p>\n<p><a href='http:\/\/ski.inmontanis.info\/d\/186788-2\/DSC07977.jpg'><img src=http:\/\/ski.inmontanis.info\/d\/186787-3\/DSC07977.jpg \/><\/a><br \/>\n^ Mittelstation<\/p>\n<p><a href='http:\/\/ski.inmontanis.info\/d\/186792-2\/DSC07982.jpg'><img src=http:\/\/ski.inmontanis.info\/d\/186791-3\/DSC07982.jpg \/><\/a><br \/>\n^ Mittelstation<\/p>\n<p><a href='http:\/\/ski.inmontanis.info\/d\/186796-2\/DSC07986.jpg'><img src=http:\/\/ski.inmontanis.info\/d\/186795-3\/DSC07986.jpg \/><\/a><br \/>\n^ <\/p>\n<p><a href='http:\/\/ski.inmontanis.info\/d\/186800-2\/DSC07988.jpg'><img src=http:\/\/ski.inmontanis.info\/d\/186799-3\/DSC07988.jpg \/><\/a><br \/>\n^ Alte Graffer-Korbliftst\u00fctze<\/p>\n<p><a href='http:\/\/ski.inmontanis.info\/d\/186804-2\/DSC07994.jpg'><img src=http:\/\/ski.inmontanis.info\/d\/186803-3\/DSC07994.jpg \/><\/a><br \/>\n^ Schneefelder<\/p>\n<p><a href='http:\/\/ski.inmontanis.info\/d\/186808-2\/DSC07995.jpg'><img src=http:\/\/ski.inmontanis.info\/d\/186807-3\/DSC07995.jpg \/><\/a><br \/>\n^ <\/p>\n<p><a href='http:\/\/ski.inmontanis.info\/d\/186812-2\/DSC08004.jpg'><img src=http:\/\/ski.inmontanis.info\/d\/186811-3\/DSC08004.jpg \/><\/a><br \/>\n^ <\/p>\n<p><a href='http:\/\/ski.inmontanis.info\/d\/186816-2\/DSC08006.jpg'><img src=http:\/\/ski.inmontanis.info\/d\/186815-3\/DSC08006.jpg \/><\/a><br \/>\n^ <\/p>\n<p><a href='http:\/\/ski.inmontanis.info\/d\/186820-2\/DSC08008.jpg'><img src=http:\/\/ski.inmontanis.info\/d\/186819-3\/DSC08008.jpg \/><\/a><br \/>\n^ Leitner hat die Mehrfach-St\u00fctzen nicht einzeln durchnummeriert, in Wirklichkeit hat der Lift wesentlich mehr als 15 St\u00fctzen.<\/p>\n<p><a href='http:\/\/ski.inmontanis.info\/d\/186824-2\/DSC08009.jpg'><img src=http:\/\/ski.inmontanis.info\/d\/186823-3\/DSC08009.jpg \/><\/a><br \/>\n^ Unterschiedliche Rollengr\u00f6\u00dfen an der Bergstation<\/p>\n<p><a href='http:\/\/ski.inmontanis.info\/d\/186828-2\/DSC08011.jpg'><img src=http:\/\/ski.inmontanis.info\/d\/186827-3\/DSC08011.jpg \/><\/a><br \/>\n^ Schaltschrank<\/p>\n<p><a href='http:\/\/ski.inmontanis.info\/d\/186832-2\/DSC08013.jpg'><img src=http:\/\/ski.inmontanis.info\/d\/186831-3\/DSC08013.jpg \/><\/a><br \/>\n^ Nord-Rinne<\/p>\n<p><a href='http:\/\/ski.inmontanis.info\/d\/186836-2\/DSC08014.jpg'><img src=http:\/\/ski.inmontanis.info\/d\/186835-3\/DSC08014.jpg \/><\/a><br \/>\n^ Abspannung der Seilwinde neben dem Korblift<\/p>\n<p><a href='http:\/\/ski.inmontanis.info\/d\/186840-2\/DSC08015.jpg'><img src=http:\/\/ski.inmontanis.info\/d\/186839-3\/DSC08015.jpg \/><\/a><br \/>\n^ Zugangs-Schild<\/p>\n<p><a href='http:\/\/ski.inmontanis.info\/d\/186844-2\/DSC08018.jpg'><img src=http:\/\/ski.inmontanis.info\/d\/186843-3\/DSC08018.jpg \/><\/a><br \/>\n^ Sch\u00f6ne Holzschilder<\/p>\n<p><a href='http:\/\/ski.inmontanis.info\/d\/186848-2\/DSC08021.jpg'><img src=http:\/\/ski.inmontanis.info\/d\/186847-3\/DSC08021.jpg \/><\/a><br \/>\n^ Technik im OG<\/p>\n<p><a href='http:\/\/ski.inmontanis.info\/d\/186852-2\/DSC08022.jpg'><img src=http:\/\/ski.inmontanis.info\/d\/186851-3\/DSC08022.jpg \/><\/a><br \/>\n^ Technik im OG<\/p>\n<p><a href='http:\/\/ski.inmontanis.info\/d\/186856-2\/DSC08024.jpg'><img src=http:\/\/ski.inmontanis.info\/d\/186855-3\/DSC08024.jpg \/><\/a><br \/>\n^ Technik im OG<\/p>\n<p><a href='http:\/\/ski.inmontanis.info\/d\/186860-2\/DSC08027.jpg'><img src=http:\/\/ski.inmontanis.info\/d\/186859-3\/DSC08027.jpg \/><\/a><br \/>\n^ Ein Bergsteiger auf dem Gipfel<\/p>\n<p><a href='http:\/\/ski.inmontanis.info\/d\/186864-2\/DSC08037.jpg'><img src=http:\/\/ski.inmontanis.info\/d\/186863-3\/DSC08037.jpg \/><\/a><br \/>\n^ Ehemaliger Abstieg zum Sommerskigebiet<\/p>\n<p><a href='http:\/\/ski.inmontanis.info\/d\/186868-2\/DSC08047.jpg'><img src=http:\/\/ski.inmontanis.info\/d\/186867-3\/DSC08047.jpg \/><\/a><br \/>\n^ Bergstation und Rifugio<\/p>\n<p><a href='http:\/\/ski.inmontanis.info\/d\/186872-2\/DSC08053.jpg'><img src=http:\/\/ski.inmontanis.info\/d\/186871-3\/DSC08053.jpg \/><\/a><br \/>\n^ Ehemaliger Abstieg zum Sommerskigebiet; Kris wollte runter gehen, allerdings war der Weg im unteren Bereich so zerst\u00f6rt, dass er nicht weiterkam. Mir war die Treppe bzw. der Schotter zu rutschig hier.<\/p>\n<p><a href='http:\/\/ski.inmontanis.info\/d\/186876-2\/DSC08055.jpg'><img src=http:\/\/ski.inmontanis.info\/d\/186875-3\/DSC08055.jpg \/><\/a><br \/>\n^ Zoom zu diversen Teilen am Gletscher<\/p>\n<p><a href='http:\/\/ski.inmontanis.info\/d\/186880-2\/DSC08040.jpg'><img src=http:\/\/ski.inmontanis.info\/d\/186879-3\/DSC08040.jpg \/><\/a><br \/>\n^ Zoom zu diversen Teilen am Gletscher<\/p>\n<p><a href='http:\/\/ski.inmontanis.info\/d\/186884-2\/DSC08058.jpg'><img src=http:\/\/ski.inmontanis.info\/d\/186883-3\/DSC08058.jpg \/><\/a><br \/>\n^ Zoom zu diversen Teilen am Gletscher; das dunkle Quadrat oben .. ?? K\u00f6nnte auch Gletschereis sein, das sich unter dem Schotter noch h\u00e4lt ??<\/p>\n<p><a href='http:\/\/ski.inmontanis.info\/d\/186888-2\/DSC08060.jpg'><img src=http:\/\/ski.inmontanis.info\/d\/186887-3\/DSC08060.jpg \/><\/a><br \/>\n^ Zoom Gletscher bzw. Restschnee<\/p>\n<p><a href='http:\/\/ski.inmontanis.info\/d\/186892-2\/DSC08059.jpg'><img src=http:\/\/ski.inmontanis.info\/d\/186891-3\/DSC08059.jpg \/><\/a><br \/>\n^ Zoom zu diversen Teilen am Gletscher; ob das Seil vorne und das Ding dahinter vom Sommerskilift war? Oder einer WK1-Kriegsfeldseilbahn? Oder weder noch?<\/p>\n<p><a href='http:\/\/ski.inmontanis.info\/d\/186896-2\/DSC08066.jpg'><img src=http:\/\/ski.inmontanis.info\/d\/186895-3\/DSC08066.jpg \/><\/a><br \/>\n^ Fast komplette Strecke<\/p>\n<p><a href='http:\/\/ski.inmontanis.info\/d\/186900-2\/DSC08068.jpg'><img src=http:\/\/ski.inmontanis.info\/d\/186899-3\/DSC08068.jpg \/><\/a><br \/>\n^ <\/p>\n<p><a href='http:\/\/ski.inmontanis.info\/d\/186904-2\/DSC08071.jpg'><img src=http:\/\/ski.inmontanis.info\/d\/186903-3\/DSC08071.jpg \/><\/a><br \/>\n^ <\/p>\n<p><a href='http:\/\/ski.inmontanis.info\/d\/186908-2\/DSC08072.jpg'><img src=http:\/\/ski.inmontanis.info\/d\/186907-3\/DSC08072.jpg \/><\/a><br \/>\n^ <\/p>\n<p><a href='http:\/\/ski.inmontanis.info\/d\/186912-2\/DSC08074.jpg'><img src=http:\/\/ski.inmontanis.info\/d\/186911-3\/DSC08074.jpg \/><\/a><br \/>\n^ Rifugio<\/p>\n<p><a href='http:\/\/ski.inmontanis.info\/d\/186916-2\/DSC08077.jpg'><img src=http:\/\/ski.inmontanis.info\/d\/186915-3\/DSC08077.jpg \/><\/a><br \/>\n^ Ost-Pano vom Rifugio<\/p>\n<p><a href='http:\/\/ski.inmontanis.info\/d\/186920-2\/DSC08079.jpg'><img src=http:\/\/ski.inmontanis.info\/d\/186919-3\/DSC08079.jpg \/><\/a><br \/>\n^ Der Unterbau der Bergstation ist immer wieder faszinierend ;-)<\/p>\n<p><a href='http:\/\/ski.inmontanis.info\/d\/186924-2\/DSC08080.jpg'><img src=http:\/\/ski.inmontanis.info\/d\/186923-3\/DSC08080.jpg \/><\/a><br \/>\n^ Der Unterbau der Bergstation ist immer wieder faszinierend ;-)<\/p>\n<p><a href='http:\/\/ski.inmontanis.info\/d\/186928-2\/DSC08084.jpg'><img src=http:\/\/ski.inmontanis.info\/d\/186927-3\/DSC08084.jpg \/><\/a><br \/>\n^ Nord-Pano<\/p>\n<p><a href='http:\/\/ski.inmontanis.info\/d\/186932-2\/DSC08082.jpg'><img src=http:\/\/ski.inmontanis.info\/d\/186931-3\/DSC08082.jpg \/><\/a><br \/>\n^ Gletscher \u00f6stlich des Rifugio<\/p>\n<p><a href='http:\/\/ski.inmontanis.info\/d\/186936-2\/DSC08087.jpg'><img src=http:\/\/ski.inmontanis.info\/d\/186935-3\/DSC08087.jpg \/><\/a><br \/>\n^ F\u00fctterung; das blaue Teil unten beinhaltet &#8230;.<\/p>\n<p><a href='http:\/\/ski.inmontanis.info\/d\/186940-2\/DSC08064.jpg'><img src=http:\/\/ski.inmontanis.info\/d\/186939-3\/DSC08064.jpg \/><\/a><br \/>\n^ 2 Seilrollen. Evtl. f\u00fcr die Seilwinde, die neben der Bergstation steht?<\/p>\n<p><a href='http:\/\/ski.inmontanis.info\/d\/186944-2\/DSC08094.jpg'><img src=http:\/\/ski.inmontanis.info\/d\/186943-3\/DSC08094.jpg \/><\/a><br \/>\n^ Bergstation<\/p>\n<p><a href='http:\/\/ski.inmontanis.info\/d\/186948-2\/DSC08101.jpg'><img src=http:\/\/ski.inmontanis.info\/d\/186947-3\/DSC08101.jpg \/><\/a><br \/>\n^ <\/p>\n<p><a href='http:\/\/ski.inmontanis.info\/d\/186952-2\/DSC08110.jpg'><img src=http:\/\/ski.inmontanis.info\/d\/186951-3\/DSC08110.jpg \/><\/a><br \/>\n^ <\/p>\n<p><a href='http:\/\/ski.inmontanis.info\/d\/186956-2\/DSC08113.jpg'><img src=http:\/\/ski.inmontanis.info\/d\/186955-3\/DSC08113.jpg \/><\/a><br \/>\n^ Blick r\u00fcber zum Tofana-Gebiet<\/p>\n<p><a href='http:\/\/ski.inmontanis.info\/d\/186960-2\/DSC08117.jpg'><img src=http:\/\/ski.inmontanis.info\/d\/186959-3\/DSC08117.jpg \/><\/a><br \/>\n^ Zoom ins Tofana-Gebiet mit Bus Tofana und Restschnee. In einer alten Karte war da oben ja irgendwo mal ein Sommerskilift eingezeichnet, aber die Abfahrt d\u00fcrfte seitdem modelliert worden sein, insofern kann man das jetzige Schneefeld nicht sicher als eventuell ehemaligen Sommerskiliftstandort ansehen?<\/p>\n<p><a href='http:\/\/ski.inmontanis.info\/d\/186964-2\/DSC08123.jpg'><img src=http:\/\/ski.inmontanis.info\/d\/186963-3\/DSC08123.jpg \/><\/a><br \/>\n^ Regen \u00fcber Cortina<\/p>\n<p>W\u00e4hrend ich mit dem Gondellift talw\u00e4rts fuhr und an der Mittelstation ein viel zu teures Salsiccia-Panino (zwischen 5,50 und 6,50 \u20ac, also teurer als am Stelvio und wesentlich kleinere Portion) a\u00df (und sp\u00e4ter noch einige Zeit wartete), ging Kris zu Fu\u00df runter. Vielleicht kann er ja noch einige Fotos, insb. von seinen Gletscherausfl\u00fcgen oben bzw. dem Streckenabgang nachreichen?<\/p>\n<p>Da wir aus Kostengr\u00fcnden (und weil letzter Saisontag) nicht im Cristallo-Gebiet a\u00dfen, hielten wir s\u00fcdlich von Cortina an einem Restaurant, wobei Kris mit seiner vegetarischen Platte wohl nicht ganz zufrieden war. Mein Schoko-Eis, das ich mit ein paar Pommes von Kris a\u00df, war aber gut. \u00dcbrigens eine empfehlenswerte Kombination, Schokoeis mit Pommes, lecker!<\/p>\n<p>Nachmittags hielten wir noch an den ehemaligen ESL in San Vito di Cadore und Pieve di Cadore &#8211; aber diese Fortsetzung gibt&#8217;s in einem eigenen Bericht.<\/p>\n","protected":false},"excerpt":{"rendered":"<p>Vor einigen Jahren hatte ich mir ja vorgenommen, den Cristallo-Gondellift in Cortina ab sofort j\u00e4hrlich zu fahren, so lange er noch steht. Nachdem f\u00fcr heuer bereits der Neubau geplant und mir der aktuelle Status unbekannt war, ging&#8217;s am letzten Betriebstag, 21.9., wieder hin.<\/p>\n<p>Am Tag vorher kurz Kris gefragt, ob er mitwill -> ja, er <a href=\"http:\/\/blog.inmontanis.info\/?p=2858\">[&#8230;]<\/a><\/p>\n","protected":false},"author":1,"featured_media":0,"comment_status":"closed","ping_status":"closed","sticky":false,"template":"","format":"standard","meta":{"footnotes":""},"categories":[24,15,59,32],"tags":[49,63],"class_list":["post-2858","post","type-post","status-publish","format-standard","hentry","category-tagestour","category-italienitaly","category-nostalgie","category-lostplaces","tag-4sb","tag-korblift","odd"],"_links":{"self":[{"href":"http:\/\/blog.inmontanis.info\/index.php?rest_route=\/wp\/v2\/posts\/2858","targetHints":{"allow":["GET"]}}],"collection":[{"href":"http:\/\/blog.inmontanis.info\/index.php?rest_route=\/wp\/v2\/posts"}],"about":[{"href":"http:\/\/blog.inmontanis.info\/index.php?rest_route=\/wp\/v2\/types\/post"}],"author":[{"embeddable":true,"href":"http:\/\/blog.inmontanis.info\/index.php?rest_route=\/wp\/v2\/users\/1"}],"replies":[{"embeddable":true,"href":"http:\/\/blog.inmontanis.info\/index.php?rest_route=%2Fwp%2Fv2%2Fcomments&post=2858"}],"version-history":[{"count":2,"href":"http:\/\/blog.inmontanis.info\/index.php?rest_route=\/wp\/v2\/posts\/2858\/revisions"}],"predecessor-version":[{"id":2860,"href":"http:\/\/blog.inmontanis.info\/index.php?rest_route=\/wp\/v2\/posts\/2858\/revisions\/2860"}],"wp:attachment":[{"href":"http:\/\/blog.inmontanis.info\/index.php?rest_route=%2Fwp%2Fv2%2Fmedia&parent=2858"}],"wp:term":[{"taxonomy":"category","embeddable":true,"href":"http:\/\/blog.inmontanis.info\/index.php?rest_route=%2Fwp%2Fv2%2Fcategories&post=2858"},{"taxonomy":"post_tag","embeddable":true,"href":"http:\/\/blog.inmontanis.info\/index.php?rest_route=%2Fwp%2Fv2%2Ftags&post=2858"}],"curies":[{"name":"wp","href":"https:\/\/api.w.org\/{rel}","templated":true}]}}