{"id":2852,"date":"2014-09-13T18:05:15","date_gmt":"2014-09-13T16:05:15","guid":{"rendered":"http:\/\/blog.inmontanis.info\/?p=2852"},"modified":"2023-08-03T21:31:44","modified_gmt":"2023-08-03T19:31:44","slug":"ex-skigebiete-im-appennin-lagdei-civago-radici-13-9-2014","status":"publish","type":"post","link":"http:\/\/blog.inmontanis.info\/?p=2852","title":{"rendered":"(Ex-)Skigebiete im Appennin (Lagdei, Civago, Radici, &#8230;),13.9.2014"},"content":{"rendered":"<p>Nachdem der Wetterbericht f\u00fcr Nordtirol eher schlecht gemeldet hatte, und es im S\u00fcden und im Appennin h\u00e4tte sonnig werden sollen, hab ich mir ein paar Gedanken gemacht, was ich anfahren k\u00f6nnte. Insbesondere die wiederer\u00f6ffente Graffer-DSB in Febbio wollte ich noch im Sommer mitnehmen, falls die aus Schneemangel im Winter nicht fahren sollte&#8230;<\/p>\n<p>Als ich neben den ge\u00f6ffenten Gebieten auch nach LSAPs (die, die ich noch nicht besuchte und die, die ich noch nicht kannte) suchte, dachte ich mir so, ich k\u00f6nnte doch mal nachschauen, was mit dem Nascivera-ESL in Lagdei ist, den ich seit einigen Jahren geschlossen w\u00e4hnte&#8230;.<\/p>\n<p>&#8230; umso erstaunter war ich, dass er nicht nur einmal, sondern mehrmals verl\u00e4ngert wurde und er im April 2014 nochmals eine Verl\u00e4ngerung bis September 2014 erhielt! Na, jetzt hatte ich genug Gr\u00fcnde f\u00fcr diesen etwas weiteren Wochenendausflug!<\/p>\n<p>Gegen 10:30 Uhr kam ich am ESL an &#8211; er lief tats\u00e4chlich! Wanderschuhe angezogen, das H&#038;R &#8211; Ticket gekauft und raufgefahren.<\/p>\n<p>(Fotos anklicken zum Vergr\u00f6\u00dfern)<\/p>\n<p><a href='http:\/\/extra.inmontanis.info\/d\/25793-2\/2014091314a.jpg'><img src=http:\/\/extra.inmontanis.info\/d\/25792-3\/2014091314a.jpg \/><\/a><br \/>\n^ Wochenendausflug 13.-14.9.2014<\/p>\n<p><a href='http:\/\/extra.inmontanis.info\/d\/25797-2\/2014091314g.jpg'><img src=http:\/\/extra.inmontanis.info\/d\/25796-3\/2014091314g.jpg \/><\/a><br \/>\n^ WE-Ausflug in den n\u00f6rdl. Appennin mit Skigebieten und (unvollst\u00e4ndig) ehemaligen Skigebieten &#8211; einiges davon hab ich in den 2 Tagen besucht&#8230;<\/p>\n<p><a href='http:\/\/ski.inmontanis.info\/d\/185731-2\/DSC07071.jpg'><img src=http:\/\/ski.inmontanis.info\/d\/185730-3\/DSC07071.jpg \/><\/a><br \/>\n^ Die Zufahrt zum ESL ist nach wie vor ungeteert<\/p>\n<p><a href='http:\/\/ski.inmontanis.info\/d\/185587-2\/DSC07074.jpg'><img src=http:\/\/ski.inmontanis.info\/d\/185586-3\/DSC07074.jpg \/><\/a><br \/>\n^ Karte; der ESL von Lagdei ist links (zus\u00e4tzlich 2 SL eingezeichnet); die 2 Lifte in der Mitte geh\u00f6ren zum stillgelegten Skigebiet von Trefiumi, in Prato Spilla unten gibt&#8217;s zumindest noch 2 Lifte<\/p>\n<p><a href='http:\/\/ski.inmontanis.info\/d\/185591-2\/DSC07077.jpg'><img src=http:\/\/ski.inmontanis.info\/d\/185590-3\/DSC07077.jpg \/><\/a><br \/>\n^ Talstation<\/p>\n<p><a href='http:\/\/ski.inmontanis.info\/d\/185595-2\/DSC07078.jpg'><img src=http:\/\/ski.inmontanis.info\/d\/185594-3\/DSC07078.jpg \/><\/a><br \/>\n^ Talstation. An einem ESL (und erst recht in Italien) geht das alles etwas relaxter zu ;-)<\/p>\n<p><a href='http:\/\/ski.inmontanis.info\/d\/185599-2\/DSC07085.jpg'><img src=http:\/\/ski.inmontanis.info\/d\/185598-3\/DSC07085.jpg \/><\/a><br \/>\n^ Im ESL<\/p>\n<p><a href='http:\/\/ski.inmontanis.info\/d\/185603-2\/DSC07098.jpg'><img src=http:\/\/ski.inmontanis.info\/d\/185602-3\/DSC07098.jpg \/><\/a><br \/>\n^ ESL und Skiabfahrt<\/p>\n<p><a href='http:\/\/ski.inmontanis.info\/d\/185607-2\/DSC07103.jpg'><img src=http:\/\/ski.inmontanis.info\/d\/185606-3\/DSC07103.jpg \/><\/a><br \/>\n^ ESL oberer Teil mit Skiabfahrt<\/p>\n<p><a href='http:\/\/ski.inmontanis.info\/d\/185611-2\/DSC07125.jpg'><img src=http:\/\/ski.inmontanis.info\/d\/185610-3\/DSC07125.jpg \/><\/a><br \/>\n^ ESL von nahe der Bergstation<\/p>\n<p><a href='http:\/\/ski.inmontanis.info\/d\/185615-2\/DSC07119.jpg'><img src=http:\/\/ski.inmontanis.info\/d\/185614-3\/DSC07119.jpg \/><\/a><br \/>\n^ Letzte St\u00fctze<\/p>\n<p><a href='http:\/\/ski.inmontanis.info\/d\/185619-2\/DSC07122.jpg'><img src=http:\/\/ski.inmontanis.info\/d\/185618-3\/DSC07122.jpg \/><\/a><br \/>\n^ Bergstation mit Antrieb; ESL war einst von Nascivera, wurde aber irgendwann mal von Leitner revisioniert<\/p>\n<p><a href='http:\/\/ski.inmontanis.info\/d\/185623-2\/DSC07135.jpg'><img src=http:\/\/ski.inmontanis.info\/d\/185622-3\/DSC07135.jpg \/><\/a><br \/>\n^ Bergstation<\/p>\n<p><a href='http:\/\/ski.inmontanis.info\/d\/185627-2\/DSC07127.jpg'><img src=http:\/\/ski.inmontanis.info\/d\/185626-3\/DSC07127.jpg \/><\/a><br \/>\n^ Bergstation<\/p>\n<p><a href='http:\/\/ski.inmontanis.info\/d\/185631-2\/DSC07140.jpg'><img src=http:\/\/ski.inmontanis.info\/d\/185630-3\/DSC07140.jpg \/><\/a><br \/>\n^ R\u00fcckseite<\/p>\n<p><a href='http:\/\/ski.inmontanis.info\/d\/185635-2\/DSC07144.jpg'><img src=http:\/\/ski.inmontanis.info\/d\/185634-3\/DSC07144.jpg \/><\/a><br \/>\n^ Hinterm ESL gibt&#8217;s einen landschaftlich sehr sch\u00f6nen See (Lago Santo)<\/p>\n<p><a href='http:\/\/ski.inmontanis.info\/d\/185639-2\/DSC07156.jpg'><img src=http:\/\/ski.inmontanis.info\/d\/185638-3\/DSC07156.jpg \/><\/a><br \/>\n^ Am See kann man zwar nicht ganz rumgehen (soweit ich das gesehen hab), aber zumindes ein sch\u00f6nes St\u00fcck entlang gehen<\/p>\n<p><a href='http:\/\/ski.inmontanis.info\/d\/185643-2\/DSC07158.jpg'><img src=http:\/\/ski.inmontanis.info\/d\/185642-3\/DSC07158.jpg \/><\/a><br \/>\n^ Lago Santo mit Rifugio<\/p>\n<p><a href='http:\/\/ski.inmontanis.info\/d\/185647-2\/DSC07161.jpg'><img src=http:\/\/ski.inmontanis.info\/d\/185646-3\/DSC07161.jpg \/><\/a><br \/>\n^ Lago Santo<\/p>\n<p><a href='http:\/\/ski.inmontanis.info\/d\/185651-2\/DSC07165.jpg'><img src=http:\/\/ski.inmontanis.info\/d\/185650-3\/DSC07165.jpg \/><\/a><br \/>\n^ Lago Santo<\/p>\n<p>Bin dann noch ein St\u00fcck den Wanderweg hinaufgestiegen, bis mir einfiel, dass ich doch wegen Seilbahnen und stillgelegten Liften im Appennin bin .. also umgekehrt und wieder runter!<\/p>\n<p><a href='http:\/\/ski.inmontanis.info\/d\/185655-2\/DSC07171.jpg'><img src=http:\/\/ski.inmontanis.info\/d\/185654-3\/DSC07171.jpg \/><\/a><br \/>\n^ Fahrkarte<\/p>\n<p><a href='http:\/\/ski.inmontanis.info\/d\/185659-2\/DSC07172.jpg'><img src=http:\/\/ski.inmontanis.info\/d\/185658-3\/DSC07172.jpg \/><\/a><br \/>\n^ Bergstation, Einstieg zur Talfahrt<\/p>\n<p><a href='http:\/\/ski.inmontanis.info\/d\/185663-2\/DSC07177.jpg'><img src=http:\/\/ski.inmontanis.info\/d\/185662-3\/DSC07177.jpg \/><\/a><br \/>\n^ Bergstation<\/p>\n<p><a href='http:\/\/ski.inmontanis.info\/d\/185667-2\/DSC07178.jpg'><img src=http:\/\/ski.inmontanis.info\/d\/185666-3\/DSC07178.jpg \/><\/a><br \/>\n^ Talfahrt<\/p>\n<p><a href='http:\/\/ski.inmontanis.info\/d\/185671-2\/DSC07183.jpg'><img src=http:\/\/ski.inmontanis.info\/d\/185670-3\/DSC07183.jpg \/><\/a><br \/>\n^ ESL und Talabfahrt<\/p>\n<p><a href='http:\/\/ski.inmontanis.info\/d\/185675-2\/DSC07194.jpg'><img src=http:\/\/ski.inmontanis.info\/d\/185674-3\/DSC07194.jpg \/><\/a><br \/>\n^ ESL St\u00fctze 8 und 7<\/p>\n<p><a href='http:\/\/ski.inmontanis.info\/d\/185679-2\/DSC07203.jpg'><img src=http:\/\/ski.inmontanis.info\/d\/185678-3\/DSC07203.jpg \/><\/a><br \/>\n^ St\u00fctze 7<\/p>\n<p><a href='http:\/\/ski.inmontanis.info\/d\/185683-2\/DSC07204.jpg'><img src=http:\/\/ski.inmontanis.info\/d\/185682-3\/DSC07204.jpg \/><\/a><br \/>\n^ ESL und Talabfahrt<\/p>\n<p><a href='http:\/\/ski.inmontanis.info\/d\/185687-2\/DSC07208.jpg'><img src=http:\/\/ski.inmontanis.info\/d\/185686-3\/DSC07208.jpg \/><\/a><br \/>\n^ Unterer Teil<\/p>\n<p><a href='http:\/\/ski.inmontanis.info\/d\/185691-2\/DSC07213.jpg'><img src=http:\/\/ski.inmontanis.info\/d\/185690-3\/DSC07213.jpg \/><\/a><br \/>\n^ Ohne Fu\u00dfraster<\/p>\n<p><a href='http:\/\/ski.inmontanis.info\/d\/185695-2\/DSC07216.jpg'><img src=http:\/\/ski.inmontanis.info\/d\/185694-3\/DSC07216.jpg \/><\/a><br \/>\n^ St\u00fctze 4<\/p>\n<p><a href='http:\/\/ski.inmontanis.info\/d\/185699-2\/DSC07223.jpg'><img src=http:\/\/ski.inmontanis.info\/d\/185698-3\/DSC07223.jpg \/><\/a><br \/>\n^ Talstation<\/p>\n<p><a href='http:\/\/ski.inmontanis.info\/d\/185703-2\/DSC07228.jpg'><img src=http:\/\/ski.inmontanis.info\/d\/185702-3\/DSC07228.jpg \/><\/a><br \/>\n^ Talstation und St\u00fctze 1<\/p>\n<p><a href='http:\/\/ski.inmontanis.info\/d\/185707-2\/DSC07233.jpg'><img src=http:\/\/ski.inmontanis.info\/d\/185706-3\/DSC07233.jpg \/><\/a><br \/>\n^ Talstation<\/p>\n<p><a href='http:\/\/ski.inmontanis.info\/d\/185711-2\/DSC07235.jpg'><img src=http:\/\/ski.inmontanis.info\/d\/185710-3\/DSC07235.jpg \/><\/a><br \/>\n^ Strecke<\/p>\n<p><a href='http:\/\/ski.inmontanis.info\/d\/185715-2\/DSC07240.jpg'><img src=http:\/\/ski.inmontanis.info\/d\/185714-3\/DSC07240.jpg \/><\/a><br \/>\n^ Streckenzoom<\/p>\n<p><a href='http:\/\/ski.inmontanis.info\/d\/185719-2\/DSC07243.jpg'><img src=http:\/\/ski.inmontanis.info\/d\/185718-3\/DSC07243.jpg \/><\/a><br \/>\n^ Nascivera-St\u00fctzen-Detail<\/p>\n<p><a href='http:\/\/ski.inmontanis.info\/d\/185723-2\/DSC07246.jpg'><img src=http:\/\/ski.inmontanis.info\/d\/185722-3\/DSC07246.jpg \/><\/a><br \/>\n^ Streckenzoom<\/p>\n<p><a href='http:\/\/ski.inmontanis.info\/d\/185727-2\/DSC07247.jpg'><img src=http:\/\/ski.inmontanis.info\/d\/185726-3\/DSC07247.jpg \/><\/a><br \/>\n^ Hier muss irgendwo der \u00dcbungslift gestanden sein.<\/p>\n<p>Da ich noch einiges vorhatte und es mittlerweile doch schon nach 12 Uhr war, hab ich weder was gegessen noch weiter nach \u00dcberresten von diesem Lift gesucht. (Den anderen, der auf der Karte links vom ESL eingezeichnet war, hatte ich vergessen.)<\/p>\n<p>Film:<br \/>\n<object style=\"height: 500px; width: 900px\"><param name=\"movie\" value=\"http:\/\/www.youtube.com\/v\/2ODF8SsREfo\"><\/param><param name=\"wmode\" value=\"transparent\"><\/param><embed src=\"http:\/\/www.youtube.com\/v\/2ODF8SsREfo\" type=\"application\/x-shockwave-flash\" wmode=\"transparent\"  width=\"900\" height=\"480\"><\/embed><\/object><\/p>\n<p>Mein Winterbericht von 2008:<br \/>\n<a href='http:\/\/www.sommerschi.com\/forum\/viewtopic.php?f=8&#038;t=1051'>http:\/\/www.sommerschi.com\/forum\/viewtopic.php?f=8&#038;t=1051<\/a><\/p>\n<p>Von Lagdei aus f\u00fchrte mich meine Strecke \u00fcber den <strong>Passo della Colla<\/strong>, wobei die Stra\u00dfe leider fast durchgehend ungeteert und nur sehr langsam zu fahren ist &#8211; somit einiges an Zeit kostet. Schade, dass man die Stra\u00dfe hier so verfallen lie\u00df.<\/p>\n<p><a href='http:\/\/extra.inmontanis.info\/d\/25801-2\/DSC07248.jpg'><img src=http:\/\/extra.inmontanis.info\/d\/25800-3\/DSC07248.jpg \/><\/a><br \/>\n^ Passo della Colla; eine schmale, mittlerweile gro\u00dfteils ungeteerte Passstra\u00dfe zwischen Lagdei und Valditacca<\/p>\n<p><a href='http:\/\/extra.inmontanis.info\/d\/25805-2\/DSC07253.jpg'><img src=http:\/\/extra.inmontanis.info\/d\/25804-3\/DSC07253.jpg \/><\/a><br \/>\n^ Passo della Colla; es gibt genug Autoverkehr auf dieser Stra\u00dfe, an den Seen dort vorne sind etliche Parkpl\u00e4tze.<\/p>\n<p><a href='http:\/\/extra.inmontanis.info\/d\/25809-2\/DSC07256.jpg'><img src=http:\/\/extra.inmontanis.info\/d\/25808-3\/DSC07256.jpg \/><\/a><br \/>\n^ Passo della Colla, zwischen den Seen und dem Pass sieht man noch einige Reste des Asphalts. Da die Stra\u00dfe fr\u00fcher also geteert war, ist der Unterbau, auf dem man aktuell f\u00e4hrt, recht ruppig und nur langsam fahrbar (und nicht vergleichbar mit von vornherein ungeteert gedachten Stra\u00dfen)<\/p>\n<p><a href='http:\/\/extra.inmontanis.info\/d\/25813-2\/DSC07260.jpg'><img src=http:\/\/extra.inmontanis.info\/d\/25812-3\/DSC07260.jpg \/><\/a><br \/>\n^ Passo della Colla, dieses St\u00fcck ist auf l\u00e4ngerer Strecke noch geteert<\/p>\n<p><a href='http:\/\/extra.inmontanis.info\/d\/25817-2\/DSC07262.jpg'><img src=http:\/\/extra.inmontanis.info\/d\/25816-3\/DSC07262.jpg \/><\/a><br \/>\n^ Passo della Colla<\/p>\n<p><a href='http:\/\/extra.inmontanis.info\/d\/25821-2\/DSC07265.jpg'><img src=http:\/\/extra.inmontanis.info\/d\/25820-3\/DSC07265.jpg \/><\/a><br \/>\n^ Passo della Colla, die Ostrampe ist dann wieder auf weiten Strecken ungeteert (hier hab ich einige Pferde &#8211; und einen Klein-LKW &#8211; \u00fcberholen m\u00fcssen)<\/p>\n<p><a href='http:\/\/extra.inmontanis.info\/d\/25825-2\/DSC07268.jpg'><img src=http:\/\/extra.inmontanis.info\/d\/25824-3\/DSC07268.jpg \/><\/a><br \/>\n^ Passo della Colla, Ostrampe<\/p>\n<p>Sozusagen am Ende des Passes, in Valditacca bzw. Trefiumi, gab es einst ein kleines Skigebiet mit angeblich 2 Liften. Da ich mir die Navi-POIs nicht gesetzt hatte und somit nicht genau wusste, wo ich hin musste &#8211; und es au\u00dferdem vmtl. eh keine nennenswerte \u00dcberreste mehr geben sollte, hab ich&#8217;s ausgelassen.<\/p>\n<p>Da mich mein weiterer Weg fast direkt an <strong>Ventasso Laghi<\/strong> vorbeif\u00fchrte, fuhr ich die paar km halt hinauf und machte ein paar Fotos vom unteren, stillgelegten SL:<\/p>\n<p><a href='http:\/\/ski.inmontanis.info\/d\/185790-2\/DSC07279.jpg'><img src=http:\/\/ski.inmontanis.info\/d\/185789-3\/DSC07279.jpg \/><\/a><br \/>\n^ Der stillgelegte untere SL (typische Nascivera-Station)<\/p>\n<p><a href='http:\/\/ski.inmontanis.info\/d\/185794-2\/DSC07280.jpg'><img src=http:\/\/ski.inmontanis.info\/d\/185793-3\/DSC07280.jpg \/><\/a><br \/>\n^ Ex-Lifthaus<\/p>\n<p><a href='http:\/\/ski.inmontanis.info\/d\/185798-2\/DSC07281.jpg'><img src=http:\/\/ski.inmontanis.info\/d\/185797-3\/DSC07281.jpg \/><\/a><br \/>\n^ Ex-Lifthaus, viel mehr war hier nicht mehr zu sehen<\/p>\n<p><a href='http:\/\/ski.inmontanis.info\/d\/185802-2\/DSC07282.jpg'><img src=http:\/\/ski.inmontanis.info\/d\/185801-3\/DSC07282.jpg \/><\/a><br \/>\n^ Unterer SL, direkt an der Stra\u00dfe (war somit der Zubringer von dem Ort hier)<\/p>\n<p><a href='http:\/\/ski.inmontanis.info\/d\/185806-2\/DSC07286.jpg'><img src=http:\/\/ski.inmontanis.info\/d\/185805-3\/DSC07286.jpg \/><\/a><br \/>\n^ Unterer SL und Abfahrt<\/p>\n<p><a href='http:\/\/ski.inmontanis.info\/d\/185810-2\/DSC07291.jpg'><img src=http:\/\/ski.inmontanis.info\/d\/185809-3\/DSC07291.jpg \/><\/a><br \/>\n^ Derzeit in Betrieb befindliches Skigebiet, der \u00dcbungs-SL und dann oben der Hauptlift<\/p>\n<p>Hier noch kurz mein GPS-Track von 2009 zur weiteren Erkl\u00e4rung:<br \/>\n<img src=http:\/\/ski.inmontanis.info\/d\/96540-3\/20090307-ventasso.jpg \/><br \/>\n.. und mein Winterbericht von 2009:<br \/>\nhttp:\/\/alpinforum.com\/forum\/viewtopic.php?f=48&#038;t=30879&#038;p=4604276&#038;hilit=ventasso#p4604276<\/p>\n<p>Danach wollte ich eigentlich die wiederer\u00f6ffnete DSB in Febbio fahren, allerdings war genau hier alles voller Wolken. Da machte das f\u00fcr mich keinen Sinn und ich verschob das auf morgen. <\/p>\n<p><a href='http:\/\/extra.inmontanis.info\/d\/25829-2\/DSC07296.jpg'><img src=http:\/\/extra.inmontanis.info\/d\/25828-3\/DSC07296.jpg \/><\/a><br \/>\n^ Dichte, tief Wolken in Febbio &#8211; na, das verschieb ich lieber auf morgen&#8230;<\/p>\n<p>Auf dem Weg zu meinen n\u00e4chsten Zielen kam ich am stillgelegten Skigebiet von <strong>Civago, Appenninia,<\/strong> vorbei und hielt ebenfalls nur kurz f\u00fcr ein kleines Statusupdate:<\/p>\n<p><a href='http:\/\/ski.inmontanis.info\/d\/185737-2\/DSC07332.jpg'><img src=http:\/\/ski.inmontanis.info\/d\/185735-3\/DSC07332.jpg \/><\/a><br \/>\n^ Talstation und Hotel des leider stillgelegten Skigebietes Appenninia (Civago)<\/p>\n<p><a href='http:\/\/ski.inmontanis.info\/d\/185741-2\/DSC07298.jpg'><img src=http:\/\/ski.inmontanis.info\/d\/185740-3\/DSC07298.jpg \/><\/a><br \/>\n^ Aufgang zum Lift<\/p>\n<p><a href='http:\/\/ski.inmontanis.info\/d\/185745-2\/DSC07299.jpg'><img src=http:\/\/ski.inmontanis.info\/d\/185744-3\/DSC07299.jpg \/><\/a><br \/>\n^ Sciovia Appenninia<\/p>\n<p><a href='http:\/\/ski.inmontanis.info\/d\/185786-2\/DSC07302.jpg'><img src=http:\/\/ski.inmontanis.info\/d\/185785-3\/DSC07302.jpg \/><\/a><br \/>\n^ Talstation des unteren SL. Warum die ganzen Teller entfernt wurden?<\/p>\n<p><a href='http:\/\/ski.inmontanis.info\/d\/185750-2\/DSC07304.jpg'><img src=http:\/\/ski.inmontanis.info\/d\/185749-3\/DSC07304.jpg \/><\/a><br \/>\n^ Unterer SL<\/p>\n<p><a href='http:\/\/ski.inmontanis.info\/d\/185754-2\/DSC07307.jpg'><img src=http:\/\/ski.inmontanis.info\/d\/185753-3\/DSC07307.jpg \/><\/a><br \/>\n^ Hotel (vmtl. auch stillgelegt)<\/p>\n<p><a href='http:\/\/ski.inmontanis.info\/d\/185758-2\/DSC07312.jpg'><img src=http:\/\/ski.inmontanis.info\/d\/185757-3\/DSC07312.jpg \/><\/a><br \/>\n^ Verwachsene Strecke<\/p>\n<p><a href='http:\/\/ski.inmontanis.info\/d\/185762-2\/DSC07315.jpg'><img src=http:\/\/ski.inmontanis.info\/d\/185761-3\/DSC07315.jpg \/><\/a><br \/>\n^ Cassa<\/p>\n<p><a href='http:\/\/ski.inmontanis.info\/d\/185766-2\/DSC07316.jpg'><img src=http:\/\/ski.inmontanis.info\/d\/185765-3\/DSC07316.jpg \/><\/a><br \/>\n^ Cassa<\/p>\n<p><a href='http:\/\/ski.inmontanis.info\/d\/185770-2\/DSC07318.jpg'><img src=http:\/\/ski.inmontanis.info\/d\/185769-3\/DSC07318.jpg \/><\/a><br \/>\n^ Talstation<\/p>\n<p><a href='http:\/\/ski.inmontanis.info\/d\/185774-2\/DSC07331.jpg'><img src=http:\/\/ski.inmontanis.info\/d\/185773-3\/DSC07331.jpg \/><\/a><br \/>\n^ Abfahrt; hier war links auch noch ein \u00dcbungslift<\/p>\n<p><a href='http:\/\/ski.inmontanis.info\/d\/185778-2\/DSC07417.jpg'><img src=http:\/\/ski.inmontanis.info\/d\/185777-3\/DSC07417.jpg \/><\/a><br \/>\n^ Ex-Skigebiet Appenninia \/ Civago von der Stra\u00dfe gegen\u00fcber (Foto vom n\u00e4chsten Tag)<\/p>\n<p><a href='http:\/\/ski.inmontanis.info\/d\/185782-2\/DSC07416.jpg'><img src=http:\/\/ski.inmontanis.info\/d\/185781-3\/DSC07416.jpg \/><\/a><br \/>\n^ Zoom ins Ex-Skigebiet Appenninia und den h\u00e4ngen des oberen SL. Die beiden SL machen in Summe 500 hm<\/p>\n<p>Civago hab ich in den letzten Jahren immer wieder verfolgt, da ich hier so gerne h\u00e4tten fahren wollen, aber leider &#8211; es ist und bleibt wohl vorerst geschlossen.<\/p>\n<p>2007 war bei meinem Besuch leider aus Schneemangel zu:<br \/>\n<a href='http:\/\/ski.inmontanis.info\/d\/43462-2\/P1140913.jpg'><img src=http:\/\/ski.inmontanis.info\/d\/43462-2\/P1140913.jpg \/><\/a><\/p>\n<p>Auch 2008 war zu wenig Schnee &#8211; oder es war anderweitig zu:<br \/>\n<a href='http:\/\/ski.inmontanis.info\/d\/51998-3\/P1230067.JPG'><img src=http:\/\/ski.inmontanis.info\/d\/51997-4\/P1230067.JPG \/><\/a><\/p>\n<p><a href='http:\/\/ski.inmontanis.info\/d\/52002-3\/P1230069.JPG'><img src=http:\/\/ski.inmontanis.info\/d\/52001-4\/P1230069.JPG \/><\/a><\/p>\n<p><a href='http:\/\/ski.inmontanis.info\/d\/52006-3\/P1230071.JPG'><img src=http:\/\/ski.inmontanis.info\/d\/52005-4\/P1230071.JPG \/><\/a><\/p>\n<p><a href='http:\/\/ski.inmontanis.info\/d\/52010-3\/P1230070.JPG'><img src=http:\/\/ski.inmontanis.info\/d\/52009-4\/P1230070.JPG \/><\/a><\/p>\n<p><a href='http:\/\/ski.inmontanis.info\/d\/51994-3\/P1230063.JPG'><img src=http:\/\/ski.inmontanis.info\/d\/51993-4\/P1230063.JPG \/><\/a><\/p>\n<p>Unweit von Civago kommt man \u00fcber den Passo delle Radici in die Toskana. Kurz zuvor zweigt eine Stra\u00dfe ab zum ehemaligen Skigebiet von <strong>Piandelagotti<\/strong>&#8230;<\/p>\n<p><a href='http:\/\/ski.inmontanis.info\/d\/185816-2\/DSC07335.jpg'><img src=http:\/\/ski.inmontanis.info\/d\/185814-3\/DSC07335.jpg \/><\/a><br \/>\n^ Der SL oberhalb von Piandelagotti wurde inzwischen abgerissen.<\/p>\n<p><a href='http:\/\/ski.inmontanis.info\/d\/185820-2\/DSC07347.jpg'><img src=http:\/\/ski.inmontanis.info\/d\/185819-3\/DSC07347.jpg \/><\/a><br \/>\n^ Ex-SL Piandelagotti<\/p>\n<p><a href='http:\/\/ski.inmontanis.info\/d\/185824-2\/DSC07342.jpg'><img src=http:\/\/ski.inmontanis.info\/d\/185823-3\/DSC07342.jpg \/><\/a><br \/>\n^ Keine Ahnung, ob hier auch mal ein Lift stand &#8211; w\u00e4re aber ein idealer Hang f\u00fcr einen \u00dcbungslift gewesen&#8230;<\/p>\n<p>Paar Winterfotos von 2008, als der SL noch stand, das Skigebiet aber bereits zu war:<\/p>\n<p><a href='http:\/\/ski.inmontanis.info\/d\/52022-3\/P1230081.JPG'><img src=http:\/\/ski.inmontanis.info\/d\/52021-4\/P1230081.JPG \/><\/a><\/p>\n<p><a href='http:\/\/ski.inmontanis.info\/d\/52018-3\/P1230078.JPG'><img src=http:\/\/ski.inmontanis.info\/d\/52017-4\/P1230078.JPG \/><\/a><\/p>\n<p><a href='http:\/\/ski.inmontanis.info\/d\/52014-3\/P1230076.JPG'><img src=http:\/\/ski.inmontanis.info\/d\/52013-4\/P1230076.JPG \/><\/a><\/p>\n<p>Am <strong>Passo delle Radici<\/strong> selbst gibt&#8217;s ein kleines Skigebiet, das ich bei meinen ersten Appennin-Winterreisen leider str\u00e4flich auslassen hab. Str\u00e4flich, denn als ich es endlich besuchen wollte, musste ich feststellen, dass es mittlerweile LSAP ist.<\/p>\n<p>Als ich so ein bisschen umherging und ein paar Fotos machte, sah ich, dass im Lifth\u00e4uschen ein Mann mit seinem Kind war. Als er rausging, hab ich ihn kurz abgepasst und bissl ausgefragt &#8211; aber mittlerweile hab ich&#8217;s vergessen. Glaub er hatte gesagt, dass der neue SL so vor ca. 8 Jahren gebaut wurde und dass momentan kein Geld da ist und er auch kommenden Winter nicht in Betrieb gehen wird. Schade.<\/p>\n<p><a href='http:\/\/ski.inmontanis.info\/d\/185830-2\/DSC07348.jpg'><img src=http:\/\/ski.inmontanis.info\/d\/185828-3\/DSC07348.jpg \/><\/a><br \/>\n^ Stillgelegtes Skigebiet am Passo delle Radici, ein neuer SL, ein alter SL, ein Seillift und ein halb abgerissener KSSL<\/p>\n<p><a href='http:\/\/ski.inmontanis.info\/d\/185834-2\/DSC07349.jpg'><img src=http:\/\/ski.inmontanis.info\/d\/185833-3\/DSC07349.jpg \/><\/a><br \/>\n^ Pension und Verleih, sowie Bergstation des unteren SL<\/p>\n<p><a href='http:\/\/ski.inmontanis.info\/d\/185838-2\/DSC07356.jpg'><img src=http:\/\/ski.inmontanis.info\/d\/185837-3\/DSC07356.jpg \/><\/a><br \/>\n^ Neuer SL, war &#8211; wenn \u00fcberhaupt &#8211; nur 1 oder 2 Saisonen in Betrieb?!<\/p>\n<p><a href='http:\/\/ski.inmontanis.info\/d\/185842-2\/DSC07359.jpg'><img src=http:\/\/ski.inmontanis.info\/d\/185841-3\/DSC07359.jpg \/><\/a><br \/>\n^ Untere Lifte<\/p>\n<p><a href='http:\/\/ski.inmontanis.info\/d\/185846-2\/DSC07363.jpg'><img src=http:\/\/ski.inmontanis.info\/d\/185845-3\/DSC07363.jpg \/><\/a><br \/>\n^ Untere Lifte<\/p>\n<p><a href='http:\/\/ski.inmontanis.info\/d\/185850-2\/DSC07364.jpg'><img src=http:\/\/ski.inmontanis.info\/d\/185849-3\/DSC07364.jpg \/><\/a><br \/>\n^ Halb abgebauter Tecnosci-KSSL, die italienische Poma-Variante<\/p>\n<p><a href='http:\/\/ski.inmontanis.info\/d\/185854-2\/DSC07361.jpg'><img src=http:\/\/ski.inmontanis.info\/d\/185853-3\/DSC07361.jpg \/><\/a><br \/>\n^ Passo delle Radici<\/p>\n<p><a href='http:\/\/ski.inmontanis.info\/d\/185858-2\/DSC07365.jpg'><img src=http:\/\/ski.inmontanis.info\/d\/185857-3\/DSC07365.jpg \/><\/a><br \/>\n^ Techn. Daten des neuen Leitner-SL und ein Schild, das leider seit einigen Jahren nicht mehr stimmt..<\/p>\n<p><a href='http:\/\/ski.inmontanis.info\/d\/185862-2\/DSC07366.jpg'><img src=http:\/\/ski.inmontanis.info\/d\/185861-3\/DSC07366.jpg \/><\/a><br \/>\n^ Preise 2008\/2009, vmtl. die  letzte Saison gewesen<\/p>\n<p><a href='http:\/\/ski.inmontanis.info\/d\/185866-2\/DSC07367.jpg'><img src=http:\/\/ski.inmontanis.info\/d\/185865-3\/DSC07367.jpg \/><\/a><br \/>\n^ Neuer SL, wohl nur 1-3 Saisonen in Betrieb gewesen<\/p>\n<p>Ein St\u00fcck weiter westlich, auf der Passstra\u00dfe, liegt das n\u00e4chste Skigebiet: <strong>Garfagnana \/ Casone di Profecchia<\/strong>. Im Gegensatz zum Skigebiet am Radici ist dieses hier &#8220;leider&#8221; noch ge\u00f6ffnet &#8211; umgekehrt w\u00e4re es mir lieber, denn das Radici-Skigebiet d\u00fcrfte interessanter gewesen sein bzw. wesentlich interessanter, als noch beide SL-Sektionen in Betrieb waren.<\/p>\n<p><a href='http:\/\/ski.inmontanis.info\/d\/185872-2\/DSC07370.jpg'><img src=http:\/\/ski.inmontanis.info\/d\/185870-3\/DSC07370.jpg \/><\/a><br \/>\n^ Vom Passo delle Radici mit seinem stillgelegten Skigebiet kommt man recht schnell ins noch ge\u00f6ffnete (aber leider untinteressantere) Skigebiet  Garfagnana \/ Casone di Profecchia<\/p>\n<p><a href='http:\/\/ski.inmontanis.info\/d\/185876-2\/DSC07371.jpg'><img src=http:\/\/ski.inmontanis.info\/d\/185875-3\/DSC07371.jpg \/><\/a><br \/>\n^ Blauer Graffer-\u00dcbungs-SL.<\/p>\n<p><a href='http:\/\/ski.inmontanis.info\/d\/185880-2\/DSC07373.jpg'><img src=http:\/\/ski.inmontanis.info\/d\/185879-3\/DSC07373.jpg \/><\/a><br \/>\n^ Blauer Graffer-\u00dcbungs-SL, leider arg kurz<\/p>\n<p><a href='http:\/\/ski.inmontanis.info\/d\/185884-2\/DSC07376.jpg'><img src=http:\/\/ski.inmontanis.info\/d\/185883-3\/DSC07376.jpg \/><\/a><br \/>\n^ Blauer Graffer-\u00dcbungs-SL<\/p>\n<p><a href='http:\/\/ski.inmontanis.info\/d\/185888-2\/DSC07377.jpg'><img src=http:\/\/ski.inmontanis.info\/d\/185887-3\/DSC07377.jpg \/><\/a><br \/>\n^ Der Hauptlift ist ein relativ neuer SL von Leitner, dazu gibt&#8217;s Beschneiung<\/p>\n<p><a href='http:\/\/ski.inmontanis.info\/d\/185892-2\/DSC07378.jpg'><img src=http:\/\/ski.inmontanis.info\/d\/185891-3\/DSC07378.jpg \/><\/a><br \/>\n^ Abfahrten<\/p>\n<p><a href='http:\/\/ski.inmontanis.info\/d\/185896-2\/DSC07380.jpg'><img src=http:\/\/ski.inmontanis.info\/d\/185895-3\/DSC07380.jpg \/><\/a><br \/>\n^ Techn. Daten des neuen Leitner-SL<\/p>\n<p><a href='http:\/\/ski.inmontanis.info\/d\/185926-2\/ge-radici-umgebung2.jpg'><img src=http:\/\/ski.inmontanis.info\/d\/185925-3\/ge-radici-umgebung2.jpg \/><\/a><br \/>\n^ Skigebiete um den Passo delle Radici. Die unteren beiden Gebiete h\u00e4tte man mit nur einem Lift glatt verbinden k\u00f6nnen :-(<\/p>\n<p><strong>Sant&#8217;Anna Pelago<\/strong> lag genau auf dem Weg, die Sommersaison d\u00fcrfte aber bereits beendet gewesen sein &#8211; jedenfals w\u00e4re ich wohl eh zu sp\u00e4t dran gewesen.<\/p>\n<p><a href='http:\/\/ski.inmontanis.info\/d\/185900-2\/DSC07387.jpg'><img src=http:\/\/ski.inmontanis.info\/d\/185899-3\/DSC07387.jpg \/><\/a><br \/>\n^ Talstation der Nascivera-DSB Sant&#8217;Anna, Sommerbetrieb leider schon beendet<\/p>\n<p><a href='http:\/\/ski.inmontanis.info\/d\/185904-2\/DSC07385.jpg'><img src=http:\/\/ski.inmontanis.info\/d\/185903-3\/DSC07385.jpg \/><\/a><br \/>\n^ DSB unterer Teil<\/p>\n<p>Weiter ging&#8217;s nach Abetone und noch ein St\u00fcck weiter s\u00fcdlich, wo es noch einige weitere stillgelegte Skigebiete gibt, auf die ich im Zuge meiner ersten Winterreise hier in der Gegend (und dem Besuch des stillgelegten Skigebiets Pian di Novello) gesto\u00dfen bin, und die ich nun endlich mal etwas abgrasen wollte&#8230;<\/p>\n<p>Hier zur Erinnerung:<\/p>\n<p><img src=http:\/\/ski.inmontanis.info\/d\/34842-2\/P1150542.jpg \/><br \/>\n^ 34 + 36 sind auch stillgelegt.<\/p>\n<p>Noch kurz vor Abetone gibt&#8217;s das stillgelegte Skigebiet von <strong>Fiumalbo<\/strong>, an der Westseite des Cimone. Leider kann man hier wieder nicht in Ruhe nach Resten suchen, sah alles recht privat aus.<\/p>\n<p><a href='http:\/\/ski.inmontanis.info\/d\/185910-2\/DSC07389.jpg'><img src=http:\/\/ski.inmontanis.info\/d\/185908-3\/DSC07389.jpg \/><\/a><br \/>\n^ Fiumalbo, SL-Strecke und Lifth\u00e4uschen noch gut sichtbar<\/p>\n<p>Als n\u00e4chstes entschied ich mich dann f\u00fcr die Auffahrt zum Skigebiet <strong>Casetta Pulledrari<\/strong>, aber auch hier wieder keine ruhige Schn\u00fcffelm\u00f6glichkeit, da der Albergo mit gro\u00dfem Freizeitangebot drumrum noch ge\u00f6ffnet ist und auch einige Leutchen unterwegs waren.<\/p>\n<p><a href='http:\/\/ski.inmontanis.info\/d\/185914-2\/DSC07391.jpg'><img src=http:\/\/ski.inmontanis.info\/d\/185913-3\/DSC07391.jpg \/><\/a><br \/>\n^ Auffahrt Casetta Pulledrari<\/p>\n<p><a href='http:\/\/ski.inmontanis.info\/d\/185918-2\/DSC07395.jpg'><img src=http:\/\/ski.inmontanis.info\/d\/185917-3\/DSC07395.jpg \/><\/a><br \/>\n^ Casetta Pulledrari<\/p>\n<p><a href='http:\/\/ski.inmontanis.info\/d\/185922-2\/DSC07396.jpg'><img src=http:\/\/ski.inmontanis.info\/d\/185921-3\/DSC07396.jpg \/><\/a><br \/>\n^ Casetta Pulledrari &#8211; keine Ahnung, wo da mal der SL stand.<\/p>\n<p>Als letztes wollte ich noch das Ex-Skigebiet Pidocchina ansehen, allerdings hatte ich keine genaue Ahnung, wo der Lift stand, die Sonne ist inzwischen auch schon untergegangen und ich hatte irgendwie keine Lust mehr auf schmale Bergstra\u00dfen und diesen kurvigen Appennin-Stra\u00dfen (mehr als 30-35 km\/h schafft man in diesem Teil des Appennins nicht an Durchschnittgeschwindigkeit), so dass ich in eine Pizzeria ging (leider nicht ganz mein Fall gewesen, zu viel Belag auf der Pizza und der Teig war auch eigenartig). Dnach zum stillgelegten Skigebiet Piano di Pratorsi, wo ich am Parkplatz schlief.<\/p>\n<p>(Fortsetzung folgt.)<\/p>\n","protected":false},"excerpt":{"rendered":"<p>Nachdem der Wetterbericht f\u00fcr Nordtirol eher schlecht gemeldet hatte, und es im S\u00fcden und im Appennin h\u00e4tte sonnig werden sollen, hab ich mir ein paar Gedanken gemacht, was ich anfahren k\u00f6nnte. Insbesondere die wiederer\u00f6ffente Graffer-DSB in Febbio wollte ich noch im Sommer mitnehmen, falls die aus Schneemangel im Winter nicht fahren sollte&#8230;<\/p>\n<p>Als ich neben <a href=\"http:\/\/blog.inmontanis.info\/?p=2852\">[&#8230;]<\/a><\/p>\n","protected":false},"author":1,"featured_media":0,"comment_status":"closed","ping_status":"closed","sticky":false,"template":"","format":"standard","meta":{"footnotes":""},"categories":[15,473,59,32,81],"tags":[35,91,45,47],"class_list":["post-2852","post","type-post","status-publish","format-standard","hentry","category-italienitaly","category-lagdei","category-nostalgie","category-lostplaces","category-kurztrips","tag-esl","tag-graffer","tag-see","tag-sl","odd"],"_links":{"self":[{"href":"http:\/\/blog.inmontanis.info\/index.php?rest_route=\/wp\/v2\/posts\/2852","targetHints":{"allow":["GET"]}}],"collection":[{"href":"http:\/\/blog.inmontanis.info\/index.php?rest_route=\/wp\/v2\/posts"}],"about":[{"href":"http:\/\/blog.inmontanis.info\/index.php?rest_route=\/wp\/v2\/types\/post"}],"author":[{"embeddable":true,"href":"http:\/\/blog.inmontanis.info\/index.php?rest_route=\/wp\/v2\/users\/1"}],"replies":[{"embeddable":true,"href":"http:\/\/blog.inmontanis.info\/index.php?rest_route=%2Fwp%2Fv2%2Fcomments&post=2852"}],"version-history":[{"count":3,"href":"http:\/\/blog.inmontanis.info\/index.php?rest_route=\/wp\/v2\/posts\/2852\/revisions"}],"predecessor-version":[{"id":9015,"href":"http:\/\/blog.inmontanis.info\/index.php?rest_route=\/wp\/v2\/posts\/2852\/revisions\/9015"}],"wp:attachment":[{"href":"http:\/\/blog.inmontanis.info\/index.php?rest_route=%2Fwp%2Fv2%2Fmedia&parent=2852"}],"wp:term":[{"taxonomy":"category","embeddable":true,"href":"http:\/\/blog.inmontanis.info\/index.php?rest_route=%2Fwp%2Fv2%2Fcategories&post=2852"},{"taxonomy":"post_tag","embeddable":true,"href":"http:\/\/blog.inmontanis.info\/index.php?rest_route=%2Fwp%2Fv2%2Ftags&post=2852"}],"curies":[{"name":"wp","href":"https:\/\/api.w.org\/{rel}","templated":true}]}}