{"id":2844,"date":"2014-09-07T23:19:22","date_gmt":"2014-09-07T21:19:22","guid":{"rendered":"http:\/\/blog.inmontanis.info\/?p=2844"},"modified":"2023-07-31T19:57:15","modified_gmt":"2023-07-31T17:57:15","slug":"stilfserjoch-7-9-2014","status":"publish","type":"post","link":"http:\/\/blog.inmontanis.info\/?p=2844","title":{"rendered":"Stilfserjoch, 7.9.2014"},"content":{"rendered":"<p>Nachdem die Wettervorhersagen f\u00fcr Hintertux letztes WE so unsicher waren wie schon den ganzen Sommer \u00fcber, aber f\u00fcrs Stilfserjoch die meisten Wetterberichte besseres Wetter meldeten, bin ich nach 4 Jahren wieder mal auf den Stelvio gefahren. Auch, weil die Abfahrt noch zur Mittelstation offen war und die SL mittlerweile (im Gegensatz zum Hochsommer) nachmittags ge\u00f6ffnet sind.<\/p>\n<p>Naja. Auch wenn&#8217;s keine Wartezeiten mit 10 Minuten an den SL mehr gibt, 5 Minuten wartet man doch immer wieder mal. Zudem hat man halt weniger Abwechslung, leichtere Pisten und mehr Fu\u00dfwege als am Hintertuxer. Ganz den Tag versaut haben mir die dr\u00e4ngelnden Rennkids und -nicht-mehr-Kids, die sich selbst nachmittags bei kaum-noch-Andrang unversch\u00e4mt vordr\u00e4ngeln m\u00fcssen. Und nat\u00fcrlich d\u00fcrfen auch die \u00e4lteren Trainierer am Spezialeingang vor, insb. wenn sie dann die Stangen einsammeln. Mit 40,- \u00a4 f\u00fcr die Tageskarte ist der Preis nun auch \u00fcber meiner normalen Schmerzgrenze, insofern glaub ich nicht, dass ich in den n\u00e4chsten Jahren nochmal hier zum Skifahren her fahren werde. Da m\u00fcsste schon das eine oder andere Areal neu erschlossen werden, da gef\u00e4llt&#8217;s mir am Hintertuxer von Juli-September wesentlich besser (noch dazu leerer).<\/p>\n<p>Schneeverh\u00e4ltnisse waren zumeist sehr gut auf den Pisten, Offpiste war&#8217;s am Cristallo selbst Mittag nicht fahrbar (total eisiger Harschdeckel).<\/p>\n<p>Fotografisch bzw. optisch ist der Stelvio allerdings ein St\u00fcck sch\u00f6ner als der Hintertuxer.<\/p>\n<p>(Fotos anklicken zum Vergr\u00f6\u00dfern.)<\/p>\n<p><a href='http:\/\/ski.inmontanis.info\/d\/184792-2\/DSC06960.jpg'><img src=http:\/\/ski.inmontanis.info\/d\/184791-3\/DSC06960.jpg \/><\/a><br \/>\n^ Blick von der Talstation zur Abfahrt. Hui, da liegen aber noch viel Schneereste, das schreit nach einer Befahrung zum Schluss ;-)<\/p>\n<p><a href='http:\/\/ski.inmontanis.info\/d\/184796-2\/DSC06962.jpg'><img src=http:\/\/ski.inmontanis.info\/d\/184795-3\/DSC06962.jpg \/><\/a><br \/>\n^ Blick vom Livrio zum Trincerone<\/p>\n<p><a href='http:\/\/ski.inmontanis.info\/d\/184800-2\/DSC06963.jpg'><img src=http:\/\/ski.inmontanis.info\/d\/184799-3\/DSC06963.jpg \/><\/a><br \/>\n^ Die Flanke am Nagler hat heuer gut Schnee. Da k\u00f6nnte man glatt wieder einen SL raufbauen ;-)<\/p>\n<p><a href='http:\/\/ski.inmontanis.info\/d\/184804-2\/DSC06964.jpg'><img src=http:\/\/ski.inmontanis.info\/d\/184803-3\/DSC06964.jpg \/><\/a><br \/>\n^ SL Geister, am linken SL gibt&#8217;s mittlerweile auch einen Zwischeneinstieg, daher wird von unten nur jeder 2. Teller besetzt<\/p>\n<p><a href='http:\/\/ski.inmontanis.info\/d\/184808-2\/DSC06967.jpg'><img src=http:\/\/ski.inmontanis.info\/d\/184807-3\/DSC06967.jpg \/><\/a><br \/>\n^ SL Geister, Zwischeneinstieg. Der Grund f\u00fcr die Wartezeit am rechten SL &#8211; abgesehen vom Umbau vom B\u00fcgel- zum Teller-SL vor einigen Jahren: Es wird nur jeder 2. Teller besetzt. Sp\u00e4ter gab&#8217;s dann auch mal ein Verh\u00e4ltnis 1:2, 1:3, 1:4 und 1:5 &#8211; je nach Lust und Laune des Liftw\u00e4rters &#8230;.<\/p>\n<p><a href='http:\/\/ski.inmontanis.info\/d\/184812-2\/DSC06969.jpg'><img src=http:\/\/ski.inmontanis.info\/d\/184811-3\/DSC06969.jpg \/><\/a><br \/>\n^ SL Geister<\/p>\n<p><a href='http:\/\/ski.inmontanis.info\/d\/184816-2\/DSC06970.jpg'><img src=http:\/\/ski.inmontanis.info\/d\/184815-3\/DSC06970.jpg \/><\/a><br \/>\n^ SL Geister<\/p>\n<p><a href='http:\/\/ski.inmontanis.info\/d\/184820-2\/DSC06972.jpg'><img src=http:\/\/ski.inmontanis.info\/d\/184819-3\/DSC06972.jpg \/><\/a><br \/>\n^ SL Payer und SL Cristallo<\/p>\n<p><a href='http:\/\/ski.inmontanis.info\/d\/184824-2\/DSC06974.jpg'><img src=http:\/\/ski.inmontanis.info\/d\/184823-3\/DSC06974.jpg \/><\/a><br \/>\n^ SL Cristallo<\/p>\n<p><a href='http:\/\/ski.inmontanis.info\/d\/184828-2\/DSC06975.jpg'><img src=http:\/\/ski.inmontanis.info\/d\/184827-3\/DSC06975.jpg \/><\/a><br \/>\n^ Schiefe und verbogene St\u00fctze am SL Cristallo<\/p>\n<p><a href='http:\/\/ski.inmontanis.info\/d\/184832-2\/DSC06976.jpg'><img src=http:\/\/ski.inmontanis.info\/d\/184831-3\/DSC06976.jpg \/><\/a><br \/>\n^ Abfahrt SL Geister<\/p>\n<p><a href='http:\/\/ski.inmontanis.info\/d\/184836-2\/DSC06979.jpg'><img src=http:\/\/ski.inmontanis.info\/d\/184835-3\/DSC06979.jpg \/><\/a><br \/>\n^ Abfahrt SL Geister \/ SL Payer<\/p>\n<p><a href='http:\/\/ski.inmontanis.info\/d\/184840-2\/DSC06981.jpg'><img src=http:\/\/ski.inmontanis.info\/d\/184839-3\/DSC06981.jpg \/><\/a><br \/>\n^ Livrio<\/p>\n<p><a href='http:\/\/ski.inmontanis.info\/d\/184844-2\/DSC06985.jpg'><img src=http:\/\/ski.inmontanis.info\/d\/184843-3\/DSC06985.jpg \/><\/a><br \/>\n^ Livrio-Trincerone-Pass<\/p>\n<p><a href='http:\/\/ski.inmontanis.info\/d\/184848-2\/DSC06988.jpg'><img src=http:\/\/ski.inmontanis.info\/d\/184847-3\/DSC06988.jpg \/><\/a><br \/>\n^ Stilfserjochstra\u00dfe von S\u00fcdtirol. Die 48 Kehren sind schon relativ nervig, die reichen mir 1x am Tag &#8211; zum Gl\u00fcck gibt&#8217;s den Umbrail.<\/p>\n<p><a href='http:\/\/ski.inmontanis.info\/d\/184852-2\/DSC06992.jpg'><img src=http:\/\/ski.inmontanis.info\/d\/184851-3\/DSC06992.jpg \/><\/a><br \/>\n^ SL Payer und SL Cristallo und eine nette Spalte im Offpistegel\u00e4nde.<\/p>\n<p><a href='http:\/\/ski.inmontanis.info\/d\/184856-2\/DSC06993.jpg'><img src=http:\/\/ski.inmontanis.info\/d\/184855-3\/DSC06993.jpg \/><\/a><br \/>\n^ SL Payer und SL Cristallo, Wartezeiten max. 5 Minuten &#8211; und haufenweise dr\u00e4ngelde Rennkids. Wie angenehm war hier fr\u00fcher das Anstehen, als noch mehr Skischulen und weniger Trainingsgruppen da waren &#8211; allerdings waren fr\u00fcher auch 10 Minuten Wartezeit \u00fcblicher&#8230;<\/p>\n<p><a href='http:\/\/ski.inmontanis.info\/d\/184860-2\/DSC07000.jpg'><img src=http:\/\/ski.inmontanis.info\/d\/184859-3\/DSC07000.jpg \/><\/a><br \/>\n^ Pano hinterm SL Cristallo. Und was sollen eigentlich die ganzen Kabel hier ?!?<\/p>\n<p><a href='http:\/\/ski.inmontanis.info\/d\/184864-2\/DSC07001.jpg'><img src=http:\/\/ski.inmontanis.info\/d\/184863-3\/DSC07001.jpg \/><\/a><br \/>\n^ Zoom Tonale Gletscherskigebiet vom Stelvio\/Cristallo<\/p>\n<p><a href='http:\/\/ski.inmontanis.info\/d\/184868-2\/DSC07006.jpg'><img src=http:\/\/ski.inmontanis.info\/d\/184867-3\/DSC07006.jpg \/><\/a><br \/>\n^ Das Dach des rechten Priovano-Hauses wurde ja heuer Opfer eines der St\u00fcrme &#8211; allerdings dachte ich, dass beide H\u00e4user seit Jahren\/Jahrzehnten nicht mehr verwendet werden, wieso baut man das Haus dann wieder auf?<\/p>\n<p><a href='http:\/\/ski.inmontanis.info\/d\/184872-2\/DSC07008.jpg'><img src=http:\/\/ski.inmontanis.info\/d\/184871-3\/DSC07008.jpg \/><\/a><br \/>\n^ Trincerone-Livrio. Der rechte Abfahrtsweg war dann ab Mittag gesperrt mit assozial platzierten Pistenraupen<\/p>\n<p><a href='http:\/\/ski.inmontanis.info\/d\/184876-2\/DSC07012.jpg'><img src=http:\/\/ski.inmontanis.info\/d\/184875-3\/DSC07012.jpg \/><\/a><br \/>\n^ SL Geister SL Payer (rechts der ehemalige Ausstieg SL Payer)<\/p>\n<p><a href='http:\/\/ski.inmontanis.info\/d\/184880-2\/DSC07014.jpg'><img src=http:\/\/ski.inmontanis.info\/d\/184879-3\/DSC07014.jpg \/><\/a><br \/>\n^ Abfahrt SL Payer, auf dieser Seite war lediglich ein Rennkurs gesteckt, der ist nun um 11:23 Uhr weg &#8211; die Steilh\u00e4nge blieben leider tw. bis um Schluss besetzt.<\/p>\n<p><a href='http:\/\/ski.inmontanis.info\/d\/184884-2\/DSC07015.jpg'><img src=http:\/\/ski.inmontanis.info\/d\/184883-3\/DSC07015.jpg \/><\/a><br \/>\n^ St\u00fctze SL Payer. Die St\u00fctzen hier sind ganz sch\u00f6n gro\u00df, trotzdem muss noch ein geh\u00f6riges St\u00fcck im Schnee stecken, denn die St\u00fctze steht ja frei und ohne abgspannt zu sein, wie man an den lockeren Seilen erkennen kann. Mal gespannt, wie tief diese St\u00fctze \u00fcber den Winter eingeschneit wird.<\/p>\n<p><a href='http:\/\/ski.inmontanis.info\/d\/184888-2\/DSC07017.jpg'><img src=http:\/\/ski.inmontanis.info\/d\/184887-3\/DSC07017.jpg \/><\/a><br \/>\n^ Im Mini-Funpark hab ich heute nur einmal einen rumtesten sehen&#8230;<\/p>\n<p><a href='http:\/\/ski.inmontanis.info\/d\/184892-2\/DSC07018.jpg'><img src=http:\/\/ski.inmontanis.info\/d\/184891-3\/DSC07018.jpg \/><\/a><br \/>\n^ Ein bissl Offpiste ging sich zwischen SL Geister und Mittelstation zu Mittag dann doch noch aus<\/p>\n<p><a href='http:\/\/ski.inmontanis.info\/d\/184896-2\/DSC07019.jpg'><img src=http:\/\/ski.inmontanis.info\/d\/184895-3\/DSC07019.jpg \/><\/a><br \/>\n^ Ab Mittag war der linke Weg dann gesperrt, man musste den unteren nehmen, wobei einige auch um die Raupen rumgekraxelt sind. Nervige Schickane, das gibt ein dickes, fettes MINUS<\/p>\n<p><a href='http:\/\/ski.inmontanis.info\/d\/184900-2\/DSC07021.jpg'><img src=http:\/\/ski.inmontanis.info\/d\/184899-3\/DSC07021.jpg \/><\/a><br \/>\n^ PB Sektion 1 &#8211; wo k\u00f6nnte ich hier nachmittags am sinnvollsten runterfahren &#8230;<\/p>\n<p><a href='http:\/\/ski.inmontanis.info\/d\/184904-2\/DSC07024.jpg'><img src=http:\/\/ski.inmontanis.info\/d\/184903-3\/DSC07024.jpg \/><\/a><br \/>\n^ Ehemalige Korblift-Bergstation, links die aktuelle PB<\/p>\n<p><a href='http:\/\/ski.inmontanis.info\/d\/184908-2\/DSC07025.jpg'><img src=http:\/\/ski.inmontanis.info\/d\/184907-3\/DSC07025.jpg \/><\/a><br \/>\n^ Livrio &#8211; Nagler und die beiden (anscheinend doch nicht ganz aufgelassenen?) Pirovano-H\u00e4user<\/p>\n<p><a href='http:\/\/ski.inmontanis.info\/d\/184912-2\/DSC07026.jpg'><img src=http:\/\/ski.inmontanis.info\/d\/184911-3\/DSC07026.jpg \/><\/a><br \/>\n^ Bereich rechts des Naglers, es folgt gleich ein Zoom in die Mulde &#8230;<\/p>\n<p><a href='http:\/\/ski.inmontanis.info\/d\/184916-2\/DSC07032.jpg'><img src=http:\/\/ski.inmontanis.info\/d\/184915-3\/DSC07032.jpg \/><\/a><br \/>\n^ Zoom in besagte Mulde rechts des Naglers; man sieht hier links verfallene Holzteile und mittig-rechts ein Betonfundament. \u00dcberreste aus dem WK1 oder Bauarbeiten eines zus\u00e4tzlichen Lifts?<\/p>\n<p><a href='http:\/\/ski.inmontanis.info\/d\/184920-2\/DSC07035.jpg'><img src=http:\/\/ski.inmontanis.info\/d\/184919-3\/DSC07035.jpg \/><\/a><br \/>\n^ Betonfundament in Bildmitte. Hatte Kris nicht mal was von einem unvollendeten SL erz\u00e4hlt, desen Betonfundament am Grat ist?<\/p>\n<p><a href='http:\/\/ski.inmontanis.info\/d\/184924-2\/DSC07044.jpg'><img src=http:\/\/ski.inmontanis.info\/d\/184923-3\/DSC07044.jpg \/><\/a><br \/>\n^ Ja, wovon wurde egtl. das Gel\u00e4nde an der PB-Station da vorne besch\u00e4digt?<\/p>\n<p><a href='http:\/\/ski.inmontanis.info\/d\/184928-2\/DSC07045.jpg'><img src=http:\/\/ski.inmontanis.info\/d\/184927-3\/DSC07045.jpg \/><\/a><br \/>\n^ Nachmittags sind derzeit die SL Geister wieder in Betrieb &#8211; leider sind auch ungew\u00f6hnlich viele Trainingsgruppen noch aktiv.<\/p>\n<p><a href='http:\/\/ski.inmontanis.info\/d\/184932-2\/DSC07046.jpg'><img src=http:\/\/ski.inmontanis.info\/d\/184931-3\/DSC07046.jpg \/><\/a><br \/>\n^ &#8230; aber zumindest der Teil des Trainingsgel\u00e4ndes (Ex-SL Tucket) war einigerma\u00dfen frei und hatte noch mit den besten Schnee.<\/p>\n<p><a href='http:\/\/ski.inmontanis.info\/d\/184936-2\/DSC07049.jpg'><img src=http:\/\/ski.inmontanis.info\/d\/184935-3\/DSC07049.jpg \/><\/a><br \/>\n^ Hier wurde wohl die Abfahrt nach rechts ein St\u00fcck weit runter verl\u00e4ngert; R\u00fccktransport f\u00fcr Trainingsgruppen per Raupentaxi<\/p>\n<p><a href='http:\/\/ski.inmontanis.info\/d\/184940-2\/DSC07051.jpg'><img src=http:\/\/ski.inmontanis.info\/d\/184939-3\/DSC07051.jpg \/><\/a><br \/>\n^ Die Talstation des SL Geister ist nun von der Abfahrt nicht mehr ohne Aufstieg zu erreichen. Warum man den Einstieg nicht einfach runter setzt?!<\/p>\n<p><a href='http:\/\/ski.inmontanis.info\/d\/184944-2\/DSC07052.jpg'><img src=http:\/\/ski.inmontanis.info\/d\/184943-3\/DSC07052.jpg \/><\/a><br \/>\n^ Ex-SL-Stelvio-Abfahrt, ist noch einigerma\u00dfen pr\u00e4pariert.<\/p>\n<p><a href='http:\/\/ski.inmontanis.info\/d\/184948-2\/DSC07054.jpg'><img src=http:\/\/ski.inmontanis.info\/d\/184947-3\/DSC07054.jpg \/><\/a><br \/>\n^ Nachdem ich einige Minuten durch ein Steinfeld gegangen bin und die Kurve der Talabfahrt \u00fcberwunden hatte, dachte ich, ich w\u00fcrde nun ein durchgehendes Schneeband vorfinden &#8211; leider war diese Annahme ein Fehler.<\/p>\n<p><a href='http:\/\/ski.inmontanis.info\/d\/184952-2\/DSC07055.jpg'><img src=http:\/\/ski.inmontanis.info\/d\/184951-3\/DSC07055.jpg \/><\/a><br \/>\n^ Immerhin findet man bei der Wanderung \u00fcber diesen Schutt haufenweise alte Relikte, verrostete Seile, Schaufeln, Stangen&#8230;<\/p>\n<p><a href='http:\/\/ski.inmontanis.info\/d\/184956-2\/DSC07058.jpg'><img src=http:\/\/ski.inmontanis.info\/d\/184955-3\/DSC07058.jpg \/><\/a><br \/>\n^ Im nachhinein betrachtet h\u00e4tte ich doch von oben in diesen rechten Hang einsteigen sollen, anstatt den Weg der Talabfahrt (links) zu nehmen ..<\/p>\n<p><a href='http:\/\/ski.inmontanis.info\/d\/184960-2\/DSC07060.jpg'><img src=http:\/\/ski.inmontanis.info\/d\/184959-3\/DSC07060.jpg \/><\/a><br \/>\n^ Mal wieder ein gr\u00f6\u00dferes Schneefeld, dann Fu\u00dfweg, dann kleines Schneefeld, dann Fu\u00dfweg, dann gr\u00f6\u00dferes Schneefeld, dann Fu\u00dfweg, dann letztes Schneefeld direkt am Parkplatz.<\/p>\n<p><a href='http:\/\/ski.inmontanis.info\/d\/184964-2\/DSC07061.jpg'><img src=http:\/\/ski.inmontanis.info\/d\/184963-3\/DSC07061.jpg \/><\/a><br \/>\n^ Immerhin ein ernstzunehmendes Schneefeld<\/p>\n<p><a href='http:\/\/ski.inmontanis.info\/d\/184968-2\/DSC07062.jpg'><img src=http:\/\/ski.inmontanis.info\/d\/184967-3\/DSC07062.jpg \/><\/a><br \/>\n^ Auch das kleine Schneefeld will befahren sein<\/p>\n<p><a href='http:\/\/ski.inmontanis.info\/d\/184972-2\/DSC07063.jpg'><img src=http:\/\/ski.inmontanis.info\/d\/184971-3\/DSC07063.jpg \/><\/a><br \/>\n^ Das vorletzte Schneefeld war ja wieder etwas gr\u00f6\u00dfer, aber es fehlte in den letzten 2 Stunden die durchgehende Sonneneinstrahlung.<\/p>\n<p><a href='http:\/\/ski.inmontanis.info\/d\/184976-2\/DSC07064.jpg'><img src=http:\/\/ski.inmontanis.info\/d\/184975-3\/DSC07064.jpg \/><\/a><br \/>\n^ .. daher waren die tiefen Furchen recht schwierig zu fahren.<\/p>\n<p><a href='http:\/\/ski.inmontanis.info\/d\/184980-2\/DSC07069.jpg'><img src=http:\/\/ski.inmontanis.info\/d\/184979-3\/DSC07069.jpg \/><\/a><br \/>\n^ In diesem Bereich der Talabfahrt findet man pl\u00f6tzlich irgendwelche verrosteten Gel\u00e4nder und Rohre??<\/p>\n<p><a href='http:\/\/ski.inmontanis.info\/d\/184984-2\/DSC07070.jpg'><img src=http:\/\/ski.inmontanis.info\/d\/184983-3\/DSC07070.jpg \/><\/a><br \/>\n^ Ende der Talabfahrt direkt am Parkplatz. Naja, ein 2. Mal brauch ich&#8217;s jetzt nicht mehr &#8230;.<\/p>\n<p><a href='http:\/\/ski.inmontanis.info\/d\/184988-2\/ge20140907b.jpg'><img src=http:\/\/ski.inmontanis.info\/d\/184987-3\/ge20140907b.jpg \/><\/a><br \/>\n^ GPS-Track 7.9.2014<\/p>\n<p>Jetzt noch ein paar Vergleichsfotos<\/p>\n<p><strong>Trincerone -> Livrio:<\/strong><\/p>\n<p>7.9.2014:<br \/>\n<img src=http:\/\/ski.inmontanis.info\/d\/184871-3\/DSC07008.jpg \/><\/p>\n<p>14.7.2007:<br \/>\n<img src=http:\/\/ski.inmontanis.info\/d\/29743-2\/P1170467.jpg \/><\/p>\n<p>23.8.2003:<br \/>\n<img src=http:\/\/ski.inmontanis.info\/d\/147694-3\/08230045.jpg \/><\/p>\n<p>16.8.2002:<br \/>\n<img src=http:\/\/ski.inmontanis.info\/d\/147799-3\/StilfserJoch200208_FuniforStrecke.jpg \/><\/p>\n<p>12.8.1995:<br \/>\n<img src=http:\/\/ski.inmontanis.info\/d\/147718-3\/old1995_StilfserJoch3.jpg \/><\/p>\n<p>7.9.2014:<br \/>\n<img src=http:\/\/ski.inmontanis.info\/d\/184871-3\/DSC07008.jpg \/><\/p>\n<p><strong>Livrio -> Trincerone:<\/strong><\/p>\n<p>7.9.2014:<br \/>\n<img src=http:\/\/ski.inmontanis.info\/d\/184795-3\/DSC06962.jpg \/><\/p>\n<p>24.8.2008:<br \/>\n<img src=http:\/\/ski.inmontanis.info\/d\/66914-3\/P1300188.JPG \/><\/p>\n<p>23.8.2003:<br \/>\n<img src=http:\/\/ski.inmontanis.info\/d\/147682-3\/08230035.jpg \/><\/p>\n<p>15.8.2000:<br \/>\n<img src=http:\/\/ski.inmontanis.info\/d\/147742-3\/scanned_2000_stilfserjoch0815.jpg \/><\/p>\n<p>7.9.2014:<br \/>\n<img src=http:\/\/ski.inmontanis.info\/d\/184795-3\/DSC06962.jpg \/><\/p>\n<p><strong>Livrio -> Geisterspitze:<\/strong><\/p>\n<p>7.9.2014:<br \/>\n<img src=http:\/\/ski.inmontanis.info\/d\/184803-3\/DSC06964.jpg \/><\/p>\n<p>7.8.2010:<br \/>\n<img src=http:\/\/ski.inmontanis.info\/d\/118975-3\/P1560356-357.jpg \/><\/p>\n<p>14.7.2007:<br \/>\n<img src=http:\/\/ski.inmontanis.info\/d\/29653-2\/P1170402.jpg \/><\/p>\n<p>23.8.2003:<br \/>\n<img src=http:\/\/ski.inmontanis.info\/d\/147835-3\/08230040.jpg \/><\/p>\n<p>7.9.2014:<br \/>\n<img src=http:\/\/ski.inmontanis.info\/d\/184803-3\/DSC06964.jpg \/><\/p>\n<p><strong>Livrio -> Nagler:<\/strong><br \/>\n7.9.2014:<br \/>\n<img src=http:\/\/ski.inmontanis.info\/d\/184799-3\/DSC06963.jpg \/><\/p>\n<p>24.8.2008:<br \/>\n<img src=http:\/\/ski.inmontanis.info\/d\/66918-3\/P1300189.JPG \/><\/p>\n<p>23.8.2003:<br \/>\n<img src=http:\/\/ski.inmontanis.info\/d\/147674-3\/08230037.jpg \/><\/p>\n","protected":false},"excerpt":{"rendered":"<p>Nachdem die Wettervorhersagen f\u00fcr Hintertux letztes WE so unsicher waren wie schon den ganzen Sommer \u00fcber, aber f\u00fcrs Stilfserjoch die meisten Wetterberichte besseres Wetter meldeten, bin ich nach 4 Jahren wieder mal auf den Stelvio gefahren. Auch, weil die Abfahrt noch zur Mittelstation offen war und die SL mittlerweile (im Gegensatz zum Hochsommer) nachmittags ge\u00f6ffnet <a href=\"http:\/\/blog.inmontanis.info\/?p=2844\">[&#8230;]<\/a><\/p>\n","protected":false},"author":1,"featured_media":0,"comment_status":"closed","ping_status":"closed","sticky":false,"template":"","format":"standard","meta":{"footnotes":""},"categories":[24,15,59,28,387],"tags":[54,52,78,47],"class_list":["post-2844","post","type-post","status-publish","format-standard","hentry","category-tagestour","category-italienitaly","category-nostalgie","category-skifahren-sommer","category-stilfser-joch","tag-gletschervergleich","tag-pb","tag-restschnee","tag-sl","odd"],"_links":{"self":[{"href":"http:\/\/blog.inmontanis.info\/index.php?rest_route=\/wp\/v2\/posts\/2844","targetHints":{"allow":["GET"]}}],"collection":[{"href":"http:\/\/blog.inmontanis.info\/index.php?rest_route=\/wp\/v2\/posts"}],"about":[{"href":"http:\/\/blog.inmontanis.info\/index.php?rest_route=\/wp\/v2\/types\/post"}],"author":[{"embeddable":true,"href":"http:\/\/blog.inmontanis.info\/index.php?rest_route=\/wp\/v2\/users\/1"}],"replies":[{"embeddable":true,"href":"http:\/\/blog.inmontanis.info\/index.php?rest_route=%2Fwp%2Fv2%2Fcomments&post=2844"}],"version-history":[{"count":1,"href":"http:\/\/blog.inmontanis.info\/index.php?rest_route=\/wp\/v2\/posts\/2844\/revisions"}],"predecessor-version":[{"id":2845,"href":"http:\/\/blog.inmontanis.info\/index.php?rest_route=\/wp\/v2\/posts\/2844\/revisions\/2845"}],"wp:attachment":[{"href":"http:\/\/blog.inmontanis.info\/index.php?rest_route=%2Fwp%2Fv2%2Fmedia&parent=2844"}],"wp:term":[{"taxonomy":"category","embeddable":true,"href":"http:\/\/blog.inmontanis.info\/index.php?rest_route=%2Fwp%2Fv2%2Fcategories&post=2844"},{"taxonomy":"post_tag","embeddable":true,"href":"http:\/\/blog.inmontanis.info\/index.php?rest_route=%2Fwp%2Fv2%2Ftags&post=2844"}],"curies":[{"name":"wp","href":"https:\/\/api.w.org\/{rel}","templated":true}]}}