{"id":2842,"date":"2014-09-06T23:17:14","date_gmt":"2014-09-06T21:17:14","guid":{"rendered":"http:\/\/blog.inmontanis.info\/?p=2842"},"modified":"2023-08-06T20:59:09","modified_gmt":"2023-08-06T18:59:09","slug":"kaunertaler-gletscher-endzeit-statt-skizeit-6-9-2014","status":"publish","type":"post","link":"http:\/\/blog.inmontanis.info\/?p=2842","title":{"rendered":"Kaunertaler Gletscher (Endzeit statt Skizeit), 6.9.2014"},"content":{"rendered":"<p>Da ich heuer die Regio Card hatte, wollte ich im Hochsommer mal wieder zum Kaunertaler Gletscher, um den Gletscherstand zu dokumentieren &#8211; und um Fotos des neuen Skitunnels, der die Wiesejaggl-Abfahrt reaktivieren soll, zu machen.<\/p>\n<p>Leider war das im heurigen Sommer ja nicht so einfach, schlechtes Wetter, Schnee h\u00e4lt sich lange, kaum Sonne, aber am 6.9. entschied ich mich, es endlich anzugehen &#8211; nachdem es bereits die ersten Schneef\u00e4lle auf den Gletschern gab und weil zumindest vormittags recht sonniges Wetter prognostiziert wurde. Naja, was war? Wolkig, neblig und so gut wie keine Sonne. Dadurch wirkt der Gletscher hier  nat\u00fcrlich noch katastrophaler..<\/p>\n<p>(Fotos anklicken zum Vergr\u00f6\u00dfern)<\/p>\n<p><a href='http:\/\/ski.inmontanis.info\/d\/184996-2\/DSC06711.jpg'><img src=http:\/\/ski.inmontanis.info\/d\/184995-3\/DSC06711.jpg \/><\/a><br \/>\n^ Mittelstationsabfahrt &#8211; soll das kleine Ding ein Schneedepot sein?<\/p>\n<p><a href='http:\/\/ski.inmontanis.info\/d\/185012-2\/DSC06737.jpg'><img src=http:\/\/ski.inmontanis.info\/d\/185011-3\/DSC06737.jpg \/><\/a><br \/>\n^ Manchmal ist es sehr schwierig zu erkennen, ob unter all dem Ger\u00f6ll noch Gletscher ist oder nicht..<\/p>\n<p><a href='http:\/\/ski.inmontanis.info\/d\/185016-3\/DSC06741.jpg'><img src=http:\/\/ski.inmontanis.info\/d\/185015-3\/DSC06741.jpg \/><\/a><br \/>\n^ SL N\u00f6rderjoch 1 &#8211; 2, hier haben sich teilweise Restschneefelder auf dem Ger\u00f6ll, das selbst wiederum auf dem Gletscher liegt, gehalten &#8230;<\/p>\n<p><a href='http:\/\/ski.inmontanis.info\/d\/185024-2\/DSC06748.jpg'><img src=http:\/\/ski.inmontanis.info\/d\/185023-3\/DSC06748.jpg \/><\/a><br \/>\n^ SL N\u00f6rderjoch 2. Schon Wahnsinn, was hier alles an Fels abgebrochen ist und jetzt auf dem Gletscher liegt &#8230;<\/p>\n<p><a href='http:\/\/ski.inmontanis.info\/d\/185020-2\/DSC06760.jpg'><img src=http:\/\/ski.inmontanis.info\/d\/185019-3\/DSC06760.jpg \/><\/a><br \/>\n^ SL N\u00f6rderjoch 1 &#8211; 2<\/p>\n<p><a href='http:\/\/ski.inmontanis.info\/d\/185008-2\/DSC06761.jpg'><img src=http:\/\/ski.inmontanis.info\/d\/185007-3\/DSC06761.jpg \/><\/a><br \/>\n^ SL N\u00f6rderjoch 1, Gletscherende, Depot<\/p>\n<p><a href='http:\/\/ski.inmontanis.info\/d\/185000-2\/DSC06765.jpg'><img src=http:\/\/ski.inmontanis.info\/d\/184999-3\/DSC06765.jpg \/><\/a><br \/>\n^ SL Wei\u00dfseeferner mit Depots<\/p>\n<p>Vergleichsfoto 21.8.2011:<br \/>\n<a href='http:\/\/ski.inmontanis.info\/d\/135174-3\/DSC08836.jpg'><img src=http:\/\/ski.inmontanis.info\/d\/135172-4\/DSC08836.jpg \/><\/a><\/p>\n<p><a href='http:\/\/ski.inmontanis.info\/d\/185004-2\/DSC06769.jpg'><img src=http:\/\/ski.inmontanis.info\/d\/185003-3\/DSC06769.jpg \/><\/a><br \/>\n^ SL N\u00f6rderjoch<\/p>\n<p>Vergleichsfoto 2.8.2008:<br \/>\n<a href='http:\/\/ski.inmontanis.info\/d\/61242-3\/P1270511.JPG'><img src=http:\/\/ski.inmontanis.info\/d\/61240-4\/P1270511.JPG \/><\/a><\/p>\n<p><a href='http:\/\/ski.inmontanis.info\/d\/185028-2\/DSC06772.jpg'><img src=http:\/\/ski.inmontanis.info\/d\/185027-3\/DSC06772.jpg \/><\/a><br \/>\n^ Schneedepot am SL Wei\u00dfseeferner Talstation<\/p>\n<p><a href='http:\/\/ski.inmontanis.info\/d\/185032-2\/DSC06781.jpg'><img src=http:\/\/ski.inmontanis.info\/d\/185031-3\/DSC06781.jpg \/><\/a><br \/>\n^ Wei\u00dfseespitze<\/p>\n<p>Vergleichsfoto 21.8.2011:<br \/>\n<a href='http:\/\/ski.inmontanis.info\/d\/135178-3\/DSC08840.jpg'><img src=http:\/\/ski.inmontanis.info\/d\/135176-4\/DSC08840.jpg \/><\/a><\/p>\n<p><a href='http:\/\/ski.inmontanis.info\/d\/185036-2\/DSC06785.jpg'><img src=http:\/\/ski.inmontanis.info\/d\/185035-3\/DSC06785.jpg \/><\/a><br \/>\n^ Manchmal ist es sehr schwierig zu erkennen, wo der \u00dcbergang zwischen Fels und (Ger\u00f6ll auf) Gletscher ist &#8211; und dazu kommen noch die Restschneefelder auf Fels oder auf Gletscher oder auf Ger\u00f6ll auf Gletscher ;-)<\/p>\n<p><a href='http:\/\/ski.inmontanis.info\/d\/185040-2\/DSC06786.jpg'><img src=http:\/\/ski.inmontanis.info\/d\/185039-3\/DSC06786.jpg \/><\/a><br \/>\n^ SL Wei\u00dfseeferner Steilhang<\/p>\n<p><a href='http:\/\/ski.inmontanis.info\/d\/185044-2\/DSC06794.jpg'><img src=http:\/\/ski.inmontanis.info\/d\/185043-3\/DSC06794.jpg \/><\/a><br \/>\n^ Der Hang \u00fcber dem Skiweg zur Trainingspiste d\u00fcrfte wohl bald Gletscherfrei sein.<\/p>\n<p><a href='http:\/\/ski.inmontanis.info\/d\/185052-2\/DSC06796.jpg'><img src=http:\/\/ski.inmontanis.info\/d\/185051-3\/DSC06796.jpg \/><\/a><br \/>\n^ 8EUB mit zahlreichen Restschneefeldern<\/p>\n<p><a href='http:\/\/ski.inmontanis.info\/d\/185048-2\/DSC06797.jpg'><img src=http:\/\/ski.inmontanis.info\/d\/185047-3\/DSC06797.jpg \/><\/a><br \/>\n^ SL Wei\u00dfseeferner und Falgin<\/p>\n<p><a href='http:\/\/ski.inmontanis.info\/d\/185056-2\/DSC06801.jpg'><img src=http:\/\/ski.inmontanis.info\/d\/185055-3\/DSC06801.jpg \/><\/a><br \/>\n^ 8EUB mit vermatteter Piste (Restgletscher) bzw. Depots<\/p>\n<p><a href='http:\/\/ski.inmontanis.info\/d\/185060-2\/DSC06802.jpg'><img src=http:\/\/ski.inmontanis.info\/d\/185059-3\/DSC06802.jpg \/><\/a><br \/>\n^ Gletscherbecken von der 8EUB aus. Hatte ich schon erw\u00e4hnt, dass der Wetterbericht f\u00fcr heute wesentlich sonniger gemeldet hatte?<\/p>\n<p>Vergleichsfoto 21.8.2011:<br \/>\n<a href='http:\/\/ski.inmontanis.info\/d\/135162-3\/DSC08832.jpg'><img src=http:\/\/ski.inmontanis.info\/d\/135160-4\/DSC08832.jpg \/><\/a><\/p>\n<p><a href='http:\/\/ski.inmontanis.info\/d\/185068-2\/DSC06803.jpg'><img src=http:\/\/ski.inmontanis.info\/d\/185067-3\/DSC06803.jpg \/><\/a><br \/>\n^ Zoom SL N\u00f6rderjoch 2<\/p>\n<p><a href='http:\/\/ski.inmontanis.info\/d\/185064-2\/DSC06804.jpg'><img src=http:\/\/ski.inmontanis.info\/d\/185063-3\/DSC06804.jpg \/><\/a><br \/>\n^ Zoom SL N\u00f6rderjoch 2<\/p>\n<p><a href='http:\/\/ski.inmontanis.info\/d\/185076-2\/DSC06815.jpg'><img src=http:\/\/ski.inmontanis.info\/d\/185075-3\/DSC06815.jpg \/><\/a><br \/>\n^ Blick von der 8EUB zur Ex-Wiesejaggl-DSB. \u00c4h, wo ist jetzt der neue Tunnel?<\/p>\n<p><a href='http:\/\/ski.inmontanis.info\/d\/185080-2\/DSC06820.jpg'><img src=http:\/\/ski.inmontanis.info\/d\/185079-3\/DSC06820.jpg \/><\/a><br \/>\n^ Ahja, da unten ist der Tunnel erst! Damit f\u00e4llt der obere Hang der ehemaligen und nun wieder reaktivierten Wiesejaggl-Abfahrt also weg.<\/p>\n<p><a href='http:\/\/ski.inmontanis.info\/d\/185072-2\/DSC06829.jpg'><img src=http:\/\/ski.inmontanis.info\/d\/185071-3\/DSC06829.jpg \/><\/a><br \/>\n^ Wei\u00dfseeferner &#8211; Wei\u00dfseespitze<\/p>\n<p><a href='http:\/\/ski.inmontanis.info\/d\/185084-2\/DSC06839.jpg'><img src=http:\/\/ski.inmontanis.info\/d\/185083-3\/DSC06839.jpg \/><\/a><br \/>\n^ Warum auch immer &#8211; der Bagger fuhr \u00fcber diesen Bach&#8230;. Links daneben ist es mal wieder sehr schwierig zu erkennen, wo Gletscher und wo nicht mehr ist.<\/p>\n<p><a href='http:\/\/ski.inmontanis.info\/d\/185088-2\/DSC06843.jpg'><img src=http:\/\/ski.inmontanis.info\/d\/185087-3\/DSC06843.jpg \/><\/a><br \/>\n^ Denn unter all dem Ger\u00f6ll gibt&#8217;s  sogar noch eine Gletscherspalte &#8211; also links und rechts von der Spalte ist tats\u00e4chlich noch Eis!<\/p>\n<p><a href='http:\/\/ski.inmontanis.info\/d\/185092-2\/DSC06849.jpg'><img src=http:\/\/ski.inmontanis.info\/d\/185091-3\/DSC06849.jpg \/><\/a><br \/>\n^ Blick in diese kleine Gletscherspalte. Ob das da unten jetzt der Boden ist? Oder doch wieder nur eine Schicht Ger\u00f6ll? Naja, im Prinzip auch egal.<\/p>\n<p><a href='http:\/\/ski.inmontanis.info\/d\/185096-2\/DSC06855.jpg'><img src=http:\/\/ski.inmontanis.info\/d\/185095-3\/DSC06855.jpg \/><\/a><br \/>\n^ Schneedepot und zumindest rechts ist noch Gletscher unter dem Ger\u00f6ll. Ob jetzt auch unter mir, wer wei\u00df.<\/p>\n<p><a href='http:\/\/ski.inmontanis.info\/d\/185100-2\/DSC06861.jpg'><img src=http:\/\/ski.inmontanis.info\/d\/185099-3\/DSC06861.jpg \/><\/a><br \/>\n^ Hier d\u00fcrfte wohl noch allles Gletscher sein. Oder doch nicht? Jedenfalls sinkt man tief ein.<\/p>\n<p><a href='http:\/\/ski.inmontanis.info\/d\/185104-2\/DSC06863.jpg'><img src=http:\/\/ski.inmontanis.info\/d\/185103-3\/DSC06863.jpg \/><\/a><br \/>\n^ W\u00e4h, voll in diese Gletscher-Ger\u00f6ll-Matsche eingesunken. Und noch nicht mal die Wanderstiefel angehabt, daher hatte ich den steinigen Matsch auch IM Schuh.<\/p>\n<p><a href='http:\/\/ski.inmontanis.info\/d\/185108-2\/DSC06864.jpg'><img src=http:\/\/ski.inmontanis.info\/d\/185107-3\/DSC06864.jpg \/><\/a><br \/>\n^ Beschneiung SL N\u00f6rderjoch 2<\/p>\n<p><a href='http:\/\/ski.inmontanis.info\/d\/185112-2\/DSC06865.jpg'><img src=http:\/\/ski.inmontanis.info\/d\/185111-3\/DSC06865.jpg \/><\/a><br \/>\n^ Beschneiung SL N\u00f6rderjoch 2<\/p>\n<p><a href='http:\/\/ski.inmontanis.info\/d\/185116-2\/DSC06943.jpg'><img src=http:\/\/ski.inmontanis.info\/d\/185115-3\/DSC06943.jpg \/><\/a><br \/>\n^ Der \u00dcbergang zwischen Fels, Ger\u00f6ll-auf-Gletscher und Gletscher-ohne-Ger\u00f6ll ist flie\u00dfend &#8230;<\/p>\n<p><a href='http:\/\/ski.inmontanis.info\/d\/185124-2\/DSC06945.jpg'><img src=http:\/\/ski.inmontanis.info\/d\/185123-3\/DSC06945.jpg \/><\/a><br \/>\n^ Reaktivierte Wiesejaggl-Abfahrt mit neuem Skitunnel. Der obere Hang f\u00e4llt weg.<\/p>\n<p><a href='http:\/\/ski.inmontanis.info\/d\/185120-2\/DSC06950.jpg'><img src=http:\/\/ski.inmontanis.info\/d\/185119-3\/DSC06950.jpg \/><\/a><br \/>\n^ Reaktivierte Wiesejaggl-Abfahrt mit neuer Br\u00fccke. Normalerweise ist die Stra\u00dfe doch eh geschlossen, wenn die Abfahrt offen ist!? Hm&#8230;<\/p>\n<p><a href='http:\/\/ski.inmontanis.info\/d\/185128-2\/DSC06954.jpg'><img src=http:\/\/ski.inmontanis.info\/d\/185127-3\/DSC06954.jpg \/><\/a><br \/>\n^ Reaktivierte Wiesejaggl-Abfahrt. Na gut, der Gro\u00dfteil blieb bestehen und in Summe ist es eine sch\u00f6ne Aufwertung im Fr\u00fchjahr.<\/p>\n<p><a href='http:\/\/ski.inmontanis.info\/d\/184992-2\/DSC06958.jpg'><img src=http:\/\/ski.inmontanis.info\/d\/184991-3\/DSC06958.jpg \/><\/a><br \/>\n^ Gepatsch Ende<\/p>\n<p>Vergleichsfoto 2.8.2008:<br \/>\n<a href='http:\/\/ski.inmontanis.info\/d\/61234-3\/P1270503.JPG'><img src=http:\/\/ski.inmontanis.info\/d\/61232-4\/P1270503.JPG \/><\/a><\/p>\n<p>Vergleichsfoto 17.7.2005:<br \/>\n<a href='http:\/\/ski.inmontanis.info\/d\/8447-2\/07170044_G.jpg'><img src=http:\/\/ski.inmontanis.info\/d\/8447-2\/07170044_G.jpg \/><\/a><\/p>\n","protected":false},"excerpt":{"rendered":"<p>Da ich heuer die Regio Card hatte, wollte ich im Hochsommer mal wieder zum Kaunertaler Gletscher, um den Gletscherstand zu dokumentieren &#8211; und um Fotos des neuen Skitunnels, der die Wiesejaggl-Abfahrt reaktivieren soll, zu machen.<\/p>\n<p>Leider war das im heurigen Sommer ja nicht so einfach, schlechtes Wetter, Schnee h\u00e4lt sich lange, kaum Sonne, aber am <a href=\"http:\/\/blog.inmontanis.info\/?p=2842\">[&#8230;]<\/a><\/p>\n","protected":false},"author":1,"featured_media":0,"comment_status":"closed","ping_status":"closed","sticky":false,"template":"","format":"standard","meta":{"footnotes":""},"categories":[905,25,13],"tags":[53,54,47],"class_list":["post-2842","post","type-post","status-publish","format-standard","hentry","category-kaunertaler-gletscher","category-noreport","category-austria","tag-8eub","tag-gletschervergleich","tag-sl","odd"],"_links":{"self":[{"href":"http:\/\/blog.inmontanis.info\/index.php?rest_route=\/wp\/v2\/posts\/2842","targetHints":{"allow":["GET"]}}],"collection":[{"href":"http:\/\/blog.inmontanis.info\/index.php?rest_route=\/wp\/v2\/posts"}],"about":[{"href":"http:\/\/blog.inmontanis.info\/index.php?rest_route=\/wp\/v2\/types\/post"}],"author":[{"embeddable":true,"href":"http:\/\/blog.inmontanis.info\/index.php?rest_route=\/wp\/v2\/users\/1"}],"replies":[{"embeddable":true,"href":"http:\/\/blog.inmontanis.info\/index.php?rest_route=%2Fwp%2Fv2%2Fcomments&post=2842"}],"version-history":[{"count":2,"href":"http:\/\/blog.inmontanis.info\/index.php?rest_route=\/wp\/v2\/posts\/2842\/revisions"}],"predecessor-version":[{"id":9290,"href":"http:\/\/blog.inmontanis.info\/index.php?rest_route=\/wp\/v2\/posts\/2842\/revisions\/9290"}],"wp:attachment":[{"href":"http:\/\/blog.inmontanis.info\/index.php?rest_route=%2Fwp%2Fv2%2Fmedia&parent=2842"}],"wp:term":[{"taxonomy":"category","embeddable":true,"href":"http:\/\/blog.inmontanis.info\/index.php?rest_route=%2Fwp%2Fv2%2Fcategories&post=2842"},{"taxonomy":"post_tag","embeddable":true,"href":"http:\/\/blog.inmontanis.info\/index.php?rest_route=%2Fwp%2Fv2%2Ftags&post=2842"}],"curies":[{"name":"wp","href":"https:\/\/api.w.org\/{rel}","templated":true}]}}