{"id":2840,"date":"2014-08-24T23:13:54","date_gmt":"2014-08-24T21:13:54","guid":{"rendered":"http:\/\/blog.inmontanis.info\/?p=2840"},"modified":"2014-10-06T23:15:10","modified_gmt":"2014-10-06T21:15:10","slug":"armelkanal-heimfahrt-24-8-2014","status":"publish","type":"post","link":"http:\/\/blog.inmontanis.info\/?p=2840","title":{"rendered":"\u00c4rmelkanal + Heimfahrt, 24.8.2014"},"content":{"rendered":"<p><strong>So, 24.8.2014 &#8211; Tag 16 &#8211; km. 98.080 (\u2206 1.128 km)<\/strong><\/p>\n<p>Die letzte Urlaubsnacht verlief leider weniger angenehm, wobei es nicht die fr\u00fche Aufstehzeit (4:30 Uhr) war, da ich zeitig genug ins Bett kam, sondern das fette Essen gestern Abend (und der nahe L\u00e4rm der wenigen vorbeibrausenden Autos) &#8211; so dass ich irgendwann des Nachts aufstand um eine halbe Rennie (und sp\u00e4ter die zweite H\u00e4lfte) zu nehmen &#8230;<\/p>\n<p>Als ich dann aufstand, ging ich kurz auf den Deich und fotografierte das morgendliche Meer. Ups, hab ich gestern abend gar nicht mitgekriegt, dass die Stra\u00dfe so direkt am Meer ist &#8211; und so tief ist, dass da so ein gro\u00dfer Damm ben\u00f6tigt wird. Vielleicht nicht unbedingt der beste Schlafplatz bei st\u00fcrmischen Wetter ;-)<\/p>\n<p>(Fotos anklicken zum Vergr\u00f6\u00dfern)<\/p>\n<p><a href='http:\/\/extra.inmontanis.info\/d\/21055-3\/201408ges7.jpg'><img src=http:\/\/extra.inmontanis.info\/d\/21053-4\/201408ges7.jpg \/><\/a><br \/>\n(F\u00e4hre Dover-Calais + Heimfahrt)<\/p>\n<p><a href='http:\/\/extra.inmontanis.info\/d\/25781-2\/DSC06584.jpg'><img src=http:\/\/extra.inmontanis.info\/d\/25780-3\/DSC06584.jpg \/><\/a><br \/>\n^ Morgendliches Meer-Pano &#8211; sorry, leicht verwackelt, da handgehalten (1\/6 sec)<\/p>\n<p><a href='http:\/\/extra.inmontanis.info\/d\/25785-2\/DSC06593.jpg'><img src=http:\/\/extra.inmontanis.info\/d\/25784-3\/DSC06593.jpg \/><\/a><br \/>\n^ Sonnenaufgang<\/p>\n<p>Ich kam problemlos zum Hafen in Dover um 6 Uhr, wo um 7 Uhr mein Schiff abfuhr. Die Sicht war gut, man konnte die ganze Zeit \u00fcber beide K\u00fcsten des \u00c4rmelkanals sehen! Da ich ja mit der gleichen F\u00e4hrgesellschaft wie hinw\u00e4rts fuhr, gab&#8217;s auch diesmal wieder nur das gleiche &#8211; und somit keine Pasties und auch keine Krabbensandwiches. Ersteres liegt wohl daran, dass diese Flotte (myferrylink) unter franz\u00f6sischer Fahne verkehrt. Zudem ist das Car-Deck offen und zwar genau am Au\u00dfendeck, und kaum legte das Schiff ab, st\u00f6rten die Alarmsirenen diverser Autos &#8211; durchgehend w\u00e4hrend der ganzen \u00dcberfahrt. Nerv! N\u00e4chstes Mal &#8211; sofern es nicht zu viel mehr kostet &#8211; doch wieder eine andere F\u00e4hrgesellschaft. Immerhin ging das Ausfahren in Calais z\u00fcgig.<\/p>\n<p><a href='http:\/\/extra.inmontanis.info\/d\/25765-2\/DSC06613.jpg'><img src=http:\/\/extra.inmontanis.info\/d\/25764-3\/DSC06613.jpg \/><\/a><br \/>\n^ Dover Steilklippen<\/p>\n<p><a href='http:\/\/extra.inmontanis.info\/d\/25769-2\/DSC06629.jpg'><img src=http:\/\/extra.inmontanis.info\/d\/25768-3\/DSC06629.jpg \/><\/a><br \/>\n^ Schiff &#8211; Dover<\/p>\n<p><a href='http:\/\/extra.inmontanis.info\/d\/25773-2\/DSC06648.jpg'><img src=http:\/\/extra.inmontanis.info\/d\/25772-3\/DSC06648.jpg \/><\/a><br \/>\n^ Links die K\u00fcste Frankreichs, rechts die wei\u00dfen Steilklippen von England<\/p>\n<p><a href='http:\/\/extra.inmontanis.info\/d\/25777-2\/DSC06657.jpg'><img src=http:\/\/extra.inmontanis.info\/d\/25776-3\/DSC06657.jpg \/><\/a><br \/>\n^ Ankunft in Frankreich \/ Calais<\/p>\n<p>In Frankreich angekommen und seit 2 Wochen wieder das erste Mal Franz\u00f6sisch geh\u00f6rt, hatte ich ein ungew\u00f6hnlich &#8220;heimatliches&#8221; Gef\u00fchl &#8211; obwohl ich mit dem Verstehen in Frankreich ja nach wie vor meine Probleme habe. <\/p>\n<p>N\u00e4chster Zwischenstopp: ein sonntags ge\u00f6ffneter Supermarkt in Fankreich. Hatte ich mir vor dem Urlaub egtl. etliche notiert, aber der erste, den ich anfahren wollte, ein Super-U, war wg. Autobahnbaustelle &#8211; gesperrte Ausfahrt &#8211; nun schwieriger anzufahren, so dass ich den Intermarch\u00e9 anfuhr &#8211; aber der hatte doch nicht sonntags ge\u00f6ffnet (vielleicht war&#8217;s auch nicht der, den ich mir rausgeschrieben hatte). Also dann eben doch retour zum Super-U, wo ich noch mal 80,- \u20ac ausgab &#8211; zumeist Fertiggerichte, wie zuletzt \u00fcblich in Frankreich. Diesmal geht&#8217;s auch ohne Schnee zum k\u00fchlen, muss die K\u00fchlbox halt \u00f6fters am Netz h\u00e4ngen.<\/p>\n<p>Weiter \u00fcber die (kostenlose!) Autobahn nach Lille und dort zum Mittagessen zum Buffallo (weil 12:30) &#8211; somit versuchte ich es diesmal bei der alten 2EUB in Saarbr\u00fccken erst gar nicht, da ich die letzten beiden Male ja schon vergeblich vorbei fuhr.<\/p>\n<p>\u00dcber Belgien und sp\u00e4ter die gleiche Strecke wie vor 2 Wochen durch Luxembourg und &#8220;Quer&#8221; r\u00fcber, wodurch man ein paar Mal die Autobahn verlassen darf und \u00fcber Bundesstra\u00dfen fahren muss &#8211; damit die \u00fcber 1000 km Heimfahrt heute nicht gar so langweilig werden. Ein bisschen Stau hatte ich in Deutschland, ein McRib in einem McDonalds ging sich auch noch aus, 2 Tankstopps waren n\u00f6tig (Super-U in Frankreich und nat\u00fcrlich in Luxembourg, weil dort g\u00fcnstiger, nur 1,17 \u20ac), \u00fcber die Fernpassstrecke haben mich Italiener genervt (50 im Lermooser Tunnel!!) und um 23:45 Uhr war ich daheim, also nicht zu sp\u00e4t.<\/p>\n<p><a href='http:\/\/extra.inmontanis.info\/d\/25789-2\/DSC06669.jpg'><img src=http:\/\/extra.inmontanis.info\/d\/25788-3\/DSC06669.jpg \/><\/a><br \/>\n^ 4-spuriger Ausbau B10 n\u00e4he Hinterweidenthal<\/p>\n<p>Was es sonst noch zu sagen gibt:<\/p>\n<p>&#8211; Kaum Klimaanlage ben\u00f6tigt diesen Urlaub, selbst heut durch Deutschland nicht.<\/p>\n<p>&#8211; Kein &#8220;Italien-Urlaubs-Fernweh&#8221; (wie sonst h\u00e4ufig nach einem Urlaub)<\/p>\n<p>&#8211; im Gegensatz zu den Vorjahren sind mir in England diesmal kaum (alte) Leute mit diesen fahrbaren Gehsteig-Elektrowagen aufgefallen, daf\u00fcr wesentlich mehr Behinderte (was einem die Frage stellen l\u00e4sst, gibt&#8217;s in UK mehr Behinderte oder sind sie einfach integrierter?)<\/p>\n<p>&#8211; ein paar seltene Schlagger\u00e4usche am Auto (seitdem nicht mehr geh\u00f6rt)<\/p>\n<p>&#8211; in den letzten 3 Tagen 2x die Meldung &#8220;Vorgl\u00fchkerzen kontrollieren lassen&#8221; gehabt, seit dem Urlaub nur noch ein weiteres Mal, sollte aber vor dem Winter trotzdem vorsorglich mal in der Werkstatt nachfragen<\/p>\n<p>&#8211; weniger Problem mit dem R\u00fcck-Umstellen auf Rechtsverkehr gehabt (im Vgl. zu den letzten beiden UK-Urlauben)<\/p>\n<p>&#8211; beinahe 3 Unf\u00e4lle in UK gehabt (2x bin ich in eine Stra\u00dfe eingefahren und hab das Auto in der \u00fcbergeordneten Stra\u00dfe nicht gesehen &#8211; manche Kreuzungen sind f\u00fcr Linkslenker im Linksverkehr schwierig einzusehen und vielleicht ist man es einfach nicht so gewohnt, auf diese Spur zu sehen); 1x w\u00e4re mir beinahe einer von einer Nebenstra\u00dfe reingefahren)<\/p>\n<p><a href='http:\/\/extra.inmontanis.info\/d\/21255-3\/DSC06697.jpg'><img src=http:\/\/extra.inmontanis.info\/d\/21254-4\/DSC06697.jpg \/><\/a><br \/>\n^ Eink\u00e4ufe im Wert von ca. 250,- \u20ac (und somit ist auch wieder die Frage beantwortet, warum ich lieber mit dem Auto in den Urlaub fahre ;) )<\/p>\n<p>Und zum Schluss etwas, das mir in den letzten Tagen des Urlaubs aufgefallen ist &#8211; mein ultimativer Tipp gegen M\u00fcdigkeit beim Autofahren: Erdn\u00fcsse! Eine halbe Erdnuss mit den Z\u00e4hnen abschaben, damit ist man fast 1 Minute besch\u00e4ftigt. Allein das macht wach, nach ein paar N\u00fcssen h\u00e4lt das aber auch einige Zeit an, wenn man keine mehr isst.<\/p>\n<p>## Ende der Tour ##<\/p>\n","protected":false},"excerpt":{"rendered":"<p>So, 24.8.2014 &#8211; Tag 16 &#8211; km. 98.080 (\u2206 1.128 km)<\/p>\n<p>Die letzte Urlaubsnacht verlief leider weniger angenehm, wobei es nicht die fr\u00fche Aufstehzeit (4:30 Uhr) war, da ich zeitig genug ins Bett kam, sondern das fette Essen gestern Abend (und der nahe L\u00e4rm der wenigen vorbeibrausenden Autos) &#8211; so dass ich irgendwann des Nachts <a href=\"http:\/\/blog.inmontanis.info\/?p=2840\">[&#8230;]<\/a><\/p>\n","protected":false},"author":1,"featured_media":0,"comment_status":"closed","ping_status":"closed","sticky":false,"template":"","format":"standard","meta":{"footnotes":""},"categories":[131,12,16,21],"tags":[37],"class_list":["post-2840","post","type-post","status-publish","format-standard","hentry","category-2014-08-englandirland","category-germany","category-france","category-britain","tag-meer","odd"],"_links":{"self":[{"href":"http:\/\/blog.inmontanis.info\/index.php?rest_route=\/wp\/v2\/posts\/2840","targetHints":{"allow":["GET"]}}],"collection":[{"href":"http:\/\/blog.inmontanis.info\/index.php?rest_route=\/wp\/v2\/posts"}],"about":[{"href":"http:\/\/blog.inmontanis.info\/index.php?rest_route=\/wp\/v2\/types\/post"}],"author":[{"embeddable":true,"href":"http:\/\/blog.inmontanis.info\/index.php?rest_route=\/wp\/v2\/users\/1"}],"replies":[{"embeddable":true,"href":"http:\/\/blog.inmontanis.info\/index.php?rest_route=%2Fwp%2Fv2%2Fcomments&post=2840"}],"version-history":[{"count":1,"href":"http:\/\/blog.inmontanis.info\/index.php?rest_route=\/wp\/v2\/posts\/2840\/revisions"}],"predecessor-version":[{"id":2841,"href":"http:\/\/blog.inmontanis.info\/index.php?rest_route=\/wp\/v2\/posts\/2840\/revisions\/2841"}],"wp:attachment":[{"href":"http:\/\/blog.inmontanis.info\/index.php?rest_route=%2Fwp%2Fv2%2Fmedia&parent=2840"}],"wp:term":[{"taxonomy":"category","embeddable":true,"href":"http:\/\/blog.inmontanis.info\/index.php?rest_route=%2Fwp%2Fv2%2Fcategories&post=2840"},{"taxonomy":"post_tag","embeddable":true,"href":"http:\/\/blog.inmontanis.info\/index.php?rest_route=%2Fwp%2Fv2%2Ftags&post=2840"}],"curies":[{"name":"wp","href":"https:\/\/api.w.org\/{rel}","templated":true}]}}