{"id":2805,"date":"2014-08-13T20:29:15","date_gmt":"2014-08-13T18:29:15","guid":{"rendered":"http:\/\/blog.inmontanis.info\/?p=2805"},"modified":"2014-09-12T12:09:32","modified_gmt":"2014-09-12T10:09:32","slug":"achill-slieve-kusten-seen-und-steiklippen-13-8-2014","status":"publish","type":"post","link":"http:\/\/blog.inmontanis.info\/?p=2805","title":{"rendered":"Achill, Slieve &#8211; K\u00fcsten, Seen und Steilklippen, 13.8.2014"},"content":{"rendered":"<p><strong>Mi, 13.8.2014 &#8211; Tag 5 &#8211; km. 92.906 (\u2206 528km)<\/strong><\/p>\n<p>Heute stand leider etwas mehr Fahrerei auf dem Plan &#8211; und somit hab ich den &#8220;\\\/\\\/\\\/\\\/&#8221; \u00f6fters mal auslassen, um die k\u00fcrzeren und schnelleren Stra\u00dfen zu fahren.<\/p>\n<p>Erstes Hauptziel war Achill Island, eine mit einer Br\u00fccke verbundene Insel, wo es ein paar nette K\u00fcstenstra\u00dfen und steile Cliffs gab, bis dorthin ging&#8217;s aber erst mal 2 Stunden an einigen landschaftlich sch\u00f6nen Stra\u00dfen entlang&#8230;<\/p>\n<p>(Fotos anklicken zum Vergr\u00f6\u00dfern)<\/p>\n<p><a href='http:\/\/extra.inmontanis.info\/d\/21059-3\/201408ges8.jpg'><img src=http:\/\/extra.inmontanis.info\/d\/21058-4\/201408ges8.jpg \/><\/a><br \/>\n<font color=#800040>L) Achill Island<br \/>\nM) Sliabh Liag \/ Slieve League<\/font><\/p>\n<p>Mein \u00dcbernachtungsplatz (Connemara):<\/p>\n<p><a href='http:\/\/extra.inmontanis.info\/d\/22703-2\/DSC02368.jpg'><img src=http:\/\/extra.inmontanis.info\/d\/22702-3\/DSC02368.jpg \/><\/a><br \/>\n^ N59, Ballynahinch Lake<\/p>\n<p><a href='http:\/\/extra.inmontanis.info\/d\/22707-2\/DSC02369.jpg'><img src=http:\/\/extra.inmontanis.info\/d\/22706-3\/DSC02369.jpg \/><\/a><br \/>\n^ N59, Ballynahinch Lake<\/p>\n<p><a href='http:\/\/extra.inmontanis.info\/d\/22711-2\/DSC02370.jpg'><img src=http:\/\/extra.inmontanis.info\/d\/22710-3\/DSC02370.jpg \/><\/a><br \/>\n^ N59, Ballynahinch Lake<\/p>\n<p><a href='http:\/\/extra.inmontanis.info\/d\/22715-2\/DSC02384.jpg'><img src=http:\/\/extra.inmontanis.info\/d\/22714-3\/DSC02384.jpg \/><\/a><br \/>\n^ N59, wenig sp\u00e4ter<\/p>\n<p><a href='http:\/\/extra.inmontanis.info\/d\/22719-2\/DSC02386.jpg'><img src=http:\/\/extra.inmontanis.info\/d\/22718-3\/DSC02386.jpg \/><\/a><br \/>\n^ N59<\/p>\n<p><a href='http:\/\/extra.inmontanis.info\/d\/22723-2\/DSC02404.jpg'><img src=http:\/\/extra.inmontanis.info\/d\/22722-3\/DSC02404.jpg \/><\/a><br \/>\n^ N59 richtung Leenaun<\/p>\n<p><a href='http:\/\/extra.inmontanis.info\/d\/22727-2\/DSC02407.jpg'><img src=http:\/\/extra.inmontanis.info\/d\/22726-3\/DSC02407.jpg \/><\/a><br \/>\n^ N59 richtung Leenaun<\/p>\n<p><a href='http:\/\/extra.inmontanis.info\/d\/22731-2\/DSC02411.jpg'><img src=http:\/\/extra.inmontanis.info\/d\/22730-3\/DSC02411.jpg \/><\/a><br \/>\n^ N59 richtung Leenaun<\/p>\n<p><a href='http:\/\/extra.inmontanis.info\/d\/22735-2\/DSC02416.jpg'><img src=http:\/\/extra.inmontanis.info\/d\/22734-3\/DSC02416.jpg \/><\/a><br \/>\n^ N59 N\u00e4he Leenaun<\/p>\n<p><a href='http:\/\/extra.inmontanis.info\/d\/22739-2\/DSC02417.jpg'><img src=http:\/\/extra.inmontanis.info\/d\/22738-3\/DSC02417.jpg \/><\/a><br \/>\n^ N59<\/p>\n<p><a href='http:\/\/extra.inmontanis.info\/d\/22743-2\/DSC02429.jpg'><img src=http:\/\/extra.inmontanis.info\/d\/22742-3\/DSC02429.jpg \/><\/a><br \/>\n^ R335, Fin<\/p>\n<p><a href='http:\/\/extra.inmontanis.info\/d\/22747-2\/DSC02433.jpg'><img src=http:\/\/extra.inmontanis.info\/d\/22746-3\/DSC02433.jpg \/><\/a><br \/>\n^ R335<\/p>\n<p><a href='http:\/\/extra.inmontanis.info\/d\/22751-2\/DSC02440.jpg'><img src=http:\/\/extra.inmontanis.info\/d\/22750-3\/DSC02440.jpg \/><\/a><br \/>\n^ R335, Doo Lough<\/p>\n<p><a href='http:\/\/extra.inmontanis.info\/d\/22755-2\/DSC02441.jpg'><img src=http:\/\/extra.inmontanis.info\/d\/22754-3\/DSC02441.jpg \/><\/a><br \/>\n^ R335, Doo Lough<\/p>\n<p><a href='http:\/\/extra.inmontanis.info\/d\/22759-2\/DSC02445.jpg'><img src=http:\/\/extra.inmontanis.info\/d\/22758-3\/DSC02445.jpg \/><\/a><br \/>\n^ R335, Doo Lough<\/p>\n<p><a href='http:\/\/extra.inmontanis.info\/d\/22763-2\/DSC02447.jpg'><img src=http:\/\/extra.inmontanis.info\/d\/22762-3\/DSC02447.jpg \/><\/a><br \/>\n^ R335, Doo Lough<\/p>\n<p>In Irland haben viele Tankstellen &#8211; \u00e4hnlich wie in Norwegen und h\u00e4ufiger als in Gro\u00dfbritannien &#8211; Superm\u00e4rkte mit inkludierter Fast-Food-Theke, wo ich mir heute 2x was gekauft hab.<\/p>\n<p><a href='http:\/\/extra.inmontanis.info\/d\/22767-2\/IMG_0886.jpg'><img src=http:\/\/extra.inmontanis.info\/d\/22766-3\/IMG_0886.jpg \/><\/a><br \/>\n^ Breakfast Roll mit Ei, Bacon und R\u00f6sti<\/p>\n<p>(&#8230; und im Laufe des Tages noch ein Gourmet Chicken Burger, den ich nicht fotografiert hatte)<\/p>\n<p><a href='http:\/\/extra.inmontanis.info\/d\/22771-2\/DSC02461.jpg'><img src=http:\/\/extra.inmontanis.info\/d\/22770-3\/DSC02461.jpg \/><\/a><br \/>\n^ R335, Clew Bay<\/p>\n<p><a href='http:\/\/extra.inmontanis.info\/d\/22775-2\/DSC02465.jpg'><img src=http:\/\/extra.inmontanis.info\/d\/22774-3\/DSC02465.jpg \/><\/a><br \/>\n^ R335, Clew \/ Westport<\/p>\n<p><a href='http:\/\/extra.inmontanis.info\/d\/22779-2\/DSC02478.jpg'><img src=http:\/\/extra.inmontanis.info\/d\/22778-3\/DSC02478.jpg \/><\/a><br \/>\n^ N59, bei Mallaranny<\/p>\n<p><a href='http:\/\/extra.inmontanis.info\/d\/22783-2\/DSC02487.jpg'><img src=http:\/\/extra.inmontanis.info\/d\/22782-3\/DSC02487.jpg \/><\/a><br \/>\n^ Irisch f\u00fcr &#8220;Vorfahrt geben&#8221; hei\u00dft Geill Sli. H\u00f6rt sich ja irgendwie schweizerisch an ,-)<\/p>\n<p><a href='http:\/\/extra.inmontanis.info\/d\/22635-2\/DSC02494.jpg'><img src=http:\/\/extra.inmontanis.info\/d\/22633-3\/DSC02494.jpg \/><\/a><br \/>\n^ K\u00fcstenstra\u00dfe bei Dumhach Bheag, K\u00fcstenstra\u00dfen-Umweg nach Achill Island<\/p>\n<p><a href='http:\/\/extra.inmontanis.info\/d\/22639-2\/DSC02516.jpg'><img src=http:\/\/extra.inmontanis.info\/d\/22638-3\/DSC02516.jpg \/><\/a><br \/>\n^ Zwischen Mallaranny und Currane<\/p>\n<p><a href='http:\/\/extra.inmontanis.info\/d\/22643-2\/DSC02546.jpg'><img src=http:\/\/extra.inmontanis.info\/d\/22642-3\/DSC02546.jpg \/><\/a><br \/>\n^ L1405<\/p>\n<p><a href='http:\/\/extra.inmontanis.info\/d\/22647-2\/DSC02557.jpg'><img src=http:\/\/extra.inmontanis.info\/d\/22646-3\/DSC02557.jpg \/><\/a><br \/>\n^ L1405 Atlantic Drive<\/p>\n<p><a href='http:\/\/extra.inmontanis.info\/d\/22651-2\/DSC02565.jpg'><img src=http:\/\/extra.inmontanis.info\/d\/22650-3\/DSC02565.jpg \/><\/a><br \/>\n^ L1405<\/p>\n<p><a href='http:\/\/extra.inmontanis.info\/d\/22655-2\/DSC02566.jpg'><img src=http:\/\/extra.inmontanis.info\/d\/22654-3\/DSC02566.jpg \/><\/a><br \/>\n^ L1405, Ashleain Bay<\/p>\n<p><a href='http:\/\/extra.inmontanis.info\/d\/22659-2\/DSC02569.jpg'><img src=http:\/\/extra.inmontanis.info\/d\/22658-3\/DSC02569.jpg \/><\/a><br \/>\n^ Die meisten Schafe, die ich in Irland sah, waren schwarz. Gefielen mir besser als die wei\u00dfen, die es bei uns gibt.<\/p>\n<p><a href='http:\/\/extra.inmontanis.info\/d\/22663-2\/DSC02573.jpg'><img src=http:\/\/extra.inmontanis.info\/d\/22662-3\/DSC02573.jpg \/><\/a><br \/>\n^ L1405, Ashleain Bay<\/p>\n<p><a href='http:\/\/extra.inmontanis.info\/d\/22667-2\/DSC02581.jpg'><img src=http:\/\/extra.inmontanis.info\/d\/22666-3\/DSC02581.jpg \/><\/a><br \/>\n^ L1405, Ashleain Bay<\/p>\n<p><a href='http:\/\/extra.inmontanis.info\/d\/22671-2\/DSC02591.jpg'><img src=http:\/\/extra.inmontanis.info\/d\/22670-3\/DSC02591.jpg \/><\/a><br \/>\n^ L1405, Ashleain Bay<\/p>\n<p><a href='http:\/\/extra.inmontanis.info\/d\/22675-2\/DSC02604.jpg'><img src=http:\/\/extra.inmontanis.info\/d\/22674-3\/DSC02604.jpg \/><\/a><br \/>\n^ L1405<\/p>\n<p><a href='http:\/\/extra.inmontanis.info\/d\/22679-2\/DSC02609.jpg'><img src=http:\/\/extra.inmontanis.info\/d\/22678-3\/DSC02609.jpg \/><\/a><br \/>\n^ R319, Dooagh<\/p>\n<p><a href='http:\/\/extra.inmontanis.info\/d\/22683-2\/DSC02615.jpg'><img src=http:\/\/extra.inmontanis.info\/d\/22682-3\/DSC02615.jpg \/><\/a><br \/>\n^ R319, vor Keem. Hier geht&#8217;s ein sch\u00f6nes St\u00fcck bergauf und doch direkt an der K\u00fcste entlang.<\/p>\n<p><a href='http:\/\/extra.inmontanis.info\/d\/22687-2\/DSC02636.jpg'><img src=http:\/\/extra.inmontanis.info\/d\/22686-3\/DSC02636.jpg \/><\/a><br \/>\n^ R319, Keem<\/p>\n<p><a href='http:\/\/extra.inmontanis.info\/d\/22691-2\/DSC02649.jpg'><img src=http:\/\/extra.inmontanis.info\/d\/22690-3\/DSC02649.jpg \/><\/a><br \/>\n^ R319, Keem<\/p>\n<p><a href='http:\/\/extra.inmontanis.info\/d\/22695-2\/DSC02652.jpg'><img src=http:\/\/extra.inmontanis.info\/d\/22694-3\/DSC02652.jpg \/><\/a><br \/>\n^ R319, Keem<\/p>\n<p><a href='http:\/\/extra.inmontanis.info\/d\/22699-2\/DSC02660.jpg'><img src=http:\/\/extra.inmontanis.info\/d\/22698-3\/DSC02660.jpg \/><\/a><br \/>\n^ Keem<\/p>\n<p>Von der Achill &#8211; Insel ging&#8217;s wieder retour und zumeist \u00fcber die schnellste Strecke weiter nach Donegal zur Steilk\u00fcste am Slieve League.<\/p>\n<p>Dort sollte man sich nicht vom ersten Parkplatz (und ggf. einem geschlossenen Gatter) abhalten lassen, weiter zu fahren &#8211; denn der egtl. Parkplatz liegt noch ein paar km weiter oben. Dort am Parkplatz gab&#8217;s einen kleinen Eisstand (der gerade noch offen hatte), einen kleinen Souvenierwagen und ein paar Bauma\u00dfnahmen bzw. ein Schild, das auf Wegarbeiten in den n\u00e4chsten Wochen hinwies. Beide Parkpl\u00e4tze sind gratis.<\/p>\n<p><a href='http:\/\/extra.inmontanis.info\/d\/22929-2\/DSC02693.jpg'><img src=http:\/\/extra.inmontanis.info\/d\/22928-3\/DSC02693.jpg \/><\/a><br \/>\n^ N59<\/p>\n<p><a href='http:\/\/extra.inmontanis.info\/d\/22933-2\/DSC02698.jpg'><img src=http:\/\/extra.inmontanis.info\/d\/22932-3\/DSC02698.jpg \/><\/a><br \/>\n^ N59, n\u00e4he Bangor<\/p>\n<p><a href='http:\/\/extra.inmontanis.info\/d\/22937-2\/DSC02702.jpg'><img src=http:\/\/extra.inmontanis.info\/d\/22936-3\/DSC02702.jpg \/><\/a><br \/>\n^ N59, n\u00e4he Bangor<\/p>\n<p><a href='http:\/\/extra.inmontanis.info\/d\/22941-2\/DSC02719.jpg'><img src=http:\/\/extra.inmontanis.info\/d\/22940-3\/DSC02719.jpg \/><\/a><br \/>\n^ R263, Killybegs<\/p>\n<p><a href='http:\/\/extra.inmontanis.info\/d\/22945-2\/DSC02731.jpg'><img src=http:\/\/extra.inmontanis.info\/d\/22944-3\/DSC02731.jpg \/><\/a><br \/>\n^ Fintra Bay<\/p>\n<p><a href='http:\/\/extra.inmontanis.info\/d\/22789-2\/DSC02752.jpg'><img src=http:\/\/extra.inmontanis.info\/d\/22787-3\/DSC02752.jpg \/><\/a><br \/>\n^ Auffahrt zum oberen Parkplatz; wenn man unten parkt muss man ein paar km zu Fu\u00df gehen.<\/p>\n<p><a href='http:\/\/extra.inmontanis.info\/d\/22793-2\/DSC02754.jpg'><img src=http:\/\/extra.inmontanis.info\/d\/22792-3\/DSC02754.jpg \/><\/a><br \/>\n^ Auffahrt zum oberen Parkplatz<\/p>\n<p><a href='http:\/\/extra.inmontanis.info\/d\/22797-2\/DSC02759.jpg'><img src=http:\/\/extra.inmontanis.info\/d\/22796-3\/DSC02759.jpg \/><\/a><br \/>\n^ \u00dcbersichtskarte; links unten ist der obere Parkplatz, rechts unten ist der untere Parkplatz, rechts oben ist der Parkplatz f\u00fcr den One Mans Pass<\/p>\n<p><a href='http:\/\/extra.inmontanis.info\/d\/22801-2\/DSC02765.jpg'><img src=http:\/\/extra.inmontanis.info\/d\/22800-3\/DSC02765.jpg \/><\/a><br \/>\n^ Blick zur Steilk\u00fcste am oberen Parkplatz<\/p>\n<p><a href='http:\/\/extra.inmontanis.info\/d\/22805-2\/DSC02768.jpg'><img src=http:\/\/extra.inmontanis.info\/d\/22804-3\/DSC02768.jpg \/><\/a><br \/>\n^ Oberer Parkplatz<\/p>\n<p><a href='http:\/\/extra.inmontanis.info\/d\/22809-2\/DSC02772.jpg'><img src=http:\/\/extra.inmontanis.info\/d\/22808-3\/DSC02772.jpg \/><\/a><br \/>\n^ Kleine Aussichtsplattform (aber warum?) und neuer Weg<\/p>\n<p><a href='http:\/\/extra.inmontanis.info\/d\/22813-2\/DSC02779.jpg'><img src=http:\/\/extra.inmontanis.info\/d\/22812-3\/DSC02779.jpg \/><\/a><br \/>\n^ Im unteren Bereich ist der Weg gut ausgebaut und der Rand gesichert, zum Gl\u00fcck \u00e4nderte sich das bald.<\/p>\n<p><a href='http:\/\/extra.inmontanis.info\/d\/22817-2\/DSC02781.jpg'><img src=http:\/\/extra.inmontanis.info\/d\/22816-3\/DSC02781.jpg \/><\/a><br \/>\n^ Hier kann man dann \u00fcberall direkt zum Klippenrand gehen<\/p>\n<p><a href='http:\/\/extra.inmontanis.info\/d\/22821-2\/DSC02799.jpg'><img src=http:\/\/extra.inmontanis.info\/d\/22820-3\/DSC02799.jpg \/><\/a><br \/>\n^ Aufstieg zum Gipfel<\/p>\n<p><a href='http:\/\/extra.inmontanis.info\/d\/22825-2\/DSC02804.jpg'><img src=http:\/\/extra.inmontanis.info\/d\/22824-3\/DSC02804.jpg \/><\/a><br \/>\n^ Direkt am Rand<\/p>\n<p><a href='http:\/\/extra.inmontanis.info\/d\/22829-2\/DSC02812.jpg'><img src=http:\/\/extra.inmontanis.info\/d\/22828-3\/DSC02812.jpg \/><\/a><br \/>\n^ Gipfelplateau<\/p>\n<p><a href='http:\/\/extra.inmontanis.info\/d\/22833-2\/DSC02818.jpg'><img src=http:\/\/extra.inmontanis.info\/d\/22832-3\/DSC02818.jpg \/><\/a><br \/>\n^ Der See dort unten ist ca. auf H\u00f6he des Parkplatzes, 150m \u00fcber dem Meer.<\/p>\n<p><a href='http:\/\/extra.inmontanis.info\/d\/22837-2\/DSC00303.jpg'><img src=http:\/\/extra.inmontanis.info\/d\/22836-3\/DSC00303.jpg \/><\/a><br \/>\n^ See und Meer in IR<\/p>\n<p><a href='http:\/\/extra.inmontanis.info\/d\/22841-2\/DSC02829.jpg'><img src=http:\/\/extra.inmontanis.info\/d\/22840-3\/DSC02829.jpg \/><\/a><br \/>\n^ R\u00fcckblick zum Fu\u00dfweg und Parkplatz (Bildmitte)<\/p>\n<p><a href='http:\/\/extra.inmontanis.info\/d\/22845-2\/DSC02835.jpg'><img src=http:\/\/extra.inmontanis.info\/d\/22844-3\/DSC02835.jpg \/><\/a><br \/>\n^ Gipfelgrat<\/p>\n<p><a href='http:\/\/extra.inmontanis.info\/d\/22849-2\/DSC02855.jpg'><img src=http:\/\/extra.inmontanis.info\/d\/22848-3\/DSC02855.jpg \/><\/a><br \/>\n^ Steil abw\u00e4rts<\/p>\n<p><a href='http:\/\/extra.inmontanis.info\/d\/22853-2\/DSC02857.jpg'><img src=http:\/\/extra.inmontanis.info\/d\/22852-3\/DSC02857.jpg \/><\/a><br \/>\n^ Bin nur bis hier hin gewandert, da es mir von der Uhrzeit her nicht mehr sinnvoll erschien, weiter zu gehen.<\/p>\n<p><a href='http:\/\/extra.inmontanis.info\/d\/22857-2\/DSC02860.jpg'><img src=http:\/\/extra.inmontanis.info\/d\/22856-3\/DSC02860.jpg \/><\/a><br \/>\n^ K\u00fcste<\/p>\n<p><a href='http:\/\/extra.inmontanis.info\/d\/22861-2\/DSC02861.jpg'><img src=http:\/\/extra.inmontanis.info\/d\/22860-3\/DSC02861.jpg \/><\/a><br \/>\n^ <\/p>\n<p><a href='http:\/\/extra.inmontanis.info\/d\/22865-2\/DSC02857-DSC02875.jpg'><img src=http:\/\/extra.inmontanis.info\/d\/22864-3\/DSC02857-DSC02875.jpg \/><\/a><br \/>\n^ 360\u00b0-Pano<\/p>\n<p><a href='http:\/\/extra.inmontanis.info\/d\/22869-2\/DSC02884.jpg'><img src=http:\/\/extra.inmontanis.info\/d\/22868-3\/DSC02884.jpg \/><\/a><br \/>\n^ K\u00fcste<\/p>\n<p><a href='http:\/\/extra.inmontanis.info\/d\/22873-2\/DSC02891.jpg'><img src=http:\/\/extra.inmontanis.info\/d\/22872-3\/DSC02891.jpg \/><\/a><br \/>\n^ Tiefblick; w\u00fcrde man noch weiter richtung Hauptgipfel gehen, w\u00e4re man noch ca. doppelt so hoch.<\/p>\n<p><a href='http:\/\/extra.inmontanis.info\/d\/22877-2\/DSC02896.jpg'><img src=http:\/\/extra.inmontanis.info\/d\/22876-3\/DSC02896.jpg \/><\/a><br \/>\n^ Parkplatz und Fu\u00dfweg<\/p>\n<p><a href='http:\/\/extra.inmontanis.info\/d\/22881-2\/DSC02906.jpg'><img src=http:\/\/extra.inmontanis.info\/d\/22880-3\/DSC02906.jpg \/><\/a><br \/>\n^ <\/p>\n<p><a href='http:\/\/extra.inmontanis.info\/d\/22885-2\/DSC02909.jpg'><img src=http:\/\/extra.inmontanis.info\/d\/22884-3\/DSC02909.jpg \/><\/a><br \/>\n^ <\/p>\n<p><a href='http:\/\/extra.inmontanis.info\/d\/22889-2\/DSC02911.jpg'><img src=http:\/\/extra.inmontanis.info\/d\/22888-3\/DSC02911.jpg \/><\/a><br \/>\n^ Wanderweg<\/p>\n<p><a href='http:\/\/extra.inmontanis.info\/d\/22893-2\/DSC02912.jpg'><img src=http:\/\/extra.inmontanis.info\/d\/22892-3\/DSC02912.jpg \/><\/a><br \/>\n^ Ostpano<\/p>\n<p><a href='http:\/\/extra.inmontanis.info\/d\/22897-2\/DSC02923.jpg'><img src=http:\/\/extra.inmontanis.info\/d\/22896-3\/DSC02923.jpg \/><\/a><br \/>\n^ See und Parkplatz und Fu\u00dfweg und Meer<\/p>\n<p><a href='http:\/\/extra.inmontanis.info\/d\/22901-2\/DSC02940.jpg'><img src=http:\/\/extra.inmontanis.info\/d\/22900-3\/DSC02940.jpg \/><\/a><br \/>\n^ Stra\u00dfe zwischen den zwei Parkpl\u00e4tzen<\/p>\n<p><a href='http:\/\/extra.inmontanis.info\/d\/22905-2\/DSC02958.jpg'><img src=http:\/\/extra.inmontanis.info\/d\/22904-3\/DSC02958.jpg \/><\/a><br \/>\n^ Unterer Parkplatz mit Gatter, das man ggf. \u00f6ffnen (und wieder schlie\u00dfen) muss.<\/p>\n<p>Im n\u00e4chsten Ort hoffte ich dann auf etwas zu essen &#8211; und netterweise gab&#8217;s am Hauptplatz einen:<\/p>\n<p><a href='http:\/\/extra.inmontanis.info\/d\/22909-2\/IMG_0887.jpg'><img src=http:\/\/extra.inmontanis.info\/d\/22908-3\/IMG_0887.jpg \/><\/a><br \/>\n^ Imbiss-Wagen<\/p>\n<p>Hm. Hamburger? Southern Fried Chicken? Es gab haufenweise leckere Sachen zur Auswahl, aber schon letztes mal in UK nahm ich mir vor, \u00f6fters Fish &#038; Chips zu essen, also &#8230;.<\/p>\n<p><a href='http:\/\/extra.inmontanis.info\/d\/22913-2\/IMG_0889.jpg'><img src=http:\/\/extra.inmontanis.info\/d\/22912-3\/IMG_0889.jpg \/><\/a><br \/>\n^ Der 5. Tag und die 3. Portion Fish &#038; Chips ;-) Die riesige Portion Pommes war mir allerdings echt zuviel, so entledigte ich mich den \u00fcberdr\u00fcssigen Kartoffeln aus dem Fenster werfend an der n\u00e4chsten \u00dcberlandstra\u00dfe &#8211; irgendwelche Schafe oder andere Tiere werden es schon essen.<\/p>\n<p>Als letztes wollte ich noch zur Ostseite der Slieve League &#8211; Steilk\u00fcste, wo es nun aber zeitm\u00e4\u00dfig zu sp\u00e4t war, um noch was besonderes zu besuchen.<\/p>\n<p><a href='http:\/\/extra.inmontanis.info\/d\/22917-2\/DSC02962.jpg'><img src=http:\/\/extra.inmontanis.info\/d\/22916-3\/DSC02962.jpg \/><\/a><br \/>\n^ Kleine Abk\u00fcrzungs-Nebenstra\u00dfe<\/p>\n<p><a href='http:\/\/extra.inmontanis.info\/d\/22921-2\/DSC02970.jpg'><img src=http:\/\/extra.inmontanis.info\/d\/22920-3\/DSC02970.jpg \/><\/a><br \/>\n^ Strand bei Malin Beg<\/p>\n<p><a href='http:\/\/extra.inmontanis.info\/d\/22925-2\/DSC02972.jpg'><img src=http:\/\/extra.inmontanis.info\/d\/22924-3\/DSC02972.jpg \/><\/a><br \/>\n^ Strand bei Malin Beg<\/p>\n<p>Der gro\u00dfe Parkplatz hier ist kostenlos und es war der erst Parkplatz, den ich in Irland gesehen hab, der ein WC (wenn auch nur ein Dixi) hatte! Es gab auch kein \u00dcbernachtungsverbotsschild &#8211; da er aber schr\u00e4g gebaut ist, hatte ich keine Lust, hier zu \u00fcbernachten und fuhr noch ein St\u00fcck weiter. <\/p>\n<p>Nebenbei bemerkt gibt&#8217;s in Irland auch nur ganz wenige \u00f6ffentliche M\u00fcllk\u00fcbel, insb. an den Parkpl\u00e4tzen an den Stra\u00dfen gibt&#8217;s nur ganz, ganz selten welche! Hier lautet das Motto: Nimm deinen M\u00fcll mit.<\/p>\n<p>Sp\u00e4testens mit dem heutigen Tag, der auch am Morgen mit dem Seen gespickten &#8220;Innenland&#8221; g\u00e4nzlich andere Seiten zeigte als die letzten Tage an den K\u00fcsten, musste ich auch bemerken, dass die Westk\u00fcste Irlands  landschaftlich durchaus mit Norwegen vergleichbar ist, man hier allerdings wesentlich g\u00fcnstiger urlauben kann und Wanderwege besser ausgeschildert sind. Ein Tipp f\u00fcr alle, die also schon immer mal nach Nordnorwegen wollten, es aber zu teuer ist: Fahrt in den Westen Irlands!<\/p>\n<p><a href='http:\/\/extra.inmontanis.info\/d\/22949-2\/DSC02976.jpg'><img src=http:\/\/extra.inmontanis.info\/d\/22948-3\/DSC02976.jpg \/><\/a><br \/>\n^ So viel Zwischenziele hatte ich gebraucht, um die Route f\u00fcr morgen im Navi zu hinterlegen. Schlussendlich fuhr ich dann aber doch noch zum Nordzipfel Irlands ;-)<\/p>\n<p>(Fortsetzung folgt.)<\/p>\n","protected":false},"excerpt":{"rendered":"<p>Mi, 13.8.2014 &#8211; Tag 5 &#8211; km. 92.906 (\u2206 528km)<\/p>\n<p>Heute stand leider etwas mehr Fahrerei auf dem Plan &#8211; und somit hab ich den &#8220;\\\/\\\/\\\/\\\/&#8221; \u00f6fters mal auslassen, um die k\u00fcrzeren und schnelleren Stra\u00dfen zu fahren.<\/p>\n<p>Erstes Hauptziel war Achill Island, eine mit einer Br\u00fccke verbundene Insel, wo es ein paar nette K\u00fcstenstra\u00dfen und <a href=\"http:\/\/blog.inmontanis.info\/?p=2805\">[&#8230;]<\/a><\/p>\n","protected":false},"author":1,"featured_media":0,"comment_status":"open","ping_status":"closed","sticky":false,"template":"","format":"standard","meta":{"footnotes":""},"categories":[131,132,30],"tags":[102,90,37,45],"class_list":["post-2805","post","type-post","status-publish","format-standard","hentry","category-2014-08-englandirland","category-irlandireland","category-wandern","tag-360-pano","tag-infrarot","tag-meer","tag-see","odd"],"_links":{"self":[{"href":"http:\/\/blog.inmontanis.info\/index.php?rest_route=\/wp\/v2\/posts\/2805","targetHints":{"allow":["GET"]}}],"collection":[{"href":"http:\/\/blog.inmontanis.info\/index.php?rest_route=\/wp\/v2\/posts"}],"about":[{"href":"http:\/\/blog.inmontanis.info\/index.php?rest_route=\/wp\/v2\/types\/post"}],"author":[{"embeddable":true,"href":"http:\/\/blog.inmontanis.info\/index.php?rest_route=\/wp\/v2\/users\/1"}],"replies":[{"embeddable":true,"href":"http:\/\/blog.inmontanis.info\/index.php?rest_route=%2Fwp%2Fv2%2Fcomments&post=2805"}],"version-history":[{"count":2,"href":"http:\/\/blog.inmontanis.info\/index.php?rest_route=\/wp\/v2\/posts\/2805\/revisions"}],"predecessor-version":[{"id":2807,"href":"http:\/\/blog.inmontanis.info\/index.php?rest_route=\/wp\/v2\/posts\/2805\/revisions\/2807"}],"wp:attachment":[{"href":"http:\/\/blog.inmontanis.info\/index.php?rest_route=%2Fwp%2Fv2%2Fmedia&parent=2805"}],"wp:term":[{"taxonomy":"category","embeddable":true,"href":"http:\/\/blog.inmontanis.info\/index.php?rest_route=%2Fwp%2Fv2%2Fcategories&post=2805"},{"taxonomy":"post_tag","embeddable":true,"href":"http:\/\/blog.inmontanis.info\/index.php?rest_route=%2Fwp%2Fv2%2Ftags&post=2805"}],"curies":[{"name":"wp","href":"https:\/\/api.w.org\/{rel}","templated":true}]}}