{"id":2800,"date":"2014-08-11T23:10:42","date_gmt":"2014-08-11T21:10:42","guid":{"rendered":"http:\/\/blog.inmontanis.info\/?p=2800"},"modified":"2014-09-02T00:13:04","modified_gmt":"2014-09-01T22:13:04","slug":"mizen-dursey-healy-dunloe-11-8-2014","status":"publish","type":"post","link":"http:\/\/blog.inmontanis.info\/?p=2800","title":{"rendered":"Mizen, Dursey, Healy, Dunloe, 11.8.2014"},"content":{"rendered":"<p><strong>Mo, 11.8.2014 &#8211; Tag 3 &#8211; km 91.933<\/strong><\/p>\n<p>Kaum zu glauben, dass das erst der dritte Tag ist &#8211; ich komm mir schon vor, als w\u00e4re ich eine Woche unterwegs gewesen! Allerdings war der heutige Tag auch voll von POIs und wetterm\u00e4\u00dfig wesentlich besser als noch vor 2 Tagen gemeldet. Mit ca. 700 Fotos ist der heutige Tag zudem einer der fotoreichsten Tage meiner bisherigen Touren gewesen &#8211; was entsprechend lange Nacharbeit bedeutet &#8230;<\/p>\n<p>(Fotos anklicken zum Vergr\u00f6\u00dfern)<\/p>\n<p><a href='http:\/\/extra.inmontanis.info\/d\/21059-3\/201408ges8.jpg'><img src=http:\/\/extra.inmontanis.info\/d\/21058-4\/201408ges8.jpg \/><\/a><br \/>\n<font color=#800040>E) Mizen Head<br \/>\nF) Dursey Island Cable Car<br \/>\nG) Healy Pass<br \/>\nH) Gap of Dunloe<\/font><\/p>\n<p>Nach einer ruhigen &#8211; wenn auch etwas k\u00fchlen &#8211; Nacht ging&#8217;s erst mal zum McDonalds, der um 7 Uhr aufmachte, auf ein WC und einen Muffin. Dank Euro-Preise in Irland kann man ja gut vergleichen &#8211; mit 2,95 (oder doch nur 2,65?) um einiges teurer als bei uns.<\/p>\n<p>Erstes Ziel war heute der Mizen Head, wo ich um kurz nach 10 Uhr ankam (macht um 10 Uhr auf). Dort befinden sich mehrer museale, meerbezogene Einrichtungen und eine interessante Br\u00fccke. <\/p>\n<p><a href='http:\/\/extra.inmontanis.info\/d\/21801-2\/DSC01152.jpg'><img src=http:\/\/extra.inmontanis.info\/d\/21800-3\/DSC01152.jpg \/><\/a><br \/>\n^ Seitenblick zur K\u00fcste<\/p>\n<p><a href='http:\/\/extra.inmontanis.info\/d\/21805-2\/DSC01159.jpg'><img src=http:\/\/extra.inmontanis.info\/d\/21804-3\/DSC01159.jpg \/><\/a><br \/>\n^ Gut ausgebaute \u00dcberlandstra\u00dfen haben in Irland wie in Schweden eine durch gelbe Striche abgetrennte zweite Spur f\u00fcr Langsamfahrer, der aber leider nicht von allen regelm\u00e4\u00dfig verwendet wird, insb. wenn man \u00fcberholen will&#8230;<\/p>\n<p><a href='http:\/\/extra.inmontanis.info\/d\/21809-2\/DSC01168.jpg'><img src=http:\/\/extra.inmontanis.info\/d\/21808-3\/DSC01168.jpg \/><\/a><br \/>\n^ Verkehrsschilder sind in Irland durchaus anders als \u00fcblich, es gibt eine Vielzahl an Hinweis-Schildern in Rautenform<\/p>\n<p><a href='http:\/\/extra.inmontanis.info\/d\/21813-2\/DSC01175.jpg'><img src=http:\/\/extra.inmontanis.info\/d\/21812-3\/DSC01175.jpg \/><\/a><br \/>\n^ Auch andere Schilder wie z.B. \u00dcberholverbot sind in Irland etwas anders als in den meisten europ\u00e4ischen L\u00e4ndern.<\/p>\n<p><a href='http:\/\/extra.inmontanis.info\/d\/21817-2\/DSC01178.jpg'><img src=http:\/\/extra.inmontanis.info\/d\/21816-3\/DSC01178.jpg \/><\/a><br \/>\n^ Kreisverkehr-Verkehrsschild, da gibt&#8217;s in Irland zwei Varianten mit unterschiedlich dicken Pfeilen<\/p>\n<p><a href='http:\/\/extra.inmontanis.info\/d\/21821-2\/DSC01186.jpg'><img src=http:\/\/extra.inmontanis.info\/d\/21820-3\/DSC01186.jpg \/><\/a><br \/>\n^ Geschwindigkeitsbeschr\u00e4nkungen an Ortsein- und ausfahrten sind h\u00e4ufig 5x angebracht (das 5. rechts oben wird durch den Baum verdeckt).<\/p>\n<p><a href='http:\/\/extra.inmontanis.info\/d\/21825-2\/DSC01195.jpg'><img src=http:\/\/extra.inmontanis.info\/d\/21824-3\/DSC01195.jpg \/><\/a><br \/>\n^ Auf den normalen, schmaleren Landstra\u00dfen (die schm\u00e4ler sind als bei uns) ist meist nur 80 erlaubt, aber hin und wieder auch 100 (was ich teilweise doch grenzwertig fand)<\/p>\n<p><a href='http:\/\/extra.inmontanis.info\/d\/21829-2\/DSC01217.jpg'><img src=http:\/\/extra.inmontanis.info\/d\/21828-3\/DSC01217.jpg \/><\/a><br \/>\n^ Meerpano von einem kleinen Parkplatz neben der Stra\u00dfe<\/p>\n<p><a href='http:\/\/extra.inmontanis.info\/d\/21843-2\/DSC01228.jpg'><img src=http:\/\/extra.inmontanis.info\/d\/21841-3\/DSC01228.jpg \/><\/a><br \/>\n^ Das da hinten scheint eine Insel mit Leuchtturm zu sein &#8211; vmtl. dann das Fastnet Rock Lighthouse, \u00fcber das auf der Mizen-Head-Ausstellung eingegangen wird.<\/p>\n<p><a href='http:\/\/extra.inmontanis.info\/d\/21847-2\/DSC01234.jpg'><img src=http:\/\/extra.inmontanis.info\/d\/21846-3\/DSC01234.jpg \/><\/a><br \/>\n^ K\u00fcstenstra\u00dfe und wieder eins der gelben Rautenverkehrsschilder<\/p>\n<p><a href='http:\/\/extra.inmontanis.info\/d\/21851-2\/DSC01241.jpg'><img src=http:\/\/extra.inmontanis.info\/d\/21850-3\/DSC01241.jpg \/><\/a><br \/>\n^ Ein eher ungew\u00f6hnliches Schild, die gelben Schilder sind normalerweise Rautenf\u00f6rmig&#8230;<\/p>\n<p><a href='http:\/\/extra.inmontanis.info\/d\/21855-2\/DSC01244.jpg'><img src=http:\/\/extra.inmontanis.info\/d\/21854-3\/DSC01244.jpg \/><\/a><br \/>\n^ Hin und wieder gibt&#8217;s auch kleinere Sandstr\u00e4nde<\/p>\n<p><a href='http:\/\/extra.inmontanis.info\/d\/21859-2\/DSC01249.jpg'><img src=http:\/\/extra.inmontanis.info\/d\/21858-3\/DSC01249.jpg \/><\/a><br \/>\n^ Stra\u00dfe zum Mizen Head<\/p>\n<p><a href='http:\/\/extra.inmontanis.info\/d\/21863-2\/DSC01252.jpg'><img src=http:\/\/extra.inmontanis.info\/d\/21862-3\/DSC01252.jpg \/><\/a><br \/>\n^ Parkplatz und Caf\u00e9 bzw. Museum Teil 1<\/p>\n<p><a href='http:\/\/extra.inmontanis.info\/d\/21867-2\/DSC01258.jpg'><img src=http:\/\/extra.inmontanis.info\/d\/21866-3\/DSC01258.jpg \/><\/a><br \/>\n^ Modell des Fastnet Rock Lighthouse<\/p>\n<p><a href='http:\/\/extra.inmontanis.info\/d\/21871-2\/DSC01262.jpg'><img src=http:\/\/extra.inmontanis.info\/d\/21870-3\/DSC01262.jpg \/><\/a><br \/>\n^ Mizen Head Modell samt Fu\u00dfwege, Aussichtspunkte und Einrichtungen<\/p>\n<p><a href='http:\/\/extra.inmontanis.info\/d\/21875-2\/DSC01263.jpg'><img src=http:\/\/extra.inmontanis.info\/d\/21874-3\/DSC01263.jpg \/><\/a><br \/>\n^ Schiffssimulator<\/p>\n<p><a href='http:\/\/extra.inmontanis.info\/d\/21879-2\/DSC01265.jpg'><img src=http:\/\/extra.inmontanis.info\/d\/21878-3\/DSC01265.jpg \/><\/a><br \/>\n^ Geologische Geschichtstafeln; au\u00dferdem gibt&#8217;s hier viele Fotos vom Bau der Br\u00fccke usw.<\/p>\n<p><a href='http:\/\/extra.inmontanis.info\/d\/21883-2\/DSC01275.jpg'><img src=http:\/\/extra.inmontanis.info\/d\/21882-3\/DSC01275.jpg \/><\/a><br \/>\n^ Fu\u00dfweg zur Br\u00fccke<\/p>\n<p><a href='http:\/\/extra.inmontanis.info\/d\/21887-2\/DSC01277.jpg'><img src=http:\/\/extra.inmontanis.info\/d\/21886-3\/DSC01277.jpg \/><\/a><br \/>\n^ Die Br\u00fccke vom oberen Aussichtspunkt; das Haus rechts oben hat gewisse \u00c4hnlichkeiten mit einer Seilbahnstation gehabt, konnte aber auf den Baubildern keinen Hinweis auf eine Bauseilbahn finden.<\/p>\n<p><a href='http:\/\/extra.inmontanis.info\/d\/21891-2\/DSC01278.jpg'><img src=http:\/\/extra.inmontanis.info\/d\/21890-3\/DSC01278.jpg \/><\/a><br \/>\n^ Die Br\u00fccke. Vmtl. weil man Eintritt verlangt, muss man die Wege alle so gro\u00df sicherheitsm\u00e4\u00dfig einz\u00e4unen.<\/p>\n<p><a href='http:\/\/extra.inmontanis.info\/d\/21895-2\/DSC01280.jpg'><img src=http:\/\/extra.inmontanis.info\/d\/21894-3\/DSC01280.jpg \/><\/a><br \/>\n^ Br\u00fccke und Meer im Weitwinkel<\/p>\n<p><a href='http:\/\/extra.inmontanis.info\/d\/21899-2\/DSC01283.jpg'><img src=http:\/\/extra.inmontanis.info\/d\/21898-3\/DSC01283.jpg \/><\/a><br \/>\n^ Die Schlucht unter der Br\u00fccke<\/p>\n<p><a href='http:\/\/extra.inmontanis.info\/d\/21903-2\/DSC01287.jpg'><img src=http:\/\/extra.inmontanis.info\/d\/21902-3\/DSC01287.jpg \/><\/a><br \/>\n^ Schlucht<\/p>\n<p><a href='http:\/\/extra.inmontanis.info\/d\/21907-2\/DSC01296.jpg'><img src=http:\/\/extra.inmontanis.info\/d\/21906-3\/DSC01296.jpg \/><\/a><br \/>\n^ Komische Bauwerke<\/p>\n<p><a href='http:\/\/extra.inmontanis.info\/d\/21911-2\/DSC01302.jpg'><img src=http:\/\/extra.inmontanis.info\/d\/21910-3\/DSC01302.jpg \/><\/a><br \/>\n^ Pano Nord, die wilde Atlantikk\u00fcste<\/p>\n<p><a href='http:\/\/extra.inmontanis.info\/d\/21915-2\/DSC01305.jpg'><img src=http:\/\/extra.inmontanis.info\/d\/21914-3\/DSC01305.jpg \/><\/a><br \/>\n^ Eine weitere tiefe Schlucht<\/p>\n<p><a href='http:\/\/extra.inmontanis.info\/d\/21919-2\/DSC01315.jpg'><img src=http:\/\/extra.inmontanis.info\/d\/21918-3\/DSC01315.jpg \/><\/a><br \/>\n^ Schlucht, Steilw\u00e4nde und das Meer<\/p>\n<p><a href='http:\/\/extra.inmontanis.info\/d\/21923-2\/DSC01313.jpg'><img src=http:\/\/extra.inmontanis.info\/d\/21922-3\/DSC01313.jpg \/><\/a><br \/>\n^ R\u00fcckblick zu Br\u00fccke und S\u00fcd\/Ostk\u00fcste<\/p>\n<p><a href='http:\/\/extra.inmontanis.info\/d\/21927-2\/DSC01322.jpg'><img src=http:\/\/extra.inmontanis.info\/d\/21926-3\/DSC01322.jpg \/><\/a><br \/>\n^ Nordpano. Wie gesagt, man ist hier komplett eingez\u00e4unt.<\/p>\n<p><a href='http:\/\/extra.inmontanis.info\/d\/21931-2\/DSC01326.jpg'><img src=http:\/\/extra.inmontanis.info\/d\/21930-3\/DSC01326.jpg \/><\/a><br \/>\n^ Museum Teil 2 mit etlichen technischen Ger\u00e4ten<\/p>\n<p><a href='http:\/\/extra.inmontanis.info\/d\/21935-2\/DSC01331.jpg'><img src=http:\/\/extra.inmontanis.info\/d\/21934-3\/DSC01331.jpg \/><\/a><br \/>\n^ Ausstellungsraum zu Guglielmo Marconi. Wenn ich n\u00e4chstes Mal in Italien also eine Via Guglielmo Marconi sehe, wei\u00df ich, wer der Kerl war ;)<\/p>\n<p><a href='http:\/\/extra.inmontanis.info\/d\/21939-2\/DSC01338.jpg'><img src=http:\/\/extra.inmontanis.info\/d\/21938-3\/DSC01338.jpg \/><\/a><br \/>\n^ Leuchtturm-Simulator<\/p>\n<p><a href='http:\/\/extra.inmontanis.info\/d\/21943-2\/DSC01345.jpg'><img src=http:\/\/extra.inmontanis.info\/d\/21942-3\/DSC01345.jpg \/><\/a><br \/>\n^ Museum Teil 2 mit auch Wohneinrichtungen&#8230;<\/p>\n<p><a href='http:\/\/extra.inmontanis.info\/d\/21947-2\/DSC01350.jpg'><img src=http:\/\/extra.inmontanis.info\/d\/21946-3\/DSC01350.jpg \/><\/a><br \/>\n^ Ende des begehbaren Weges<\/p>\n<p><a href='http:\/\/extra.inmontanis.info\/d\/21951-2\/DSC01359.jpg'><img src=http:\/\/extra.inmontanis.info\/d\/21950-3\/DSC01359.jpg \/><\/a><br \/>\n^ Nordpano<\/p>\n<p><a href='http:\/\/extra.inmontanis.info\/d\/21955-2\/DSC01360.jpg'><img src=http:\/\/extra.inmontanis.info\/d\/21954-3\/DSC01360.jpg \/><\/a><br \/>\n^ Ostpano der Steilk\u00fcste entlang; auf dem R\u00fcckweg nach der Br\u00fccke kann man hinauf alternativ 99 Stufen gehen (ich hab ja 100 gez\u00e4hlt)<\/p>\n<p><a href='http:\/\/extra.inmontanis.info\/d\/21959-2\/DSC01363.jpg'><img src=http:\/\/extra.inmontanis.info\/d\/21958-3\/DSC01363.jpg \/><\/a><br \/>\n^ Die Br\u00fccke<\/p>\n<p><a href='http:\/\/extra.inmontanis.info\/d\/21963-2\/DSC01377.jpg'><img src=http:\/\/extra.inmontanis.info\/d\/21962-3\/DSC01377.jpg \/><\/a><br \/>\n^ Zwischen Caf\u00e9 und Br\u00fccke gibt es noch einen (l\u00e4ngeren) Abstieg, den man machen kann ..<\/p>\n<p><a href='http:\/\/extra.inmontanis.info\/d\/21967-2\/DSC01381.jpg'><img src=http:\/\/extra.inmontanis.info\/d\/21966-3\/DSC01381.jpg \/><\/a><br \/>\n^ .. um zum Sea Arch zu sehen, also die kleine durchg\u00e4ngige Felsh\u00f6hle. Der Weg ab hier weiter hinunter ist allerdings gesperrt.<\/p>\n<p><a href='http:\/\/extra.inmontanis.info\/d\/21971-2\/DSC00267.jpg'><img src=http:\/\/extra.inmontanis.info\/d\/21970-3\/DSC00267.jpg \/><\/a><br \/>\n^ Sea Arch, also Meeresbogen (IR)<\/p>\n<p><a href='http:\/\/extra.inmontanis.info\/d\/21975-2\/DSC01389.jpg'><img src=http:\/\/extra.inmontanis.info\/d\/21974-3\/DSC01389.jpg \/><\/a><br \/>\n^ Blick von dort r\u00fcber zur Br\u00fccke<\/p>\n<p><a href='http:\/\/extra.inmontanis.info\/d\/21979-2\/DSC01394.jpg'><img src=http:\/\/extra.inmontanis.info\/d\/21978-3\/DSC01394.jpg \/><\/a><br \/>\n^ Die wilde Atlantik-K\u00fcste<\/p>\n<p>Nach ca. 2 Stunden war ich soweit durch, wobei ich mir nicht jede Museums-Tafel durchgelesen hatte. Ein spontanes, kurzes Haarewaschen war ebenfalls drin, da es ein eigenes WC mit Waschbecken, H\u00e4ndetrockner und Seifenspender gab :) <\/p>\n<p>Zweites Hauptziel heute war die Seilbahn nach Dursey Island, das alte &#8220;Funifor&#8221;, dass das &#8220;Festland&#8221;, \u00e4h, Irland, mit einer kleinen Insel, Dursey, verbindet. Trotz gro\u00dfer Kabinen d\u00fcrfen nur 6 Leute mitfahren, wodurch es einiges an Wartezeiten gab. Netterweise war das Wetter einigerma\u00dfen sonnig, viel rumgelaufen bin ich auf der Insel aber nicht, ein bisschen Panik hat man ja schon, wie man zur\u00fcck kommt, wenn die Seilbahn pl\u00f6tzlich ausfallen w\u00fcrde&#8230;<\/p>\n<p>Die einspurige Bahn selbst f\u00e4hrt sehr langsam, aber sehr ruhig &#8211; obwohl es stark windig war.<\/p>\n<p><a href='http:\/\/extra.inmontanis.info\/d\/22215-2\/DSC01400.jpg'><img src=http:\/\/extra.inmontanis.info\/d\/22214-3\/DSC01400.jpg \/><\/a><br \/>\n^ K\u00fcstenstra\u00dfe \/ Dunmanus Bay<\/p>\n<p><a href='http:\/\/extra.inmontanis.info\/d\/22219-2\/DSC01413.jpg'><img src=http:\/\/extra.inmontanis.info\/d\/22218-3\/DSC01413.jpg \/><\/a><br \/>\n^ K\u00fcstenstra\u00dfe \/ Dunmanus Bay<\/p>\n<p><a href='http:\/\/extra.inmontanis.info\/d\/22211-2\/DSC01431.jpg'><img src=http:\/\/extra.inmontanis.info\/d\/22210-3\/DSC01431.jpg \/><\/a><br \/>\n^ K\u00fcstenstra\u00dfe, N71 \/ n\u00e4he Glengarriff<\/p>\n<p><a href='http:\/\/extra.inmontanis.info\/d\/21987-2\/DSC01442.jpg'><img src=http:\/\/extra.inmontanis.info\/d\/21985-3\/DSC01442.jpg \/><\/a><br \/>\n^ K\u00fcstenstra\u00dfe, R572 n\u00e4he Adrigole<\/p>\n<p><a href='http:\/\/extra.inmontanis.info\/d\/21991-2\/DSC01464.jpg'><img src=http:\/\/extra.inmontanis.info\/d\/21990-3\/DSC01464.jpg \/><\/a><br \/>\n^ K\u00fcstenstra\u00dfe \/ Kurz vor der Dursey Seilbahn<\/p>\n<p><a href='http:\/\/extra.inmontanis.info\/d\/21995-2\/DSC01465.jpg'><img src=http:\/\/extra.inmontanis.info\/d\/21994-3\/DSC01465.jpg \/><\/a><br \/>\n^ Dursey Island<\/p>\n<p><a href='http:\/\/extra.inmontanis.info\/d\/21999-2\/DSC01469.jpg'><img src=http:\/\/extra.inmontanis.info\/d\/21998-3\/DSC01469.jpg \/><\/a><br \/>\n^ Dursey Island Cable Car, die einzige Seilbahn Irlands (von ganz wenigen Skiliften abgesehen)<\/p>\n<p><a href='http:\/\/extra.inmontanis.info\/d\/22003-2\/DSC01471.jpg'><img src=http:\/\/extra.inmontanis.info\/d\/22002-3\/DSC01471.jpg \/><\/a><br \/>\n^ PB-Strecke; lt. den Schildern soll das andere Ende Europas, das ca. 1000 km weiter \u00f6stlich (!) von Moskau ist, gleich weit weg sein wie New York? Nun, ich messe in GE bis Moskau\/\u041c\u043e\u0441\u043a\u0432\u0430 nur 3.100 km Luftlinie, allerdings damit genauso viel wie bis zum kanadischen Festland (Neufundland).<\/p>\n<p><a href='http:\/\/extra.inmontanis.info\/d\/22007-2\/DSC01473.jpg'><img src=http:\/\/extra.inmontanis.info\/d\/22006-3\/DSC01473.jpg \/><\/a><br \/>\n^ Pano zur K\u00fcste<\/p>\n<p><a href='http:\/\/extra.inmontanis.info\/d\/22011-2\/DSC01475.jpg'><img src=http:\/\/extra.inmontanis.info\/d\/22010-3\/DSC01475.jpg \/><\/a><br \/>\n^ Zugang zur PB<\/p>\n<p><a href='http:\/\/extra.inmontanis.info\/d\/22015-2\/DSC01480.jpg'><img src=http:\/\/extra.inmontanis.info\/d\/22014-3\/DSC01480.jpg \/><\/a><br \/>\n^ PB-Kabine<\/p>\n<p><a href='http:\/\/extra.inmontanis.info\/d\/22019-2\/DSC01482.jpg'><img src=http:\/\/extra.inmontanis.info\/d\/22018-3\/DSC01482.jpg \/><\/a><br \/>\n^ PB-Kabine<\/p>\n<p><a href='http:\/\/extra.inmontanis.info\/d\/22023-2\/DSC01483.jpg'><img src=http:\/\/extra.inmontanis.info\/d\/22022-3\/DSC01483.jpg \/><\/a><br \/>\n^ PB-Kabine. Platz w\u00e4re f\u00fcr mehr als 6 Personen, gilt der Hinweis mit dem Safe Working Load nun als Maximum oder nicht? Mehr als 6 sind sind aber dennoch nie eingestiegen&#8230;<\/p>\n<p><a href='http:\/\/extra.inmontanis.info\/d\/22027-2\/DSC01487.jpg'><img src=http:\/\/extra.inmontanis.info\/d\/22026-3\/DSC01487.jpg \/><\/a><br \/>\n^ Fahrkarte<\/p>\n<p><a href='http:\/\/extra.inmontanis.info\/d\/22031-2\/DSC01494.jpg'><img src=http:\/\/extra.inmontanis.info\/d\/22030-3\/DSC01494.jpg \/><\/a><br \/>\n^ K\u00fcste unter der Seilbahn<\/p>\n<p><a href='http:\/\/extra.inmontanis.info\/d\/22035-2\/DSC01496.jpg'><img src=http:\/\/extra.inmontanis.info\/d\/22034-3\/DSC01496.jpg \/><\/a><br \/>\n^ Seilbahn, Parkplatz und Schiffsanlegestelle &#8211; gibt ja auch eine F\u00e4hre f\u00fcr die einheimischen Fahrzeuge<\/p>\n<p><a href='http:\/\/extra.inmontanis.info\/d\/22039-2\/DSC01497.jpg'><img src=http:\/\/extra.inmontanis.info\/d\/22038-3\/DSC01497.jpg \/><\/a><br \/>\n^ Die andere Seite der Seilbahn<\/p>\n<p><a href='http:\/\/extra.inmontanis.info\/d\/22043-2\/DSC01501.jpg'><img src=http:\/\/extra.inmontanis.info\/d\/22042-3\/DSC01501.jpg \/><\/a><br \/>\n^ Beide St\u00fctzen<\/p>\n<p><a href='http:\/\/extra.inmontanis.info\/d\/22047-2\/DSC01503.jpg'><img src=http:\/\/extra.inmontanis.info\/d\/22046-3\/DSC01503.jpg \/><\/a><br \/>\n^ Endstation Dursey, ich war \u00fcberrascht, wieviel Autos hier stehen &#8211; dachte die Insel h\u00e4tte weniger Einwohner.<\/p>\n<p><a href='http:\/\/extra.inmontanis.info\/d\/22051-2\/DSC01506.jpg'><img src=http:\/\/extra.inmontanis.info\/d\/22050-3\/DSC01506.jpg \/><\/a><br \/>\n^ PB-Kabine auf dem Weg \u00fcber&#8217;s Meer<\/p>\n<p><a href='http:\/\/extra.inmontanis.info\/d\/22055-2\/DSC01526.jpg'><img src=http:\/\/extra.inmontanis.info\/d\/22054-3\/DSC01526.jpg \/><\/a><br \/>\n^ PB und Parkplatz<\/p>\n<p><a href='http:\/\/extra.inmontanis.info\/d\/22059-2\/DSC01527.jpg'><img src=http:\/\/extra.inmontanis.info\/d\/22058-3\/DSC01527.jpg \/><\/a><br \/>\n^ Ah, heute gibt&#8217;s Linseneintopf &#8230; Die Wiese rund um die Insel-Station war komplett verkackt. Aber wenn&#8217;s den Schafen schmeckt&#8230;<\/p>\n<p><a href='http:\/\/extra.inmontanis.info\/d\/22063-2\/DSC01537.jpg'><img src=http:\/\/extra.inmontanis.info\/d\/22062-3\/DSC01537.jpg \/><\/a><br \/>\n^ PB und Endstation<\/p>\n<p><a href='http:\/\/extra.inmontanis.info\/d\/22067-2\/DSC01540.jpg'><img src=http:\/\/extra.inmontanis.info\/d\/22066-3\/DSC01540.jpg \/><\/a><br \/>\n^ Komplette Strecke<\/p>\n<p><a href='http:\/\/extra.inmontanis.info\/d\/22071-2\/DSC01544.jpg'><img src=http:\/\/extra.inmontanis.info\/d\/22070-3\/DSC01544.jpg \/><\/a><br \/>\n^ Strecke und Meer<\/p>\n<p><a href='http:\/\/extra.inmontanis.info\/d\/22075-2\/DSC01546.jpg'><img src=http:\/\/extra.inmontanis.info\/d\/22074-3\/DSC01546.jpg \/><\/a><br \/>\n^ Ein altes Seil gammelt am Boden rum<\/p>\n<p><a href='http:\/\/extra.inmontanis.info\/d\/22079-2\/DSC01562.jpg'><img src=http:\/\/extra.inmontanis.info\/d\/22078-3\/DSC01562.jpg \/><\/a><br \/>\n^ St\u00fctze und Meer<\/p>\n<p><a href='http:\/\/extra.inmontanis.info\/d\/22083-2\/DSC01570.jpg'><img src=http:\/\/extra.inmontanis.info\/d\/22082-3\/DSC01570.jpg \/><\/a><br \/>\n^ Kabine von unten<\/p>\n<p><a href='http:\/\/extra.inmontanis.info\/d\/22087-2\/dsc01551-1558a3.jpg'><img src=http:\/\/extra.inmontanis.info\/d\/22086-3\/dsc01551-1558a3.jpg \/><\/a><br \/>\n^ Stereographisches 360\u00b0-Pano<\/p>\n<p><a href='http:\/\/extra.inmontanis.info\/d\/22091-2\/dsc01551-1558d2.jpg'><img src=http:\/\/extra.inmontanis.info\/d\/22090-3\/dsc01551-1558d2.jpg \/><\/a><br \/>\n^ Abgeschnittenes nun-nicht-mehr-360\u00b0-Pano, gleiches Bildmaterial wie vorhin nur ein bisschen anders gedreht.<\/p>\n<p><a href='http:\/\/extra.inmontanis.info\/d\/22095-2\/DSC01577.jpg'><img src=http:\/\/extra.inmontanis.info\/d\/22094-3\/DSC01577.jpg \/><\/a><br \/>\n^ Endstation<\/p>\n<p><a href='http:\/\/extra.inmontanis.info\/d\/22099-2\/DSC01579.jpg'><img src=http:\/\/extra.inmontanis.info\/d\/22098-3\/DSC01579.jpg \/><\/a><br \/>\n^ Sicherheitseinrichtungen, ob&#8217;s die wohl schon lange gibt?<\/p>\n<p><a href='http:\/\/extra.inmontanis.info\/d\/22103-2\/DSC01581.jpg'><img src=http:\/\/extra.inmontanis.info\/d\/22102-3\/DSC01581.jpg \/><\/a><br \/>\n^ Endstation, recht filigran gebaut<\/p>\n<p><a href='http:\/\/extra.inmontanis.info\/d\/22107-2\/DSC01583.jpg'><img src=http:\/\/extra.inmontanis.info\/d\/22106-3\/DSC01583.jpg \/><\/a><br \/>\n^ Mini-Umlenkscheibe<\/p>\n<p><a href='http:\/\/extra.inmontanis.info\/d\/22111-2\/DSC01582.jpg'><img src=http:\/\/extra.inmontanis.info\/d\/22110-3\/DSC01582.jpg \/><\/a><br \/>\n^ Warten auf die Kabine<\/p>\n<p><a href='http:\/\/extra.inmontanis.info\/d\/22115-2\/DSC01587.jpg'><img src=http:\/\/extra.inmontanis.info\/d\/22114-3\/DSC01587.jpg \/><\/a><br \/>\n^ Die T\u00fcr wird manuell von den Fahrg\u00e4sten geschlossen und ge\u00f6ffnet; dies kann allerdings nicht w\u00e4hrend der Fahrt gemacht werden.<\/p>\n<p><a href='http:\/\/extra.inmontanis.info\/d\/22119-2\/DSC01592.jpg'><img src=http:\/\/extra.inmontanis.info\/d\/22118-3\/DSC01592.jpg \/><\/a><br \/>\n^ Durch den T\u00fcrspalt kann man runter auf&#8217;s Meer schauen. Auch wenn&#8217;s irgendwie unerkl\u00e4rlich ist, aber ich hatte schon ein etwas mulmigeres Gef\u00fchl als \u00fcber festem Boden&#8230;<\/p>\n<p><a href='http:\/\/extra.inmontanis.info\/d\/22123-2\/DSC01590.jpg'><img src=http:\/\/extra.inmontanis.info\/d\/22122-3\/DSC01590.jpg \/><\/a><br \/>\n^ Zugseilfestmachung an den Kabinenenden<\/p>\n<p><a href='http:\/\/extra.inmontanis.info\/d\/22127-2\/DSC01596.jpg'><img src=http:\/\/extra.inmontanis.info\/d\/22126-3\/DSC01596.jpg \/><\/a><br \/>\n^ St\u00fctzen\u00fcberfahrt<\/p>\n<p><a href='http:\/\/extra.inmontanis.info\/d\/22131-2\/DSC01597.jpg'><img src=http:\/\/extra.inmontanis.info\/d\/22130-3\/DSC01597.jpg \/><\/a><br \/>\n^ T\u00fcrverriegelungsmechanismus, wurde wohl auch erst nachtr\u00e4glich angebaut, als immer mehr Touristen kamen?<\/p>\n<p><a href='http:\/\/extra.inmontanis.info\/d\/22135-2\/DSC01604.jpg'><img src=http:\/\/extra.inmontanis.info\/d\/22134-3\/DSC01604.jpg \/><\/a><br \/>\n^ Station<\/p>\n<p>Kleines Filmchen:<br \/>\n<object style=\"height: 500px; width: 900px\"><param name=\"movie\" value=\"http:\/\/www.youtube.com\/v\/rlcDW9hk4eA\"><\/param><param name=\"wmode\" value=\"transparent\"><\/param><embed src=\"http:\/\/www.youtube.com\/v\/rlcDW9hk4eA\" type=\"application\/x-shockwave-flash\" wmode=\"transparent\"  width=\"900\" height=\"480\"><\/embed><\/object><\/p>\n<p>Auf der Stra\u00dfe zur Seilbahn gibt&#8217;s einen Imbisswagen, wo ich mir erneut Fish &#038; Chips kaufte. Eine Riesenportion mit Salat um g\u00fcnstige 8,- \u20ac und der Fisch ungew\u00f6hnlich knusprig. Papp-Satt.<\/p>\n<p><a href='http:\/\/extra.inmontanis.info\/d\/22139-2\/DSC01611.jpg'><img src=http:\/\/extra.inmontanis.info\/d\/22138-3\/DSC01611.jpg \/><\/a><br \/>\n^ K\u00fcstenstra\u00dfe unweit der Dursey-PB<\/p>\n<p><a href='http:\/\/extra.inmontanis.info\/d\/22143-2\/DSC01614.jpg'><img src=http:\/\/extra.inmontanis.info\/d\/22142-3\/DSC01614.jpg \/><\/a><br \/>\n^ Dursey Deli, Imbisswagen mit Aussicht &#8230;<\/p>\n<p><a href='http:\/\/extra.inmontanis.info\/d\/22147-2\/DSC01613.jpg'><img src=http:\/\/extra.inmontanis.info\/d\/22146-3\/DSC01613.jpg \/><\/a><br \/>\n^ &#8230; und eine reichhaltige und leckere Portion Fish &#038; Chips<\/p>\n<p>Retour von der Halbinsel etwas geschl\u00e4ngelt gefahren, da ich den Healy-Pass noch mitnehmen wollte, der S\u00fcdseitig wahrlich alpin wirkt, obwohl der Scheitelpunkt gerade mal auf 300 hm ist!<\/p>\n<p><a href='http:\/\/extra.inmontanis.info\/d\/22151-2\/DSC01619.jpg'><img src=http:\/\/extra.inmontanis.info\/d\/22150-3\/DSC01619.jpg \/><\/a><br \/>\n^ K\u00fcstenstra\u00dfe R575<\/p>\n<p><a href='http:\/\/extra.inmontanis.info\/d\/22155-2\/DSC01630.jpg'><img src=http:\/\/extra.inmontanis.info\/d\/22154-3\/DSC01630.jpg \/><\/a><br \/>\n^ K\u00fcste an der R575<\/p>\n<p><a href='http:\/\/extra.inmontanis.info\/d\/22159-2\/DSC01642.jpg'><img src=http:\/\/extra.inmontanis.info\/d\/22158-3\/DSC01642.jpg \/><\/a><br \/>\n^ K\u00fcste an der R575<\/p>\n<p><a href='http:\/\/extra.inmontanis.info\/d\/22163-2\/DSC01649.jpg'><img src=http:\/\/extra.inmontanis.info\/d\/22162-3\/DSC01649.jpg \/><\/a><br \/>\n^ K\u00fcste an der R575<\/p>\n<p><a href='http:\/\/extra.inmontanis.info\/d\/22167-2\/DSC01659.jpg'><img src=http:\/\/extra.inmontanis.info\/d\/22166-3\/DSC01659.jpg \/><\/a><br \/>\n^ K\u00fcstenstra\u00dfe R575<\/p>\n<p><a href='http:\/\/extra.inmontanis.info\/d\/22171-2\/DSC01663.jpg'><img src=http:\/\/extra.inmontanis.info\/d\/22170-3\/DSC01663.jpg \/><\/a><br \/>\n^ K\u00fcstenstra\u00dfe R575, auch rechts zu sehen &#8211; nettes Str\u00e4sschen!<\/p>\n<p><a href='http:\/\/extra.inmontanis.info\/d\/22175-2\/DSC01667.jpg'><img src=http:\/\/extra.inmontanis.info\/d\/22174-3\/DSC01667.jpg \/><\/a><br \/>\n^ K\u00fcstenstra\u00dfe R575<\/p>\n<p><a href='http:\/\/extra.inmontanis.info\/d\/22179-2\/DSC01696.jpg'><img src=http:\/\/extra.inmontanis.info\/d\/22178-3\/DSC01696.jpg \/><\/a><br \/>\n^ S\u00fcdrampe zum Healy Pass<\/p>\n<p><a href='http:\/\/extra.inmontanis.info\/d\/22183-2\/DSC01700.jpg'><img src=http:\/\/extra.inmontanis.info\/d\/22182-3\/DSC01700.jpg \/><\/a><br \/>\n^ Sehr alpine Auffahrt zum Healy Pass, der Pass\u00fcbergang ist rechts des wei\u00dfen Kreuzes<\/p>\n<p><a href='http:\/\/extra.inmontanis.info\/d\/22187-2\/DSC01708.jpg'><img src=http:\/\/extra.inmontanis.info\/d\/22186-3\/DSC01708.jpg \/><\/a><br \/>\n^ Healy Pass, S\u00fcdrampe. Wirkt schwer alpin, daf\u00fcr, dass der Pass nur auf 300 Meter H\u00f6he ist!<\/p>\n<p><a href='http:\/\/extra.inmontanis.info\/d\/22191-2\/DSC01709.jpg'><img src=http:\/\/extra.inmontanis.info\/d\/22190-3\/DSC01709.jpg \/><\/a><br \/>\n^ Infoschild Healy Pass<\/p>\n<p><a href='http:\/\/extra.inmontanis.info\/d\/22195-2\/DSC01710.jpg'><img src=http:\/\/extra.inmontanis.info\/d\/22194-3\/DSC01710.jpg \/><\/a><br \/>\n^ Healy Pass Passh\u00f6he<\/p>\n<p><a href='http:\/\/extra.inmontanis.info\/d\/22199-2\/DSC01718.jpg'><img src=http:\/\/extra.inmontanis.info\/d\/22198-3\/DSC01718.jpg \/><\/a><br \/>\n^ Healy Pass Passh\u00f6he (300m)<\/p>\n<p><a href='http:\/\/extra.inmontanis.info\/d\/22203-2\/DSC01723.jpg'><img src=http:\/\/extra.inmontanis.info\/d\/22202-3\/DSC01723.jpg \/><\/a><br \/>\n^ Healy Pass, Nordseite<\/p>\n<p><a href='http:\/\/extra.inmontanis.info\/d\/22207-2\/DSC01725.jpg'><img src=http:\/\/extra.inmontanis.info\/d\/22206-3\/DSC01725.jpg \/><\/a><br \/>\n^ Healy Pass, Nordseite<\/p>\n<p>Als letztes wollte ich heute noch \u00fcber den Gap of Dunloe fahren, ein schmaler, alter Pass, der tags\u00fcber von Pferdekutschen, Fu\u00dfg\u00e4ngern und Radfahrern besetzt ist und den man daher mit dem Auto besser zu Tagesrandzeiten fahren sollte. War schon recht spektakul\u00e4r, aber es gab doch genug Ausweichen und so extrem gef\u00e4hrlich, wie er auf einigen Seiten dargestelt wird &#8211; also da hatte ich sp\u00e4ter auf der Reise noch ganz andere krasse Stra\u00dfen und im Vgl. zu Schotter-Stra\u00dfen in den Alpen ist das hier locker zu meistern, au\u00dfer man hat ein langes, breites oder tiefergelegtes Vehikel.<\/p>\n<p><a href='http:\/\/extra.inmontanis.info\/d\/22225-2\/DSC01752.jpg'><img src=http:\/\/extra.inmontanis.info\/d\/22223-3\/DSC01752.jpg \/><\/a><br \/>\n^ N71 \/ Auffahrt zum Molls Gap<\/p>\n<p><a href='http:\/\/extra.inmontanis.info\/d\/22229-2\/DSC01761.jpg'><img src=http:\/\/extra.inmontanis.info\/d\/22228-3\/DSC01761.jpg \/><\/a><br \/>\n^ 2. Abzweigung auf ein schmales Str\u00e4\u00dfchen kurz hinter dem Molls Gap, das in das Tal hinabf\u00fchrt &#8230;<\/p>\n<p><a href='http:\/\/extra.inmontanis.info\/d\/22233-2\/DSC01770.jpg'><img src=http:\/\/extra.inmontanis.info\/d\/22232-3\/DSC01770.jpg \/><\/a><br \/>\n^ Nach einer weiteren Abzweigung geht es nun sehr schmal in Richtung einer Jugendherberge &#8230;<\/p>\n<p><a href='http:\/\/extra.inmontanis.info\/d\/22237-2\/DSC01785.jpg'><img src=http:\/\/extra.inmontanis.info\/d\/22236-3\/DSC01785.jpg \/><\/a><br \/>\n^ Und dann nach einer weiteren Abzweigung hinauf zum Gap of Dunloe<\/p>\n<p><a href='http:\/\/extra.inmontanis.info\/d\/22241-2\/DSC01792.jpg'><img src=http:\/\/extra.inmontanis.info\/d\/22240-3\/DSC01792.jpg \/><\/a><br \/>\n^ Passh\u00f6he Gap of Dunloe<\/p>\n<p><a href='http:\/\/extra.inmontanis.info\/d\/22245-2\/DSC01796.jpg'><img src=http:\/\/extra.inmontanis.info\/d\/22244-3\/DSC01796.jpg \/><\/a><br \/>\n^ N\u00f6rdlich der Passh\u00f6he geht&#8217;s ein paar Kehren hinab, bis die wirklich spekatul\u00e4re Strecke beginnt &#8230;<\/p>\n<p><a href='http:\/\/extra.inmontanis.info\/d\/22249-2\/DSC01804.jpg'><img src=http:\/\/extra.inmontanis.info\/d\/22248-3\/DSC01804.jpg \/><\/a><br \/>\n^ Die Stra\u00dfe am Gap of Dunloe ist sehr schmal, hat aber gen\u00fcgend Ausweichen. Tags\u00fcber sollte man sie aber wg. der vielen Pferdekutschen trotzdem nicht fahren und langsam fahren ist ebenfalls n\u00f6tig.<\/p>\n<p><a href='http:\/\/extra.inmontanis.info\/d\/22253-2\/DSC01813.jpg'><img src=http:\/\/extra.inmontanis.info\/d\/22252-3\/DSC01813.jpg \/><\/a><br \/>\n^ Gap of Dunloe, entlang eines Sees<\/p>\n<p><a href='http:\/\/extra.inmontanis.info\/d\/22257-2\/DSC01817.jpg'><img src=http:\/\/extra.inmontanis.info\/d\/22256-3\/DSC01817.jpg \/><\/a><br \/>\n^ R\u00fcckblick zur Passh\u00f6he<\/p>\n<p><a href='http:\/\/extra.inmontanis.info\/d\/22261-2\/DSC01820.jpg'><img src=http:\/\/extra.inmontanis.info\/d\/22260-3\/DSC01820.jpg \/><\/a><br \/>\n^ Gap of Dunloe, R\u00fcckblick zur Passh\u00f6he (Nordrampe)<\/p>\n<p><a href='http:\/\/extra.inmontanis.info\/d\/22265-2\/DSC01822.jpg'><img src=http:\/\/extra.inmontanis.info\/d\/22264-3\/DSC01822.jpg \/><\/a><br \/>\n^ Gap of Dunloe, nun geht&#8217;s auf der Nordseite gleich weiter bergab.<\/p>\n<p><a href='http:\/\/extra.inmontanis.info\/d\/22269-2\/DSC01836.jpg'><img src=http:\/\/extra.inmontanis.info\/d\/22268-3\/DSC01836.jpg \/><\/a><br \/>\n^ Gap of Dunloe, nordseitiger See, rechts entlang die Stra\u00dfe<\/p>\n<p><a href='http:\/\/extra.inmontanis.info\/d\/22273-2\/DSC01838.jpg'><img src=http:\/\/extra.inmontanis.info\/d\/22272-3\/DSC01838.jpg \/><\/a><br \/>\n^ Gap of Dunloe, selbst hier den See entlang ist die Stra\u00dfe alles andere als langweilig ;)<\/p>\n<p><a href='http:\/\/extra.inmontanis.info\/d\/22277-2\/DSC01846.jpg'><img src=http:\/\/extra.inmontanis.info\/d\/22276-3\/DSC01846.jpg \/><\/a><br \/>\n^ Gap of Dunloe, R\u00fcckblick von eben diesem See<\/p>\n<p>Es folgt noch eine weite Strecke im Talboden, bevor man wieder zur Zivilisation kommt &#8211; zu einem gro\u00dfen Parkplatz mit Reisebussen, von wo aus morgen fr\u00fch wieder die Pferdekutschen starten.<\/p>\n<p>Zum Schluss gings noch nach Killarney zu einem Tesco wg. WC + kleinem Einkauf, danach auf die Dingle-Halbinsel auf der Suche nach einem ruhigen Parkplatz, den ich auf einer wenig befahrenen, schmalen und nordseitig sehr steilen Passstra\u00dfe in Form einer gr\u00f6\u00dferem Ausbuchtung fand. W\u00e4hrend ich diese Zeilen schrieb (kurz vor 23 Uhr), fing es mal wieder zu Regnen an &#8211; aber das dauerte gestern und heute nicht lang, bevor es wieder aufh\u00f6rte. Leider ist der Mobilnetzempfang hier oben nicht sehr gut &#8211; m\u00fcsste ja noch die F\u00e4hre nach Schottland irgendwann klar machen&#8230;<\/p>\n<p><a href='http:\/\/extra.inmontanis.info\/d\/22281-2\/DSC01859.jpg'><img src=http:\/\/extra.inmontanis.info\/d\/22280-3\/DSC01859.jpg \/><\/a><br \/>\n^ Etliche Stra\u00dfen in Irland sind wie in Gro\u00dfbritannien mit Reflektoren an den Fahrstreifen versehen.<\/p>\n<p><a href='http:\/\/extra.inmontanis.info\/d\/22287-2\/DSC01862.jpg'><img src=http:\/\/extra.inmontanis.info\/d\/22285-3\/DSC01862.jpg \/><\/a><br \/>\n^ Kleines Passstr\u00e4sschen auf der Halbinsel Dingle (Aughils-Camp), ist nachts gleich doppelt so spektakul\u00e4r ;)<\/p>\n<p><a href='http:\/\/extra.inmontanis.info\/d\/22291-2\/DSC01869.jpg'><img src=http:\/\/extra.inmontanis.info\/d\/22290-3\/DSC01869.jpg \/><\/a><br \/>\n^ Mittern\u00e4chtliches Langzeit-Foto auf besagtem Pass<\/p>\n<p><em>&#8230; versteht ihr nun, weshalb ich beim Schreiben dieses Tagesberichts schrieb &#8220;Kaum zu glauben, dass das erst der dritte Tag ist&#8221;?<\/em><\/p>\n<p>(Fortsetzung folgt.)<\/p>\n","protected":false},"excerpt":{"rendered":"<p>Mo, 11.8.2014 &#8211; Tag 3 &#8211; km 91.933<\/p>\n<p>Kaum zu glauben, dass das erst der dritte Tag ist &#8211; ich komm mir schon vor, als w\u00e4re ich eine Woche unterwegs gewesen! Allerdings war der heutige Tag auch voll von POIs und wetterm\u00e4\u00dfig wesentlich besser als noch vor 2 Tagen gemeldet. Mit ca. 700 Fotos ist <a href=\"http:\/\/blog.inmontanis.info\/?p=2800\">[&#8230;]<\/a><\/p>\n","protected":false},"author":1,"featured_media":0,"comment_status":"open","ping_status":"closed","sticky":false,"template":"","format":"standard","meta":{"footnotes":""},"categories":[131,132,59],"tags":[102,87,100,37,52,45],"class_list":["post-2800","post","type-post","status-publish","format-standard","hentry","category-2014-08-englandirland","category-irlandireland","category-nostalgie","tag-360-pano","tag-grotteklamm","tag-langzeitbelichtung","tag-meer","tag-pb","tag-see","odd"],"_links":{"self":[{"href":"http:\/\/blog.inmontanis.info\/index.php?rest_route=\/wp\/v2\/posts\/2800","targetHints":{"allow":["GET"]}}],"collection":[{"href":"http:\/\/blog.inmontanis.info\/index.php?rest_route=\/wp\/v2\/posts"}],"about":[{"href":"http:\/\/blog.inmontanis.info\/index.php?rest_route=\/wp\/v2\/types\/post"}],"author":[{"embeddable":true,"href":"http:\/\/blog.inmontanis.info\/index.php?rest_route=\/wp\/v2\/users\/1"}],"replies":[{"embeddable":true,"href":"http:\/\/blog.inmontanis.info\/index.php?rest_route=%2Fwp%2Fv2%2Fcomments&post=2800"}],"version-history":[{"count":1,"href":"http:\/\/blog.inmontanis.info\/index.php?rest_route=\/wp\/v2\/posts\/2800\/revisions"}],"predecessor-version":[{"id":2801,"href":"http:\/\/blog.inmontanis.info\/index.php?rest_route=\/wp\/v2\/posts\/2800\/revisions\/2801"}],"wp:attachment":[{"href":"http:\/\/blog.inmontanis.info\/index.php?rest_route=%2Fwp%2Fv2%2Fmedia&parent=2800"}],"wp:term":[{"taxonomy":"category","embeddable":true,"href":"http:\/\/blog.inmontanis.info\/index.php?rest_route=%2Fwp%2Fv2%2Fcategories&post=2800"},{"taxonomy":"post_tag","embeddable":true,"href":"http:\/\/blog.inmontanis.info\/index.php?rest_route=%2Fwp%2Fv2%2Ftags&post=2800"}],"curies":[{"name":"wp","href":"https:\/\/api.w.org\/{rel}","templated":true}]}}