{"id":2797,"date":"2014-08-10T23:11:11","date_gmt":"2014-08-10T21:11:11","guid":{"rendered":"http:\/\/blog.inmontanis.info\/?p=2797"},"modified":"2014-08-29T23:15:06","modified_gmt":"2014-08-29T21:15:06","slug":"llandudno-bray-rost-ex-sessellift-fahre-wicklow-10-8-2014","status":"publish","type":"post","link":"http:\/\/blog.inmontanis.info\/?p=2797","title":{"rendered":"Llandudno, Bray (Rost-Ex-Sessellift), F\u00e4hre, Wicklow, 10.8.2014"},"content":{"rendered":"<p><strong>So, 10.8.2014 &#8211; Tag 2<\/strong><\/p>\n<p>Nach mageren 4 Stunden Schlaf wurde ich nicht nur durch starken Regen geweckt, sondern auch durch das Bed\u00fcrfnis, auf&#8217;s Klo zu gehen. W\u00e4hrend ich in den letzten 2 Urlauben jeweils nur 1x mein WC ben\u00fctzen musste, war es in diesem nun schon das 2. Mal in 2 Tagen (und es sollten noch ca. 2 Tage in den n\u00e4chsten Wochen folgen) &#8230; Konnte aber wieder einschlafen, 2 Stunden sp\u00e4ter weckte mich mein Wecker und ich fuhr zum McDonalds in Llandudno, da ich noch Zeit hatte.<\/p>\n<p>(Fotos anklicken zum Vergr\u00f6\u00dfern)<\/p>\n<p><a href='http:\/\/extra.inmontanis.info\/d\/21059-3\/201408ges8.jpg'><img src=http:\/\/extra.inmontanis.info\/d\/21058-4\/201408ges8.jpg \/><\/a><br \/>\n<font color=#800040>C) Llandudno<br \/>\n(F\u00e4hre Holyhead-Dublin)<br \/>\nD) Dublin \/ Bray<\/font><\/p>\n<p><a href='http:\/\/extra.inmontanis.info\/d\/21701-2\/IMG_0874.jpg'><img src=http:\/\/extra.inmontanis.info\/d\/21700-3\/IMG_0874.jpg \/><\/a><br \/>\n^ McDonalds, Big Breakfast. Leider ohne Bacon und die Eier sind bei uns auch besser.<\/p>\n<p>Leider war die Seilbahn wieder mal nicht um 10 Uhr in Betrieb. Zu schlechte Wettervorhersagen, zu viel Wind &#8211; das \u00fcbliche halt. Von 4 oder 5 Tagen, wo ich bisher hier war, hab ich sie nur 1x fahren sehen, wenn ich das recht im Kopf hab.<\/p>\n<p>Alternative war mal wieder Skifahren &#8211; leider hat man ja in Llandudno die gleichen Matten wie gestern, also Permasnow, aber ich hoffte auf etwas Regen &#8211; der leider ausblieb. Die Bew\u00e4sserung blieb vielleicht zum Gl\u00fcck auch gr\u00f6\u00dftenteils aus und in Summe war es durch die Feuchte am Morgen etwas besser als gestern, aber ich werde Permasnow-Mattengebiete in Zukunft genauso meiden wie Snowflex-Mattengebiete.<\/p>\n<p><a href='http:\/\/ski.inmontanis.info\/d\/184190-2\/DSC00864.jpg'><img src=http:\/\/ski.inmontanis.info\/d\/184189-3\/DSC00864.jpg \/><\/a><br \/>\n^ Schiebeweg von der SL-Bergstation zum Start der Piste<\/p>\n<p><a href='http:\/\/ski.inmontanis.info\/d\/184194-2\/DSC00858.jpg'><img src=http:\/\/ski.inmontanis.info\/d\/184193-3\/DSC00858.jpg \/><\/a><br \/>\n^ Abfahrt von oben mit Blick zum Meer (links und rechts) und der 4 EUB (in der Mitte, wg. Schlechtwetter nicht in Betrieb)<\/p>\n<p><a href='http:\/\/ski.inmontanis.info\/d\/184198-2\/DSC00870.jpg'><img src=http:\/\/ski.inmontanis.info\/d\/184197-3\/DSC00870.jpg \/><\/a><br \/>\n^ SSL, Sommerrodelbahn, Meer &#8211; und Schafe.<\/p>\n<p>Ich blieb f\u00fcr die 13,50 GBP auch nur 1 Stunde, da ich ja weiter nach Holyhead zur F\u00e4hre musste.<\/p>\n<p><a href='http:\/\/extra.inmontanis.info\/d\/21705-2\/DSC00879.jpg'><img src=http:\/\/extra.inmontanis.info\/d\/21704-3\/DSC00879.jpg \/><\/a><br \/>\n^ Eine recht ungew\u00f6hnliche Br\u00fcckenkonstruktion ..<\/p>\n<p><a href='http:\/\/extra.inmontanis.info\/d\/21709-2\/DSC00880.jpg'><img src=http:\/\/extra.inmontanis.info\/d\/21708-3\/DSC00880.jpg \/><\/a><br \/>\n^ Einfahrt zur Verschiffung am Hafen von Holyhead<\/p>\n<p>An Board hab ich mir gleich einen Platz in einem der Restaurants geschnappt und eine(n) Steak and Ale Pie gegessen &#8211; mit 7,95 GBP recht g\u00fcnstig (Wiener Schnitzel und andere Sachen h\u00e4tten sogar unter 6,- GBP gekostet) &#8211; allerdings doch etwas zu viel f\u00fcr mich gewesen &#8230;<\/p>\n<p><a href='http:\/\/extra.inmontanis.info\/d\/21713-2\/IMG_0876.jpg'><img src=http:\/\/extra.inmontanis.info\/d\/21712-3\/IMG_0876.jpg \/><\/a><br \/>\n^ Steak and Ale Pie. Ist ja innendrin egtl. auch genug Sauce, war leider bl\u00f6d, dass ich die Frage nach der Extra-Gravy bejahte. Sehr reichhaltig und mit 7,95 GPB preislich sehr g\u00fcnstig, Schnitzel mit Pommes h\u00e4tte es sogar um unter 6,- (7,50 \u20ac\u0080) gegeben.<\/p>\n<p>Das kostenlose Wifi lt. Aushang war aber noch m\u00fclliger als das beim McDonalds heute morgen. Wobei das egtl. auch nicht ging&#8230; Egal, hatte mir eh gestern das 7-Tage-Mobilnetz-Paket um 20,- \u20ac gekauft. Au\u00dferdem nutzte ich die Zeit zum Schreiben der ersten Berichte und Kopieren und Checken der ersten Bilder (kam gestern nicht dazu) &#8230;<\/p>\n<p>Die \u00dcberfahrt war zwar recht windig, aber doch noch nicht so, wie gestern gemeldet (wobei sie f\u00fcr heute Abend und morgen fr\u00fch noch st\u00fcrmischer meldeten). Ein paar Regenschauer gab&#8217;s dann kurz vor Irland.<\/p>\n<p><a href='http:\/\/extra.inmontanis.info\/d\/21717-2\/DSC00881.jpg'><img src=http:\/\/extra.inmontanis.info\/d\/21716-3\/DSC00881.jpg \/><\/a><br \/>\n^ Mal wieder eine ungew\u00f6hnliche F\u00e4hre: LKWs stehen au\u00dfen am Deck.<\/p>\n<p><a href='http:\/\/extra.inmontanis.info\/d\/21721-2\/DSC00892.jpg'><img src=http:\/\/extra.inmontanis.info\/d\/21720-3\/DSC00892.jpg \/><\/a><br \/>\n^ Au\u00dfendeck und LKW-Deck mit Blick richtung Wales<\/p>\n<p><a href='http:\/\/extra.inmontanis.info\/d\/21725-2\/DSC00907.jpg'><img src=http:\/\/extra.inmontanis.info\/d\/21724-3\/DSC00907.jpg \/><\/a><br \/>\n^ Schornsteine oder Auspuffrohre oder wie auch immer man das nennen mag ;)<\/p>\n<p><a href='http:\/\/extra.inmontanis.info\/d\/21729-2\/DSC00909.jpg'><img src=http:\/\/extra.inmontanis.info\/d\/21728-3\/DSC00909.jpg \/><\/a><br \/>\n^ Hinter dem Regenvorhang sieht man bereits die irische K\u00fcste<\/p>\n<p><a href='http:\/\/extra.inmontanis.info\/d\/21733-2\/DSC00913.jpg'><img src=http:\/\/extra.inmontanis.info\/d\/21732-3\/DSC00913.jpg \/><\/a><br \/>\n^ Das Symbolbild des Wetters der n\u00e4chsten Tage &#8211; Sonne und Regen ;-) Wobei, so d\u00fcster war&#8217;s die n\u00e4chsten Tage dann doch nicht mehr.<\/p>\n<p><a href='http:\/\/extra.inmontanis.info\/d\/21737-2\/DSC00928.jpg'><img src=http:\/\/extra.inmontanis.info\/d\/21736-3\/DSC00928.jpg \/><\/a><br \/>\n^ Aber Regenschauer dauern hier meist nicht lang, schon kann man die K\u00fcste s\u00fcdlich von Dublin sehen.<\/p>\n<p><a href='http:\/\/extra.inmontanis.info\/d\/21741-2\/DSC00929.jpg'><img src=http:\/\/extra.inmontanis.info\/d\/21740-3\/DSC00929.jpg \/><\/a><br \/>\n^ Irische K\u00fcste n\u00f6rdlich von Dublin<\/p>\n<p><a href='http:\/\/extra.inmontanis.info\/d\/21745-2\/DSC00229.jpg'><img src=http:\/\/extra.inmontanis.info\/d\/21744-3\/DSC00229.jpg \/><\/a><br \/>\n^ .. und in IR<\/p>\n<p><a href='http:\/\/extra.inmontanis.info\/d\/21749-2\/DSC00230.jpg'><img src=http:\/\/extra.inmontanis.info\/d\/21748-3\/DSC00230.jpg \/><\/a><br \/>\n^ IR-Pano<\/p>\n<p><a href='http:\/\/extra.inmontanis.info\/d\/21753-2\/DSC00232.jpg'><img src=http:\/\/extra.inmontanis.info\/d\/21752-3\/DSC00232.jpg \/><\/a><br \/>\n^ Dublin mit einem krass-malerischen Himmel<\/p>\n<p><a href='http:\/\/extra.inmontanis.info\/d\/21757-2\/DSC00239.jpg'><img src=http:\/\/extra.inmontanis.info\/d\/21756-3\/DSC00239.jpg \/><\/a><br \/>\n^ Dublin mit einem krass-malerischen Himmel, der in IR noch krasser zur Geltung kam.<\/p>\n<p><a href='http:\/\/extra.inmontanis.info\/d\/21761-2\/DSC00235.jpg'><img src=http:\/\/extra.inmontanis.info\/d\/21760-3\/DSC00235.jpg \/><\/a><br \/>\n^ Jetzt regnets also n\u00f6rdlich von Dublin..<\/p>\n<p><a href='http:\/\/extra.inmontanis.info\/d\/21765-2\/DSC00246.jpg'><img src=http:\/\/extra.inmontanis.info\/d\/21764-3\/DSC00246.jpg \/><\/a><br \/>\n^ Schiff und K\u00fcste. Mein Weg f\u00fchrt mich ja auch ein St\u00fcck s\u00fcdlich von Dublin, sch\u00f6n, dass das Wetter jetzt wieder besser wird.<\/p>\n<p><a href='http:\/\/extra.inmontanis.info\/d\/21769-2\/DSC00251.jpg'><img src=http:\/\/extra.inmontanis.info\/d\/21768-3\/DSC00251.jpg \/><\/a><br \/>\n^ K\u00fcste und wieder die krassen Wolken (wie die letzten Bilder, in IR) <\/p>\n<p>Die F\u00e4hre kam zwar relativ p\u00fcnktlich um 17 Uhr im Hafen an, aber bis man raus fahren durfte und ich dann aus dem Hafengel\u00e4nde drau\u00dfen war, war&#8217;s 17:50, und somit sp\u00e4ter als erwartet.<\/p>\n<p><a href='http:\/\/extra.inmontanis.info\/d\/21773-2\/DSC00935.jpg'><img src=http:\/\/extra.inmontanis.info\/d\/21772-3\/DSC00935.jpg \/><\/a><br \/>\n^ Die Iren haben nicht nur den Euro, sondern auch das metrische System, also km und nicht Meilen. Und generell  lieber ein paar Ampeln zu viel als zu wenig.<\/p>\n<p>Und kurz nach dem Wegweiser links &#8220;all routes toll free&#8221; war dann eine Mautstation nach einer Br\u00fccke. Dachte es g\u00e4b nur auf Autobahnen Maut. Hm. 1,75 \u20ac, na hoffentlich hat sich das gelohnt. Den n\u00e4chsten Autobahnkilometer hinter Dublin hab ich mir vorsoglich gespart, da ich ja nur bis Bray wollte.<\/p>\n<p>Da Bray und dessen Seitw\u00e4rts-KDSB ein paar wenige Male im Alpinforum genannt wurden, aber es kaum Bilder im Netz gibt, hab ich mich im Zuge der Vorarbeiten zur Tour die Sat-Bilder auf GE und Bing Maps angesehen, und insb. in letzterem sah man deutlich, dass die Bergstation noch stehen m\u00fcsste &#8211; allerdings auf Privatgrund, der mit hohen Mauern umgeben ist. Somit wurde das allerdings ein wichtiger POI f\u00fcr meine Tour. <\/p>\n<p>Die KDSB soll von den 50ern bis Anfang der 70er in Betrieb gewesen sein, d.h. die Bergstation rostet seit +\/- 40 Jahren vor sich hin. <\/p>\n<p>Foto der KDSB in Betrieb:<br \/>\n<a href='https:\/\/www.flickr.com\/photos\/cessna152towser\/2584757929\/'>https:\/\/www.flickr.com\/photos\/cessna152towser\/2584757929\/<\/a><\/p>\n<p>Zeitungsartikel:<br \/>\n<a href='http:\/\/www.independent.ie\/lifestyle\/the-story-of-the-chairlift-that-took-you-to-the-eagles-nest-in-bray-28824083.html'>http:\/\/www.independent.ie\/lifestyle\/the-story-of-the-chairlift-that-took-you-to-the-eagles-nest-in-bray-28824083.html<\/a><\/p>\n<p>Leider kam man vom Fu\u00dfweg unterhalb der Station nicht zur Zufahrt des Privatgrundst\u00fcckes &#8211; ich h\u00e4tte also runter und mit dem Auto wieder rauffahren m\u00fcssen, um bei den Personen zu fragen. Was dann nach 20 Uhr gewesen w\u00e4re, was ich aus Anstand auch nicht mehr machen wollte. Au\u00dferdem war das Gel\u00e4nde mit hohen Schutzmauern und Holzw\u00e4nden umgeben, dazu Stachedraht &#8211; machte nicht gerade den Anschein, als ob man hier gerne Besuch bekommt.<\/p>\n<p>Es gab allerdings genug M\u00f6glichkeiten, die Sesselbahn zu fotografieren und &#8211; wenn man sich durch&#8217;s dichte und spitze (im Sinne von stechend) Gestr\u00fcpp k\u00e4mpfte &#8211; sah man von der zweiten Seite auch fast alles, mehr als ich erwartet h\u00e4tte und der Rost hier ist wirklich aller erste Sahne :) <\/p>\n<p><a href='http:\/\/extra.inmontanis.info\/d\/21513-2\/DSC00944.jpg'><img src=http:\/\/extra.inmontanis.info\/d\/21510-3\/DSC00944.jpg \/><\/a><br \/>\n^ Talstation der ehemaligen KDSB<\/p>\n<p><a href='http:\/\/extra.inmontanis.info\/d\/21517-2\/DSC00947.jpg'><img src=http:\/\/extra.inmontanis.info\/d\/21516-3\/DSC00947.jpg \/><\/a><br \/>\n^ Hinter der Talstation<\/p>\n<p><a href='http:\/\/extra.inmontanis.info\/d\/21521-2\/DSC00950.jpg'><img src=http:\/\/extra.inmontanis.info\/d\/21520-3\/DSC00950.jpg \/><\/a><br \/>\n^ Talstation und komplette Strecke, die Bergstation ist genau oben in Blickrichtung der kleine blumenkopff\u00f6rmige Strauch<\/p>\n<p><a href='http:\/\/extra.inmontanis.info\/d\/21525-2\/DSC00953.jpg'><img src=http:\/\/extra.inmontanis.info\/d\/21524-3\/DSC00953.jpg \/><\/a><br \/>\n^ Aufstieg, erst breiter Beton, dann ein St\u00fcck schmaler, enger Schlammweg&#8230;<\/p>\n<p><a href='http:\/\/extra.inmontanis.info\/d\/21529-2\/DSC00954.jpg'><img src=http:\/\/extra.inmontanis.info\/d\/21528-3\/DSC00954.jpg \/><\/a><br \/>\n^ .. bevor es dann breit und steil durch den Wald geht.<\/p>\n<p><a href='http:\/\/extra.inmontanis.info\/d\/21533-2\/DSC00956.jpg'><img src=http:\/\/extra.inmontanis.info\/d\/21532-3\/DSC00956.jpg \/><\/a><br \/>\n^ Nach einer Abzweigung vom Hauptweg kommt man schnell zu dieser ehemaligen Terrasse und dem Objekt der Begierde &#8211; die Bergstation<\/p>\n<p><a href='http:\/\/extra.inmontanis.info\/d\/21537-2\/DSC00959.jpg'><img src=http:\/\/extra.inmontanis.info\/d\/21536-3\/DSC00959.jpg \/><\/a><br \/>\n^ Gleich mal das Zoom aufgesteckt. Der Lift soll in den 50ern gebaut worden sein und wurde Anfang der 70er stillgelegt, d.h. die Bergstation rostet seit ca. 40 Jahren so vor sich hin.<\/p>\n<p><a href='http:\/\/extra.inmontanis.info\/d\/21541-2\/DSC00961.jpg'><img src=http:\/\/extra.inmontanis.info\/d\/21540-3\/DSC00961.jpg \/><\/a><br \/>\n^ .. und sogar die Reste eines Sessels h\u00e4ngen noch! Wie genial!<\/p>\n<p><a href='http:\/\/extra.inmontanis.info\/d\/21545-2\/DSC00963.jpg'><img src=http:\/\/extra.inmontanis.info\/d\/21544-3\/DSC00963.jpg \/><\/a><br \/>\n^ Umlauf<\/p>\n<p><a href='http:\/\/extra.inmontanis.info\/d\/21549-2\/DSC00969.jpg'><img src=http:\/\/extra.inmontanis.info\/d\/21548-3\/DSC00969.jpg \/><\/a><br \/>\n^ St\u00fctzenfundament und Fu\u00dfweg<\/p>\n<p><a href='http:\/\/extra.inmontanis.info\/d\/21553-2\/DSC00971.jpg'><img src=http:\/\/extra.inmontanis.info\/d\/21552-3\/DSC00971.jpg \/><\/a><br \/>\n^ St\u00fctzenfundament, Meer und Regenbogen<\/p>\n<p><a href='http:\/\/extra.inmontanis.info\/d\/21557-2\/DSC00988.jpg'><img src=http:\/\/extra.inmontanis.info\/d\/21556-3\/DSC00988.jpg \/><\/a><br \/>\n^ Das Ende der Bergstation ist mit  dichtem Busch bewachsen<\/p>\n<p><a href='http:\/\/extra.inmontanis.info\/d\/21561-2\/DSC00990.jpg'><img src=http:\/\/extra.inmontanis.info\/d\/21560-3\/DSC00990.jpg \/><\/a><br \/>\n^ Aus- oder Einfahrtsrollen<\/p>\n<p><a href='http:\/\/extra.inmontanis.info\/d\/21565-2\/DSC00995.jpg'><img src=http:\/\/extra.inmontanis.info\/d\/21564-3\/DSC00995.jpg \/><\/a><br \/>\n^ Rostgerippe<\/p>\n<p><a href='http:\/\/extra.inmontanis.info\/d\/21569-2\/DSC00999.jpg'><img src=http:\/\/extra.inmontanis.info\/d\/21568-3\/DSC00999.jpg \/><\/a><br \/>\n^ Auch auf dieser Seite h\u00e4ngt noch ein Sesselrest samt Klemme! Welch toller Fund.<\/p>\n<p><a href='http:\/\/extra.inmontanis.info\/d\/21573-2\/DSC01001.jpg'><img src=http:\/\/extra.inmontanis.info\/d\/21572-3\/DSC01001.jpg \/><\/a><br \/>\n^ Rolle und doppelter Stacheldrahtzaun<\/p>\n<p><a href='http:\/\/extra.inmontanis.info\/d\/21577-2\/DSC01006.jpg'><img src=http:\/\/extra.inmontanis.info\/d\/21576-3\/DSC01006.jpg \/><\/a><br \/>\n^ Bergstation mit dichtem Buschwerk davor<\/p>\n<p><a href='http:\/\/extra.inmontanis.info\/d\/21581-2\/DSC01012.jpg'><img src=http:\/\/extra.inmontanis.info\/d\/21580-3\/DSC01012.jpg \/><\/a><br \/>\n^ Vielleicht die ehemalige Terrasse des Caf\u00e9?<\/p>\n<p><a href='http:\/\/extra.inmontanis.info\/d\/21585-2\/DSC01016.jpg'><img src=http:\/\/extra.inmontanis.info\/d\/21584-3\/DSC01016.jpg \/><\/a><br \/>\n^ Leider war es nicht m\u00f6glich, von hier aus auf die Zufahrtsstra\u00dfe zu gelangen &#8211; alles voll Zaun mit aufgesetztem Stacheldraht<\/p>\n<p><a href='http:\/\/extra.inmontanis.info\/d\/21589-2\/DSC01017.jpg'><img src=http:\/\/extra.inmontanis.info\/d\/21588-3\/DSC01017.jpg \/><\/a><br \/>\n^ Bergstation (rechts), Meer und schon wieder ein Regenbogen<\/p>\n<p><a href='http:\/\/extra.inmontanis.info\/d\/21593-2\/DSC01023.jpg'><img src=http:\/\/extra.inmontanis.info\/d\/21592-3\/DSC01023.jpg \/><\/a><br \/>\n^ Bergstation und Meer<\/p>\n<p><a href='http:\/\/extra.inmontanis.info\/d\/21597-2\/DSC01027.jpg'><img src=http:\/\/extra.inmontanis.info\/d\/21596-3\/DSC01027.jpg \/><\/a><br \/>\n^ Umlauf<\/p>\n<p><a href='http:\/\/extra.inmontanis.info\/d\/21601-2\/DSC01029.jpg'><img src=http:\/\/extra.inmontanis.info\/d\/21600-3\/DSC01029.jpg \/><\/a><br \/>\n^ Motor<\/p>\n<p><a href='http:\/\/extra.inmontanis.info\/d\/21605-2\/DSC01031.jpg'><img src=http:\/\/extra.inmontanis.info\/d\/21604-3\/DSC01031.jpg \/><\/a><br \/>\n^ Umlenkscheibe<\/p>\n<p><a href='http:\/\/extra.inmontanis.info\/d\/21609-2\/DSC01032.jpg'><img src=http:\/\/extra.inmontanis.info\/d\/21608-3\/DSC01032.jpg \/><\/a><br \/>\n^ Alles extrem verrostet<\/p>\n<p><a href='http:\/\/extra.inmontanis.info\/d\/21613-2\/DSC01033.jpg'><img src=http:\/\/extra.inmontanis.info\/d\/21612-3\/DSC01033.jpg \/><\/a><br \/>\n^ Rostl\u00f6cher<\/p>\n<p><a href='http:\/\/extra.inmontanis.info\/d\/21617-2\/DSC01042.jpg'><img src=http:\/\/extra.inmontanis.info\/d\/21616-3\/DSC01042.jpg \/><\/a><br \/>\n^ Motor<\/p>\n<p><a href='http:\/\/extra.inmontanis.info\/d\/21621-2\/DSC01037.jpg'><img src=http:\/\/extra.inmontanis.info\/d\/21620-3\/DSC01037.jpg \/><\/a><br \/>\n^ Motor<\/p>\n<p><a href='http:\/\/extra.inmontanis.info\/d\/21625-2\/DSC01039.jpg'><img src=http:\/\/extra.inmontanis.info\/d\/21624-3\/DSC01039.jpg \/><\/a><br \/>\n^ Motor<\/p>\n<p><a href='http:\/\/extra.inmontanis.info\/d\/21629-2\/DSC01040.jpg'><img src=http:\/\/extra.inmontanis.info\/d\/21628-3\/DSC01040.jpg \/><\/a><br \/>\n^ Rolle &#8211; und man beachte die L\u00f6cher im Tr\u00e4ger unter der Rolle<\/p>\n<p><a href='http:\/\/extra.inmontanis.info\/d\/21633-2\/DSC01041.jpg'><img src=http:\/\/extra.inmontanis.info\/d\/21632-3\/DSC01041.jpg \/><\/a><br \/>\n^ Rostl\u00f6cher wie ein schweizer K\u00e4se ;)<\/p>\n<p><a href='http:\/\/extra.inmontanis.info\/d\/21637-2\/DSC01045.jpg'><img src=http:\/\/extra.inmontanis.info\/d\/21636-3\/DSC01045.jpg \/><\/a><br \/>\n^ Durch dieses Gestr\u00fcpp musste ich gehen, um die vorherigen und n\u00e4chsten Fotos machen zu k\u00f6nnen!<\/p>\n<p><a href='http:\/\/extra.inmontanis.info\/d\/21641-2\/DSC01048.jpg'><img src=http:\/\/extra.inmontanis.info\/d\/21640-3\/DSC01048.jpg \/><\/a><br \/>\n^ Bergstation, hinterer Teil<\/p>\n<p><a href='http:\/\/extra.inmontanis.info\/d\/21645-2\/DSC01049.jpg'><img src=http:\/\/extra.inmontanis.info\/d\/21644-3\/DSC01049.jpg \/><\/a><br \/>\n^ Bergstation, vorderer Teil<\/p>\n<p><a href='http:\/\/extra.inmontanis.info\/d\/21649-2\/DSC01052.jpg'><img src=http:\/\/extra.inmontanis.info\/d\/21648-3\/DSC01052.jpg \/><\/a><br \/>\n^ Sesselgerippe<\/p>\n<p><a href='http:\/\/extra.inmontanis.info\/d\/21653-2\/DSC01054.jpg'><img src=http:\/\/extra.inmontanis.info\/d\/21652-3\/DSC01054.jpg \/><\/a><br \/>\n^ Rostgerippe. So durchl\u00f6chert und angefressen das Zeug ist, wird es wohl kaum weitere 40 Jahre aushalten, bevor alles in sich zusammenf\u00e4llt&#8230;<\/p>\n<p><a href='http:\/\/extra.inmontanis.info\/d\/21657-2\/DSC01056.jpg'><img src=http:\/\/extra.inmontanis.info\/d\/21656-3\/DSC01056.jpg \/><\/a><br \/>\n^ Zugseil und Sesselgerippe, man beachte auch die linke Stange unten &#8230;<\/p>\n<p><a href='http:\/\/extra.inmontanis.info\/d\/21661-2\/DSC01061.jpg'><img src=http:\/\/extra.inmontanis.info\/d\/21660-3\/DSC01061.jpg \/><\/a><br \/>\n^ Klemme<\/p>\n<p><a href='http:\/\/extra.inmontanis.info\/d\/21665-2\/DSC01064.jpg'><img src=http:\/\/extra.inmontanis.info\/d\/21664-3\/DSC01064.jpg \/><\/a><br \/>\n^ Das kleinere der beiden Sichtl\u00f6cher samt des Gestr\u00fcpps, durch das man sich k\u00e4mpfen muss&#8230;<\/p>\n<p><a href='http:\/\/extra.inmontanis.info\/d\/21669-2\/DSC01065.jpg'><img src=http:\/\/extra.inmontanis.info\/d\/21668-3\/DSC01065.jpg \/><\/a><br \/>\n^ Der Fu\u00dfweg hier her ist allerdings breit und problemlos zu finden.<\/p>\n<p><a href='http:\/\/extra.inmontanis.info\/d\/21673-2\/DSC01068.jpg'><img src=http:\/\/extra.inmontanis.info\/d\/21672-3\/DSC01068.jpg \/><\/a><br \/>\n^ Reste des Zugseils<\/p>\n<p><a href='http:\/\/extra.inmontanis.info\/d\/21677-2\/DSC01071.jpg'><img src=http:\/\/extra.inmontanis.info\/d\/21676-3\/DSC01071.jpg \/><\/a><br \/>\n^ Bergstation, vorderer Teil<\/p>\n<p><a href='http:\/\/extra.inmontanis.info\/d\/21681-2\/DSC01076.jpg'><img src=http:\/\/extra.inmontanis.info\/d\/21680-3\/DSC01076.jpg \/><\/a><br \/>\n^ Bergstation, vorderer Teil samt Seilrest<\/p>\n<p><a href='http:\/\/extra.inmontanis.info\/d\/21685-2\/DSC01086.jpg'><img src=http:\/\/extra.inmontanis.info\/d\/21684-3\/DSC01086.jpg \/><\/a><br \/>\n^ Pano zur Bucht<\/p>\n<p><a href='http:\/\/extra.inmontanis.info\/d\/21689-2\/DSC01090.jpg'><img src=http:\/\/extra.inmontanis.info\/d\/21688-3\/DSC01090.jpg \/><\/a><br \/>\n^ Die Bergstation von vorne, vom St\u00fctzenfundament aus<\/p>\n<p><a href='http:\/\/extra.inmontanis.info\/d\/21693-2\/DSC01094.jpg'><img src=http:\/\/extra.inmontanis.info\/d\/21692-3\/DSC01094.jpg \/><\/a><br \/>\n^ Zoom zur Talstation, vom St\u00fctzenfundament aus<\/p>\n<p><a href='http:\/\/extra.inmontanis.info\/d\/21697-2\/DSC01095.jpg'><img src=http:\/\/extra.inmontanis.info\/d\/21696-3\/DSC01095.jpg \/><\/a><br \/>\n^ Pano von etwas weiter oben; hatte aber die Bergstation nicht mehr gesehen und wollte auch nicht mehr weiter hinauf.<\/p>\n<p>Als n\u00e4chstes stand noch eine kleine Scenic Road auf dem Plan, die sich noch vor Sonnenuntergang ausging &#8211; der Wicklow Gap:<\/p>\n<p><a href='http:\/\/extra.inmontanis.info\/d\/21777-2\/DSC01112.jpg'><img src=http:\/\/extra.inmontanis.info\/d\/21776-3\/DSC01112.jpg \/><\/a><br \/>\n^ Auffahrt zum Wicklow Gap<\/p>\n<p><a href='http:\/\/extra.inmontanis.info\/d\/21781-2\/DSC01131.jpg'><img src=http:\/\/extra.inmontanis.info\/d\/21780-3\/DSC01131.jpg \/><\/a><br \/>\n^ Wicklow Gap richtung Osten<\/p>\n<p><a href='http:\/\/extra.inmontanis.info\/d\/21785-2\/DSC01134.jpg'><img src=http:\/\/extra.inmontanis.info\/d\/21784-3\/DSC01134.jpg \/><\/a><br \/>\n^ Wicklow Gap Passh\u00f6he<\/p>\n<p><a href='http:\/\/extra.inmontanis.info\/d\/21789-2\/DSC01137_001.jpg'><img src=http:\/\/extra.inmontanis.info\/d\/21788-3\/DSC01137_001.jpg \/><\/a><br \/>\n^ Wicklow Gap, Sonnenuntergang auf der Westseite<\/p>\n<p><a href='http:\/\/extra.inmontanis.info\/d\/21793-2\/DSC01140.jpg'><img src=http:\/\/extra.inmontanis.info\/d\/21792-3\/DSC01140.jpg \/><\/a><br \/>\n^ Sonnenuntergang am Wicklow Gap<\/p>\n<p><a href='http:\/\/extra.inmontanis.info\/d\/21797-2\/DSC01146.jpg'><img src=http:\/\/extra.inmontanis.info\/d\/21796-3\/DSC01146.jpg \/><\/a><br \/>\n^ Sonnenuntergang am Wicklow Gap<\/p>\n<p>Weiter nach S\u00fcden und \u00dcbernachten in Dungarvan an einem freien Parkplatz ohne Hinweis auf \u00dcbernachtungsverbot.<\/p>\n<p>(Fortsetzung folgt.)<\/p>\n","protected":false},"excerpt":{"rendered":"<p>So, 10.8.2014 &#8211; Tag 2<\/p>\n<p>Nach mageren 4 Stunden Schlaf wurde ich nicht nur durch starken Regen geweckt, sondern auch durch das Bed\u00fcrfnis, auf&#8217;s Klo zu gehen. W\u00e4hrend ich in den letzten 2 Urlauben jeweils nur 1x mein WC ben\u00fctzen musste, war es in diesem nun schon das 2. Mal in 2 Tagen (und es <a href=\"http:\/\/blog.inmontanis.info\/?p=2797\">[&#8230;]<\/a><\/p>\n","protected":false},"author":1,"featured_media":0,"comment_status":"open","ping_status":"closed","sticky":false,"template":"","format":"standard","meta":{"footnotes":""},"categories":[131,21,132,59,33,32],"tags":[90,37,62,47],"class_list":["post-2797","post","type-post","status-publish","format-standard","hentry","category-2014-08-englandirland","category-britain","category-irlandireland","category-nostalgie","category-skifahren-mattenskiing-dry-slopes","category-lostplaces","tag-infrarot","tag-meer","tag-seitwarts-dsb","tag-sl","odd"],"_links":{"self":[{"href":"http:\/\/blog.inmontanis.info\/index.php?rest_route=\/wp\/v2\/posts\/2797","targetHints":{"allow":["GET"]}}],"collection":[{"href":"http:\/\/blog.inmontanis.info\/index.php?rest_route=\/wp\/v2\/posts"}],"about":[{"href":"http:\/\/blog.inmontanis.info\/index.php?rest_route=\/wp\/v2\/types\/post"}],"author":[{"embeddable":true,"href":"http:\/\/blog.inmontanis.info\/index.php?rest_route=\/wp\/v2\/users\/1"}],"replies":[{"embeddable":true,"href":"http:\/\/blog.inmontanis.info\/index.php?rest_route=%2Fwp%2Fv2%2Fcomments&post=2797"}],"version-history":[{"count":2,"href":"http:\/\/blog.inmontanis.info\/index.php?rest_route=\/wp\/v2\/posts\/2797\/revisions"}],"predecessor-version":[{"id":2799,"href":"http:\/\/blog.inmontanis.info\/index.php?rest_route=\/wp\/v2\/posts\/2797\/revisions\/2799"}],"wp:attachment":[{"href":"http:\/\/blog.inmontanis.info\/index.php?rest_route=%2Fwp%2Fv2%2Fmedia&parent=2797"}],"wp:term":[{"taxonomy":"category","embeddable":true,"href":"http:\/\/blog.inmontanis.info\/index.php?rest_route=%2Fwp%2Fv2%2Fcategories&post=2797"},{"taxonomy":"post_tag","embeddable":true,"href":"http:\/\/blog.inmontanis.info\/index.php?rest_route=%2Fwp%2Fv2%2Ftags&post=2797"}],"curies":[{"name":"wp","href":"https:\/\/api.w.org\/{rel}","templated":true}]}}