{"id":2777,"date":"2014-07-19T23:12:39","date_gmt":"2014-07-19T21:12:39","guid":{"rendered":"http:\/\/blog.inmontanis.info\/?p=2777"},"modified":"2023-07-01T20:57:38","modified_gmt":"2023-07-01T18:57:38","slug":"hintertux-19-7-2014","status":"publish","type":"post","link":"http:\/\/blog.inmontanis.info\/?p=2777","title":{"rendered":"Hintertuxer Gletscher, 19.7.2014"},"content":{"rendered":"<p>Wie schon im letzten Jahr beginnt auch heuer meine Hintertux-Saison relativ sp\u00e4t, aber jetzt im Hochsommer find ich den Hintertuxer bekanntlich relativ konkurrenzlos: Erste Bergfahrt ab Tal 8:15, letzte Bergfahrt im Skigebiet 16:00 Uhr (SL bis 13:30), 9 Abfahrten, H\u00f6hendifferenz ca. 650 hm, West- Ost- und Nordh\u00e4nge, steile Offpiste-Varianten, 2&#215;2 SL, 1x DSB, 1x 10EUB, 1x Funitel &#8211; und das gilt bekanntlich nicht nur im Juli, sondern auch den ganzen Sommer \u00fcber. (Ok, Offpiste ist ab August dann etwas beschr\u00e4nkter)<\/p>\n<p>Schnee liegt derzeit noch ausreichend, Schneequalit\u00e4t war ebenfalls recht gut, wobei es Offpiste hier und da etwas pappig war &#8211; was wohl dem Sand geschuldet ist. Wobei die Gefrorene Wand am Morgen extrem hart und schlecht pr\u00e4pariert war &#8211; aber das geht auf den Steilh\u00e4ngen hier wohl nicht viel besser. Aber daf\u00fcr hat man ja dann den Olperer, wo man am Morgen dank Ostlage schon weicheren Schnee hat. Auf den ersten Abfahrten gab&#8217;s dort sogar &#8220;Butterfirn mit Meeresrauschen&#8221;. Ansonsten aber auch am Olperer kein Problem mit der Erreichbarkeit der Talstationen, kein Schieben, kein Papp. Es waren am Vormittag \u00fcbrigens alle 4 Gletscherlifte in Betrieb, somit also keine Wartezeiten.<\/p>\n<p>Offpiste bin ich, wie letzes Jahr im Juli, wieder die Steilh\u00e4nge zwischen den Gondelbahnen gefahren, inkl. der steilen Rinne, diesmal zzgl. einer Muldenvariante und einer Variante zur DSB. Die Offpisteh\u00e4nge am GW-SL waren heute leider nicht so gut, vielleicht dann im August besser. <\/p>\n<p>Hatte mir \u00fcberlegt, zum Kaserer aufzusteigen und dort mal runter zu fahren &#8211; allerdings ist dort so viel vermattet, dass man unten nur schwer wieder rausgekommen w\u00e4re, man h\u00e4tte oberhalb des mittleren Kasererweges queren m\u00fcssen, aber da ich nicht wusste, wie die Matten &#8220;hinter dem Felsen&#8221; verteilt sind, war mir das zu unsicher. Bin aber trotzdem die Kurve am oberen Kasererweg aufgestiegen und die schwarze Abfahrt bzw. das Gel\u00e4nde daneben gefahren. War wirklich lohnenswert und spaltenm\u00e4\u00dfig sah es im Becken noch ungef\u00e4hrlich aus. <\/p>\n<p>An der DSB gab&#8217;s eine kleine \u00c4nderung &#8211; oben am Ausstieg wurde der Hang endlich vermattet, evtl. kann man dadurch den Sommer den Skiweg halten. Die Rampe im Haus dagegen wird jetzt nicht mehr mit Schnee versorgt, man steht vom Sessel auf und rutsch dann auf Blankeis hinunter bis zum Schnee. Angepisst war ich um 15:30 an der DSB-Talstation, weil oben dieses Blankeisst\u00fcck am Ausstieg schon vermattet wurde und man nur noch mit abgeschnallten Skiern h\u00e4tte rauffahren d\u00fcrfen. So ein Krampf. Aus Protest gegen diese Vorgehensweise bin ich dann die DSB-Zufahrt zu Fu\u00df raufgegangen (ein Queren r\u00fcber zur Piste ging wegen der Vermattung der Zufahrt ja leider auch nicht). Man k\u00f6nnte ja auch endlich mal Matten installieren \u00e0 la Sommerski-Sessel-Ausstiege in Frankreich, aber das hat sich ins hintere Tuxertal wohl noch nicht rumgesprochen, dass es so etwas schon seit vielen Dekaden gibt und in den letzten 10 Jahren viel verbessert wurde.<\/p>\n<p>Obwohl man am Hintertuxer ja wesentlich l\u00e4nger Skifahren kann als an den anderen Gletscherskigebieten zu dieser Jahreszeit und obwohl ich von 8:20-16:30 Uhr gefahren bin, verging die Zeit viel zu schnell. Ist hier einfach zu abwechslungsreich :)<\/p>\n<p>Fotos hab ich diesmal ungew\u00f6hnlich viel gemacht, anklicken zum Vergr\u00f6\u00dfern:<\/p>\n<p><a href='http:\/\/ski.inmontanis.info\/d\/184074-2\/ge20140719c.jpg'><img src=http:\/\/ski.inmontanis.info\/d\/184073-3\/ge20140719c.jpg \/><\/a><br \/>\n^ GPS-Track 19.7.2014, inkl. vielen Offpistevarianten. Erstmals im Sommer mit der geschlossenen schwarzen Abfahrt vom Kaserer. Daf\u00fcr bin ich doch tats\u00e4chlich das eine Pistenst\u00fcck an der DSB-Abfahrt kein einziges Mal gefahren ;-)<\/p>\n<p><a href='http:\/\/ski.inmontanis.info\/d\/183822-2\/DSC00183.jpg'><img src=http:\/\/ski.inmontanis.info\/d\/183821-3\/DSC00183.jpg \/><\/a><br \/>\n^ Obwohl in der 8EUB (Sektion 1) wohl kaum mehr als 6 Personen einsteigen, staut sich&#8217;s hier am GB2. M.E. sind diese Funitel-Kabinen einfach eine Fehlkonstruktion. Ich bin ganz links in die n\u00e4chste Kabine und bin gestanden. Rucks\u00e4cke und Skier brauchen f\u00fcr die Trainingsgruppen eben einen eigenen Platz in der Gondel.<\/p>\n<p><a href='http:\/\/ski.inmontanis.info\/d\/183826-2\/DSC00185.jpg'><img src=http:\/\/ski.inmontanis.info\/d\/183825-3\/DSC00185.jpg \/><\/a><br \/>\n^ Abfahrt zum GB3 noch mit viel Schnee<\/p>\n<p><a href='http:\/\/ski.inmontanis.info\/d\/183830-2\/DSC00186.jpg'><img src=http:\/\/ski.inmontanis.info\/d\/183829-3\/DSC00186.jpg \/><\/a><br \/>\n^ TFH-Hang bzw. unterer Kasererweg und Schneedepot<\/p>\n<p><a href='http:\/\/ski.inmontanis.info\/d\/183834-2\/DSC00188.jpg'><img src=http:\/\/ski.inmontanis.info\/d\/183833-3\/DSC00188.jpg \/><\/a><br \/>\n^ Das Offpistegel\u00e4nde zwischen den beiden Gondelbahnen. Da geht heut was. Aber vorsichtshalber lieber nur am linken Rand.<\/p>\n<p><a href='http:\/\/ski.inmontanis.info\/d\/183842-2\/DSC00189.jpg'><img src=http:\/\/ski.inmontanis.info\/d\/183841-3\/DSC00189.jpg \/><\/a><br \/>\n^ Die Vermattung an der ge\u00f6ffneten TFH-Abfahrt ist gr\u00f6\u00dfer geworden (f\u00fcr mich etwas schade, da ich hier letztes Jahr runter bin). An der Standardabfahrt dagegen keine Vermattung. Vielleicht will man einfach, dass der Gletscherbuckel zum Start der Abfahrt kleiner wird?<\/p>\n<p><a href='http:\/\/ski.inmontanis.info\/d\/183838-2\/DSC00190.jpg'><img src=http:\/\/ski.inmontanis.info\/d\/183837-3\/DSC00190.jpg \/><\/a><br \/>\n^ Heute gab&#8217;s noch eine Alternativvariante zum TFH ;-)<\/p>\n<p><a href='http:\/\/ski.inmontanis.info\/d\/183846-2\/DSC00191.jpg'><img src=http:\/\/ski.inmontanis.info\/d\/183845-3\/DSC00191.jpg \/><\/a><br \/>\n^ TFH-Abfahrt<\/p>\n<p><a href='http:\/\/ski.inmontanis.info\/d\/183850-2\/DSC00194.jpg'><img src=http:\/\/ski.inmontanis.info\/d\/183849-3\/DSC00194.jpg \/><\/a><br \/>\n^ TFH-Abfahrt vs. Kaserer<\/p>\n<p><a href='http:\/\/ski.inmontanis.info\/d\/183858-2\/DSC00204.jpg'><img src=http:\/\/ski.inmontanis.info\/d\/183857-3\/DSC00204.jpg \/><\/a><br \/>\n^ Olperer und Abfahrt<\/p>\n<p><a href='http:\/\/ski.inmontanis.info\/d\/183854-2\/DSC00206.jpg'><img src=http:\/\/ski.inmontanis.info\/d\/183853-3\/DSC00206.jpg \/><\/a><br \/>\n^ SL Olperer, vormittags beide in Betrieb. Die rechte (wie \u00fcblich unpr\u00e4parierte) Abfahrt wurde etwas neu trassiert (tiefer gelegt) und ist wieder ge\u00f6ffnet. War in den letzten Sommern ja glaub ich geschlossen.<\/p>\n<p><a href='http:\/\/ski.inmontanis.info\/d\/183862-2\/DSC00208.jpg'><img src=http:\/\/ski.inmontanis.info\/d\/183861-3\/DSC00208.jpg \/><\/a><br \/>\n^ SL Olperer von der Seite, komplette L\u00e4nge<\/p>\n<p><a href='http:\/\/ski.inmontanis.info\/d\/183866-2\/DSC00209.jpg'><img src=http:\/\/ski.inmontanis.info\/d\/183865-3\/DSC00209.jpg \/><\/a><br \/>\n^ Tal-Pano nach Norden mit den 4 SL<\/p>\n<p><a href='http:\/\/ski.inmontanis.info\/d\/183870-2\/DSC00211.jpg'><img src=http:\/\/ski.inmontanis.info\/d\/183869-3\/DSC00211.jpg \/><\/a><br \/>\n^ GW-H\u00e4nge; am \u00dcbungs-Seillift heute reges Treiben.<\/p>\n<p><a href='http:\/\/ski.inmontanis.info\/d\/183874-2\/DSC00217.jpg'><img src=http:\/\/ski.inmontanis.info\/d\/183873-3\/DSC00217.jpg \/><\/a><br \/>\n^ Neues TFH<\/p>\n<p><a href='http:\/\/ski.inmontanis.info\/d\/183878-2\/DSC00218.jpg'><img src=http:\/\/ski.inmontanis.info\/d\/183877-3\/DSC00218.jpg \/><\/a><br \/>\n^ Ausstieg GB3 &#8211; noch muss man leicht nach oben gehen, in einem Monat wird&#8217;s hier wieder steil abfallen &#8230;<\/p>\n<p><a href='http:\/\/ski.inmontanis.info\/d\/183882-2\/DSC00220.jpg'><img src=http:\/\/ski.inmontanis.info\/d\/183881-3\/DSC00220.jpg \/><\/a><br \/>\n^ Offpiste zwischen den Gondeln<\/p>\n<p><a href='http:\/\/ski.inmontanis.info\/d\/183886-2\/DSC00229.jpg'><img src=http:\/\/ski.inmontanis.info\/d\/183885-3\/DSC00229.jpg \/><\/a><br \/>\n^ Blick vom SL Olperer mit (vergr\u00f6\u00dfertem) Funpark r\u00fcber zur GW<\/p>\n<p>Vergleich zum Vorjahr:<br \/>\n<a href='http:\/\/ski.inmontanis.info\/d\/165600-3\/DSC04493.jpg'><img src=http:\/\/ski.inmontanis.info\/d\/165598-4\/DSC04493.jpg \/><\/a><br \/>\n^20.7.2013<\/p>\n<p><a href='http:\/\/ski.inmontanis.info\/d\/183890-2\/DSC00230.jpg'><img src=http:\/\/ski.inmontanis.info\/d\/183889-3\/DSC00230.jpg \/><\/a><br \/>\n^ Die rechte am SL Olperer, oben unpr\u00e4pariert, aber der Querweg bekam immer wieder ein frisches Finnish. So l\u00e4sst sich&#8217;s aushalten. Grund f\u00fcr die Befahrung waren wohl noch Arbeiten (Vermattung?) am Kaserer, sowie die Tatsache, dass der mittlere Kasererweg so vermattet war, dass man dort nicht mehr mit der Raupe in den Kaserer-Bereich fahren kann. <\/p>\n<p><a href='http:\/\/ski.inmontanis.info\/d\/183894-2\/DSC00231.jpg'><img src=http:\/\/ski.inmontanis.info\/d\/183893-3\/DSC00231.jpg \/><\/a><br \/>\n^ SL Olperer, S\u00fcdblick; der Funpark wurde heuer nach unten verl\u00e4ngert.<\/p>\n<p><a href='http:\/\/ski.inmontanis.info\/d\/183898-2\/DSC00236.jpg'><img src=http:\/\/ski.inmontanis.info\/d\/183897-3\/DSC00236.jpg \/><\/a><br \/>\n^ Mittlerer Kasererweg und Pisten dahinter gro\u00dffl\u00e4chig vermattet<\/p>\n<p><a href='http:\/\/ski.inmontanis.info\/d\/183902-2\/DSC00238.jpg'><img src=http:\/\/ski.inmontanis.info\/d\/183901-3\/DSC00238.jpg \/><\/a><br \/>\n^ .. die Abfahrt am linken SL Kaserer wurde bis zum Herbsteinstieg vermattet.<\/p>\n<p><a href='http:\/\/ski.inmontanis.info\/d\/183906-2\/DSC00243.jpg'><img src=http:\/\/ski.inmontanis.info\/d\/183905-3\/DSC00243.jpg \/><\/a><br \/>\n^ Wei\u00df-Gr\u00fcn-Nordpano, Offpiste<\/p>\n<p><a href='http:\/\/ski.inmontanis.info\/d\/183910-2\/DSC00244.jpg'><img src=http:\/\/ski.inmontanis.info\/d\/183909-3\/DSC00244.jpg \/><\/a><br \/>\n^ Gleicher Standort, aber nach oben fotografiert &#8211; auch sch\u00f6n ;-)<\/p>\n<p><a href='http:\/\/ski.inmontanis.info\/d\/183914-2\/DSC00248.jpg'><img src=http:\/\/ski.inmontanis.info\/d\/183913-3\/DSC00248.jpg \/><\/a><br \/>\n^ Blick von der GW-DSB zu den Olperer-SL<\/p>\n<p>Im Vgl. zum letzten Jahr liegt fast noch etwas mehr Schnee, insb. der Gletscherbruch ist heuer wesentlich besser eingeschneit:<br \/>\n<a href='http:\/\/ski.inmontanis.info\/d\/165708-3\/DSC04570.jpg'><img src=http:\/\/ski.inmontanis.info\/d\/165706-4\/DSC04570.jpg \/><\/a><br \/>\n^ Vergleich 20.7.2013<\/p>\n<p><a href='http:\/\/ski.inmontanis.info\/d\/183918-2\/DSC00249.jpg'><img src=http:\/\/ski.inmontanis.info\/d\/183917-3\/DSC00249.jpg \/><\/a><br \/>\n^ Endlich: Vermattung an der GW-DSB. Vielleicht h\u00e4lt dadurch die Abfahrt am Ausstieg den Sommer durch.<\/p>\n<p><a href='http:\/\/ski.inmontanis.info\/d\/183922-2\/DSC00250.jpg'><img src=http:\/\/ski.inmontanis.info\/d\/183921-3\/DSC00250.jpg \/><\/a><br \/>\n^ Ausstieg GW(G)-DSB; die Abfahrtsrampe ist jetzt komplett vereist (nur Eis, kein Schnee) und wird im schattigen Haus(!) ab ca. 15\/15:30 Uhr vermattet. Boah. Legt doch endlich mal moderne Skimatten hin!!<\/p>\n<p><a href='http:\/\/ski.inmontanis.info\/d\/183926-2\/DSC00251.jpg'><img src=http:\/\/ski.inmontanis.info\/d\/183925-3\/DSC00251.jpg \/><\/a><br \/>\n^ Standard-Bild GW-Olperer; wie man sieht, waren heute sogar beide GW-SL in Betrieb. Am Olperer dr\u00fcben war zur Fotozeit der linke SL bereits wieder eingestellt.<\/p>\n<p><a href='http:\/\/ski.inmontanis.info\/d\/183930-2\/DSC00252.jpg'><img src=http:\/\/ski.inmontanis.info\/d\/183929-3\/DSC00252.jpg \/><\/a><br \/>\n^ Blick zu den Gletscherresten zur 3SB Schlegeis<\/p>\n<p><a href='http:\/\/ski.inmontanis.info\/d\/183934-2\/DSC00253.jpg'><img src=http:\/\/ski.inmontanis.info\/d\/183933-3\/DSC00253.jpg \/><\/a><br \/>\n^ Schwarze Piste vom Kaserer-SL, mittels kurzem Aufstieg auch vom SL Olperer zu erreichen. Der erste war ich hier heute nicht, ist aber auch schon 12 Uhr.<\/p>\n<p><a href='http:\/\/ski.inmontanis.info\/d\/183942-2\/DSC00254.jpg'><img src=http:\/\/ski.inmontanis.info\/d\/183941-3\/DSC00254.jpg \/><\/a><br \/>\n^ GW-H\u00e4nge von unbegew\u00f6hnlicher Sommer-Perspektive; die Buckelpiste rechts von den SL ist auch noch recht breit, trotz Vermattung<\/p>\n<p><a href='http:\/\/ski.inmontanis.info\/d\/183938-2\/DSC00257.jpg'><img src=http:\/\/ski.inmontanis.info\/d\/183937-3\/DSC00257.jpg \/><\/a><br \/>\n^ GW-H\u00e4nge von unbegew\u00f6hnlicher Sommer-Perspektive<\/p>\n<p><a href='http:\/\/ski.inmontanis.info\/d\/183946-2\/DSC00261.jpg'><img src=http:\/\/ski.inmontanis.info\/d\/183945-3\/DSC00261.jpg \/><\/a><br \/>\n^ Vermattung (Snow-Farming) an der TFH-Abfahrt-Beschneiung unterhalb der DSB<\/p>\n<p><a href='http:\/\/ski.inmontanis.info\/d\/183950-2\/DSC00262.jpg'><img src=http:\/\/ski.inmontanis.info\/d\/183949-3\/DSC00262.jpg \/><\/a><br \/>\n^ (geschlossene) Schwarze Abfahrt, Schnee war gut.<\/p>\n<p><a href='http:\/\/ski.inmontanis.info\/d\/183954-2\/DSC00265.jpg'><img src=http:\/\/ski.inmontanis.info\/d\/183953-3\/DSC00265.jpg \/><\/a><br \/>\n^ R\u00fcckblick zur schwarzen Abfahrt; von hier aus muss man nat\u00fcrlich \u00fcber die Kaserer-Abfahrt und dem unteren Kasererweg zum TFH, offiziell geschlossen, aber mehrmals am Tag frisch pr\u00e4pariert, daher super zu fahren gewesen.<\/p>\n<p><a href='http:\/\/ski.inmontanis.info\/d\/183958-2\/DSC00266.jpg'><img src=http:\/\/ski.inmontanis.info\/d\/183957-3\/DSC00266.jpg \/><\/a><br \/>\n^ Mittlerer Kasererweg; falls man vom Olperer-SL aus aufsteigt und an den Kaserer-SL abfahren will, sollte man wohl versuchen, oberhalb der Vermattung wieder hier r\u00fcber zu queren&#8230;<\/p>\n<p><a href='http:\/\/ski.inmontanis.info\/d\/183962-2\/DSC00267.jpg'><img src=http:\/\/ski.inmontanis.info\/d\/183961-3\/DSC00267.jpg \/><\/a><br \/>\n^ Kaserer-Abfahrt zum TFH, bin ich schon seit vielen Jahren nicht mehr im Sommer gefahren, den Knick hier hier kenn ich noch gar nicht, war das im Herbst\/Winter\/Fr\u00fchjahr auch?<\/p>\n<p><a href='http:\/\/ski.inmontanis.info\/d\/183966-2\/DSC00268.jpg'><img src=http:\/\/ski.inmontanis.info\/d\/183965-3\/DSC00268.jpg \/><\/a><br \/>\n^ TF-Haus und Schneedepot<\/p>\n<p><a href='http:\/\/ski.inmontanis.info\/d\/183970-2\/DSC00269.jpg'><img src=http:\/\/ski.inmontanis.info\/d\/183969-3\/DSC00269.jpg \/><\/a><br \/>\n^ Alternative Variante von der 10EUB-Bergstation zur DSB-Talstation ;-)<\/p>\n<p><a href='http:\/\/ski.inmontanis.info\/d\/183974-2\/DSC00272.jpg'><img src=http:\/\/ski.inmontanis.info\/d\/183973-3\/DSC00272.jpg \/><\/a><br \/>\n^ Extreme Buckelpiste neben den GW-SL; noch recht breit neben der Vermattung<\/p>\n<p><a href='http:\/\/ski.inmontanis.info\/d\/183978-2\/DSC00274.jpg'><img src=http:\/\/ski.inmontanis.info\/d\/183977-3\/DSC00274.jpg \/><\/a><br \/>\n^ Olperer mit SL<\/p>\n<p><a href='http:\/\/ski.inmontanis.info\/d\/183982-2\/DSC00275.jpg'><img src=http:\/\/ski.inmontanis.info\/d\/183981-3\/DSC00275.jpg \/><\/a><br \/>\n^ In den Stubaier Alpen ist&#8217;s schon wolkiger<\/p>\n<p><a href='http:\/\/ski.inmontanis.info\/d\/183986-2\/DSC00277.jpg'><img src=http:\/\/ski.inmontanis.info\/d\/183985-3\/DSC00277.jpg \/><\/a><br \/>\n^ Offpiste-Variante neben der schwarzen Abfahrt vom Kaserer-SL<\/p>\n<p><a href='http:\/\/ski.inmontanis.info\/d\/183990-2\/DSC00278.jpg'><img src=http:\/\/ski.inmontanis.info\/d\/183989-3\/DSC00278.jpg \/><\/a><br \/>\n^ ebendort; Blick zu den GW- und Olperer-SL, neue Sommerperspektive f\u00fcr mich<\/p>\n<p><a href='http:\/\/ski.inmontanis.info\/d\/183994-2\/DSC00280.jpg'><img src=http:\/\/ski.inmontanis.info\/d\/183993-3\/DSC00280.jpg \/><\/a><br \/>\n^ Kaserer-Abfahrt zum TFH<\/p>\n<p><a href='http:\/\/ski.inmontanis.info\/d\/183998-2\/DSC00284.jpg'><img src=http:\/\/ski.inmontanis.info\/d\/183997-3\/DSC00284.jpg \/><\/a><br \/>\n^ Unterer Kasererweg; die Abfahrt hierrum war fr\u00fcher im Sommer ja \u00fcblicherweise ge\u00f6ffnet &#8211; und rechts war die Gletscherh\u00f6hle&#8230;<\/p>\n<p><a href='http:\/\/ski.inmontanis.info\/d\/184002-2\/DSC00286.jpg'><img src=http:\/\/ski.inmontanis.info\/d\/184001-3\/DSC00286.jpg \/><\/a><br \/>\n^ Offpiste-H\u00e4nge zwischen den Gondeln, zu meinen 2 Spuren kamen inzwischen noch 2 weitere hinzu, sp\u00e4ter noch eine im breiteren Bereich, wo es ja schon etwas nach Spalten aussah.<\/p>\n<p><a href='http:\/\/ski.inmontanis.info\/d\/184006-2\/DSC00287.jpg'><img src=http:\/\/ski.inmontanis.info\/d\/184005-3\/DSC00287.jpg \/><\/a><br \/>\n^ Die schmale Rinne zum Steilhang an der 10EUB, bin ich ja auch schon letztes Jahr gefahren. Sollte man erst am Nachmittag fahren, ging aber daf\u00fcr selbst um 16 Uhr noch toll.<\/p>\n<p><a href='http:\/\/ski.inmontanis.info\/d\/184010-2\/DSC00289.jpg'><img src=http:\/\/ski.inmontanis.info\/d\/184009-3\/DSC00289.jpg \/><\/a><br \/>\n^ Steilhang und Blick zum TFH<\/p>\n<p><a href='http:\/\/ski.inmontanis.info\/d\/184014-2\/DSC00291.jpg'><img src=http:\/\/ski.inmontanis.info\/d\/184013-3\/DSC00291.jpg \/><\/a><br \/>\n^ Direkt am Steilhang &#8211; die alten Liftfundamente<\/p>\n<p><a href='http:\/\/ski.inmontanis.info\/d\/184018-2\/DSC00296.jpg'><img src=http:\/\/ski.inmontanis.info\/d\/184017-3\/DSC00296.jpg \/><\/a><br \/>\n^ Rinne (links oben) samt Steilhang von der 10EUB aus<\/p>\n<p><a href='http:\/\/ski.inmontanis.info\/d\/184022-2\/DSC00300.jpg'><img src=http:\/\/ski.inmontanis.info\/d\/184021-3\/DSC00300.jpg \/><\/a><br \/>\n^ Rinne und Steilhang von der 10EUB aus. Wie letztes Jahr echt genial.<\/p>\n<p><a href='http:\/\/ski.inmontanis.info\/d\/184026-2\/DSC00307.jpg'><img src=http:\/\/ski.inmontanis.info\/d\/184025-3\/DSC00307.jpg \/><\/a><br \/>\n^ Blick zur schwarzen Abfahrt vom Kaserer-SL, die 2. Abfahrt hab ich ja dann rechts durch die Felsen gemacht.<\/p>\n<p><a href='http:\/\/ski.inmontanis.info\/d\/184030-2\/DSC00310.jpg'><img src=http:\/\/ski.inmontanis.info\/d\/184029-3\/DSC00310.jpg \/><\/a><br \/>\n^ DSB-Abfahrt war selbst um 15 Uhr kaum aufgefahren.<\/p>\n<p><a href='http:\/\/ski.inmontanis.info\/d\/184034-2\/DSC00311.jpg'><img src=http:\/\/ski.inmontanis.info\/d\/184033-3\/DSC00311.jpg \/><\/a><br \/>\n^ Der Rinnen-Steilhang von unten<\/p>\n<p><a href='http:\/\/ski.inmontanis.info\/d\/184038-2\/DSC00313.jpg'><img src=http:\/\/ski.inmontanis.info\/d\/184037-3\/DSC00313.jpg \/><\/a><br \/>\n^ In der Mulde hatte ich eine Spur gesehen &#8211; also bin ich auch mal rein ;)<\/p>\n<p><a href='http:\/\/ski.inmontanis.info\/d\/184042-2\/DSC00316.jpg'><img src=http:\/\/ski.inmontanis.info\/d\/184041-3\/DSC00316.jpg \/><\/a><br \/>\n^ links die Muldenvariane, die rechte Spur war meine.<\/p>\n<p><a href='http:\/\/ski.inmontanis.info\/d\/184046-2\/DSC00317.jpg'><img src=http:\/\/ski.inmontanis.info\/d\/184045-3\/DSC00317.jpg \/><\/a><br \/>\n^ Offpiste-Varianten und GB3. Im GB3 wurden die Spuren von Holl\u00e4ndern und Engl\u00e4ndern gerne bestaunt und fotografiert. Als einer der Engl\u00e4nder dann meinte, er w\u00fcrde hier wg. den ganzen Steinen und Felsen nur mit alten Skiern runter fahren, musste ich ein wenig laut auflachen.<\/p>\n<p><a href='http:\/\/ski.inmontanis.info\/d\/184050-2\/DSC00323.jpg'><img src=http:\/\/ski.inmontanis.info\/d\/184049-3\/DSC00323.jpg \/><\/a><br \/>\n^ Die Varianten im \u00dcberblick: Unten die Mulde, mittig der breite Standard-Hang und dar\u00fcber meine Spuren zur steilen Rinne.<\/p>\n<p><a href='http:\/\/ski.inmontanis.info\/d\/184054-2\/DSC00324.jpg'><img src=http:\/\/ski.inmontanis.info\/d\/184053-3\/DSC00324.jpg \/><\/a><br \/>\n^ Gletscher- und Gipfel-Pano vom GB3<\/p>\n<p><a href='http:\/\/ski.inmontanis.info\/d\/184058-2\/DSC00328.jpg'><img src=http:\/\/ski.inmontanis.info\/d\/184057-3\/DSC00328.jpg \/><\/a><br \/>\n^ Standardfoto TFH-Hang. Rechts oben mittlerweile gut zu sehen &#8211; der Kaserer-SL<\/p>\n<p>Vergleich Vorjahr:<br \/>\n<img src=http:\/\/ski.inmontanis.info\/d\/165612-3\/DSC04501.jpg \/><br \/>\n^ 20.7.2013<\/p>\n<p><a href='http:\/\/ski.inmontanis.info\/d\/184062-2\/DSC00331.jpg'><img src=http:\/\/ski.inmontanis.info\/d\/184061-3\/DSC00331.jpg \/><\/a><br \/>\n^ Zoom linker Kaserer-SL vom TFH; die Spur mittig\/unten war \u00fcbrigens meine.<\/p>\n<p><a href='http:\/\/ski.inmontanis.info\/d\/184066-2\/DSC00337.jpg'><img src=http:\/\/ski.inmontanis.info\/d\/184065-3\/DSC00337.jpg \/><\/a><br \/>\n^ Zoom Rinne und Steilhang (bin ich in Summe 3x gefahren, war auch meine letzte Abfahrt, au\u00dfer mir aber heute keiner), die beste Variante im Juli am Hintertuxer ;-)<\/p>\n<p><a href='http:\/\/ski.inmontanis.info\/d\/184070-2\/DSC00340.jpg'><img src=http:\/\/ski.inmontanis.info\/d\/184069-3\/DSC00340.jpg \/><\/a><br \/>\n^ Arbeiten an der Mittelstationsabfahrt<\/p>\n<p>Fazit: Die beste Zeit f\u00fcr&#8217;n Hintertuxer? Juli!<\/p>\n","protected":false},"excerpt":{"rendered":"<p>Wie schon im letzten Jahr beginnt auch heuer meine Hintertux-Saison relativ sp\u00e4t, aber jetzt im Hochsommer find ich den Hintertuxer bekanntlich relativ konkurrenzlos: Erste Bergfahrt ab Tal 8:15, letzte Bergfahrt im Skigebiet 16:00 Uhr (SL bis 13:30), 9 Abfahrten, H\u00f6hendifferenz ca. 650 hm, West- Ost- und Nordh\u00e4nge, steile Offpiste-Varianten, 2&#215;2 SL, 1x DSB, 1x 10EUB, <a href=\"http:\/\/blog.inmontanis.info\/?p=2777\">[&#8230;]<\/a><\/p>\n","protected":false},"author":1,"featured_media":0,"comment_status":"open","ping_status":"closed","sticky":false,"template":"","format":"standard","meta":{"footnotes":""},"categories":[24,246,13,28],"tags":[72,38,78,47],"class_list":["post-2777","post","type-post","status-publish","format-standard","hentry","category-tagestour","category-hintertux","category-austria","category-skifahren-sommer","tag-10eub","tag-dsb","tag-restschnee","tag-sl","odd"],"_links":{"self":[{"href":"http:\/\/blog.inmontanis.info\/index.php?rest_route=\/wp\/v2\/posts\/2777","targetHints":{"allow":["GET"]}}],"collection":[{"href":"http:\/\/blog.inmontanis.info\/index.php?rest_route=\/wp\/v2\/posts"}],"about":[{"href":"http:\/\/blog.inmontanis.info\/index.php?rest_route=\/wp\/v2\/types\/post"}],"author":[{"embeddable":true,"href":"http:\/\/blog.inmontanis.info\/index.php?rest_route=\/wp\/v2\/users\/1"}],"replies":[{"embeddable":true,"href":"http:\/\/blog.inmontanis.info\/index.php?rest_route=%2Fwp%2Fv2%2Fcomments&post=2777"}],"version-history":[{"count":4,"href":"http:\/\/blog.inmontanis.info\/index.php?rest_route=\/wp\/v2\/posts\/2777\/revisions"}],"predecessor-version":[{"id":2781,"href":"http:\/\/blog.inmontanis.info\/index.php?rest_route=\/wp\/v2\/posts\/2777\/revisions\/2781"}],"wp:attachment":[{"href":"http:\/\/blog.inmontanis.info\/index.php?rest_route=%2Fwp%2Fv2%2Fmedia&parent=2777"}],"wp:term":[{"taxonomy":"category","embeddable":true,"href":"http:\/\/blog.inmontanis.info\/index.php?rest_route=%2Fwp%2Fv2%2Fcategories&post=2777"},{"taxonomy":"post_tag","embeddable":true,"href":"http:\/\/blog.inmontanis.info\/index.php?rest_route=%2Fwp%2Fv2%2Ftags&post=2777"}],"curies":[{"name":"wp","href":"https:\/\/api.w.org\/{rel}","templated":true}]}}