{"id":2770,"date":"2014-07-09T23:02:14","date_gmt":"2014-07-09T21:02:14","guid":{"rendered":"http:\/\/blog.inmontanis.info\/?p=2770"},"modified":"2014-07-09T23:02:14","modified_gmt":"2014-07-09T21:02:14","slug":"wohnungsverschonerung","status":"publish","type":"post","link":"http:\/\/blog.inmontanis.info\/?p=2770","title":{"rendered":"Wohnungsversch\u00f6nerung"},"content":{"rendered":"<p>Als ich 2006 meine Wohnung kaufte, hatte ich ja einige Ideen. Ein gro\u00dfes Panoramafoto vor der Hecke. Den Garten mit Seilbahn-K\u00f6rben, Gondeln und Sesseln bereichern. Ein 360\u00b0-Panorama im WC aufh\u00e4ngen. Die K\u00fcchent\u00fcr mit einer Grafferst\u00fctze bekleben.<\/p>\n<p>Das 360\u00b0-Pano im WC hatte ich ja recht schnell umgesetzt &#8211; Bilder davon hatte ich ja schon anderweitig gepostet.<\/p>\n<p><img src=http:\/\/extra.inmontanis.info\/d\/15270-4\/DSC05634.jpg \/><\/p>\n<p><img src=http:\/\/extra.inmontanis.info\/d\/15274-4\/DSC05633.jpg \/><\/p>\n<p>Das Hecken-Panofoto blieb mir dann doch zu teuer (und der Sinn zu zweifelhaft). Den Garten mit K\u00f6rben und Gondeln und Sesseln zu bereichern ist &#8211; bis auf einen ESL-Sessel auf der Terrasse &#8211; noch nicht verwirklicht. Und die T\u00fcren hatte ich gleich mal alle blau gestrichen &#8211; somit war es nicht mehr so dringlich, das h\u00e4ssliche Braun zu \u00fcberkleben.<\/p>\n<p>Jahr um Jahr verging, die Idee mit der T\u00fcrbeklebung im Hinterkopf hatte ich immer mal wieder Graffer-St\u00fctzen extra daf\u00fcr fotografiert.<\/p>\n<p>Als neulich mein Dealer meinte, er h\u00e4tte da was spezielles f\u00fcr mich .. ein fabrikneues Graffer-Schild, f\u00fcr &#8220;nur&#8221; 100,- \u20ac  .. konnte ich nicht widerstehen. (Weitere Fragen nach wer und woher werden nicht beantwortet ;-) )<\/p>\n<p>Die Frage nach dem &#8220;wohin aufh\u00e4ngen&#8221; war schnell beantwortet: Entweder auf oder \u00fcber die K\u00fcchent\u00fcr. Und selbige endlich mit dem St\u00fctzenfoto bekleben.<\/p>\n<p><a href='http:\/\/extra.inmontanis.info\/d\/21001-2\/DSC09877.jpg'><img src=http:\/\/extra.inmontanis.info\/d\/21000-3\/DSC09877.jpg \/><\/a><\/p>\n<p>Also ging&#8217;s an&#8217;s Fotosuchen, denn Grafferst\u00fctzen hatte ich in den letzten Jahren nun wirklich etliche fotografiert. Sollte es ein SL, ESL, eine DSB oder ein Korblift sein? Eine rote, braune, gr\u00fcne, blaue oder silberne St\u00fctze?<\/p>\n<p>Hoch im Kurs stand die rote DSB-St\u00fctze von Lokve \/ Montenegro. W\u00e4re da nicht der graue Himmel und das gelbe Polster. Oder die gr\u00fcnen ESL- oder Korbliftst\u00fctzen vom Gardasee. Da war aber entweder eine neue Leiter angelehnt, der See oder der Himmel zu diesig oder kein Schnee weil Sommer oder einfach zu langweilig weil gr\u00fcn. Oder die blaue SL-St\u00fctze am Monte Verena. Aber irgendwie w\u00e4r ein ESL-Sessel im Bild schon sch\u00f6ner. Die r\u00f6tlichen Bergstationsst\u00fctzen vom Molveno-Korblift waren geschraubt, was mir auch nicht passte.<\/p>\n<p>Schlie\u00dflich blieb ich an einem meiner ersten f\u00fcr diesen Zweck gemachten St\u00fctzenfotos h\u00e4ngen &#8211; vom 4.3.2007 &#8211; ein winterlicher ESL mit braunen St\u00fctzen und blauem Himmel: Der mittlerweile abgebaute ESL in Pejo.<\/p>\n<p>Die Bildaufl\u00f6sung passte ebenfalls einigerma\u00dfen, wobei ich f\u00fcr den Ausdruck die Bildqualit\u00e4t verbessert hab: Erst mal im Lightroom die \u00fcblichen Sachen wie Kontrast und Wei\u00dfabgleich gemacht, das Rauschen entfernt, gewisse Sch\u00e4rfen wieder hinzugef\u00fcgt, auf 300% aufgeblasen, &#8230; was in Summe schon eine wesentlich bessere Bildqualit\u00e4t als im Photoshop brachte. Zum Schluss hab ich im guten alten Corel Photo Paint noch den Himmel maskiert und weichgezeichnet, sowie eine Sandstein-Struktur hinterlegt (das sah im Photoshop einfach beschissen aus, da sich das Muster stets wiederholte), so dass das Bild sch\u00e4rfer wirkt (wobei ich die Struktur im Himmel, im Schnee und im Rest des Bildes leicht ver\u00e4ndert hab).<\/p>\n<p><img src=http:\/\/extra.inmontanis.info\/d\/20988-2\/20070304-56x300-lr2-corel5+-+vor-struktur.jpg \/><br \/>\n^ 100% Crop des auf 300% aufgeblasenen und bearbeiteten Bildes<\/p>\n<p><img src=http:\/\/extra.inmontanis.info\/d\/20991-2\/20070304-56x300-lr2-corel5.jpg \/><br \/>\n^ 100% Crop des auf 300% aufgeblasenen und bearbeiteten Bildes, mit Struktur versehen (Im Himmel hab ich die Struktur etwas schw\u00e4cher gelassen als im Rest des Bildes)<\/p>\n<p><img src=http:\/\/extra.inmontanis.info\/d\/20997-2\/20070304-56x300-lr2-corel5+-+vor-struktur-2.jpg \/><br \/>\n^ 100% Crop des auf 300% aufgeblasenen und bearbeiteten Bildes<\/p>\n<p><img src=http:\/\/extra.inmontanis.info\/d\/20994-2\/20070304-56x300-lr2-corel5-2.jpg \/><br \/>\n^ 100% Crop des auf 300% aufgeblasenen und bearbeiteten Bildes, mit Struktur versehen (Am Wei\u00df des Schildes kann man erkennen, dass ich die Struktur im Schnee anders als auf dem restlichen Bild gemacht hab, der Unterschied lag in der Einstellung &#8220;Invertiert&#8221;.)<\/p>\n<p>Blieb noch die Frage des Materials: Papierposter oder Klebefolie? Da es kaum teurer war, hab ich mich f\u00fcr die Klebefolie entschieden &#8211; allerdings die billgste Variante. Waren dann ca. 60,- \u20ac, was ich bei dieser Gr\u00f6\u00dfe f\u00fcr einen fairen Preis halte. Das Aufkleben war dann leider doch etwas schwieriger und ich h\u00e4tte die Klebefolie beinahe komplett zerst\u00f6rt &#8211; zum Gl\u00fcck konnte ich sie doch noch einigerma\u00dfen retten mit nur wenigen Problemstellen.<\/p>\n<p><img src=http:\/\/extra.inmontanis.info\/d\/20985-2\/DSC00182_001.jpg \/><br \/>\n^ Fertig: Meine neue K\u00fcchent\u00fcr ;-)<\/p>\n","protected":false},"excerpt":{"rendered":"<p>Als ich 2006 meine Wohnung kaufte, hatte ich ja einige Ideen. Ein gro\u00dfes Panoramafoto vor der Hecke. Den Garten mit Seilbahn-K\u00f6rben, Gondeln und Sesseln bereichern. Ein 360\u00b0-Panorama im WC aufh\u00e4ngen. Die K\u00fcchent\u00fcr mit einer Grafferst\u00fctze bekleben.<\/p>\n<p>Das 360\u00b0-Pano im WC hatte ich ja recht schnell umgesetzt &#8211; Bilder davon hatte ich ja schon anderweitig gepostet.<\/p>\n<p> <a href=\"http:\/\/blog.inmontanis.info\/?p=2770\">[&#8230;]<\/a><\/p>\n","protected":false},"author":1,"featured_media":0,"comment_status":"open","ping_status":"closed","sticky":false,"template":"","format":"standard","meta":{"footnotes":""},"categories":[8],"tags":[35,91],"class_list":["post-2770","post","type-post","status-publish","format-standard","hentry","category-private","tag-esl","tag-graffer","odd"],"_links":{"self":[{"href":"http:\/\/blog.inmontanis.info\/index.php?rest_route=\/wp\/v2\/posts\/2770","targetHints":{"allow":["GET"]}}],"collection":[{"href":"http:\/\/blog.inmontanis.info\/index.php?rest_route=\/wp\/v2\/posts"}],"about":[{"href":"http:\/\/blog.inmontanis.info\/index.php?rest_route=\/wp\/v2\/types\/post"}],"author":[{"embeddable":true,"href":"http:\/\/blog.inmontanis.info\/index.php?rest_route=\/wp\/v2\/users\/1"}],"replies":[{"embeddable":true,"href":"http:\/\/blog.inmontanis.info\/index.php?rest_route=%2Fwp%2Fv2%2Fcomments&post=2770"}],"version-history":[{"count":1,"href":"http:\/\/blog.inmontanis.info\/index.php?rest_route=\/wp\/v2\/posts\/2770\/revisions"}],"predecessor-version":[{"id":2771,"href":"http:\/\/blog.inmontanis.info\/index.php?rest_route=\/wp\/v2\/posts\/2770\/revisions\/2771"}],"wp:attachment":[{"href":"http:\/\/blog.inmontanis.info\/index.php?rest_route=%2Fwp%2Fv2%2Fmedia&parent=2770"}],"wp:term":[{"taxonomy":"category","embeddable":true,"href":"http:\/\/blog.inmontanis.info\/index.php?rest_route=%2Fwp%2Fv2%2Fcategories&post=2770"},{"taxonomy":"post_tag","embeddable":true,"href":"http:\/\/blog.inmontanis.info\/index.php?rest_route=%2Fwp%2Fv2%2Ftags&post=2770"}],"curies":[{"name":"wp","href":"https:\/\/api.w.org\/{rel}","templated":true}]}}