{"id":2768,"date":"2014-07-05T23:23:59","date_gmt":"2014-07-05T21:23:59","guid":{"rendered":"http:\/\/blog.inmontanis.info\/?p=2768"},"modified":"2023-08-02T22:10:20","modified_gmt":"2023-08-02T20:10:20","slug":"macugnaga-5-7-2014","status":"publish","type":"post","link":"http:\/\/blog.inmontanis.info\/?p=2768","title":{"rendered":"Macugnaga, 5.7.2014"},"content":{"rendered":"<p>Nach den 2 Tagen Frankreich am vorletzten Juni-WE stand dieses WE also der zweite Teil der heurigen Westalpen-Sommerski-Tour am Programm (nachdem ich letztes Wochenende wetterbedingt verzichtet hatte).<\/p>\n<p><strong>4.7.2014<\/strong><\/p>\n<p>Um 16:40 Uhr kam ich los &#8211; aber ich hatte diesmal ja auch einen k\u00fcrzeren Weg als vor 2 Wochen, weshalb ich noch Zeit hatte, in der Schweiz eine Portion \u00c4lplermaccaroni zu essen. Hinter dem Bernardino war dann z.T. starker Dauerregen angesagt &#8211; deshalb also der starke Sturm im Rheintal. Nach Locarno bin ich diesmal nicht den Stra\u00dfenschildern ins Centovalli gefolgt, sondern den Navis &#8211; m.E. ist die Strecke tats\u00e4chlich bequemer\/einfacher.<\/p>\n<p>In Italien ging ich kurz ins Netz und checkte nochmal die Wetterberichte ab &#8211; f\u00fcr Macu morgen einigerma\u00dfen sonnig, besser als f\u00fcr Cervinia. Na gut, wird schon noch zu regnen aufh\u00f6ren. Mangels besserer Alternativen bin ich dann bis nach Macu gefahren, wo ich um 0:15 Uhr ankam &#8211; und mich an einem Parkplatz zur Ruhe legte.<\/p>\n<p><strong>5.7.2014<\/strong><\/p>\n<p>Zum mindestens dritten Mal (nach 2010 und 2013, dort war ich zumindest dabei) hatte heuer Macu wieder Sommerski &#8211; letztes Wochenende und dieses, das wird jetzt wohl das letzte sein, da es ohne Schneeverschiebungen schon heute keine SL-Trasse mehr gegeben h\u00e4tte. Auch der Skiweg zu den Varianten war an einer Stelle bereits aper &#8211; aber ich war nicht der einzige, der \u00fcber die Steine geklettert ist&#8230;<\/p>\n<p>Wie schon letztes Jahr musste man lediglich die Berg-und-Talfahrkarte l\u00f6sen (17,- zzgl. 4,- Parkgeb\u00fchren), das Skifahren selbst war sozusagen gratis. Los war wie \u00fcblich genug, hin und wieder musste man einige Teller abwarten.<\/p>\n<p>Das Wetter war leider doch nebliger als gemeldet &#8211; f\u00fcr 1 Stunde war&#8217;s mal recht sch\u00f6n, dann hatte der Lift einen 10-min\u00fctigen Aussetzer (oben irgendein B\u00fcgel verheddert), danach war wieder Nebel angesagt. Offpiste war der Schnee &#8211; durch den gestrigen Regen und die n\u00e4chtlichen Wolken dankenswerterweise nicht durchgefroren und bereits fr\u00fch sch\u00f6n schmierig zu fahren gewesen. Die Piste war etwas h\u00e4rter und vmtl. durch die geringere Schneelage und den geringeren Sonnenschein war sie bis Mittag auch nicht ganz so tief aufgefahren wie sonst manchmal. Mit Ausnahme des linken Pistenrands und dem Grat oben (wo man zu den Offpisteh\u00e4ngen schieben musste) gab&#8217;s auch keinen Pappschnee heute. <\/p>\n<p>Wenn man nach der ersten Stunde auf die Uhr schaut, meint man bei solchen kurzen Einzelliften, man w\u00fcrde es nie bis zum Betriebsschluss aushalten. In der zweiten Stunde f\u00e4ngt man dann immer mehr zu experimentieren an, f\u00e4hrt mal da und mal da, und pl\u00f6tzlich ist&#8217;s 1 Stunde vor Betriebsschluss &#8211; und die vergeht dann auch schnell genug. Wobei selbst um 12:15 noch ein paar mit dem SL rauffahren durften (dachte der Lift lief nur bis 12 Uhr) &#8211; da hatte ich mich dann aber schon auf den R\u00fcckweg gemacht.<\/p>\n<p>(Fotos anklicken zum Vergr\u00f6\u00dfern)<\/p>\n<p><a href='http:\/\/ski.inmontanis.info\/d\/183393-2\/20140705a.jpg'><img src=http:\/\/ski.inmontanis.info\/d\/183392-3\/20140705a.jpg \/><\/a><br \/>\n^ GPS-Track 5.7.2014<\/p>\n<p><a href='http:\/\/ski.inmontanis.info\/d\/183397-2\/DSC09903.jpg'><img src=http:\/\/ski.inmontanis.info\/d\/183396-3\/DSC09903.jpg \/><\/a><br \/>\n^ Talstation und Parkplatz<\/p>\n<p><a href='http:\/\/ski.inmontanis.info\/d\/183401-2\/DSC09905.jpg'><img src=http:\/\/ski.inmontanis.info\/d\/183400-3\/DSC09905.jpg \/><\/a><br \/>\n^ Bergstation PB<\/p>\n<p><a href='http:\/\/ski.inmontanis.info\/d\/183405-2\/DSC09907.jpg'><img src=http:\/\/ski.inmontanis.info\/d\/183404-3\/DSC09907.jpg \/><\/a><br \/>\n^ Moro-Skigebiet<\/p>\n<p><a href='http:\/\/ski.inmontanis.info\/d\/183409-2\/DSC09910.jpg'><img src=http:\/\/ski.inmontanis.info\/d\/183408-3\/DSC09910.jpg \/><\/a><br \/>\n^ Skiweg zur zweiten Abfahrt und dem Offpistegel\u00e4nde heuer stellenweise schneelos!<\/p>\n<p><a href='http:\/\/ski.inmontanis.info\/d\/183413-2\/DSC09916.jpg'><img src=http:\/\/ski.inmontanis.info\/d\/183412-3\/DSC09916.jpg \/><\/a><br \/>\n^ Skiweg, man musste etwas \u00fcber die Felsen steigen<\/p>\n<p><a href='http:\/\/ski.inmontanis.info\/d\/183417-2\/DSC09915.jpg'><img src=http:\/\/ski.inmontanis.info\/d\/183416-3\/DSC09915.jpg \/><\/a><br \/>\n^ Paar Langl\u00e4ufer waren auch hier (am Grenzgrat)<\/p>\n<p><a href='http:\/\/ski.inmontanis.info\/d\/183421-2\/DSC09917.jpg'><img src=http:\/\/ski.inmontanis.info\/d\/183420-3\/DSC09917.jpg \/><\/a><br \/>\n^ Offpistegel\u00e4nde; der Monte Rosa zeigte sich heute nur selten<\/p>\n<p><a href='http:\/\/ski.inmontanis.info\/d\/183425-2\/DSC09920.jpg'><img src=http:\/\/ski.inmontanis.info\/d\/183424-3\/DSC09920.jpg \/><\/a><br \/>\n^ SL San Piedro<\/p>\n<p><a href='http:\/\/ski.inmontanis.info\/d\/183429-2\/DSC09922.jpg'><img src=http:\/\/ski.inmontanis.info\/d\/183428-3\/DSC09922.jpg \/><\/a><br \/>\n^ SL San Piedro<\/p>\n<p><a href='http:\/\/ski.inmontanis.info\/d\/183433-2\/DSC09923.jpg'><img src=http:\/\/ski.inmontanis.info\/d\/183432-3\/DSC09923.jpg \/><\/a><br \/>\n^ Offpistegel\u00e4nde, kurz aber steil, Schnee war toll.<\/p>\n<p><a href='http:\/\/ski.inmontanis.info\/d\/183437-2\/DSC09926.jpg'><img src=http:\/\/ski.inmontanis.info\/d\/183436-3\/DSC09926.jpg \/><\/a><br \/>\n^ SL San Piedro und Offpiste<\/p>\n<p><a href='http:\/\/ski.inmontanis.info\/d\/183441-2\/DSC09927.jpg'><img src=http:\/\/ski.inmontanis.info\/d\/183440-3\/DSC09927.jpg \/><\/a><br \/>\n^ DSB-SL-SL-SL; zwei der SL sind nicht mehr in Betrieb.<\/p>\n<p><a href='http:\/\/ski.inmontanis.info\/d\/183445-2\/DSC09929.jpg'><img src=http:\/\/ski.inmontanis.info\/d\/183444-3\/DSC09929.jpg \/><\/a><br \/>\n^ SL San Piedro Bergstation<\/p>\n<p><a href='http:\/\/ski.inmontanis.info\/d\/183449-2\/DSC09930.jpg'><img src=http:\/\/ski.inmontanis.info\/d\/183448-3\/DSC09930.jpg \/><\/a><br \/>\n^ F\u00fcr den einen SL war genug los.<\/p>\n<p><a href='http:\/\/ski.inmontanis.info\/d\/183453-2\/DSC09931.jpg'><img src=http:\/\/ski.inmontanis.info\/d\/183452-3\/DSC09931.jpg \/><\/a><br \/>\n^ SL San Piedro, Starthang. Die Rinne in Bildmitte bin nur ich gefahren; dar\u00fcber der Skiweg mit dem Abschnallst\u00fcck<\/p>\n<p><a href='http:\/\/ski.inmontanis.info\/d\/183457-2\/DSC09933.jpg'><img src=http:\/\/ski.inmontanis.info\/d\/183456-3\/DSC09933.jpg \/><\/a><br \/>\n^ Offpistegel\u00e4nde, kurz, steil, nett.<\/p>\n<p><a href='http:\/\/ski.inmontanis.info\/d\/183461-2\/DSC09939.jpg'><img src=http:\/\/ski.inmontanis.info\/d\/183460-3\/DSC09939.jpg \/><\/a><br \/>\n^ SL San Piedro, Bergstation, stellenweise etwas schneearm gewesen. Man beachte das 2-st\u00f6ckige Lifth\u00e4uschen, normalerweise liegt im Winter soviel Schnee, dass nur der obere Stock rausschaut ;-)<\/p>\n<p><a href='http:\/\/ski.inmontanis.info\/d\/183465-2\/DSC09945.jpg'><img src=http:\/\/ski.inmontanis.info\/d\/183464-3\/DSC09945.jpg \/><\/a><br \/>\n^ Ex-SL Smeraldo<\/p>\n<p><a href='http:\/\/ski.inmontanis.info\/d\/183469-2\/DSC09944.jpg'><img src=http:\/\/ski.inmontanis.info\/d\/183468-3\/DSC09944.jpg \/><\/a><br \/>\n^ Ex-SL Smeraldo<\/p>\n<p><a href='http:\/\/ski.inmontanis.info\/d\/183473-2\/DSC09946.jpg'><img src=http:\/\/ski.inmontanis.info\/d\/183472-3\/DSC09946.jpg \/><\/a><br \/>\n^ Offpistegel\u00e4nde mit Blick zu den Skiliften und dem R\u00fcckweg zur PB..<\/p>\n<p><a href='http:\/\/ski.inmontanis.info\/d\/183477-2\/DSC09949.jpg'><img src=http:\/\/ski.inmontanis.info\/d\/183476-3\/DSC09949.jpg \/><\/a><br \/>\n^ SL San Piedro mit Abfahrt und dem netten Offpistegel\u00e4nde<\/p>\n<p><a href='http:\/\/ski.inmontanis.info\/d\/183481-2\/DSC09954.jpg'><img src=http:\/\/ski.inmontanis.info\/d\/183480-3\/DSC09954.jpg \/><\/a><br \/>\n^ Mittelstationsabfahrt &#8211; so muss eine Abfahrt im Sommer ausschauen!<\/p>\n<p>Fazit: Trotz der gringeren Schneelage war&#8217;s wieder recht nett hier. Entspanntes, g\u00fcnstiges Sommerskifahren, mit 2 alten PBs als Zubringer und einem alten Teller-SL, dazu ein paar nette, knackige Offpistevarianten. Trotzdem w\u00fcrd ich mir w\u00fcnschen, dass es n\u00e4chstes Jahr mal wieder eine Pause gibt, damit Sommerskifahren in Macu etwas Besonderes bleibt. Andererseits, wer wei\u00df wie lang es die PB und den SL noch gibt &#8211; das muss man wohl doch ausn\u00fctzen, so oft man kann.<\/p>\n<p>Weiter ging&#8217;s \u00fcber den Simplon und Chamonix nach Albertville, dort zum Essen und dann weiter \u00fcber den Glandon nach Alpe d&#8217;Huez. <\/p>\n<p>Am Simplon einige Baustellen, der untere Teil der Stra\u00dfe war komplett zu (Umleitung \u00fcber die kurvige Stra\u00dfe an der Seilbahn vorbei), die Fahrerei durch&#8217;s Wallis zog sich wie eh und jeh (wann wird endlich ein neues A9-St\u00fcck er\u00f6ffnet? H\u00e4tte man nicht weniger und das daf\u00fcr schneller bauen k\u00f6nnen?), immer mal wieder Schnarchnasen ohne \u00dcberholm\u00f6glichkeit vor einem gehabt etc. etc. <\/p>\n<p><a href='http:\/\/extra.inmontanis.info\/d\/20965-2\/DSC09961.jpg'><img src=http:\/\/extra.inmontanis.info\/d\/20964-3\/DSC09961.jpg \/><\/a><br \/>\n^ Sonnenuntergangsstimmung am Col du Glandon<\/p>\n<p><a href='http:\/\/extra.inmontanis.info\/d\/20969-2\/DSC09962.jpg'><img src=http:\/\/extra.inmontanis.info\/d\/20968-3\/DSC09962.jpg \/><\/a><br \/>\n^ Sonnenuntergangsstimmung am Col du Glandon<\/p>\n<p><a href='http:\/\/extra.inmontanis.info\/d\/20973-2\/DSC09964.jpg'><img src=http:\/\/extra.inmontanis.info\/d\/20972-3\/DSC09964.jpg \/><\/a><br \/>\n^ Sonnenuntergangsstimmung am Col du Glandon &#8211; gerade zur rechten Zeit hier gewesen!<\/p>\n<p><a href='http:\/\/extra.inmontanis.info\/d\/20977-2\/DSC09975.jpg'><img src=http:\/\/extra.inmontanis.info\/d\/20976-3\/DSC09975.jpg \/><\/a><br \/>\n^ Perfekter Halbmond heute<\/p>\n<p>Da ich am Glandon noch etwas zu fr\u00fch dran war, fuhr ich weiter nach Alpe d&#8217;Huez &#8211; hatte ich anno 2005 bei meinem ersten Sommerskibesuch hier nicht schon mal auf einem gro\u00dfen Parpklatz \u00fcbernachtet? Tja, der ist mittlerweile kostenpflichtig (Camper). In der Gegend war auch nichts vern\u00fcnftiges, au\u00dfer der gro\u00dfe zentrale Parkplatz. War zwar nicht gerade ruhig, hatte aber auch keine Lust, zum anderen Seilbahnparkplatz zu fahren. Wobei dort einige Wohnmobile und Zelte standen, evtl. w\u00e4re es dort doch angeehmer gewesen&#8230;<\/p>\n<p>(Fortsetzung folgt.)<\/p>\n","protected":false},"excerpt":{"rendered":"<p>Nach den 2 Tagen Frankreich am vorletzten Juni-WE stand dieses WE also der zweite Teil der heurigen Westalpen-Sommerski-Tour am Programm (nachdem ich letztes Wochenende wetterbedingt verzichtet hatte).<\/p>\n<p>4.7.2014<\/p>\n<p>Um 16:40 Uhr kam ich los &#8211; aber ich hatte diesmal ja auch einen k\u00fcrzeren Weg als vor 2 Wochen, weshalb ich noch Zeit hatte, in der <a href=\"http:\/\/blog.inmontanis.info\/?p=2768\">[&#8230;]<\/a><\/p>\n","protected":false},"author":1,"featured_media":0,"comment_status":"open","ping_status":"closed","sticky":false,"template":"","format":"standard","meta":{"footnotes":""},"categories":[16,15,465,59,28],"tags":[52,78,47],"class_list":["post-2768","post","type-post","status-publish","format-standard","hentry","category-france","category-italienitaly","category-macugnaga","category-nostalgie","category-skifahren-sommer","tag-pb","tag-restschnee","tag-sl","odd"],"_links":{"self":[{"href":"http:\/\/blog.inmontanis.info\/index.php?rest_route=\/wp\/v2\/posts\/2768","targetHints":{"allow":["GET"]}}],"collection":[{"href":"http:\/\/blog.inmontanis.info\/index.php?rest_route=\/wp\/v2\/posts"}],"about":[{"href":"http:\/\/blog.inmontanis.info\/index.php?rest_route=\/wp\/v2\/types\/post"}],"author":[{"embeddable":true,"href":"http:\/\/blog.inmontanis.info\/index.php?rest_route=\/wp\/v2\/users\/1"}],"replies":[{"embeddable":true,"href":"http:\/\/blog.inmontanis.info\/index.php?rest_route=%2Fwp%2Fv2%2Fcomments&post=2768"}],"version-history":[{"count":1,"href":"http:\/\/blog.inmontanis.info\/index.php?rest_route=\/wp\/v2\/posts\/2768\/revisions"}],"predecessor-version":[{"id":2769,"href":"http:\/\/blog.inmontanis.info\/index.php?rest_route=\/wp\/v2\/posts\/2768\/revisions\/2769"}],"wp:attachment":[{"href":"http:\/\/blog.inmontanis.info\/index.php?rest_route=%2Fwp%2Fv2%2Fmedia&parent=2768"}],"wp:term":[{"taxonomy":"category","embeddable":true,"href":"http:\/\/blog.inmontanis.info\/index.php?rest_route=%2Fwp%2Fv2%2Fcategories&post=2768"},{"taxonomy":"post_tag","embeddable":true,"href":"http:\/\/blog.inmontanis.info\/index.php?rest_route=%2Fwp%2Fv2%2Ftags&post=2768"}],"curies":[{"name":"wp","href":"https:\/\/api.w.org\/{rel}","templated":true}]}}