{"id":2765,"date":"2014-06-22T15:10:52","date_gmt":"2014-06-22T13:10:52","guid":{"rendered":"http:\/\/blog.inmontanis.info\/?p=2765"},"modified":"2023-07-30T21:51:53","modified_gmt":"2023-07-30T19:51:53","slug":"les-2-alpes-22-6-2014","status":"publish","type":"post","link":"http:\/\/blog.inmontanis.info\/?p=2765","title":{"rendered":"Les 2 Alpes, 22.6.2014"},"content":{"rendered":"<p>Da ich es mir nie merken kann, wann nun die beste Zeit zum Rauffahren ist, kam ich gegen 7:15 Uhr an der Talstation an. 20 Minuten Wartezeit sind f\u00fcr L2A am Morgen akzeptabel, aber viel kamen nach mir nicht mir, so dass es 15-20 Minuten sp\u00e4ter wohl kaum mehr als 5 Minuten gewesen w\u00e4ren.<\/p>\n<p>Am ersten Betriebswochenende ist es also noch etwas ruhiger. Zudem gab es in der Talstation etwas mehr Druck seitens der Liftbediensteten. Einmal durch die T\u00fcr durchgelassen hei\u00dft einsteigen und nicht warten. Die Anzahl derer, die durch die T\u00fcr gelassen wurden, wurden aber wohl grob gesch\u00e4tzt &#8211; in meiner Kabine waren nur 10 Leute drin (lt. Aushang Talstation 19) und an der Mittelstation (fr\u00fch durchgehender Betrieb, nachmittag getrennt) stieg auch nur noch einer ein&#8230;<\/p>\n<p>Die Tageskarte ist mit 37,50 ungewohnt heftig teurer geworden (2013: 36,-, 2012: 35,30, 2011: 34,20, 2010: 33,50, 2008: 31,70, 2007: 31,10, 2005: 30,-).<\/p>\n<p>Kommen wir zu meinem Lieblingsthema &#8211; Wetter. Die Wettervorhersage war super sonnig, egtl. f\u00fcr die ganzen franz\u00f6sischen Alpen heute, auch gestern Abend noch. Davon waren wir heute aber mega weit entfernt. Bedeckter Himmel rundherum, Sonne nur Sekundenweise. Grrr!!<\/p>\n<p>Allerdings &#8211; kein Nachteil ohne Vorteil. Anscheinend zog die Wolkendecke schon nachts herein, da der Schnee bereits morgens firnig weich war, selbst am obersten SL Lauze. Dessen oberster Teil etwas in den Wolken lag und anscheinend deshalb von den Trainingsgruppen nur gering frequentiert wurde &#8211; gerade mal 2-4 Kurse waren hier oben ausgesteckt und quasi bis zum Schluss hatte man heute hier freie Fahrt!<\/p>\n<p>Glaub ich bin den SL Lauze noch nie so oft gefahren wie heute :)<\/p>\n<p>Weniger sch\u00f6n dagegen war der Schnee offpiste. Die Paradeh\u00e4nge an der 4KSB. Bremsig durch den Sand und man sank viel zu tief ein. \u00dcberhaupt waren die Pisten an der 4KSB viel zu bremsig durch den Sand. Versteh ich nicht, warum man die Sandschneeschicht nicht vor dem Saisonstart einfach weggeschoben hat? H\u00e4tte ja nicht nur den Vorteil, dass es weniger pappt, am Morgen l\u00e4nger hart bleibt, sondern auch, dass der restliche Schnee l\u00e4nger h\u00e4lt und die Abfahrt evtl. 1-2 Wochen l\u00e4nger ge\u00f6ffnet werden k\u00f6nnte&#8230;<\/p>\n<p>Weniger sch\u00f6n auch die Tatsache, dass die U-SSB nicht in Betrieb war. Keine Ahnung, ob die sonst am ersten Betriebs-WE im Betrieb ist? Dadurch musste man sich zwangsl\u00e4ufig an den Puy-Salie-SL anstellen, wenigstens heute keine so krassen Wartezeiten wie \u00fcblich. Und wenn man von der 4KSB aus sich die 3SB sparen wollte, musste man heute mit dem kurzen Schr\u00e4gaufzug fahren &#8211; den ich somit zum ersten Mal fuhr.<\/p>\n<p>Zur Mittelstation bin ich 2x abgefahren &#8211; offiziell offen war sie heuer nicht mehr. Wenn der Fu\u00dfweg nicht so lang + bergauf w\u00e4re, w\u00fcrde ich sie ja sicherlich h\u00e4ufiger fahren.<\/p>\n<p>In Summe war&#8217;s doch ein recht netter Tag, wenn auch schwerpunktm\u00e4\u00dfig anders wie sonst und ohne Panorama, aber verglichen zu gestern war mir der Schnee heute wesentlich sympathischer.<\/p>\n<p>(Fotos anklicken zum Vergr\u00f6\u00dfern)<\/p>\n<p><a href='http:\/\/ski.inmontanis.info\/d\/183289-2\/ge20140622b.jpg'><img src=http:\/\/ski.inmontanis.info\/d\/183288-3\/ge20140622b.jpg \/><\/a><br \/>\n^ GPS-Track 22.6.2014 (blau) + 2013 in Gelb (Im Vgl. zum GE-Bild lag \u00fcbrigens etwas mehr Schnee). Zur Abwechslung konnte ich heute auch mal alle SL fahren.<\/p>\n<p><a href='http:\/\/ski.inmontanis.info\/d\/183293-2\/DSC09831.jpg'><img src=http:\/\/ski.inmontanis.info\/d\/183292-3\/DSC09831.jpg \/><\/a><br \/>\n^ Am ersten Juni-WE ist&#8217;s wohl doch noch etwas leerer. Nur 20 Minuten Wartezeit um 7:20 &#8211; danach noch weniger.<\/p>\n<p><a href='http:\/\/ski.inmontanis.info\/d\/183297-2\/DSC09832.jpg'><img src=http:\/\/ski.inmontanis.info\/d\/183296-3\/DSC09832.jpg \/><\/a><br \/>\n^ Jandri Sektion 1<\/p>\n<p><a href='http:\/\/ski.inmontanis.info\/d\/183301-2\/DSC09835.jpg'><img src=http:\/\/ski.inmontanis.info\/d\/183300-3\/DSC09835.jpg \/><\/a><br \/>\n^ Abfahrt Mittelstation, noch genug Schnee, aber heuer nicht offiziell ge\u00f6ffnet. (Letztes Jahr ja am 8.7. noch offen gewesen!)<\/p>\n<p><a href='http:\/\/ski.inmontanis.info\/d\/183305-2\/DSC09836.jpg'><img src=http:\/\/ski.inmontanis.info\/d\/183304-3\/DSC09836.jpg \/><\/a><br \/>\n^ Jandri Sektion 2<\/p>\n<p><a href='http:\/\/ski.inmontanis.info\/d\/183309-2\/DSC09837.jpg'><img src=http:\/\/ski.inmontanis.info\/d\/183308-3\/DSC09837.jpg \/><\/a><br \/>\n^ Wetter wesentlich schlechter als  gemeldet, hatte aber einen Vorteil: Am SL Lauze war heute nichts los.<\/p>\n<p><a href='http:\/\/ski.inmontanis.info\/d\/183313-2\/DSC09838.jpg'><img src=http:\/\/ski.inmontanis.info\/d\/183312-3\/DSC09838.jpg \/><\/a><br \/>\n^ Leere Pisten am SL Lauze dank schlechter Sicht ;-)<\/p>\n<p><a href='http:\/\/ski.inmontanis.info\/d\/183317-2\/DSC09841.jpg'><img src=http:\/\/ski.inmontanis.info\/d\/183316-3\/DSC09841.jpg \/><\/a><br \/>\n^ Auch links im unteren Trainingsareal gab es genug Freiraum f\u00fcr uns Normale<\/p>\n<p><a href='http:\/\/ski.inmontanis.info\/d\/183321-2\/DSC09843.jpg'><img src=http:\/\/ski.inmontanis.info\/d\/183320-3\/DSC09843.jpg \/><\/a><br \/>\n^ Dieser Traininghang wurde heuer links der regul\u00e4ren Pisten angelegt, somit keine Kreuzung mit Wartezeiten.<\/p>\n<p><a href='http:\/\/ski.inmontanis.info\/d\/183325-2\/DSC09845.jpg'><img src=http:\/\/ski.inmontanis.info\/d\/183324-3\/DSC09845.jpg \/><\/a><br \/>\n^ Abfahrt 4KSB<\/p>\n<p><a href='http:\/\/ski.inmontanis.info\/d\/183329-2\/DSC09848.jpg'><img src=http:\/\/ski.inmontanis.info\/d\/183328-3\/DSC09848.jpg \/><\/a><br \/>\n^ Offpiste 4KSB-3SB, ging heut leider nicht so gut<\/p>\n<p><a href='http:\/\/ski.inmontanis.info\/d\/183333-2\/DSC09850.jpg'><img src=http:\/\/ski.inmontanis.info\/d\/183332-3\/DSC09850.jpg \/><\/a><br \/>\n^ Standardfoto von nahe der 4KSB-Bergstation<\/p>\n<p><a href='http:\/\/ski.inmontanis.info\/d\/183337-2\/DSC09851.jpg'><img src=http:\/\/ski.inmontanis.info\/d\/183336-3\/DSC09851.jpg \/><\/a><br \/>\n^ Geschlossene Piste von der 4KSB zur Mittelstation &#8211; ging gut.<\/p>\n<p><a href='http:\/\/ski.inmontanis.info\/d\/183341-2\/DSC09852.jpg'><img src=http:\/\/ski.inmontanis.info\/d\/183340-3\/DSC09852.jpg \/><\/a><br \/>\n^ Von der 4KSB zur Mittelstation<\/p>\n<p><a href='http:\/\/ski.inmontanis.info\/d\/183345-2\/DSC09853.jpg'><img src=http:\/\/ski.inmontanis.info\/d\/183344-3\/DSC09853.jpg \/><\/a><br \/>\n^ Mittelstationsabfahrt<\/p>\n<p><a href='http:\/\/ski.inmontanis.info\/d\/183349-2\/DSC09856.jpg'><img src=http:\/\/ski.inmontanis.info\/d\/183348-3\/DSC09856.jpg \/><\/a><br \/>\n^ Mittelstationsabfahrten, bin gerade den Steilhang links runter. Die letzte Abfahrt dann rechts rum.<\/p>\n<p><a href='http:\/\/ski.inmontanis.info\/d\/183353-2\/DSC09858.jpg'><img src=http:\/\/ski.inmontanis.info\/d\/183352-3\/DSC09858.jpg \/><\/a><br \/>\n^ Offpiste von den SL zur 4KSB, heuer hatte ich mich noch weiter hinausgetraut<\/p>\n<p><a href='http:\/\/ski.inmontanis.info\/d\/183357-2\/DSC09859.jpg'><img src=http:\/\/ski.inmontanis.info\/d\/183356-3\/DSC09859.jpg \/><\/a><br \/>\n^ Blick von den Offpisteh\u00e4ngen zu 3SB und 4KSB<\/p>\n<p><a href='http:\/\/ski.inmontanis.info\/d\/183361-2\/DSC09861.jpg'><img src=http:\/\/ski.inmontanis.info\/d\/183360-3\/DSC09861.jpg \/><\/a><br \/>\n^ Offpiste von den SL zur 4KSB. Was mir die letzten Jahre noch gar nicht aufgefallen ist und ich erst jetzt von hier sehe: Man kann ja auch rechts der 4KSB offpiste bis runter fahren! Aber jetzt ist&#8217;s zu sp\u00e4t &#8211; und der Schnee war ja eh nicht so toll.<\/p>\n<p><a href='http:\/\/ski.inmontanis.info\/d\/183365-2\/DSC09863.jpg'><img src=http:\/\/ski.inmontanis.info\/d\/183364-3\/DSC09863.jpg \/><\/a><br \/>\n^ Offpiste von den SL zur 4KSB. Da wird wohl auch bald kein Gletscher mehr sein.<\/p>\n<p><a href='http:\/\/ski.inmontanis.info\/d\/183369-2\/DSC09864.jpg'><img src=http:\/\/ski.inmontanis.info\/d\/183368-3\/DSC09864.jpg \/><\/a><br \/>\n^ 3SB und Gletscher-Offpiste-H\u00e4nge<\/p>\n<p><a href='http:\/\/ski.inmontanis.info\/d\/183373-2\/DSC09869.jpg'><img src=http:\/\/ski.inmontanis.info\/d\/183372-3\/DSC09869.jpg \/><\/a><br \/>\n^ Die Funpark-SL waren wie \u00fcblich l\u00e4nger in Betrieb, Schnee war hier wie \u00fcblich auch um 13 Uhr noch frisch pr\u00e4pariert &#8211; aber leider nicht so geil firnig wie letztes Jahr.<\/p>\n<p><a href='http:\/\/ski.inmontanis.info\/d\/183377-2\/DSC09871.jpg'><img src=http:\/\/ski.inmontanis.info\/d\/183376-3\/DSC09871.jpg \/><\/a><br \/>\n^ Station 3200 (3150m) &#8211; auf den Offpisteh\u00e4ngen von der ehemaligen DSB Jandri 4. \u00dcbrigens war an der Bahn gen Tal selbst um 13 Uhr keine Warzeiten mehr. Mitte Juni ist wartezeitentechnisch also ein gutes Pflaster f\u00fcr L2A.<\/p>\n<p><a href='http:\/\/ski.inmontanis.info\/d\/183381-2\/DSC09872.jpg'><img src=http:\/\/ski.inmontanis.info\/d\/183380-3\/DSC09872.jpg \/><\/a><br \/>\n^ Gletschersee und Doppel-SL Puy Salie<\/p>\n<p><a href='http:\/\/ski.inmontanis.info\/d\/183385-2\/DSC09874.jpg'><img src=http:\/\/ski.inmontanis.info\/d\/183384-3\/DSC09874.jpg \/><\/a><br \/>\n^ Abfahrt Mittelstation<\/p>\n<p><a href='http:\/\/ski.inmontanis.info\/d\/183389-2\/DSC09876.jpg'><img src=http:\/\/ski.inmontanis.info\/d\/183388-3\/DSC09876.jpg \/><\/a><br \/>\n^ Jandri Sektion I-II; unterhalb der Mittelstation liegt auch noch einiges an Schnee..<\/p>\n<p>Da es sich heute um das Ende eines langen Wochenendes handelte, wollte ich kein Risiko eingehen und bin weder die gro\u00dfe Runde \u00fcber Genfer See und Z\u00fcrich, noch \u00fcber den Bernardino heim, sondern die kurze (und zeitm\u00e4\u00dfig l\u00e4ngere) Strecke \u00fcber St. Moritz. <\/p>\n<p>Am Lautaret war ich noch Essen &#8211; damit ich dort oben nicht immer nur im Auto schlafe. Das Omelette Savoyarde mit Pommes und Salat um 12,- \u20ac war gro\u00df und gut, die Waffel mit Schokosauce und Vanilleeis um 6,- \u20ac verbesserungsf\u00e4hig. <\/p>\n<p>Danach Montgenevre, ab Susa auf die Autobahn und via Milano und Lecco, alles ohne Stau (umgekehrt, Sondrio &#8211; Milano war dagegen langer Stau auf der Autobahn), soweit also die richtige Route gew\u00e4hlt. Wobei ich schon sp\u00e4t dran war, evtl. w\u00e4r&#8217;s \u00fcber den Bernardino auch schon  gegangen. Gegen 0:15 Uhr war ich wieder daheim.<\/p>\n","protected":false},"excerpt":{"rendered":"<p>Da ich es mir nie merken kann, wann nun die beste Zeit zum Rauffahren ist, kam ich gegen 7:15 Uhr an der Talstation an. 20 Minuten Wartezeit sind f\u00fcr L2A am Morgen akzeptabel, aber viel kamen nach mir nicht mir, so dass es 15-20 Minuten sp\u00e4ter wohl kaum mehr als 5 Minuten gewesen w\u00e4ren.<\/p>\n<p>Am <a href=\"http:\/\/blog.inmontanis.info\/?p=2765\">[&#8230;]<\/a><\/p>\n","protected":false},"author":1,"featured_media":0,"comment_status":"open","ping_status":"closed","sticky":false,"template":"","format":"standard","meta":{"footnotes":""},"categories":[16,317,28,81],"tags":[78,47],"class_list":["post-2765","post","type-post","status-publish","format-standard","hentry","category-france","category-les-deux-alpes","category-skifahren-sommer","category-kurztrips","tag-restschnee","tag-sl","odd"],"_links":{"self":[{"href":"http:\/\/blog.inmontanis.info\/index.php?rest_route=\/wp\/v2\/posts\/2765","targetHints":{"allow":["GET"]}}],"collection":[{"href":"http:\/\/blog.inmontanis.info\/index.php?rest_route=\/wp\/v2\/posts"}],"about":[{"href":"http:\/\/blog.inmontanis.info\/index.php?rest_route=\/wp\/v2\/types\/post"}],"author":[{"embeddable":true,"href":"http:\/\/blog.inmontanis.info\/index.php?rest_route=\/wp\/v2\/users\/1"}],"replies":[{"embeddable":true,"href":"http:\/\/blog.inmontanis.info\/index.php?rest_route=%2Fwp%2Fv2%2Fcomments&post=2765"}],"version-history":[{"count":1,"href":"http:\/\/blog.inmontanis.info\/index.php?rest_route=\/wp\/v2\/posts\/2765\/revisions"}],"predecessor-version":[{"id":2766,"href":"http:\/\/blog.inmontanis.info\/index.php?rest_route=\/wp\/v2\/posts\/2765\/revisions\/2766"}],"wp:attachment":[{"href":"http:\/\/blog.inmontanis.info\/index.php?rest_route=%2Fwp%2Fv2%2Fmedia&parent=2765"}],"wp:term":[{"taxonomy":"category","embeddable":true,"href":"http:\/\/blog.inmontanis.info\/index.php?rest_route=%2Fwp%2Fv2%2Fcategories&post=2765"},{"taxonomy":"post_tag","embeddable":true,"href":"http:\/\/blog.inmontanis.info\/index.php?rest_route=%2Fwp%2Fv2%2Ftags&post=2765"}],"curies":[{"name":"wp","href":"https:\/\/api.w.org\/{rel}","templated":true}]}}