{"id":2763,"date":"2014-06-21T22:50:06","date_gmt":"2014-06-21T20:50:06","guid":{"rendered":"http:\/\/blog.inmontanis.info\/?p=2763"},"modified":"2023-07-31T18:21:19","modified_gmt":"2023-07-31T16:21:19","slug":"val-disere-pissaillas-21-6-2014","status":"publish","type":"post","link":"http:\/\/blog.inmontanis.info\/?p=2763","title":{"rendered":"Val d&#8217;Isere \/ Pissaillas, 21.6.2014"},"content":{"rendered":"<p>Nachdem der Wetterbericht f\u00fcr&#8217;s WE so sonnig gemeldet hatte, aber weder von den ge\u00f6ffneten Skigebieten noch von der Arbeit her f\u00fcr ein verl\u00e4ngertes WE gereicht h\u00e4tte, ging es eben nur f\u00fcr 2 Tage nach Frankreich.<\/p>\n<p>Cervinia macht ja erst n\u00e4chste Woche auf, Alpe d&#8217;Huez erst \u00fcbern\u00e4chste und Tignes hat auch erst ab \u00fcbern\u00e4chster Woche Vollbetrieb. Bleibt also eigentlich nur Les 2 Alpes und Val d&#8217;Isere.<\/p>\n<p>Am Freitag nachmittag fuhr ich los &#8211; leider versp\u00e4tet, da ich durch die sp\u00e4te Heimkehr vom Fedaia am Donnerstag keine Zeit mehr zum Packen hatte. Verschiedene Routen h\u00e4tte es zu den zwei Zielen gegeben, schlussendlich musste ich mich f\u00fcr die schnellere entscheiden, Cenis &#8211; Iseran. Und zuvor nat\u00fcrlich Bernardino. \u00dcbernachtung am Mont Cenis, Ankunft dort gegen Mitternacht und um 6:30 Uhr wieder weiter.<\/p>\n<p>Am Col de l&#8217;Iseran dann das gewohnte Bild &#8211; nur 2 der 5 Abfahrten f\u00fcr Normalos ge\u00f6ffnet, eisig harte Pisten, viel Offpistem\u00f6glichkeiten an der 4KSB &#8211; aber aufgrund der k\u00fchleren Temperaturen und der westlichen Ausrichtung eben zu lange zu hart. <\/p>\n<p>Durch die offenen Talabfahrten haben die Rennkids wenigstens nicht so extrem am SL gedr\u00e4ngelt, man stand dort selten bis zum Eingang zur\u00fcck. Erst so zwischen 10:30 und 11:30 war es voller. <\/p>\n<p>Normalerweise sollte ja Skibetrieb bis 12 Uhr sein. Die 4KSB macht schon fr\u00fcher, um 11:45 Uhr zu, na von mir aus. Aber selbst der SL war heute nur bis 11:45 ge\u00f6ffnet, so dass man nicht mal mehr die letzte viertel Stunde im Trainingsbereich fahren konnte. Ausgerechnet, wo jetzt der Schnee aufgefirnt w\u00e4re und es gut zu fahren ging.<\/p>\n<p>Micht nervt das. N\u00e4chstes Jahr werde ich nur dann hier her fahren, wenn die Nullgradgrenze nachts weit \u00fcber 3000m bleibt und tags\u00fcber selbige auf \u00fcber 4000m gemeldet bleibt. Damit die Offpisteh\u00e4nge wenigstens schon um 10 Uhr fahrbar weich werden.<\/p>\n<p>(Fotos anklicken zum Vergr\u00f6\u00dfern)<\/p>\n<p><a href='http:\/\/extra.inmontanis.info\/d\/20957-2\/DSC09747.jpg'><img src=http:\/\/extra.inmontanis.info\/d\/20956-3\/DSC09747.jpg \/><\/a><br \/>\n^ Mont Cenis Pass bzw. Stausee<\/p>\n<p><a href='http:\/\/ski.inmontanis.info\/d\/183157-2\/DSC09750.jpg'><img src=http:\/\/ski.inmontanis.info\/d\/183156-3\/DSC09750.jpg \/><\/a><br \/>\n^ Auffahrt Col de l&#8217;Iseran vom S\u00fcden<\/p>\n<p><a href='http:\/\/ski.inmontanis.info\/d\/183161-2\/DSC09756.jpg'><img src=http:\/\/ski.inmontanis.info\/d\/183160-3\/DSC09756.jpg \/><\/a><br \/>\n^ Die Variantenh\u00e4nge, von denen man im Winter mit dem KSSL zur KSB zur\u00fcck kommt, w\u00e4ren (mit Aufstieg am Ende) auch noch machbar, unten im Graben links g\u00e4be es noch einige Querungsm\u00f6glichkeiten retour<\/p>\n<p><a href='http:\/\/ski.inmontanis.info\/d\/183165-2\/ge20140621a.jpg'><img src=http:\/\/ski.inmontanis.info\/d\/183164-3\/ge20140621a.jpg \/><\/a><br \/>\n^ GPS-Track 21.6.2014<\/p>\n<p><a href='http:\/\/ski.inmontanis.info\/d\/183169-2\/DSC09759.jpg'><img src=http:\/\/ski.inmontanis.info\/d\/183168-3\/DSC09759.jpg \/><\/a><br \/>\n^ Talstation 4KSB, noch ziemlich viel Schnee auf der Piste hier<\/p>\n<p><a href='http:\/\/ski.inmontanis.info\/d\/183173-2\/DSC09760.jpg'><img src=http:\/\/ski.inmontanis.info\/d\/183172-3\/DSC09760.jpg \/><\/a><br \/>\n^ 4KSB-Abfahrt (die einzige ge\u00f6ffnete, die zweite ist ja f\u00fcr Training gesperrt und die anderen bleiben im Sommer unpr\u00e4pariert)<\/p>\n<p><a href='http:\/\/ski.inmontanis.info\/d\/183177-2\/DSC09761.jpg'><img src=http:\/\/ski.inmontanis.info\/d\/183176-3\/DSC09761.jpg \/><\/a><br \/>\n^ 4KSB-Abfahrt mit Schneeverschiebungen<\/p>\n<p><a href='http:\/\/ski.inmontanis.info\/d\/183181-2\/DSC09762.jpg'><img src=http:\/\/ski.inmontanis.info\/d\/183180-3\/DSC09762.jpg \/><\/a><br \/>\n^ 4KSB-Abfahrt Ende &#8211; sollte wohl bis zum Saisonende durchhalten. Parkplatz heute nur der obere ge\u00f6ffnet.<\/p>\n<p><a href='http:\/\/ski.inmontanis.info\/d\/183185-2\/DSC09763.jpg'><img src=http:\/\/ski.inmontanis.info\/d\/183184-3\/DSC09763.jpg \/><\/a><br \/>\n^ 4KSB; offpiste war der Schnee zwar nicht so unruhig wie anderswo heuer schon gehabt, aber durch die Westlage firnt er bei diesen Temperaturen halt leider erst auf, wenn die Lifte mittags eingestellt werden :-(<\/p>\n<p><a href='http:\/\/ski.inmontanis.info\/d\/183189-2\/DSC09766.jpg'><img src=http:\/\/ski.inmontanis.info\/d\/183188-3\/DSC09766.jpg \/><\/a><br \/>\n^ Abfahrt und Offpisteh\u00e4nge.<\/p>\n<p><a href='http:\/\/ski.inmontanis.info\/d\/183193-2\/DSC09771.jpg'><img src=http:\/\/ski.inmontanis.info\/d\/183192-3\/DSC09771.jpg \/><\/a><br \/>\n^ Offpiste<\/p>\n<p><a href='http:\/\/ski.inmontanis.info\/d\/183197-2\/DSC09773.jpg'><img src=http:\/\/ski.inmontanis.info\/d\/183196-3\/DSC09773.jpg \/><\/a><br \/>\n^ Offpiste<\/p>\n<p><a href='http:\/\/ski.inmontanis.info\/d\/183201-2\/DSC09774.jpg'><img src=http:\/\/ski.inmontanis.info\/d\/183200-3\/DSC09774.jpg \/><\/a><br \/>\n^ Offpiste, um 11:30 endlich firnig &#8211; und um 11:45 werden die Lifte eingestellt. Warum tu ich mir diesen \u00c4rger jedes Jahr an hier?!<\/p>\n<p><a href='http:\/\/ski.inmontanis.info\/d\/183205-2\/DSC09776.jpg'><img src=http:\/\/ski.inmontanis.info\/d\/183204-3\/DSC09776.jpg \/><\/a><br \/>\n^ Privat-Abfahrt<\/p>\n<p><a href='http:\/\/ski.inmontanis.info\/d\/183209-2\/DSC09781.jpg'><img src=http:\/\/ski.inmontanis.info\/d\/183208-3\/DSC09781.jpg \/><\/a><br \/>\n^ Abfahrt<\/p>\n<p><a href='http:\/\/ski.inmontanis.info\/d\/183213-2\/DSC09784.jpg'><img src=http:\/\/ski.inmontanis.info\/d\/183212-3\/DSC09784.jpg \/><\/a><br \/>\n^ Interessant, wie es den Dreck hier aufgeschwemmt hat..<\/p>\n<p><a href='http:\/\/ski.inmontanis.info\/d\/183217-2\/DSC09786.jpg'><img src=http:\/\/ski.inmontanis.info\/d\/183216-3\/DSC09786.jpg \/><\/a><br \/>\n^ Das Sommerskigebiet. W\u00e4re nachmittags ge\u00f6ffnet, ich w\u00fcrde mir den Vormittag hier sparen, man k\u00f6nnte nachmittags so viel Varianten fahren &#8230;<\/p>\n<p><a href='http:\/\/ski.inmontanis.info\/d\/183221-2\/DSC09778.jpg'><img src=http:\/\/ski.inmontanis.info\/d\/183220-3\/DSC09778.jpg \/><\/a><br \/>\n^ Zoom Grande Motte vom Pissaillas-Sommerskigebiet aus. Derzeit in diesem Bereich nur die PB offen.<\/p>\n<p>Danach ging&#8217;s nach Albertville, kurzer Zwischenhalt im Quick und weiter nach Grenoble, ohne die mautpflichtige Autobahn zu ben\u00fctzen.<\/p>\n<p>Stattdessen ein kurzer Abstecher zum Col de Marcieu und Saint Hilaire, wo es zwei kleine Skigebiete gibt. Am Col war&#8217;s mir allerdings zu voll, als dass ich mir die Lifte dort n\u00e4her angesehen hatte. Hilaire war dann leerer &#8211; und vmtl. auch das interessantere Gebiet.<\/p>\n<p><a href='http:\/\/ski.inmontanis.info\/d\/183227-2\/DSC09800.jpg'><img src=http:\/\/ski.inmontanis.info\/d\/183225-3\/DSC09800.jpg \/><\/a><br \/>\n^ Skigebiet am Col de Marcieu<\/p>\n<p><a href='http:\/\/ski.inmontanis.info\/d\/183231-2\/DSC09804.jpg'><img src=http:\/\/ski.inmontanis.info\/d\/183230-3\/DSC09804.jpg \/><\/a><br \/>\n^ Blick ins Skigebiet von Saint Hilaire, schaut mal gar nicht so schlecht aus<\/p>\n<p><a href='http:\/\/ski.inmontanis.info\/d\/183235-2\/DSC09807.jpg'><img src=http:\/\/ski.inmontanis.info\/d\/183234-3\/DSC09807.jpg \/><\/a><br \/>\n^ \u00dcbungs-SL in Saint Hilaire<\/p>\n<p><a href='http:\/\/ski.inmontanis.info\/d\/183239-2\/DSC09808.jpg'><img src=http:\/\/ski.inmontanis.info\/d\/183238-3\/DSC09808.jpg \/><\/a><br \/>\n^ Vorne einer der \u00dcbungs-SL, dahinter der KSSL, die Hauptanlage<\/p>\n<p><a href='http:\/\/ski.inmontanis.info\/d\/183243-2\/DSC09810.jpg'><img src=http:\/\/ski.inmontanis.info\/d\/183242-3\/DSC09810.jpg \/><\/a><br \/>\n^ .. dieser \u00dcbungs-SL ist mal nicht kuppelbar.<\/p>\n<p><a href='http:\/\/ski.inmontanis.info\/d\/183247-2\/DSC09812.jpg'><img src=http:\/\/ski.inmontanis.info\/d\/183246-3\/DSC09812.jpg \/><\/a><br \/>\n^ Linker KSSL<\/p>\n<p><a href='http:\/\/ski.inmontanis.info\/d\/183251-2\/DSC09813.jpg'><img src=http:\/\/ski.inmontanis.info\/d\/183250-3\/DSC09813.jpg \/><\/a><br \/>\n^ Linker KSSL Les Ruches<\/p>\n<p><a href='http:\/\/ski.inmontanis.info\/d\/183255-2\/DSC09816.jpg'><img src=http:\/\/ski.inmontanis.info\/d\/183254-3\/DSC09816.jpg \/><\/a><br \/>\n^ Linker KSSL Les Ruches<\/p>\n<p><a href='http:\/\/ski.inmontanis.info\/d\/183259-2\/DSC09817.jpg'><img src=http:\/\/ski.inmontanis.info\/d\/183258-3\/DSC09817.jpg \/><\/a><br \/>\n^ Pano. Unten im Tal verl\u00e4uft die Autobahn von Chambery nach Grenoble<\/p>\n<p>In Grenoble im Leclerc eingekauft &#8211; mal wieder 100,- \u20ac weg gewesen, diesmal konnte ich die gek\u00fchlten Fertiggerichte nur durch Entfernungen der Verpackungen in der K\u00fchlbox verstauen&#8230; Zum Abendessen in den Buffalo Grill. Leider wieder viel zu viel gegessen :-)<\/p>\n<p>Auf dem Weg nach Les 2 Alpes noch ein kurzer Abstecher zum Col d&#8217;Ornon, auch dort gibt es ein kleines Skigebiet. Leider schwirrten dann am Parkplatz des Haupt-KSSL ungef\u00e4hr hundert Fliegen um mein Auto und insb. meine T\u00fcr, weshalb ich so gar keine Lust hatte, auszusteigen &#8211; und weiter ging&#8217;s zum Lautaret bzw. Galibier, wo \u00fcbrigens der Tunnel gesperrt war. \u00dcbernachtet hab ich dann am Lautaret, as usual.<\/p>\n<p><a href='http:\/\/ski.inmontanis.info\/d\/183265-2\/DSC09820.jpg'><img src=http:\/\/ski.inmontanis.info\/d\/183263-3\/DSC09820.jpg \/><\/a><br \/>\n^ Auffahrt zum Col d&#8217;Ornon von Bourg-d&#8217;Oisans aus<\/p>\n<p><a href='http:\/\/ski.inmontanis.info\/d\/183269-2\/DSC09823.jpg'><img src=http:\/\/ski.inmontanis.info\/d\/183268-3\/DSC09823.jpg \/><\/a><br \/>\n^ Pistenplan; das Skigebiet ist zweigeteilt und unverbunden, links der Hauptlift, der lt. GE aber nur bis 1875m geht, wobei man in GE so etwas wie eine modellierte Liftschneise bis rauf auf 2100m sehen w\u00fcrde &#8211; evtl. fr\u00fcher mal oder unvollendeter 2. KSSL..<\/p>\n<p><a href='http:\/\/ski.inmontanis.info\/d\/183273-2\/DSC09822.jpg'><img src=http:\/\/ski.inmontanis.info\/d\/183272-3\/DSC09822.jpg \/><\/a><br \/>\n^ Skigebiet direkt an der Col d&#8217;Ornon-Passstra\u00dfe, hier der untere Teil mit den \u00dcbungsliften<\/p>\n<p><a href='http:\/\/ski.inmontanis.info\/d\/183277-2\/DSC09826.jpg'><img src=http:\/\/ski.inmontanis.info\/d\/183276-3\/DSC09826.jpg \/><\/a><br \/>\n^ Linker Skigebietsteil, hinten der lange KSSL, vorne ein kurzer \u00dcbungslift<\/p>\n<p><a href='http:\/\/ski.inmontanis.info\/d\/183281-2\/DSC09825.jpg'><img src=http:\/\/ski.inmontanis.info\/d\/183280-3\/DSC09825.jpg \/><\/a><br \/>\n^ Vorne der \u00dcbungslift<\/p>\n<p><a href='http:\/\/ski.inmontanis.info\/d\/183285-2\/DSC09827.jpg'><img src=http:\/\/ski.inmontanis.info\/d\/183284-3\/DSC09827.jpg \/><\/a><br \/>\n^ .. der wohl mal vom KSSL zu einem SSL oder SL umgebaut wurde.<\/p>\n<p><a href='http:\/\/extra.inmontanis.info\/d\/20961-2\/DSC09830.jpg'><img src=http:\/\/extra.inmontanis.info\/d\/20960-3\/DSC09830.jpg \/><\/a><br \/>\n^ Nordpano am Galibier. Tunnel war heute Nacht gesperrt, daher bin ich nordseitig gar nicht runtergefahren ;-)<\/p>\n<p>(Fortsetzung folgt.)<\/p>\n","protected":false},"excerpt":{"rendered":"<p>Nachdem der Wetterbericht f\u00fcr&#8217;s WE so sonnig gemeldet hatte, aber weder von den ge\u00f6ffneten Skigebieten noch von der Arbeit her f\u00fcr ein verl\u00e4ngertes WE gereicht h\u00e4tte, ging es eben nur f\u00fcr 2 Tage nach Frankreich.<\/p>\n<p>Cervinia macht ja erst n\u00e4chste Woche auf, Alpe d&#8217;Huez erst \u00fcbern\u00e4chste und Tignes hat auch erst ab \u00fcbern\u00e4chster Woche Vollbetrieb. <a href=\"http:\/\/blog.inmontanis.info\/?p=2763\">[&#8230;]<\/a><\/p>\n","protected":false},"author":1,"featured_media":0,"comment_status":"open","ping_status":"closed","sticky":false,"template":"","format":"standard","meta":{"footnotes":""},"categories":[16,28,341,81],"tags":[49,48],"class_list":["post-2763","post","type-post","status-publish","format-standard","hentry","category-france","category-skifahren-sommer","category-val-disere","category-kurztrips","tag-4sb","tag-kssl","odd"],"_links":{"self":[{"href":"http:\/\/blog.inmontanis.info\/index.php?rest_route=\/wp\/v2\/posts\/2763","targetHints":{"allow":["GET"]}}],"collection":[{"href":"http:\/\/blog.inmontanis.info\/index.php?rest_route=\/wp\/v2\/posts"}],"about":[{"href":"http:\/\/blog.inmontanis.info\/index.php?rest_route=\/wp\/v2\/types\/post"}],"author":[{"embeddable":true,"href":"http:\/\/blog.inmontanis.info\/index.php?rest_route=\/wp\/v2\/users\/1"}],"replies":[{"embeddable":true,"href":"http:\/\/blog.inmontanis.info\/index.php?rest_route=%2Fwp%2Fv2%2Fcomments&post=2763"}],"version-history":[{"count":1,"href":"http:\/\/blog.inmontanis.info\/index.php?rest_route=\/wp\/v2\/posts\/2763\/revisions"}],"predecessor-version":[{"id":2764,"href":"http:\/\/blog.inmontanis.info\/index.php?rest_route=\/wp\/v2\/posts\/2763\/revisions\/2764"}],"wp:attachment":[{"href":"http:\/\/blog.inmontanis.info\/index.php?rest_route=%2Fwp%2Fv2%2Fmedia&parent=2763"}],"wp:term":[{"taxonomy":"category","embeddable":true,"href":"http:\/\/blog.inmontanis.info\/index.php?rest_route=%2Fwp%2Fv2%2Fcategories&post=2763"},{"taxonomy":"post_tag","embeddable":true,"href":"http:\/\/blog.inmontanis.info\/index.php?rest_route=%2Fwp%2Fv2%2Ftags&post=2763"}],"curies":[{"name":"wp","href":"https:\/\/api.w.org\/{rel}","templated":true}]}}