{"id":2761,"date":"2014-06-19T23:12:23","date_gmt":"2014-06-19T21:12:23","guid":{"rendered":"http:\/\/blog.inmontanis.info\/?p=2761"},"modified":"2023-08-03T22:02:04","modified_gmt":"2023-08-03T20:02:04","slug":"fedaiamarmolada-19-6-2014-sommerski-korblift-fundamente","status":"publish","type":"post","link":"http:\/\/blog.inmontanis.info\/?p=2761","title":{"rendered":"Fedaia\/Marmolada, 19.6.2014: Sommerski, Korblift + Fundamente"},"content":{"rendered":"<p>Wie kam es nun dazu, dass ich am 19.6.2014 zum dritten Mal in diesem Juni zum Fedaiapass und seinem Korblift fuhr?<\/p>\n<p>Nun, ein Grund ist nat\u00fcrlich die drohende Schlie\u00dfung. Ein anderer Grund die Tatsache, hier Mitte Juni noch Skifahren zu k\u00f6nnen. Ein dritter, dass ich einen Mitfahrer hatte &#8211; allein w\u00e4re ich vmtl. nicht noch mal her.<\/p>\n<p>&#8212;<\/p>\n<p>Mein letzter Besuch ist noch keine 2 Wochen her. Pfingstsonntag war ich mit Kaliningrad hier. Wenige Tage sp\u00e4ter postet er auf <a href='http:\/\/www.sommerschi.com\/forum\/wintersport-infrastruktur-f9\/marmolada-wintersportarchaeologie-t3161.html'>sommerschi.com<\/a> haufenweise alte Fotos und Postkarten von der Marmolada. Bei einem entdeckte ich eine Ungereimtheit: Eine dritte, bisher unbekannte Talstation. Kaliningrad entdeckt diese auch auf einem anderen, alten Foto auf Kris&#8217; Website. Dazu die so neu aussehenden Rundrohrfundamente &#8211; nun ist es fix: Es gibt neben der Agudio-6EUB noch einen weiteren, nie fertig gebauten Lift!<\/p>\n<p>Im italienischen Funiforum geht man der Sache nach und findet schnell eine L\u00f6sung bzw. die Trassierung. Aber noch blieben viele Fragen offen&#8230;<\/p>\n<p>Foto mit dem Korblift und links die aufgest\u00e4nderte Talstation des unvollendeten dritten Lifts:<br \/>\n<a href='http:\/\/www.retrofutur.org\/retrofutur\/app\/main?DOCID=100005594&#038;blobIndex=image_orig&#038;max'>http:\/\/www.retrofutur.org\/retrofutur\/app\/main?DOCID=100005594&#038;blobIndex=image_orig&#038;max<\/a><\/p>\n<p>&#8212;<\/p>\n<p>Einige Tage nach meinem Besuch erhielt ich im Alpinforum eine Mail, ob ich nicht Lust h\u00e4tte, am letzten Juni-WE nochmal zum Fedaia zu fahren. Nun, in Kombination mit Cortina, falls die aufsperren, warum nicht. Bei der Gelegenheit sah ich mir die Webcams an &#8211; ui, da ist viel abgetaut in der einen Woche, die ja extrem hei\u00df war. Aber momentan sollte es noch gehen. Und am Donnerstag ist ja Feiertag&#8230;<\/p>\n<p>&#8212;<\/p>\n<p>Ich schreib Kris via Skype an, dass ich mir vorstellen k\u00f6nnte, am Donnerstag nochmal Fedaia zu fahren. Am Tag vorher bekomm ich endlich eine Antwort von einem \u00fcberraschten Kris. Wie, Feiertag?! Morgen?!<\/p>\n<p>Wir vereinbarten eine Zeit &#8211; um 6:30 Uhr sollte es am n\u00e4chsten Tag losgehen. Es sollte das erste Mal werden, dass wir uns tats\u00e4chlich treffen und etwas gemeinsam unternehmen. <\/p>\n<p>&#8212;<\/p>\n<p>19.6.2014<\/p>\n<p>Diesmal fuhr ich wieder die \u00fcbliche, schnellste Strecke, \u00fcber&#8217;s Sellajoch, wo ich &#8211; wieder einmal &#8211; von einer falschen Wettervorhersage \u00fcberrempelt wurde. Anstatt vormittags sehr sonnig &#8211; war es sehr bew\u00f6lkt. Zum Gl\u00fcck war es warm genug, dass der Schnee morgens nicht gefroren war. Und zum Gl\u00fcck war es k\u00e4lter als Pfingsten, so dass es nicht ganz so pappig war.<\/p>\n<p>Der &#8220;Eierkartonschnee&#8221; war aber teils noch extremer, noch tiefere L\u00f6cher und je flacher die H\u00e4nge, desto nerviger. Aber was soll&#8217;s, es ist halt Mitte Juni. \u00dcberrascht war ich, dass im unteren Hang zwischen der Abfahrt und dem Korblift keine durchg\u00e4ngig fahrbare Schneerinne mehr vorhanden war. H\u00e4tte erwartet, dass es hier eher gehen w\u00fcrde als auf der Abfahrt. Stattdessen war es &#8211; mit einem kurzen Abschnaller &#8211; tats\u00e4chlich die normale Abfahrt, die man bis zum oberen Parkplatz noch abfahren konnte. Danach ein kurzer Fu\u00dfweg zur Korbliftalstation, der nicht wirklich gest\u00f6rt hatte.<\/p>\n<p>Tageskarten gab es nun offiziell nicht mehr, die Einzelfahrt kostete 6,- \u20ac, 10er Karten waren wie die Tageskarten irgendwo verstaut und nicht mehr auffindbar. Oben angekommen sprach uns der Betriebsleiter an und organisierte doch noch die Tageskarten zum gewohten Preis von 23,- \u20ac. Da aber ja die Bl\u00f6cke nicht auffindbar waren &#8211; erhielten wir die Tageskarte in Form einer Hin &#038; Retourfahrkarte mit handschriftlich erg\u00e4nzdem &#8220;Gior&#8221; und zahlten den Aufpreis zur vorherigen Einzelfahrt :-) So &#8216;was geht halt auch nur an unindustrialisierten Einzelliften.<\/p>\n<p>In den ca. 10 Stunden, die wir hier waren, sind wir lediglich 5 (bzw. ich 6) Abfahrten gefahren. Was war geschehen? Lag es am Schnee? Nein, wir hatten es nicht eilig. Und Kris noch weniger &#8211; ihm ging es ja nicht nur um&#8217;s Skifahren, sondern auch darum, m\u00f6glichst viele Leute nach der Geschichte der Lifte zu fragen, den Korblift und die alten Fundamente zu fotografieren. <\/p>\n<p>Wenn ich mir das so halbwegs richtig gemerkt hab, was er mir immer mal wieder \u00fcbersetzend erz\u00e4hlt hatte (er wird das sicherlich noch detaillierter niederschreiben, falls er es noch nicht gemacht hat):<\/p>\n<p>&#8211; Bau des omin\u00f6sen, unvollendeten 3. Lifts (vmtl. eine DSB) 1972<br \/>\n&#8211; Talstation war neben des jetzt vorhandenen Restaurants an der Talabfahrt<br \/>\n&#8211; das Bombenattentat war auf die Talstation des 3. Lifts von irgendwelchen Gegnern (obwohl die Talstation auf dem oben verlinkten Bild von nach dem Korbliftbau ja nicht zerst\u00f6rt ausschaut?!)<br \/>\n&#8211; evtl. war die DSB-Strecke nicht genehmigt oder wg. Lawinengefahr (gab ja immer wieder welche in dem Bereich, eine hat ja die Bergstation des ESL#1 zerlegt, weshalb diese ge\u00e4ndert wurde) nicht weiter bauen d\u00fcrfen<br \/>\n&#8211; beide ESL (Generation 1+2) waren vmtl. nie gleichzeitig in Betrieb, ESL#2 war als Ersatz f\u00fcr ESL#1 geplant &#8211; auch wenn man sie auf alten Fotos lange Zeit nebeneinander sieht<br \/>\n&#8211; die Bergstation des Sommerski-SL (ca. 700-800m L\u00e4nge, 10 Sommerskilehrer) stand ca. 80m hinter der Grenze (Belluno, heutzutage verl\u00e4uft die Grenze am Grat) -> musste in den 70ern gesprengt werden<br \/>\n&#8211; unvollendete Agudio-6EUB Bau 1985 (Pininfarina-Gondel wurde bereits ausgestellt). Grund f\u00fcr die Einstellung des Baus noch ungewiss<br \/>\n&#8211; Alle gebauten und unvollendeten Lifte wurden direkt von Graffer gebaut; der erste ESL hier war ja auch gleichzeitig der erste von Graffer<\/p>\n<p>Nachdem wir f\u00fcr 2 Runden mehr als 2 Stunden ben\u00f6tigt hatten und ich die dritte Runde alleine machte, w\u00e4hrend Kris einen ehemaligen Sommerskilehrer und jetzigen Wirts interviewte, kehrten wir am fr\u00fchen Nachmittag oben zum Mittagessen ein &#8211; netterweise gab es gebratene Polenta mit Salsiccia. Zuvor bekamen wir allerdings noch eine Technikf\u00fchrung an der Bergstation. Man m\u00fcsste ja meinen, die Liftler w\u00e4ren genervt, wenn man sie stundenlang ausfragen w\u00fcrde &#8211; aber Kris schafft es, dass sie einem alle T\u00fcren \u00f6ffnen.<\/p>\n<p>Nicht gefunden haben wir \u00fcbrigens Fundamente des ersten ESL. Stattdessen sind uns aber Schrauben in den Felsen aufgefallen. Da man bei einigen Fotos des alten Lifts ja sieht, dass die St\u00fctzen wie Gletscherst\u00fctzen mit Seilen in verschiedenen Richtungen abgespannt sind, k\u00f6nnte es gut sein, dass man damals gar keine richtigen Fundamente hatte&#8230;<\/p>\n<p>Als letzte Abfahrt entschieden wir uns schlie\u00dflich f\u00fcr die Au\u00dfenrumvariante, die ich mich aufgrund des krassen Retourwegs (steiler Abhang) bisher nie fahren traute und auf der es nicht nur eine kritische Stelle geben sollte &#8211; mehr dazu sp\u00e4ter bei den Bildern.<\/p>\n<p>Wieder an der Talstation angekommen, war es inzwischen 17:20 Uhr und der Liftbetrieb eingestellt. Doch es sollte sich herausstellen, dass es abermals Gl\u00fcck war, so sp\u00e4t dran zu sein. Einige Fotos sp\u00e4ter kamen pl\u00f6tzlich die Liftbediensteten &#8211; auch die sind mit Skiern abgefahren. Wo man andernorts Mitte Juni nur Kopfsch\u00fctteln erntet auf die Frage, ob man denn noch Skifahren d\u00fcrfe, wird es hier von den Liftlern selbst praktiziert! Kein Wunder also, dass man hier als Skifahrer nicht schief angeschaut wird. Im Gegenteil, man w\u00fcrde sich eine Mittelstation w\u00fcnschen, dann k\u00f6nnte man noch jetzt Mitte Juni eine Abfahrt \u00f6ffnen und G\u00e4ste anlocken.<\/p>\n<p>Nun, was dann folgt, war die logischer Konsequenz des Tages &#8211; weitere Technikf\u00fchrungen, alte, ausgemusterte Klemmen, die wir mitnehmen durften (ich verzichtete) und weitere einmalige Gelegenheiten, die wir uns nicht entgehen lie\u00dfen &#8211; die ich hier aber leider verschweigen muss ;-)<\/p>\n<p>Noch ein weiterer Besuch in einer der Bars am Staudamm, die lawinenzerst\u00f6rte Br\u00fccke, viele Fotos, Abendessen in einer Pizzeria unten im Tal &#8211; und so kamen wir erst um 23:30 Uhr endlich wieder in Innsbruck an&#8230;<\/p>\n<p>(Fotos anklicken zum Vergr\u00f6\u00dfern; ich hab auch einige wenige Fotos von Kris erg\u00e4nzt, die von meiner Seite aus fehlten und die ich einbauen wollte. Er wird an anderer Stelle vmtl. weitere Bilder online stellen. In Summe sind es nun \u00fcber 90 Fotos.)<\/p>\n<p><a href='http:\/\/ski.inmontanis.info\/d\/182781-2\/ge20140619a.jpg'><img src=http:\/\/ski.inmontanis.info\/d\/182780-3\/ge20140619a.jpg \/><\/a><br \/>\n^ GPS-Track,<br \/>\nwei\u00df: 1.+8.6.2014<br \/>\ngelb: 19.6.2014<br \/>\nblau: ESL Generation 1 (1946)<br \/>\nt\u00fcrkis: ESL Generation 2 (1963?)<br \/>\nrot: Generation 3, vmtl. DSB, unvollendet (vmtl. 1972)<br \/>\n(gelb: aktueller Korblift, 1974)<br \/>\nmagenta: Agudio-6EUB, unvollendet (1985)<\/p>\n<p><a href='http:\/\/ski.inmontanis.info\/d\/182785-2\/DSC09473.jpg'><img src=http:\/\/ski.inmontanis.info\/d\/182784-3\/DSC09473.jpg \/><\/a><br \/>\n^ Standardbild vom Sellajoch  nach Canazei \/ Belvedere \/ Marmolada (dort aber dichtere Wolken als gemeldet)<\/p>\n<p><a href='http:\/\/ski.inmontanis.info\/d\/182789-2\/OMDX0043.jpg'><img src=http:\/\/ski.inmontanis.info\/d\/182788-3\/OMDX0043.jpg \/><\/a><br \/>\n^ Blick zum rechten Hang &#8211; da k\u00f6nnt&#8217;s noch gehen + Retourweg scheint gut frei zu sein (Foto von Kris)<\/p>\n<p><a href='http:\/\/ski.inmontanis.info\/d\/182793-2\/DSC09475.jpg'><img src=http:\/\/ski.inmontanis.info\/d\/182792-3\/DSC09475.jpg \/><\/a><br \/>\n^ H\u00e4nge zwischen DSB und Korblift. Abfahrt zum See runter nicht mehr vern\u00fcnftig machbar. Auf der Korblift-Abfahrt sieht man die Schneeb\u00e4nder am Rand<\/p>\n<p><a href='http:\/\/ski.inmontanis.info\/d\/182797-2\/DSC09478.jpg'><img src=http:\/\/ski.inmontanis.info\/d\/182796-3\/DSC09478.jpg \/><\/a><br \/>\n^ D\u00fcrfte ca. das unterste Agudio-Fundament sein, weiter unten scheint&#8217;s nur Grabungen gegeben zu haben&#8230;<\/p>\n<p><a href='http:\/\/ski.inmontanis.info\/d\/182801-2\/DSC09480.jpg'><img src=http:\/\/ski.inmontanis.info\/d\/182800-3\/DSC09480.jpg \/><\/a><br \/>\n^ H\u00e4nge zischen Korblift und Abfahrt &#8211; leider keine durchg\u00e4ngige Abfahrt mehr m\u00f6glich, mit 2-3x Abschnallen haben wir aber noch eine Linie gemacht.<\/p>\n<p><a href='http:\/\/ski.inmontanis.info\/d\/182805-2\/DSC09484.jpg'><img src=http:\/\/ski.inmontanis.info\/d\/182804-3\/DSC09484.jpg \/><\/a><br \/>\n^ Mittlerer Steilhang rechts des Korblifts &#8211; hier ging gerade noch eine Line runter, war unsere zweite Abfahrt.<\/p>\n<p><a href='http:\/\/ski.inmontanis.info\/d\/182809-2\/DSC09489.jpg'><img src=http:\/\/ski.inmontanis.info\/d\/182808-3\/DSC09489.jpg \/><\/a><br \/>\n^ Steilhang am Korblift &#8211; 11 Tage vorher sind wir hier noch runtergefahren, wobei der Rand des Agudio-Fundaments bereits aus dem Schnee spitzte. Viel lag damals also auch schon nicht mehr.<\/p>\n<p><a href='http:\/\/ski.inmontanis.info\/d\/182813-2\/DSC09492.jpg'><img src=http:\/\/ski.inmontanis.info\/d\/182812-3\/DSC09492.jpg \/><\/a><br \/>\n^ Oberhalb des Steilhangs liegt noch genug Schnee.<\/p>\n<p><a href='http:\/\/ski.inmontanis.info\/d\/182817-2\/DSC09496.jpg'><img src=http:\/\/ski.inmontanis.info\/d\/182816-3\/DSC09496.jpg \/><\/a><br \/>\n^ Fundamente: Pink unten: Rundrohrfundament der unvollendeten 3. Generation, Pink oben: unvollendete Bergstation der 3. Generation, T\u00fcrkis: Rundrohrst\u00fctzenfundament vmtl. der 2. ESL-Generation<\/p>\n<p>Bei der Gelegenheit noch 2 Fotos vom Sommer von der oberen Station, die, wie ich nun wei\u00df, die Bergstation dieser unvollendeten 3. Generation war:<br \/>\n<a href='http:\/\/ski.inmontanis.info\/d\/119777-3\/DSCF7846.JPG'><img src=http:\/\/ski.inmontanis.info\/d\/119776-4\/DSCF7846.JPG \/><\/a><br \/>\n<a href='http:\/\/ski.inmontanis.info\/d\/119781-3\/DSCF7849.JPG'><img src=http:\/\/ski.inmontanis.info\/d\/119780-4\/DSCF7849.JPG \/><\/a><\/p>\n<p><a href='http:\/\/ski.inmontanis.info\/d\/182821-2\/DSC09497.jpg'><img src=http:\/\/ski.inmontanis.info\/d\/182820-3\/DSC09497.jpg \/><\/a><br \/>\n^ Abfahrt auf der H\u00f6he des mittleren Steilhangs<\/p>\n<p><a href='http:\/\/ski.inmontanis.info\/d\/182825-2\/OMDX0084.jpg'><img src=http:\/\/ski.inmontanis.info\/d\/182824-3\/OMDX0084.jpg \/><\/a><br \/>\n^ Ich auf der Abfahrt am unteren Hang (Foto von Kris)<\/p>\n<p><a href='http:\/\/ski.inmontanis.info\/d\/182829-2\/DSC09498.jpg'><img src=http:\/\/ski.inmontanis.info\/d\/182828-3\/DSC09498.jpg \/><\/a><br \/>\n^ Nach einem kurzen Seitenwechsel (Abschnallen) kann man auf der Abfahrt noch bis runter zum Parkplatz fahren.<\/p>\n<p><a href='http:\/\/ski.inmontanis.info\/d\/182833-2\/DSC09499.jpg'><img src=http:\/\/ski.inmontanis.info\/d\/182832-3\/DSC09499.jpg \/><\/a><br \/>\n^ Von unten sah ich dieses Betonfundament &#8211; das sich dann aber doch nicht als Betonfundament herausstellte &#8211; wird wohl eher von einem Wasserkanal sein.<\/p>\n<p><a href='http:\/\/ski.inmontanis.info\/d\/182837-2\/DSC09500.jpg'><img src=http:\/\/ski.inmontanis.info\/d\/182836-3\/DSC09500.jpg \/><\/a><br \/>\n^ Ziemlich in Bildmitte eines der Portalst\u00fctzenfundamente, vmtl. von der 2. ESL-Generation<\/p>\n<p><a href='http:\/\/ski.inmontanis.info\/d\/182841-2\/DSC09504.jpg'><img src=http:\/\/ski.inmontanis.info\/d\/182840-3\/DSC09504.jpg \/><\/a><br \/>\n^ Der mittlere Steilhang, die rechte Variante. Kris fuhr \u00fcber die kritischen Stellen etwas z\u00fcgiger dr\u00fcber als ich ;-)<\/p>\n<p><a href='http:\/\/ski.inmontanis.info\/d\/182845-2\/DSC09505.jpg'><img src=http:\/\/ski.inmontanis.info\/d\/182844-3\/DSC09505.jpg \/><\/a><br \/>\n^ Blick hinauf<\/p>\n<p><a href='http:\/\/ski.inmontanis.info\/d\/182849-2\/DSC09509.jpg'><img src=http:\/\/ski.inmontanis.info\/d\/182848-3\/DSC09509.jpg \/><\/a><br \/>\n^ Korblift vs. Porta Vescovo<\/p>\n<p><a href='http:\/\/ski.inmontanis.info\/d\/182853-2\/DSC09510.jpg'><img src=http:\/\/ski.inmontanis.info\/d\/182852-3\/DSC09510.jpg \/><\/a><br \/>\n^ Portalst\u00fctzenfundamente, vmtl. 2. ESL-Generation. Die beiden Fundamente machen  den Anschein, als st\u00fcnden sie versetzt &#8211; aber das t\u00e4uscht.<\/p>\n<p><a href='http:\/\/ski.inmontanis.info\/d\/182857-2\/OMDX0118.jpg'><img src=http:\/\/ski.inmontanis.info\/d\/182856-3\/OMDX0118.jpg \/><\/a><br \/>\n^ Portalst\u00fctzenfundamente, vmtl. 2. ESL-Generation und irgendein Seil dazwischen (evtl. die Spannseile der St\u00fctzen der 1. ESL-Generation?) (Foto von Kris)<\/p>\n<p><a href='http:\/\/ski.inmontanis.info\/d\/182861-2\/DSC09512.jpg'><img src=http:\/\/ski.inmontanis.info\/d\/182860-3\/DSC09512.jpg \/><\/a><br \/>\n^ Durch diese Rinne sind wir im unteren Steilhang gefahren<\/p>\n<p><a href='http:\/\/ski.inmontanis.info\/d\/182865-2\/OMDX0141.jpg'><img src=http:\/\/ski.inmontanis.info\/d\/182864-3\/OMDX0141.jpg \/><\/a><br \/>\n^ Durch diese Rinne sind wir im unteren Steilhang gefahren (Foto von Kris)<\/p>\n<p><a href='http:\/\/ski.inmontanis.info\/d\/182869-2\/DSC09515.jpg'><img src=http:\/\/ski.inmontanis.info\/d\/182868-3\/DSC09515.jpg \/><\/a><br \/>\n^ Kris checkt das Rundrohrst\u00fctzenfundament (ESL 2. Generation)<\/p>\n<p><a href='http:\/\/ski.inmontanis.info\/d\/182873-2\/OMDX0133.jpg'><img src=http:\/\/ski.inmontanis.info\/d\/182872-3\/OMDX0133.jpg \/><\/a><br \/>\n^ Rundrohrst\u00fctzenfundament (ESL 2. Generation) (Foto von Kris) (Talstation m\u00fcsste aber etwas rechts der Blickrichtung gestanden sein)<\/p>\n<p><a href='http:\/\/ski.inmontanis.info\/d\/182877-2\/DSC09516.jpg'><img src=http:\/\/ski.inmontanis.info\/d\/182876-3\/DSC09516.jpg \/><\/a><br \/>\n^ Kris checkt das St\u00fctzenfundament der unvollendeten 3. Generation (vmtl. DSB)<\/p>\n<p><a href='http:\/\/ski.inmontanis.info\/d\/182881-2\/DSC09519.jpg'><img src=http:\/\/ski.inmontanis.info\/d\/182880-3\/DSC09519.jpg \/><\/a><br \/>\n^ Zwischen den Schneefeldern muss man kurz abschnallen und \u00fcber Felsen dr\u00fcber &#8211; f\u00fcr mich ohne Tourenskischuhe eine heiklere Angelegenheit<\/p>\n<p><a href='http:\/\/ski.inmontanis.info\/d\/182885-2\/DSC09520.jpg'><img src=http:\/\/ski.inmontanis.info\/d\/182884-3\/DSC09520.jpg \/><\/a><br \/>\n^ Ende der Abfahrt, hier kam man  problemlos runter.<\/p>\n<p><a href='http:\/\/ski.inmontanis.info\/d\/182889-2\/DSC09525.jpg'><img src=http:\/\/ski.inmontanis.info\/d\/182888-3\/DSC09525.jpg \/><\/a><br \/>\n^ Unsere vorherige Abfahrt, vom blauen Punkt kommend zu den beiden rosa markierten Fundamenten<\/p>\n<p><a href='http:\/\/ski.inmontanis.info\/d\/182893-2\/OMDX0163.jpg'><img src=http:\/\/ski.inmontanis.info\/d\/182892-3\/OMDX0163.jpg \/><\/a><br \/>\n^ Portalst\u00fctzenfundamente, vmtl. der 2. ESL-Generation (Foto von Kris)<\/p>\n<p><a href='http:\/\/ski.inmontanis.info\/d\/182897-2\/OMDX0157.jpg'><img src=http:\/\/ski.inmontanis.info\/d\/182896-3\/OMDX0157.jpg \/><\/a><br \/>\n^ Portalst\u00fctzenfundament, vmtl. der 2. ESL-Generation (Foto von Kris)<\/p>\n<p><a href='http:\/\/ski.inmontanis.info\/d\/182901-2\/DSC09535.jpg'><img src=http:\/\/ski.inmontanis.info\/d\/182900-3\/DSC09535.jpg \/><\/a><br \/>\n^ Am mittleren Steilhang gibt es hier ein zerst\u00f6rtes Betonirgendwas, links daneben ein kleines Rundrohrfundament (Beton schaut aber zu neu aus f\u00fcr ein Fundament des 1. ESL?!)<\/p>\n<p><a href='http:\/\/ski.inmontanis.info\/d\/182905-2\/OMDX0277.jpg'><img src=http:\/\/ski.inmontanis.info\/d\/182904-3\/OMDX0277.jpg \/><\/a><br \/>\n^ Ebendort, neben diesem zerst\u00f6rten Betonirgendwas gibt&#8217;s zwei Rundrohrfundamente, vorne ein leerer St\u00fctzenrest, der abgebrochen ausschaut, weiter hinten eine mit Beton gef\u00fcllte und fein abges\u00e4gte Rundrohrst\u00fctze, vmtl. beides der 2. ESL-Gen. (Foto von Kris)<\/p>\n<p><a href='http:\/\/ski.inmontanis.info\/d\/182909-2\/DSC09536.jpg'><img src=http:\/\/ski.inmontanis.info\/d\/182908-3\/DSC09536.jpg \/><\/a><br \/>\n^ Au\u00dferdem gibt&#8217;s in diesem Bereich noch mind. 3 kleine Rundrohrfundamente, in denen Holz drin war &#8211; und die ca. im 90\u00b0-Winkel zu den Liften standen. Keine Ahnung wof\u00fcr &#8230;<\/p>\n<p><a href='http:\/\/ski.inmontanis.info\/d\/182913-2\/DSC09537.jpg'><img src=http:\/\/ski.inmontanis.info\/d\/182912-3\/DSC09537.jpg \/><\/a><br \/>\n^ Der selbige Bereich von unten mit der betongef\u00fcllten, gerade abgeschnitten Rundrohrst\u00fctze &#8211; so es denn eine war. Hinten die St\u00fctze des Stroms ist insofern interessant, da dieser St\u00fctzentypus weder bei der 1. noch bei der 2. ESL-Generation verwendet wurde.<\/p>\n<p><a href='http:\/\/ski.inmontanis.info\/d\/182917-2\/DSC09538.jpg'><img src=http:\/\/ski.inmontanis.info\/d\/182916-3\/DSC09538.jpg \/><\/a><br \/>\n^ Fundamente der unvollendeten 3. Generation, man sieht drei Fundamente, d.h. Trasse in Blickrichtung. Nebenbei eins der wenigen heute gefundene Fundament mit Eisenverstrebungen?!<\/p>\n<p><a href='http:\/\/ski.inmontanis.info\/d\/182921-2\/DSC09540.jpg'><img src=http:\/\/ski.inmontanis.info\/d\/182920-3\/DSC09540.jpg \/><\/a><br \/>\n^ Blick vom Korblift zum mittleren Steilhang, den wir gerade runterfuhren. Je steiler, desto besser geht der Schnee.<\/p>\n<p><a href='http:\/\/ski.inmontanis.info\/d\/182925-2\/DSC09545.jpg'><img src=http:\/\/ski.inmontanis.info\/d\/182924-3\/DSC09545.jpg \/><\/a><br \/>\n^ Bergstation Korblift, wir bekamen eine Technikf\u00fchrung<\/p>\n<p><a href='http:\/\/ski.inmontanis.info\/d\/182929-2\/DSC09548.jpg'><img src=http:\/\/ski.inmontanis.info\/d\/182928-3\/DSC09548.jpg \/><\/a><br \/>\n^ Antriebstechnik, wurde mitte der 80er installiert.<\/p>\n<p><a href='http:\/\/ski.inmontanis.info\/d\/182933-2\/DSC09551.jpg'><img src=http:\/\/ski.inmontanis.info\/d\/182932-3\/DSC09551.jpg \/><\/a><br \/>\n^ Oben im Antrieb<\/p>\n<p><a href='http:\/\/ski.inmontanis.info\/d\/182937-2\/DSC09557.jpg'><img src=http:\/\/ski.inmontanis.info\/d\/182936-3\/DSC09557.jpg \/><\/a><br \/>\n^ Blick zum Korblift vom Obergeschoss aus<\/p>\n<p><a href='http:\/\/ski.inmontanis.info\/d\/182941-2\/DSC09562.jpg'><img src=http:\/\/ski.inmontanis.info\/d\/182940-3\/DSC09562.jpg \/><\/a><br \/>\n^ Antriebsraum<\/p>\n<p><a href='http:\/\/ski.inmontanis.info\/d\/182945-2\/OMDX0224.jpg'><img src=http:\/\/ski.inmontanis.info\/d\/182944-3\/OMDX0224.jpg \/><\/a><br \/>\n^ Bergstation Korblift, die beiden Rollen vor der Umlenkscheibe sind immer leicht zur Seite umgeknickt, wenn die Klemme an die Seilscheibe kam. (Foto von Kris)<\/p>\n<p><a href='http:\/\/ski.inmontanis.info\/d\/182949-2\/OMDX0236.jpg'><img src=http:\/\/ski.inmontanis.info\/d\/182948-3\/OMDX0236.jpg \/><\/a><br \/>\n^ Steuerpult Bergstation (Foto von Kris)<\/p>\n<p><a href='http:\/\/ski.inmontanis.info\/d\/182953-2\/DSC09579.jpg'><img src=http:\/\/ski.inmontanis.info\/d\/182952-3\/DSC09579.jpg \/><\/a><br \/>\n^ Fundament der unvollendeten 3. Generation. W\u00e4hrend die untersten Fundamente alle sauber kreisrund sind, sind die Fundamente oberhalb und inkl. des mittleren Steilhangs so ausgefranzt. Evtl. standen hier schon St\u00fctzen drin, die dann wieder vorsichtig rausgel\u00f6st wurden, um sie erneut zu verwenden?<\/p>\n<p><a href='http:\/\/ski.inmontanis.info\/d\/182957-2\/OMDX0267.jpg'><img src=http:\/\/ski.inmontanis.info\/d\/182956-3\/OMDX0267.jpg \/><\/a><br \/>\n^ Ich nahe des Fundaments der unvollendeten 3. Generation. Links ein St\u00fcck weiter unten im Felsriegel steht ein Portalst\u00fctzenfundament, vmtl. der 2. Generation (Foto von Kris)<\/p>\n<p><a href='http:\/\/ski.inmontanis.info\/d\/182961-2\/DSC09586.jpg'><img src=http:\/\/ski.inmontanis.info\/d\/182960-3\/DSC09586.jpg \/><\/a><br \/>\n^ Das eben genannte Portalst\u00fctzenfundament, direkt dahinter \u00fcbrigens ein Rundrohrst\u00fctzenfundament<\/p>\n<p><a href='http:\/\/ski.inmontanis.info\/d\/182965-2\/DSC09589.jpg'><img src=http:\/\/ski.inmontanis.info\/d\/182964-3\/DSC09589.jpg \/><\/a><br \/>\n^ Die flacheren H\u00e4nge im Mittelteil waren bei dem unruhigen Schnee am schlechtesten zu fahren.<\/p>\n<p><a href='http:\/\/ski.inmontanis.info\/d\/182969-2\/OMDX0297.jpg'><img src=http:\/\/ski.inmontanis.info\/d\/182968-3\/OMDX0297.jpg \/><\/a><br \/>\n^ Ich auf dem Weg zu den steilsten H\u00e4ngen am Felsen &#8211; dort ist der beste Schnee &#8211; aber auch die meisten Steine. (Foto von Kris)<\/p>\n<p><a href='http:\/\/ski.inmontanis.info\/d\/182973-2\/OMDX0298.jpg'><img src=http:\/\/ski.inmontanis.info\/d\/182972-3\/OMDX0298.jpg \/><\/a><br \/>\n^ Abfahrt an den Steilh\u00e4ngen nahe der Felsen (Foto von Kris)<\/p>\n<p><a href='http:\/\/ski.inmontanis.info\/d\/182977-2\/DSC09600.jpg'><img src=http:\/\/ski.inmontanis.info\/d\/182976-3\/DSC09600.jpg \/><\/a><br \/>\n^ An den Steilh\u00e4ngen gibt&#8217;s weniger Eierkarton ;-)<\/p>\n<p><a href='http:\/\/ski.inmontanis.info\/d\/182981-2\/DSC09611.jpg'><img src=http:\/\/ski.inmontanis.info\/d\/182980-3\/DSC09611.jpg \/><\/a><br \/>\n^ Alternative Tageskarte ;-)<\/p>\n<p><a href='http:\/\/ski.inmontanis.info\/d\/182985-2\/DSC09614.jpg'><img src=http:\/\/ski.inmontanis.info\/d\/182984-3\/DSC09614.jpg \/><\/a><br \/>\n^ An der Bergstation wurden neu gestrichene Handl\u00e4ufe installiert<\/p>\n<p><a href='http:\/\/ski.inmontanis.info\/d\/182989-2\/OMDX0319.jpg'><img src=http:\/\/ski.inmontanis.info\/d\/182988-3\/OMDX0319.jpg \/><\/a><br \/>\n^ Ich beim Filmen der letzten Abfahrt (Foto von Kris)<\/p>\n<p><a href='http:\/\/ski.inmontanis.info\/d\/182993-2\/OMDX0320.jpg'><img src=http:\/\/ski.inmontanis.info\/d\/182992-3\/OMDX0320.jpg \/><\/a><br \/>\n^ Ich beim Filmen der letzten Abfahrt (Foto von Kris)<\/p>\n<p><a href='http:\/\/ski.inmontanis.info\/d\/182997-2\/DSC09618.jpg'><img src=http:\/\/ski.inmontanis.info\/d\/182996-3\/DSC09618.jpg \/><\/a><br \/>\n^ Unsere letzte Abfahrt, die rechte Au\u00dfenrum-Variante &#8211; f\u00fcr mich auch zum ersten Mal, sehr sch\u00f6ne Abfahrt.<\/p>\n<p><a href='http:\/\/ski.inmontanis.info\/d\/183001-2\/DSC09621.jpg'><img src=http:\/\/ski.inmontanis.info\/d\/183000-3\/DSC09621.jpg \/><\/a><br \/>\n^ Rechte Au\u00dfenrumvariante<\/p>\n<p><a href='http:\/\/ski.inmontanis.info\/d\/183005-2\/DSC09623.jpg'><img src=http:\/\/ski.inmontanis.info\/d\/183004-3\/DSC09623.jpg \/><\/a><br \/>\n^ Rechte Au\u00dfenrumvariante, toller Hang hier oben, hier m\u00fcsste ein Lift wieder raufgehen ;-) (Leider mal wieder nicht gecheckt, dass ich Wasserflecken am Objektiv hatte)<\/p>\n<p><a href='http:\/\/ski.inmontanis.info\/d\/183009-2\/OMDX0328.jpg'><img src=http:\/\/ski.inmontanis.info\/d\/183008-3\/OMDX0328.jpg \/><\/a><br \/>\n^ Rechte Au\u00dfenrumvariante; nach dem sch\u00f6nen Hang oben folgt ein Flachst\u00fcck und dann wieder ein etwas steilerer Hang (aber allesamt nicht so steil wie die Steilh\u00e4nge am Korblift) (Foto von Kris)<\/p>\n<p><a href='http:\/\/ski.inmontanis.info\/d\/183013-2\/DSC09632.jpg'><img src=http:\/\/ski.inmontanis.info\/d\/183012-3\/DSC09632.jpg \/><\/a><br \/>\n^ Rechte Au\u00dfenrumvariante; unter uns flie\u00dft Wasser, das gut h\u00f6rbar ist, hier kommt nun ein Loch im Schnee &#8211; vorsichtig, nicht einbrechen.<\/p>\n<p><a href='http:\/\/ski.inmontanis.info\/d\/183017-2\/OMDX0330.jpg'><img src=http:\/\/ski.inmontanis.info\/d\/183016-3\/OMDX0330.jpg \/><\/a><br \/>\n^ Rechte Au\u00dfenrumvariante; hier m\u00fcssen wir das Schneefeld leider wechseln (Foto von Kris)<\/p>\n<p><a href='http:\/\/ski.inmontanis.info\/d\/183021-2\/DSC09635.jpg'><img src=http:\/\/ski.inmontanis.info\/d\/183020-3\/DSC09635.jpg \/><\/a><br \/>\n^ Wechseln des Schneefelds, dankenswerterweise gibt&#8217;s hier etwas Erde, denn auf Felsen w\u00e4re ich mit meinen Skischuhen angestanden.<\/p>\n<p><a href='http:\/\/ski.inmontanis.info\/d\/183025-2\/DSC09634.jpg'><img src=http:\/\/ski.inmontanis.info\/d\/183024-3\/DSC09634.jpg \/><\/a><br \/>\n^ Auf diesem Schneefeld konnten wir dann zum Weg abfahren<\/p>\n<p><a href='http:\/\/ski.inmontanis.info\/d\/183029-2\/DSC09637.jpg'><img src=http:\/\/ski.inmontanis.info\/d\/183028-3\/DSC09637.jpg \/><\/a><br \/>\n^ Ende der rechten Au\u00dfenrumvariante, hier wird das Wasser gesammelt und zum Stausee geleitet, auf dieser Wasserleitung k\u00f6nnen wieder bequem zur\u00fcckqueren &#8211; so war es jedenfalls gedacht&#8230;<\/p>\n<p><a href='http:\/\/ski.inmontanis.info\/d\/183033-2\/OMDX0335.jpg'><img src=http:\/\/ski.inmontanis.info\/d\/183032-3\/OMDX0335.jpg \/><\/a><br \/>\n^ Ende der rechten Au\u00dfenrumvariante, links unser letzter Steilhang; dank der Steilheit gut zu fahren gewesen  (Foto von Kris)<\/p>\n<p><a href='http:\/\/ski.inmontanis.info\/d\/183037-2\/DSC09644.jpg'><img src=http:\/\/ski.inmontanis.info\/d\/183036-3\/DSC09644.jpg \/><\/a><br \/>\n^ Auf dem Wasserweg geht&#8217;s retour. Sah von unten wie eine breite Stra\u00dfe aus &#8211; und dass wir hier noch Schneefelder queren m\u00fcssen, hatten wir auch nicht gesehen&#8230;<\/p>\n<p><a href='http:\/\/ski.inmontanis.info\/d\/183041-2\/OMDX0336.jpg'><img src=http:\/\/ski.inmontanis.info\/d\/183040-3\/OMDX0336.jpg \/><\/a><br \/>\n^ Retourweg rechte Au\u00dfenrumvariante (Foto von Kris)<\/p>\n<p><a href='http:\/\/ski.inmontanis.info\/d\/183045-2\/DSC09645.jpg'><img src=http:\/\/ski.inmontanis.info\/d\/183044-3\/DSC09645.jpg \/><\/a><br \/>\n^ Retourweg rechte Au\u00dfenrumvariante<\/p>\n<p><a href='http:\/\/ski.inmontanis.info\/d\/183049-2\/OMDX0337.jpg'><img src=http:\/\/ski.inmontanis.info\/d\/183048-3\/OMDX0337.jpg \/><\/a><br \/>\n^ Retourweg rechte Au\u00dfenrumvariante, Querung eines ca. 100% steilen Schneefelds. War mir mit angeschnallten Skiern defintiv sicherer als ohne. Denn rechts  gehts lang und steil bergab. (Foto von Kris)<\/p>\n<p><a href='http:\/\/ski.inmontanis.info\/d\/183053-2\/DSC09647.jpg'><img src=http:\/\/ski.inmontanis.info\/d\/183052-3\/DSC09647.jpg \/><\/a><br \/>\n^ Retourweg rechte Au\u00dfenrumvariante, endlich kommt der Stausee in Sicht. In Summe doch ein weiterer Weg als erwartet gewesen.<\/p>\n<p><a href='http:\/\/ski.inmontanis.info\/d\/183057-2\/DSC09652.jpg'><img src=http:\/\/ski.inmontanis.info\/d\/183056-3\/DSC09652.jpg \/><\/a><br \/>\n^ Retourweg rechte Au\u00dfenrumvariante, nix f\u00fcr schwache Nerven, da steiler und weiter Abhang. Wenn noch mehr Schnee liegt und von diesem &#8220;Weg&#8221; nichts mehr zu sehen ist, wird es vmtl. noch krasser sein&#8230;<\/p>\n<p><a href='http:\/\/ski.inmontanis.info\/d\/183061-2\/DSC09653.jpg'><img src=http:\/\/ski.inmontanis.info\/d\/183060-3\/DSC09653.jpg \/><\/a><br \/>\n^ Talblick<\/p>\n<p><a href='http:\/\/ski.inmontanis.info\/d\/183065-2\/DSC09655.jpg'><img src=http:\/\/ski.inmontanis.info\/d\/183064-3\/DSC09655.jpg \/><\/a><br \/>\n^ Stauseemauer aus einer f\u00fcr mich ungew\u00f6hnlichen Perspektive<\/p>\n<p><a href='http:\/\/ski.inmontanis.info\/d\/183069-2\/DSC09657.jpg'><img src=http:\/\/ski.inmontanis.info\/d\/183068-3\/DSC09657.jpg \/><\/a><br \/>\n^ Pl\u00f6tzlich das! Ein verschlossenes Tor mitten auf unserem R\u00fcckweg! Zum Gl\u00fcck so gebaut, dass man auf beiden Seiten rauskommt. Puh.<\/p>\n<p><a href='http:\/\/ski.inmontanis.info\/d\/183073-2\/DSC09660.jpg'><img src=http:\/\/ski.inmontanis.info\/d\/183072-3\/DSC09660.jpg \/><\/a><br \/>\n^ Talstation des Korblifts erreicht &#8211; in Summe sind wir den Weg in gem\u00fctlichen 20 Minuten mit mehreren Stopps gelaufen.<\/p>\n<p><a href='http:\/\/ski.inmontanis.info\/d\/183077-2\/DSC09663.jpg'><img src=http:\/\/ski.inmontanis.info\/d\/183076-3\/DSC09663.jpg \/><\/a><br \/>\n^ Talstation Korblift, heute konnte ich direkt hier oben parken.<\/p>\n<p><a href='http:\/\/ski.inmontanis.info\/d\/183081-2\/DSC09670.jpg'><img src=http:\/\/ski.inmontanis.info\/d\/183080-3\/DSC09670.jpg \/><\/a><br \/>\n^ Graffersche Rollenbatterien; links verbrauchter Gummi, vorne neu.<\/p>\n<p><a href='http:\/\/ski.inmontanis.info\/d\/183085-2\/DSC09672.jpg'><img src=http:\/\/ski.inmontanis.info\/d\/183084-3\/DSC09672.jpg \/><\/a><br \/>\n^ Talstation und Strecke Korblift<\/p>\n<p><a href='http:\/\/ski.inmontanis.info\/d\/183089-2\/DSC09674.jpg'><img src=http:\/\/ski.inmontanis.info\/d\/183088-3\/DSC09674.jpg \/><\/a><br \/>\n^ Talstation \/ Spannturm<\/p>\n<p><a href='http:\/\/ski.inmontanis.info\/d\/183093-2\/DSC09675.jpg'><img src=http:\/\/ski.inmontanis.info\/d\/183092-3\/DSC09675.jpg \/><\/a><br \/>\n^ Abspannung<\/p>\n<p><a href='http:\/\/ski.inmontanis.info\/d\/183097-2\/DSC09678.jpg'><img src=http:\/\/ski.inmontanis.info\/d\/183096-3\/DSC09678.jpg \/><\/a><br \/>\n^ Seilrollen &#8211; Lor\u00fcnser Graffer<\/p>\n<p><a href='http:\/\/ski.inmontanis.info\/d\/183101-2\/DSC09681.jpg'><img src=http:\/\/ski.inmontanis.info\/d\/183100-3\/DSC09681.jpg \/><\/a><br \/>\n^ St\u00fctze 1 mit Jahreszahl 1968 (Geburtsjahr Betriebsleiter, nicht vom Lift ;-) )<\/p>\n<p><a href='http:\/\/ski.inmontanis.info\/d\/183105-2\/DSC09690.jpg'><img src=http:\/\/ski.inmontanis.info\/d\/183104-3\/DSC09690.jpg \/><\/a><br \/>\n^ Ehemalige Graffer-Werbung<\/p>\n<p><a href='http:\/\/ski.inmontanis.info\/d\/183109-2\/DSC09692.jpg'><img src=http:\/\/ski.inmontanis.info\/d\/183108-3\/DSC09692.jpg \/><\/a><br \/>\n^ Die Matten am Einstieg wurden auch \u00f6fters mal verlegt, wie die alten Nummerierungen zeigen&#8230;<\/p>\n<p><a href='http:\/\/ski.inmontanis.info\/d\/183113-2\/DSC09696.jpg'><img src=http:\/\/ski.inmontanis.info\/d\/183112-3\/DSC09696.jpg \/><\/a><br \/>\n^ Steuerung Talstation<\/p>\n<p><a href='http:\/\/ski.inmontanis.info\/d\/183117-2\/DSC09573.jpg'><img src=http:\/\/ski.inmontanis.info\/d\/183116-3\/DSC09573.jpg \/><\/a><br \/>\n^ Altes Foto mit der 2. ESL-Generation, wobei von der 1. Generation noch ein paar St\u00fctzen stehen. Zus\u00e4tzlich sieht man hier noch gro\u00dfe Strommasten, deren Fundamente man ja egtl. auch noch finden m\u00fcsste &#8230; ?!<\/p>\n<p><a href='http:\/\/ski.inmontanis.info\/d\/183121-2\/DSC09574.jpg'><img src=http:\/\/ski.inmontanis.info\/d\/183120-3\/DSC09574.jpg \/><\/a><br \/>\n^ Altes Foto einer der vielen Feld-Seilbahnen aus dem 1. Weltkrieg hier an der Marmolada<\/p>\n<p><a href='http:\/\/ski.inmontanis.info\/d\/183125-2\/DSC09575.jpg'><img src=http:\/\/ski.inmontanis.info\/d\/183124-3\/DSC09575.jpg \/><\/a><br \/>\n^ Altes Foto einer der vielen Feld-Seilbahnen aus dem 1. Weltkrieg hier an der Marmolada<\/p>\n<p><a href='http:\/\/ski.inmontanis.info\/d\/183129-2\/DSC09702.jpg'><img src=http:\/\/ski.inmontanis.info\/d\/183128-3\/DSC09702.jpg \/><\/a><br \/>\n^ Alte Fotos der 1. ESL-Generation, am unteren Bild liegt ja recht viel Ger\u00fcmpel rum &#8230;<\/p>\n<p><a href='http:\/\/ski.inmontanis.info\/d\/183133-2\/DSC09717.jpg'><img src=http:\/\/ski.inmontanis.info\/d\/183132-3\/DSC09717.jpg \/><\/a><br \/>\n^ Links der Korblift, rechts vom Fels unsere letzte Abfahrt, prominent sichtbar der Retourweg auf der Wasserleitung<\/p>\n<p><a href='http:\/\/ski.inmontanis.info\/d\/183137-2\/DSC09729.jpg'><img src=http:\/\/ski.inmontanis.info\/d\/183136-3\/DSC09729.jpg \/><\/a><br \/>\n^ Auf der Stra\u00dfe von Canazei zum Fedaia gibt&#8217;s eine durch eine Lawine zerst\u00f6rte Br\u00fccke (schon l\u00e4nger her) &#8211; aber auch heuer gab&#8217;s in dem Bereich wieder eine, wie man sieht.<\/p>\n<p><a href='http:\/\/ski.inmontanis.info\/d\/183141-2\/DSC09728.jpg'><img src=http:\/\/ski.inmontanis.info\/d\/183140-3\/DSC09728.jpg \/><\/a><br \/>\n^ Durch Lawine zerst\u00f6rte Br\u00fccke, man beachte den Br\u00fcckenteil unten am Boden<\/p>\n<p><a href='http:\/\/ski.inmontanis.info\/d\/183145-2\/DSC09723.jpg'><img src=http:\/\/ski.inmontanis.info\/d\/183144-3\/DSC09723.jpg \/><\/a><br \/>\n^ Blick von den Br\u00fcckenresten hinauf zur Marmolada&#8230;<\/p>\n<p><a href='http:\/\/ski.inmontanis.info\/d\/183149-2\/DSC09739.jpg'><img src=http:\/\/ski.inmontanis.info\/d\/183148-3\/DSC09739.jpg \/><\/a><br \/>\n^ Zoom zum Korblift und unserer letzten Abfahrt, die Rechts-au\u00dfen-Variante<\/p>\n<p><a href='http:\/\/ski.inmontanis.info\/d\/183153-2\/DSC09746.jpg'><img src=http:\/\/ski.inmontanis.info\/d\/183152-3\/DSC09746.jpg \/><\/a><br \/>\n^ Zoom zu unserer letzten Abfahrt. Sch\u00f6n, dass ich diese Rechts-Au\u00dfenrum-Variante nun auch endlich mal gefahren bin.<\/p>\n<p>Und zum Schluss noch das Video: zwei Abfahrten, darunter die Au\u00dfenrumvariante und zum Schluss noch eine kurze Sequenz vom Antrieb:<br \/>\n<object style=\"height: 500px; width: 900px\"><param name=\"movie\" value=\"http:\/\/www.youtube.com\/v\/6wPknBYczT0\"><\/param><param name=\"wmode\" value=\"transparent\"><\/param><embed src=\"http:\/\/www.youtube.com\/v\/6wPknBYczT0\" type=\"application\/x-shockwave-flash\" wmode=\"transparent\"  width=\"900\" height=\"480\"><\/embed><\/object><\/p>\n","protected":false},"excerpt":{"rendered":"<p>Wie kam es nun dazu, dass ich am 19.6.2014 zum dritten Mal in diesem Juni zum Fedaiapass und seinem Korblift fuhr?<\/p>\n<p>Nun, ein Grund ist nat\u00fcrlich die drohende Schlie\u00dfung. Ein anderer Grund die Tatsache, hier Mitte Juni noch Skifahren zu k\u00f6nnen. Ein dritter, dass ich einen Mitfahrer hatte &#8211; allein w\u00e4re ich vmtl. nicht noch <a href=\"http:\/\/blog.inmontanis.info\/?p=2761\">[&#8230;]<\/a><\/p>\n","protected":false},"author":1,"featured_media":0,"comment_status":"open","ping_status":"closed","sticky":false,"template":"","format":"standard","meta":{"footnotes":""},"categories":[24,489,15,59,28,32],"tags":[91,63,78,45],"class_list":["post-2761","post","type-post","status-publish","format-standard","hentry","category-tagestour","category-fedaia-fiacconi","category-italienitaly","category-nostalgie","category-skifahren-sommer","category-lostplaces","tag-graffer","tag-korblift","tag-restschnee","tag-see","odd"],"_links":{"self":[{"href":"http:\/\/blog.inmontanis.info\/index.php?rest_route=\/wp\/v2\/posts\/2761","targetHints":{"allow":["GET"]}}],"collection":[{"href":"http:\/\/blog.inmontanis.info\/index.php?rest_route=\/wp\/v2\/posts"}],"about":[{"href":"http:\/\/blog.inmontanis.info\/index.php?rest_route=\/wp\/v2\/types\/post"}],"author":[{"embeddable":true,"href":"http:\/\/blog.inmontanis.info\/index.php?rest_route=\/wp\/v2\/users\/1"}],"replies":[{"embeddable":true,"href":"http:\/\/blog.inmontanis.info\/index.php?rest_route=%2Fwp%2Fv2%2Fcomments&post=2761"}],"version-history":[{"count":1,"href":"http:\/\/blog.inmontanis.info\/index.php?rest_route=\/wp\/v2\/posts\/2761\/revisions"}],"predecessor-version":[{"id":2762,"href":"http:\/\/blog.inmontanis.info\/index.php?rest_route=\/wp\/v2\/posts\/2761\/revisions\/2762"}],"wp:attachment":[{"href":"http:\/\/blog.inmontanis.info\/index.php?rest_route=%2Fwp%2Fv2%2Fmedia&parent=2761"}],"wp:term":[{"taxonomy":"category","embeddable":true,"href":"http:\/\/blog.inmontanis.info\/index.php?rest_route=%2Fwp%2Fv2%2Fcategories&post=2761"},{"taxonomy":"post_tag","embeddable":true,"href":"http:\/\/blog.inmontanis.info\/index.php?rest_route=%2Fwp%2Fv2%2Ftags&post=2761"}],"curies":[{"name":"wp","href":"https:\/\/api.w.org\/{rel}","templated":true}]}}