{"id":2741,"date":"2014-05-31T19:34:20","date_gmt":"2014-05-31T17:34:20","guid":{"rendered":"http:\/\/blog.inmontanis.info\/?p=2741"},"modified":"2023-08-06T11:03:46","modified_gmt":"2023-08-06T09:03:46","slug":"stubaier-gletscher-31-5-2014","status":"publish","type":"post","link":"http:\/\/blog.inmontanis.info\/?p=2741","title":{"rendered":"Stubaier Gletscher, 31.5.2014"},"content":{"rendered":"<p>Heute morgen kam ich mir nach Frankreich versetzt vor &#8211; haufenweise Rennkiddies und 18 Minuten Wartezeit an der Gamsgartenbahn-Talstation (um 8:10 Uhr. Gut, es waren wohl auch nur 2\/3 der Gondeln in Betrieb) &#8211; das kenn ich vom Sommerschifahren nur aus Frankreich (und vom Stelvio, wobei dort der Altersschnitt h\u00f6her ist).<\/p>\n<p>Oben angekommen sah es noch so aus, als w\u00fcrde der heutige Tag nun das 6. geniale Wochenende in Folge einleiten. Supersonnig, geniale Offpisteverh\u00e4ltnisse (2cm Neuschnee auf griffig-harter, nicht br\u00fcchiger Unterlage). Leider gab es nach 12 Uhr kaum mehr Sonne, sondern tiefe dichte Wolken, die in den oberen Bereichen f\u00fcr neblige Sicht sorgten. Nach Mittag gab&#8217;s Offpiste stellenweise auch etwas br\u00fcchigere Verh\u00e4ltnisse &#8211; und egtl. war&#8217;s mir auch zu kalt, der Fahrtwind (zzgl. etwas Wind aus Nord) eisig. <\/p>\n<p>Die 5 (eigenst\u00e4ndigen) Abfahrten\/Varianten zur Mittelstation waren bis auf die rote Abfahrt vom Gamsgarten (apere Stelle) und das Kanonenrohr (paar gr\u00f6\u00dfere Steine in der Abfahrt) problemlos und werden bis auf die Abfahrt vom Gamsarten auch Pfingsten noch locker gehen. Sind heute auch gen\u00fcgend den ganzen Tag \u00fcber zur Mittelstation runtergefahren. Wenn ich mir \u00fcberleg, dass ich da fr\u00fcher im Mai und Juni fast alleine war&#8230;<\/p>\n<p>Was gibt&#8217;s sonst noch zu sagen:<br \/>\n&#8211; Eisjoch-Steilhang nur noch die linke Variante ausgesteckt\/pr\u00e4&#8230; (nein, das w\u00e4r ungerecht, das im Steilhang &#8220;pr\u00e4pariert&#8221; zu nennen)<br \/>\n&#8211; Rote 17 vom Daunferner zum Gamsgarten offiziell noch offen, aber nicht pr\u00e4pariert, Stecken wurden vormittags eingesammelt<br \/>\n&#8211; Abfahrt an der Murmelebahn war nicht pr\u00e4pariert (da l\u00e4sst man die 6SB extra f\u00fcr die 3 Anf\u00e4nger offen &#8230; K\u00e4se)<br \/>\n&#8211; am Daunferner-SL nur noch eine Abfahrt offiziell offen, rechts nun ganzseitig f\u00fcr Renntraining abgesperrt &#8211; nachmittags und weiter rechts au\u00dfen aber problemlos fahrbar)<br \/>\n&#8211; Gamsgarten-Komplex &#8211; evtl. wg. des verl\u00e4ngerten WE? &#8211; wieder normal offen, inkl. Aufz\u00fcge, inkl. SB-Restaurant. Insofern praktisch, da ich heute 2 Paar Ski dabei hatte, die ich abwechselnd zum Service getan hatte.<br \/>\n&#8211; Skibetrieb nach wie vor bis 15:30 Uhr.<\/p>\n<p>(Fotos anklicken zum Vergr\u00f6\u00dfern.)<\/p>\n<p><a href='http:\/\/ski.inmontanis.info\/d\/182213-2\/DSC09005.jpg'><img src=http:\/\/ski.inmontanis.info\/d\/182212-3\/DSC09005.jpg \/><\/a><br \/>\n^ Mittelstationsabfahrten- in diesem Bereich sind noch alle Varianten m\u00f6glich<\/p>\n<p><a href='http:\/\/ski.inmontanis.info\/d\/182217-2\/DSC09006.jpg'><img src=http:\/\/ski.inmontanis.info\/d\/182216-3\/DSC09006.jpg \/><\/a><br \/>\n^ Die Stra\u00dfe vom Gamsgarten zum Eisgrat wird ger\u00e4umt &#8211; daher in dem Bereich eingeschr\u00e4nkte Offpistem\u00f6glichkeiten (Warum man mit dem ganzen Schnee hier kein Depot macht wie am Pitztaler?!)<\/p>\n<p><a href='http:\/\/ski.inmontanis.info\/d\/182221-2\/DSC09007_001.jpg'><img src=http:\/\/ski.inmontanis.info\/d\/182220-3\/DSC09007_001.jpg \/><\/a><br \/>\n^ Die rote 17 vom Daunferner zum Gamsgarten war heute offiziell noch offen, nicht pr\u00e4pariert, die Stecken im Laufe des Vormittages eingesammelt<\/p>\n<p><a href='http:\/\/ski.inmontanis.info\/d\/182225-2\/DSC09011.jpg'><img src=http:\/\/ski.inmontanis.info\/d\/182224-3\/DSC09011.jpg \/><\/a><br \/>\n^ Rotadl-Varianten, um 9:30 Uhr selbst mit Racecarvern optimal zu fahren<\/p>\n<p><a href='http:\/\/ski.inmontanis.info\/d\/182229-2\/DSC09014.jpg'><img src=http:\/\/ski.inmontanis.info\/d\/182228-3\/DSC09014.jpg \/><\/a><br \/>\n^ SL Daunscharte. Da fahr ich einmal diesen Zieher ins Offpistegel\u00e4nde am Daunferner &#8211; und dann ist hier der schlechteste Schnee des Tages. (Schon am Morgen stellenweise br\u00fcchig, Untergrund tw. vereist)<\/p>\n<p><a href='http:\/\/ski.inmontanis.info\/d\/182233-2\/DSC09021.jpg'><img src=http:\/\/ski.inmontanis.info\/d\/182232-3\/DSC09021.jpg \/><\/a><br \/>\n^ .. immerhin kann man von hier aus den SL Daunferner in kompletter L\u00e4nge ablichten ;-)<\/p>\n<p><a href='http:\/\/ski.inmontanis.info\/d\/182237-2\/DSC09022.jpg'><img src=http:\/\/ski.inmontanis.info\/d\/182236-3\/DSC09022.jpg \/><\/a><br \/>\n^ Ahh, meine einsame Spur, perfekter Schnee. Links SL Daunferner &#8211; nur noch die linke Abfahrt offiziell offen, die rechte ist voll mit Renntraining. Und rechts daneben, dort, wo sonst die Renntrainings sind, fast komplett leer. Muss man auch nicht verstehen.<\/p>\n<p><a href='http:\/\/ski.inmontanis.info\/d\/182241-2\/DSC09023.jpg'><img src=http:\/\/ski.inmontanis.info\/d\/182240-3\/DSC09023.jpg \/><\/a><br \/>\n^ Vermattung am SL Eisjoch. Der sollte doch nach Pfingsten wieder laufen? Komisch.<\/p>\n<p><a href='http:\/\/ski.inmontanis.info\/d\/182245-2\/DSC09026.jpg'><img src=http:\/\/ski.inmontanis.info\/d\/182244-3\/DSC09026.jpg \/><\/a><br \/>\n^ Offpiste zur Mittelstation, auch hier am Vormittag \u00fcberall griffig hart, erst ab Mittag Bruchschnee.<\/p>\n<p><a href='http:\/\/ski.inmontanis.info\/d\/182249-2\/DSC09027.jpg'><img src=http:\/\/ski.inmontanis.info\/d\/182248-3\/DSC09027.jpg \/><\/a><br \/>\n^ Sch\u00f6ne Rinne rechts der roten Mittelstationsabfahrt.<\/p>\n<p><a href='http:\/\/ski.inmontanis.info\/d\/182253-2\/DSC09029.jpg'><img src=http:\/\/ski.inmontanis.info\/d\/182252-3\/DSC09029.jpg \/><\/a><br \/>\n^ Eisgrat-Rotadl<\/p>\n<p><a href='http:\/\/ski.inmontanis.info\/d\/182257-2\/DSC09031.jpg'><img src=http:\/\/ski.inmontanis.info\/d\/182256-3\/DSC09031.jpg \/><\/a><br \/>\n^ Rotadl-Eisgrat-Mittelstation. Die Querung hier oben, wo ich stehe, h\u00e4tte ich schneem\u00e4\u00dfig auch lassen k\u00f6nnen ..<\/p>\n<p><a href='http:\/\/ski.inmontanis.info\/d\/182261-2\/DSC09037.jpg'><img src=http:\/\/ski.inmontanis.info\/d\/182260-3\/DSC09037.jpg \/><\/a><br \/>\n^ Die Abfahrt vom Gamsgarten zur Mittelstation hatte weiter unten schon ein Abschnallst\u00fcck drin.<\/p>\n<p>Fazit: Wer nur pr\u00e4parierte Abfahrten fahren will, sollte besser nach Hintertux fahren. Wer (auch) abseits pr\u00e4parierter Pisten fahren will oder (hin und wieder bremsende) Restschneeabfahrten zur Mittelstation mag, ist am Stubaier richtig.<\/p>\n","protected":false},"excerpt":{"rendered":"<p>Heute morgen kam ich mir nach Frankreich versetzt vor &#8211; haufenweise Rennkiddies und 18 Minuten Wartezeit an der Gamsgartenbahn-Talstation (um 8:10 Uhr. Gut, es waren wohl auch nur 2\/3 der Gondeln in Betrieb) &#8211; das kenn ich vom Sommerschifahren nur aus Frankreich (und vom Stelvio, wobei dort der Altersschnitt h\u00f6her ist).<\/p>\n<p>Oben angekommen sah es <a href=\"http:\/\/blog.inmontanis.info\/?p=2741\">[&#8230;]<\/a><\/p>\n","protected":false},"author":1,"featured_media":0,"comment_status":"open","ping_status":"closed","sticky":false,"template":"","format":"standard","meta":{"footnotes":""},"categories":[25,13,28,895],"tags":[56,57,78,47],"class_list":["post-2741","post","type-post","status-publish","format-standard","hentry","category-noreport","category-austria","category-skifahren-sommer","category-stubaier-gletscher","tag-6sb","tag-8sb","tag-restschnee","tag-sl","odd"],"_links":{"self":[{"href":"http:\/\/blog.inmontanis.info\/index.php?rest_route=\/wp\/v2\/posts\/2741","targetHints":{"allow":["GET"]}}],"collection":[{"href":"http:\/\/blog.inmontanis.info\/index.php?rest_route=\/wp\/v2\/posts"}],"about":[{"href":"http:\/\/blog.inmontanis.info\/index.php?rest_route=\/wp\/v2\/types\/post"}],"author":[{"embeddable":true,"href":"http:\/\/blog.inmontanis.info\/index.php?rest_route=\/wp\/v2\/users\/1"}],"replies":[{"embeddable":true,"href":"http:\/\/blog.inmontanis.info\/index.php?rest_route=%2Fwp%2Fv2%2Fcomments&post=2741"}],"version-history":[{"count":3,"href":"http:\/\/blog.inmontanis.info\/index.php?rest_route=\/wp\/v2\/posts\/2741\/revisions"}],"predecessor-version":[{"id":9234,"href":"http:\/\/blog.inmontanis.info\/index.php?rest_route=\/wp\/v2\/posts\/2741\/revisions\/9234"}],"wp:attachment":[{"href":"http:\/\/blog.inmontanis.info\/index.php?rest_route=%2Fwp%2Fv2%2Fmedia&parent=2741"}],"wp:term":[{"taxonomy":"category","embeddable":true,"href":"http:\/\/blog.inmontanis.info\/index.php?rest_route=%2Fwp%2Fv2%2Fcategories&post=2741"},{"taxonomy":"post_tag","embeddable":true,"href":"http:\/\/blog.inmontanis.info\/index.php?rest_route=%2Fwp%2Fv2%2Ftags&post=2741"}],"curies":[{"name":"wp","href":"https:\/\/api.w.org\/{rel}","templated":true}]}}