{"id":2732,"date":"2014-05-18T20:08:10","date_gmt":"2014-05-18T18:08:10","guid":{"rendered":"http:\/\/blog.inmontanis.info\/?p=2732"},"modified":"2023-08-06T11:03:50","modified_gmt":"2023-08-06T09:03:50","slug":"stubaier-gletscher-18-5-2014","status":"publish","type":"post","link":"http:\/\/blog.inmontanis.info\/?p=2732","title":{"rendered":"Stubaier Gletscher, 18.5.2014"},"content":{"rendered":"<p>Das erste Mal seit 11 Jahren hab ich mir heute eine Tageskarte f\u00fcr den Stubaier Gletscher gekauft &#8211; ansonsten war ich in letzter Zeit nur hier, wenn ich eine Saison- oder Jahreskarte hatte (das waren immerhin in Summe 84 Tage). Aber nachdem ich mich gestern am Kaunertaler so gelangweilt hatte &#8230;<\/p>\n<p>Zum Gl\u00fcck hab ich mir heute nicht den weiten Weg nach Engelberg angetan, denn auch hier war es heute wesentlich sonniger, als gemeldet. Die meiste Zeit \u00fcber war&#8217;s sogar wolkenlos!<\/p>\n<p>Eigentlich hab ich doch schon haufenweise Fotos vom Stubaier, was soll ich da noch gro\u00df fotografieren? Aber wie \u00fcblich hab ich doch wieder einiges Neues entdeckt &#8211; und nat\u00fcrlich ein paar Status-Quo-Fotos dann auch noch gemacht.<\/p>\n<p>Die Mittelstationsabfahrten waren ja bereits allesamt geschlossen, \u00fcber die Qualit\u00e4t der Pistenpr\u00e4parierung rege ich mich am Stubaier schon lange nicht mehr auf (weil&#8217;s einfach keinen Sinn hat, man muss es halt einfach hinnehmen) &#8211; im Gegenzug dazu gab es aber etwas positives zu berichten: Die blaue Mittelstationsabfahrt war pr\u00e4pariert. Nicht f\u00fcr Normalos, sondern f\u00fcr eine Trainingsmannschaft, f\u00fcr die sogar der Fernau-SL angeworfen wurde. Jaja. Aber lt. offiziellen Aussagen der letzten Jahre kann man im Mai die Mittelstationsabfahrt wg. der warmen Temperaturen nicht mehr pr\u00e4parieren&#8230;.<\/p>\n<p>Auch einige der anderen Mittelstationsabfahrten hatten einige brauchbare Pistenraupenspuren. Nichts, f\u00fcr dass man eine \u00d6ffnung rechtfertigen w\u00fcrde, aber f\u00fcr Leute wie mir, die sowieso bis zur Mittelstaion fahren wollen, allemal eine Verbesserung. Entgegen dem \u00d6ffnungsstatus war auch noch die rote Abfahrt vom Daunferner zum Gamsgarten ge\u00f6ffnet und pr\u00e4pariert. <\/p>\n<p>Der Schnee Offpiste war beileibe kein Pulver mehr, stellenweise ging es gut, stellenweise war es weniger gut &#8211; es waren jedenfalls viel unterwegs und nachmittags, wo die br\u00fcchigere Schicht weich wurde, bin ich auch die \u00fcblichen Varianten gefahren.<\/p>\n<p>On- wie Offpiste gab es heute trotz des Neuschnees kaum Papp, nur nachmittags am Steilhang Gai\u00dfkar und im unteren Bereich zur Mittelstation. Wie \u00fcblich die besten Verh\u00e4ltnisse gab es nachmittags an den beiden Trainingspisten am Daunferner-SL.<\/p>\n<p>Weniger positiv fand ich die Entwicklung am Gamsgarten. Dass das SB-Restaurant nicht mehr ge\u00f6ffnet ist, ist mir ja egtl. wurscht, da ich mittags eh nichts esse. Damit einhergehend ist aber auch das komplette Treppenhaus mit den Liften dicht, zum WC muss man au\u00dfenrum (zum 1. Stock) und auch zum Intersport m\u00fcsste man ewig au\u00dfenrum laufen &#8211; letzteres ist f\u00fcr die, die sich einen Ski leihen wollen, nicht gerade vorteilhaft. Aber evtl. baut man den Aufzug oder das Restaurant ja um. Die Aufz\u00fcge haben ja immer wieder gesponnen. Und nachdem man letztes Jahr den Intersport umgebaut hatte&#8230;.?!<\/p>\n<p>Die Lifte sind derzeit nur mehr bis 15:30 Uhr in Betrieb, los war den ganzen Tag \u00fcber genug. SL Gamsgarten wurde mit dem heutigen Tag eingestellt, SL Eisjoch ist ab morgen ebenfalls zu und macht erst am 10.6. wieder (f\u00fcr knapp 1 Monat) auf. Damit einhergehend wird vmtl. auch die Abfahrt links des SL geschlossen werden.<\/p>\n<p>Ansonsten, was die Abfahrm\u00f6glichkeiten auf den geschlossenen Abfahrten und die Offpiste-Varianten angeht, wird man &#8211; bis auf die Abfahrt vom Gamsgarten zur Mittelstation &#8211; alles wie \u00fcblich noch mindestens bis Pfingsten, vmtl. noch l\u00e4nger, fahren k\u00f6nnen. Und das ist das gro\u00dfe Plus am Stubaier gegen\u00fcber den meisten anderen noch ge\u00f6ffneten Gletscherskigebieten.<\/p>\n<p>(Fotos anklicken zum Vergr\u00f6\u00dfern.)<\/p>\n<p><a href='http:\/\/ski.inmontanis.info\/d\/181713-2\/ge20140518b.jpg'><img src=http:\/\/ski.inmontanis.info\/d\/181712-3\/ge20140518b.jpg \/><\/a><br \/>\n^ GPS-Track 18.5.2014 (115 km)<\/p>\n<p><a href='http:\/\/ski.inmontanis.info\/d\/181717-2\/DSC08749.jpg'><img src=http:\/\/ski.inmontanis.info\/d\/181716-3\/DSC08749.jpg \/><\/a><br \/>\n^ Standard-Foto Mittelstation<\/p>\n<p><a href='http:\/\/ski.inmontanis.info\/d\/181721-2\/DSC08752.jpg'><img src=http:\/\/ski.inmontanis.info\/d\/181720-3\/DSC08752.jpg \/><\/a><br \/>\n^ Abfahrt Mittelstation offiziell gesperrt, f\u00fcr eine Trainingsmannschaft wurde sogar der Fernau-SL f\u00fcr wenige Stunden in Betrieb genommen.<\/p>\n<p><a href='http:\/\/ski.inmontanis.info\/d\/181725-2\/DSC08756.jpg'><img src=http:\/\/ski.inmontanis.info\/d\/181724-3\/DSC08756.jpg \/><\/a><br \/>\n^ SL Gai\u00dfkar, mittlerweile ist der Funpark beiderseits so gro\u00df, dass es nur noch eine Abfahrt gibt. Fr\u00fcher waren es mal 3&#8230;. Links im Bild sieht man ein paar, die zur Fernau-KSB aufsteigen, da sind heute einige r\u00fcber.<\/p>\n<p><a href='http:\/\/ski.inmontanis.info\/d\/181729-2\/DSC08757.jpg'><img src=http:\/\/ski.inmontanis.info\/d\/181728-3\/DSC08757.jpg \/><\/a><br \/>\n^ Depotarbeiten an der Abfahrt von der Schaufeljochbahn<\/p>\n<p><a href='http:\/\/ski.inmontanis.info\/d\/181733-2\/DSC08758.jpg'><img src=http:\/\/ski.inmontanis.info\/d\/181732-3\/DSC08758.jpg \/><\/a><br \/>\n^ SL Daunferner\/Daunscharte, hier waren heute auch etliche Fahrer mit breiten Latten offpiste unterwegs. Mir ist die ewige Querung da zu bl\u00f6d, reicht mir schon bis zu den beiden abgesperrten Trainingspisten &#8230;<\/p>\n<p><a href='http:\/\/ski.inmontanis.info\/d\/181737-2\/DSC08759.jpg'><img src=http:\/\/ski.inmontanis.info\/d\/181736-3\/DSC08759.jpg \/><\/a><br \/>\n^ Standard-Foto Eisjoch-Rotadl-KSB (von der Murmelebahn) mit dem vielf\u00e4ltigen Offpiste-Gel\u00e4nde, wo man letztes Jahr noch bis Ende Juni etliches fahren konnte.<\/p>\n<p><a href='http:\/\/ski.inmontanis.info\/d\/181741-2\/DSC08760.jpg'><img src=http:\/\/ski.inmontanis.info\/d\/181740-3\/DSC08760.jpg \/><\/a><br \/>\n^ Abfahrt Gamsgarten-Mittelstation, kulanterweise im oberen Bereich ein paar brauchbare Pistenraupenspuren. Der untere Steilhang dagen war tief aufgefr\u00e4st und hatte auch schon einige Steine.<\/p>\n<p><a href='http:\/\/ski.inmontanis.info\/d\/181745-2\/DSC08762.jpg'><img src=http:\/\/ski.inmontanis.info\/d\/181744-3\/DSC08762.jpg \/><\/a><br \/>\n^ An der Bergstation des SL Eisjoch gibt es (dank Vermattung) mittlerweile ein Plateau auf fast gleicher H\u00f6he zum Joch. Neu auch, dass man nun oberhalb der SL-Bergstation vom Eisjoch zur SL-Piste fahren darf.<\/p>\n<p><a href='http:\/\/ski.inmontanis.info\/d\/181749-2\/DSC08765.jpg'><img src=http:\/\/ski.inmontanis.info\/d\/181748-3\/DSC08765.jpg \/><\/a><br \/>\n^ Aha, das hier wird wohl die neue Eisgrotte. Und damit die noch ein paar Jahre h\u00e4lt, wird sie vmtl. mit dem Schnee tief eingepackt, bis sie irgendwann so unnat\u00fcrlich ausschaut wie die Spalte am Kaunertaler&#8230;?!<\/p>\n<p><a href='http:\/\/ski.inmontanis.info\/d\/181753-2\/DSC08766.jpg'><img src=http:\/\/ski.inmontanis.info\/d\/181752-3\/DSC08766.jpg \/><\/a><br \/>\n^ Unten liegen einige Rest der Gamsgarten-DSB<\/p>\n<p><a href='http:\/\/ski.inmontanis.info\/d\/181757-2\/DSC08767.jpg'><img src=http:\/\/ski.inmontanis.info\/d\/181756-3\/DSC08767.jpg \/><\/a><br \/>\n^ Variante Fernau, kulanterweise pr\u00e4pariert (besser als so manch ge\u00f6ffnete Abfahrt ;) )<\/p>\n<p><a href='http:\/\/ski.inmontanis.info\/d\/181761-2\/DSC08768.jpg'><img src=http:\/\/ski.inmontanis.info\/d\/181760-3\/DSC08768.jpg \/><\/a><br \/>\n^ Fernau-SL und dr\u00fcber die kulanterweise breit pr\u00e4parierte (geschlossene) Abfahrt<\/p>\n<p><a href='http:\/\/ski.inmontanis.info\/d\/181765-2\/DSC08769.jpg'><img src=http:\/\/ski.inmontanis.info\/d\/181764-3\/DSC08769.jpg \/><\/a><br \/>\n^ Nachdem die SL-Trasse so sch\u00f6n pr\u00e4pariert war (die Trainingsmannschaft war schon vor 11 Uhr wieder dahin), musse ich sie nat\u00fcrlich abfahren&#8230;<\/p>\n<p><a href='http:\/\/ski.inmontanis.info\/d\/181769-2\/DSC08772.jpg'><img src=http:\/\/ski.inmontanis.info\/d\/181768-3\/DSC08772.jpg \/><\/a><br \/>\n^ Vom Gipfel der Schaufelspitze sind doch tats\u00e4chlich einige abgefahren &#8230;<\/p>\n<p><a href='http:\/\/ski.inmontanis.info\/d\/181773-2\/DSC08773_001.jpg'><img src=http:\/\/ski.inmontanis.info\/d\/181772-3\/DSC08773_001.jpg \/><\/a><br \/>\n^ Vom Gipfel der Schaufelspitze sind doch tats\u00e4chlich einige abgefahren &#8230; krass!!<\/p>\n<p><a href='http:\/\/ski.inmontanis.info\/d\/181777-2\/DSC08778.jpg'><img src=http:\/\/ski.inmontanis.info\/d\/181776-3\/DSC08778.jpg \/><\/a><br \/>\n^ .. das kann mir jetzt aber keiner sagen, dass das Abrutschen\/Absteigen in diesen Rinnen Spa\u00df machen soll?!<\/p>\n<p><a href='http:\/\/ski.inmontanis.info\/d\/181781-2\/DSC08779.jpg'><img src=http:\/\/ski.inmontanis.info\/d\/181780-3\/DSC08779.jpg \/><\/a><br \/>\n^ An der Murmele-Bahn waren ein paar Anf\u00e4nger unterwegs, die wohl noch nicht mal Pflug k\u00f6nnen &#8211; einer davon fuhr den unteren Teil der Piste einfach geradeaus weiter, ohne zum Sessellift abzubiegen, bis es ihn dank schlechter Pr\u00e4parierung nach vorne aus den Skiern geschleudert hatte :)<\/p>\n<p><a href='http:\/\/ski.inmontanis.info\/d\/181785-2\/DSC08782.jpg'><img src=http:\/\/ski.inmontanis.info\/d\/181784-3\/DSC08782.jpg \/><\/a><br \/>\n^ Nein, ich kam nicht von oben, ich kam von rechts. 14:50 Uhr an den Rotadl-Varianten. Der Schnee war nass und etwas tief, aber weich und lie\u00df sich ganz gut fahren.<\/p>\n<p><a href='http:\/\/ski.inmontanis.info\/d\/181789-2\/DSC08783.jpg'><img src=http:\/\/ski.inmontanis.info\/d\/181788-3\/DSC08783.jpg \/><\/a><br \/>\n^ Rechts des SL Eisjoch, also links im Bild, wurde heute das Loch mit Schneeverschiebungen gef\u00fcllt, da der Einstieg am SL ab 10.6. wie \u00fcblich im Sommer auf der anderen Seite sein wird (den unteren Teil vorm Eisgrat-Haus vermattet man ja bis ca. zur sichtbaren 8EUB-St\u00fctze)<\/p>\n<p><a href='http:\/\/ski.inmontanis.info\/d\/181793-2\/DSC08784.jpg'><img src=http:\/\/ski.inmontanis.info\/d\/181792-3\/DSC08784.jpg \/><\/a><br \/>\n^ An dieser St\u00fctze der Eisjoch-KSB wurde nachmittags ein tiefes Loch gebaggert (leider Cam zu sp\u00e4t rausgeholt), danach anscheinend Holzst\u00e4mme eingelegt (au\u00dfer die waren schon drin) und wieder mit Schnee versch\u00fcttet?!<\/p>\n<p><a href='http:\/\/ski.inmontanis.info\/d\/181797-2\/DSC08785.jpg'><img src=http:\/\/ski.inmontanis.info\/d\/181796-3\/DSC08785.jpg \/><\/a><br \/>\n^ Talblick an den Mittelstationsabfahrten. Auch der Patscherkofel ist nach den Schneef\u00e4llen dieser Woche wieder sch\u00f6n wei\u00df :)<\/p>\n<p>Fazit: Ein genialer Fr\u00fchjahrsskitag am Stubaier und nicht mein letzter heuer. Auch wenn dieses Fr\u00fchjahr bisher wenig Firn zu bieten hatte, es war jetzt das 4. Wochenende in Folge, wo zumindest ein Tag sehr geil war (Nauders\/Madesimo, Val d&#8217;Isere, Livigno, Stubai).<\/p>\n","protected":false},"excerpt":{"rendered":"<p>Das erste Mal seit 11 Jahren hab ich mir heute eine Tageskarte f\u00fcr den Stubaier Gletscher gekauft &#8211; ansonsten war ich in letzter Zeit nur hier, wenn ich eine Saison- oder Jahreskarte hatte (das waren immerhin in Summe 84 Tage). Aber nachdem ich mich gestern am Kaunertaler so gelangweilt hatte &#8230;<\/p>\n<p>Zum Gl\u00fcck hab ich <a href=\"http:\/\/blog.inmontanis.info\/?p=2732\">[&#8230;]<\/a><\/p>\n","protected":false},"author":1,"featured_media":0,"comment_status":"open","ping_status":"closed","sticky":false,"template":"","format":"standard","meta":{"footnotes":""},"categories":[25,13,28,895],"tags":[39,56,47],"class_list":["post-2732","post","type-post","status-publish","format-standard","hentry","category-noreport","category-austria","category-skifahren-sommer","category-stubaier-gletscher","tag-6eub","tag-6sb","tag-sl","odd"],"_links":{"self":[{"href":"http:\/\/blog.inmontanis.info\/index.php?rest_route=\/wp\/v2\/posts\/2732","targetHints":{"allow":["GET"]}}],"collection":[{"href":"http:\/\/blog.inmontanis.info\/index.php?rest_route=\/wp\/v2\/posts"}],"about":[{"href":"http:\/\/blog.inmontanis.info\/index.php?rest_route=\/wp\/v2\/types\/post"}],"author":[{"embeddable":true,"href":"http:\/\/blog.inmontanis.info\/index.php?rest_route=\/wp\/v2\/users\/1"}],"replies":[{"embeddable":true,"href":"http:\/\/blog.inmontanis.info\/index.php?rest_route=%2Fwp%2Fv2%2Fcomments&post=2732"}],"version-history":[{"count":3,"href":"http:\/\/blog.inmontanis.info\/index.php?rest_route=\/wp\/v2\/posts\/2732\/revisions"}],"predecessor-version":[{"id":9235,"href":"http:\/\/blog.inmontanis.info\/index.php?rest_route=\/wp\/v2\/posts\/2732\/revisions\/9235"}],"wp:attachment":[{"href":"http:\/\/blog.inmontanis.info\/index.php?rest_route=%2Fwp%2Fv2%2Fmedia&parent=2732"}],"wp:term":[{"taxonomy":"category","embeddable":true,"href":"http:\/\/blog.inmontanis.info\/index.php?rest_route=%2Fwp%2Fv2%2Fcategories&post=2732"},{"taxonomy":"post_tag","embeddable":true,"href":"http:\/\/blog.inmontanis.info\/index.php?rest_route=%2Fwp%2Fv2%2Ftags&post=2732"}],"curies":[{"name":"wp","href":"https:\/\/api.w.org\/{rel}","templated":true}]}}