{"id":2716,"date":"2014-05-01T19:08:08","date_gmt":"2014-05-01T17:08:08","guid":{"rendered":"http:\/\/blog.inmontanis.info\/?p=2716"},"modified":"2023-08-06T21:01:41","modified_gmt":"2023-08-06T19:01:41","slug":"lawinensprengungen-am-kaunertaler-gletscher-1-5-2014","status":"publish","type":"post","link":"http:\/\/blog.inmontanis.info\/?p=2716","title":{"rendered":"Lawinensprengungen am Kaunertaler Gletscher, 1.5.2014"},"content":{"rendered":"<p>Am 1.5.2014 war ich f\u00fcr einen verk\u00fcrzten Tag am Kaunertaler Gletscher. Hatte gar nicht vor, Fotos zu machen, aber da am Morgen der SL Wei\u00dfseeferner im oberen Bereich noch zu war, weil etliche Lawinen gesprengt wurden, hab ich halt doch ein paar Bilder gemacht:<\/p>\n<p>(Fotos anklicken zum Vergr\u00f6\u00dfern.)<\/p>\n<p><a href='http:\/\/ski.inmontanis.info\/d\/181050-2\/DSC08327.jpg'><img src=http:\/\/ski.inmontanis.info\/d\/181049-3\/DSC08327.jpg \/><\/a><br \/>\n^ Lawinensprengungen &#8211; nicht nur hier am SL Wei\u00dfseeferner.<\/p>\n<p><a href='http:\/\/ski.inmontanis.info\/d\/181054-2\/DSC08329.jpg'><img src=http:\/\/ski.inmontanis.info\/d\/181053-3\/DSC08329.jpg \/><\/a><br \/>\n^ SL N\u00f6rderjoch I &#8211; Funpark &#8211; SL Wei\u00dfseeferner mit Lawinensprengung<\/p>\n<p><a href='http:\/\/ski.inmontanis.info\/d\/181058-2\/DSC08330.jpg'><img src=http:\/\/ski.inmontanis.info\/d\/181057-3\/DSC08330.jpg \/><\/a><br \/>\n^ Lawinensprengung<\/p>\n<p><a href='http:\/\/ski.inmontanis.info\/d\/181062-2\/DSC08332.jpg'><img src=http:\/\/ski.inmontanis.info\/d\/181061-3\/DSC08332.jpg \/><\/a><br \/>\n^ SL N\u00f6rderjoch. Da der obere Trainingshang noch gesperrt war, waren hier die Kurse etwas enger gesteckt&#8230;<\/p>\n<p><a href='http:\/\/ski.inmontanis.info\/d\/181066-2\/DSC08333.jpg'><img src=http:\/\/ski.inmontanis.info\/d\/181065-3\/DSC08333.jpg \/><\/a><br \/>\n^ SL Wei\u00dfseeferner vom SL Falgin mit den gesprengten Lawinen<\/p>\n","protected":false},"excerpt":{"rendered":"<p>Am 1.5.2014 war ich f\u00fcr einen verk\u00fcrzten Tag am Kaunertaler Gletscher. Hatte gar nicht vor, Fotos zu machen, aber da am Morgen der SL Wei\u00dfseeferner im oberen Bereich noch zu war, weil etliche Lawinen gesprengt wurden, hab ich halt doch ein paar Bilder gemacht:<\/p>\n<p>(Fotos anklicken zum Vergr\u00f6\u00dfern.)<\/p>\n<p> ^ Lawinensprengungen &#8211; nicht nur hier <a href=\"http:\/\/blog.inmontanis.info\/?p=2716\">[&#8230;]<\/a><\/p>\n","protected":false},"author":1,"featured_media":0,"comment_status":"open","ping_status":"closed","sticky":false,"template":"","format":"standard","meta":{"footnotes":""},"categories":[905,25,13,27],"tags":[47],"class_list":["post-2716","post","type-post","status-publish","format-standard","hentry","category-kaunertaler-gletscher","category-noreport","category-austria","category-skifahren-winterskiing-winter","tag-sl","odd"],"_links":{"self":[{"href":"http:\/\/blog.inmontanis.info\/index.php?rest_route=\/wp\/v2\/posts\/2716","targetHints":{"allow":["GET"]}}],"collection":[{"href":"http:\/\/blog.inmontanis.info\/index.php?rest_route=\/wp\/v2\/posts"}],"about":[{"href":"http:\/\/blog.inmontanis.info\/index.php?rest_route=\/wp\/v2\/types\/post"}],"author":[{"embeddable":true,"href":"http:\/\/blog.inmontanis.info\/index.php?rest_route=\/wp\/v2\/users\/1"}],"replies":[{"embeddable":true,"href":"http:\/\/blog.inmontanis.info\/index.php?rest_route=%2Fwp%2Fv2%2Fcomments&post=2716"}],"version-history":[{"count":1,"href":"http:\/\/blog.inmontanis.info\/index.php?rest_route=\/wp\/v2\/posts\/2716\/revisions"}],"predecessor-version":[{"id":2717,"href":"http:\/\/blog.inmontanis.info\/index.php?rest_route=\/wp\/v2\/posts\/2716\/revisions\/2717"}],"wp:attachment":[{"href":"http:\/\/blog.inmontanis.info\/index.php?rest_route=%2Fwp%2Fv2%2Fmedia&parent=2716"}],"wp:term":[{"taxonomy":"category","embeddable":true,"href":"http:\/\/blog.inmontanis.info\/index.php?rest_route=%2Fwp%2Fv2%2Fcategories&post=2716"},{"taxonomy":"post_tag","embeddable":true,"href":"http:\/\/blog.inmontanis.info\/index.php?rest_route=%2Fwp%2Fv2%2Ftags&post=2716"}],"curies":[{"name":"wp","href":"https:\/\/api.w.org\/{rel}","templated":true}]}}