{"id":2712,"date":"2014-04-25T21:44:15","date_gmt":"2014-04-25T19:44:15","guid":{"rendered":"http:\/\/blog.inmontanis.info\/?p=2712"},"modified":"2023-08-05T21:51:37","modified_gmt":"2023-08-05T19:51:37","slug":"nauders-25-4-2014","status":"publish","type":"post","link":"http:\/\/blog.inmontanis.info\/?p=2712","title":{"rendered":"Nauders, 25.4.2014"},"content":{"rendered":"<p>Da ich \u00fcber Ostern wetterbedingt nicht weggefahren bin, wollte ich es  wenigstens das WE drauf noch tun. Leider sollte am Sontag das Wetter wieder einmal schlecht werden &#8211; schlie\u00dflich hab ich mich aber doch noch noch f\u00fcr einen Ausflug zumindest f\u00fcr Samstag entschieden, es sollte nach Chiesa oder Madesimo gehen. Auf dem Weg kommt man ja in Nauders vorbei, und da hier am Freitag, 25.4., der letzte Betriebstag war, k\u00f6nnte man sich ja ab 12 Uhr frei nehmen.<\/p>\n<p>Allerdings f\u00e4hrt man von Innsbruck halt doch eine l\u00e4ngere Zeit bis man in Nauders ist und wie bef\u00fcrchtet schlossen die Lifte heute am letzten Tag auch fr\u00fcher. Letzte Talfahrt war mit 16 Uhr angeschrieben, wie ich dann sp\u00e4ter erfragt hab, machten die Lifte oben um 15:45 zu.<\/p>\n<p>In Betrieb war die 6EUB als Zubringer, die obere Sektion der dazu parallelen DSBs, die 8KSB, sowie links davon die beiden SL und die 6KSB. Los war nicht viel, also fast gar nichts. Ganz allein war ich aber doch nicht :)<\/p>\n<p>Schnee war meist recht gut, teilweise der beste Firn dieses firnm\u00e4\u00dfig leider wieder recht verkorksten Fr\u00fchjahrs.<\/p>\n<p>Ein paar geschlossene Abfahrten waren nat\u00fcrlich auch noch fahrbar &#8211; und weil schon um 15:45 geschlossen wurde und ich ja so sp\u00e4t erst da war, bin ich zum Schluss auch noch die Talabfahrt gefahren, trotz etwas l\u00e4ngerem Fu\u00dfwegs durch stinkende Wiesen.<\/p>\n<p>(Fotos anklicken zum Vergr\u00f6\u00dfern)<\/p>\n<p><a href='http:\/\/ski.inmontanis.info\/d\/180854-2\/ge20140425.jpg'><img src=http:\/\/ski.inmontanis.info\/d\/180853-3\/ge20140425.jpg \/><\/a><br \/>\n^ GPS-Track eines verk\u00fcrzten Nachmittags am letzten Betriebstag 25.4.2014<\/p>\n<p><a href='http:\/\/ski.inmontanis.info\/d\/180858-2\/DSC08239.jpg'><img src=http:\/\/ski.inmontanis.info\/d\/180857-3\/DSC08239.jpg \/><\/a><br \/>\n^ An der Tscheyeck-KSB liegt kaum noch Schnee<\/p>\n<p><a href='http:\/\/ski.inmontanis.info\/d\/180862-2\/DSC08241.jpg'><img src=http:\/\/ski.inmontanis.info\/d\/180861-3\/DSC08241.jpg \/><\/a><br \/>\n^ 6KSB Gaisloch, Pisten oben Top, der untere Steilhang nicht mehr so toll.<\/p>\n<p><a href='http:\/\/ski.inmontanis.info\/d\/180866-2\/DSC08242.jpg'><img src=http:\/\/ski.inmontanis.info\/d\/180865-3\/DSC08242.jpg \/><\/a><br \/>\n^ Standard-Talabfahrt bis zur DSB L\u00e4rchenhang II offen, beste Firnverh\u00e4ltnisse hier<\/p>\n<p><a href='http:\/\/ski.inmontanis.info\/d\/180870-2\/DSC08244.jpg'><img src=http:\/\/ski.inmontanis.info\/d\/180869-3\/DSC08244.jpg \/><\/a><br \/>\n^ Leider wurden die KSBs hier mit diesen nervigen Plastikschienen zwischen den Sitzen, sowie den fetten B\u00fcgeln zwischen den Beinen verunstaltet, boah wie ich das beides hasse!!<\/p>\n<p><a href='http:\/\/ski.inmontanis.info\/d\/180874-2\/DSC08245.jpg'><img src=http:\/\/ski.inmontanis.info\/d\/180873-3\/DSC08245.jpg \/><\/a><br \/>\n^ Lt. Plan m\u00fcsste das die Almt\u00e4lerabfahrt sein, kannte ich bisher noch nicht, daher gefahren trotz Sperrung :)<\/p>\n<p><a href='http:\/\/ski.inmontanis.info\/d\/180878-2\/DSC08246.jpg'><img src=http:\/\/ski.inmontanis.info\/d\/180877-3\/DSC08246.jpg \/><\/a><br \/>\n^ Westabfahrt (zur DSB Mittelstation), fr\u00fcher kaum offen, mittlerweile dank Beschneiung sogar besser im Schuss als die Standard-Talabfahrt!<\/p>\n<p><a href='http:\/\/ski.inmontanis.info\/d\/180882-2\/DSC08250.jpg'><img src=http:\/\/ski.inmontanis.info\/d\/180881-3\/DSC08250.jpg \/><\/a><br \/>\n^ Almabfahrt, auch offiziell gesperrt, hatte ein paar Eisplatten. Unten in Verl\u00e4ngerung die Westabfahrt<\/p>\n<p><a href='http:\/\/ski.inmontanis.info\/d\/180886-2\/DSC08252.jpg'><img src=http:\/\/ski.inmontanis.info\/d\/180885-3\/DSC08252.jpg \/><\/a><br \/>\n^ Westabfahrt (zur DSB Mittelstation), war firnm\u00e4\u00dfig auch recht nett heute, aber die andere und Gaisloch waren besser.<\/p>\n<p><a href='http:\/\/ski.inmontanis.info\/d\/180890-2\/DSC08253.jpg'><img src=http:\/\/ski.inmontanis.info\/d\/180889-3\/DSC08253.jpg \/><\/a><br \/>\n^ Standard-Talabfahrt bis zur DSB L\u00e4rchenhang II, rechts die Einm\u00fcndung Westabfahrt, links au\u00dferhalb des Bildes die DSB.<\/p>\n<p><a href='http:\/\/ski.inmontanis.info\/d\/180894-2\/DSC08255.jpg'><img src=http:\/\/ski.inmontanis.info\/d\/180893-3\/DSC08255.jpg \/><\/a><br \/>\n^ Talabfahrt mit etwas Fu\u00dfweg unten, leider frisch geodelt. Irgendwann vor mir muss auch einer runter sein, gab noch eine Spur :)<\/p>\n<p>Danach ging&#8217;s nach Samnaun zum Tanken und \u00fcber den Bernina ins Veltlin, wo ich in einer Pizzeria a\u00df, bevor ich weiter nach Chiesa in Valmalenco fuhr, wo ich in Dunkelheit an der PB ankam. Leider konnte man im Netz nicht entnehmen, was hier noch ge\u00f6ffnet war. Der Aushangzettel an der Kasse brachte Klarheit: Motta, Scerscen und Primavera, Tageskarte 25,-, Betrieb 9-15:30. Das war mir liftm\u00e4\u00dfig dann doch etwas zu eingeschr\u00e4nkt, da zahl ich lieber irgendwann mal Vollpreis und hab das komplette Skigebiet.<\/p>\n<p>Also weiter richtung Madesimo, wo ich irgendwo an einem Parkplatz in einem kleinen Ort ca. eine halbe Stunde vor Madesimo \u00fcbernachtete.<\/p>\n<p><a href='http:\/\/ski.inmontanis.info\/d\/180846-2\/DSC08256.jpg'><img src=http:\/\/ski.inmontanis.info\/d\/180845-3\/DSC08256.jpg \/><\/a><br \/>\n^ Diavolezza-Lagalb<\/p>\n<p><a href='http:\/\/ski.inmontanis.info\/d\/180850-2\/DSC08260.jpg'><img src=http:\/\/ski.inmontanis.info\/d\/180849-3\/DSC08260.jpg \/><\/a><br \/>\n^ Lagalb. Schade, dass die momentan nicht mehr offen ist. Bzw. generell schade, wie kastriert dieser Skigebietsteil ist.<\/p>\n<p>(Fortsetzung folgt.)<\/p>\n","protected":false},"excerpt":{"rendered":"<p>Da ich \u00fcber Ostern wetterbedingt nicht weggefahren bin, wollte ich es wenigstens das WE drauf noch tun. Leider sollte am Sontag das Wetter wieder einmal schlecht werden &#8211; schlie\u00dflich hab ich mich aber doch noch noch f\u00fcr einen Ausflug zumindest f\u00fcr Samstag entschieden, es sollte nach Chiesa oder Madesimo gehen. Auf dem Weg kommt man <a href=\"http:\/\/blog.inmontanis.info\/?p=2712\">[&#8230;]<\/a><\/p>\n","protected":false},"author":1,"featured_media":0,"comment_status":"open","ping_status":"closed","sticky":false,"template":"","format":"standard","meta":{"footnotes":""},"categories":[855,13,14,27,81],"tags":[56,52,78],"class_list":["post-2712","post","type-post","status-publish","format-standard","hentry","category-nauders","category-austria","category-swiss","category-skifahren-winterskiing-winter","category-kurztrips","tag-6sb","tag-pb","tag-restschnee","odd"],"_links":{"self":[{"href":"http:\/\/blog.inmontanis.info\/index.php?rest_route=\/wp\/v2\/posts\/2712","targetHints":{"allow":["GET"]}}],"collection":[{"href":"http:\/\/blog.inmontanis.info\/index.php?rest_route=\/wp\/v2\/posts"}],"about":[{"href":"http:\/\/blog.inmontanis.info\/index.php?rest_route=\/wp\/v2\/types\/post"}],"author":[{"embeddable":true,"href":"http:\/\/blog.inmontanis.info\/index.php?rest_route=\/wp\/v2\/users\/1"}],"replies":[{"embeddable":true,"href":"http:\/\/blog.inmontanis.info\/index.php?rest_route=%2Fwp%2Fv2%2Fcomments&post=2712"}],"version-history":[{"count":1,"href":"http:\/\/blog.inmontanis.info\/index.php?rest_route=\/wp\/v2\/posts\/2712\/revisions"}],"predecessor-version":[{"id":2713,"href":"http:\/\/blog.inmontanis.info\/index.php?rest_route=\/wp\/v2\/posts\/2712\/revisions\/2713"}],"wp:attachment":[{"href":"http:\/\/blog.inmontanis.info\/index.php?rest_route=%2Fwp%2Fv2%2Fmedia&parent=2712"}],"wp:term":[{"taxonomy":"category","embeddable":true,"href":"http:\/\/blog.inmontanis.info\/index.php?rest_route=%2Fwp%2Fv2%2Fcategories&post=2712"},{"taxonomy":"post_tag","embeddable":true,"href":"http:\/\/blog.inmontanis.info\/index.php?rest_route=%2Fwp%2Fv2%2Ftags&post=2712"}],"curies":[{"name":"wp","href":"https:\/\/api.w.org\/{rel}","templated":true}]}}