{"id":2710,"date":"2014-04-21T21:39:09","date_gmt":"2014-04-21T19:39:09","guid":{"rendered":"http:\/\/blog.inmontanis.info\/?p=2710"},"modified":"2023-08-06T20:20:44","modified_gmt":"2023-08-06T18:20:44","slug":"pitztaler-gletscher-hochzeiger-21-23-4-2014","status":"publish","type":"post","link":"http:\/\/blog.inmontanis.info\/?p=2710","title":{"rendered":"Pitztaler Gletscher + Hochzeiger, 21.+23.4.2014"},"content":{"rendered":"<p>2006 wurde der &#8220;Notweg&#8221; am Pitztaler Gletscher gebaut &#8211; der 21.4.2014 sollte es werden, bis ich ihn endlich befahren sollte. Normalerweise bin ich ja maximal im Herbst und um Anfang Mai oben &#8211; und da lag folglich entweder noch kein Schnee oder kein Schnee mehr &#8230;<\/p>\n<p>Leider war das Wetter aus dokumentatorischer Sicht nicht sehr gut. Aber da man sich ja nicht sicher sein kann, dass ich den Weg noch einmal irgendwann runterfahren werde k\u00f6nnen &#8211; schlie\u00dflich gibt es ja meines Wissens nach wie vor Streiterein. Und wenn die Gletscherbr\u00fccke in wenigen Jahren abgeschmolzen ist, wird man ja eine neue Br\u00fccke bauen m\u00fcssen &#8211; und ob die dann wieder genehmigt werden wird &#8230; ;)<\/p>\n<p>Jedenfalls kann ich das ganze, jahrelange Hickhack nicht nachvollziehen. Wie viel Stra\u00dfen wurden und werden in den Bergen gebaut &#8211; und der Notweg am Pitztaler ist noch nicht mal das &#8211; denn \u00f6ffentlichen Verkehr gibt&#8217;s hier nur unmotorisiert, auf Skiern. <\/p>\n<p>Es gibt wenig Pass- bzw. Bergstra\u00dfen, die mit so wenig Eingriff wie hier gebaut werden, der Weg schl\u00e4ngelt sich gekonnt durch die Felslandschaft und von unten sieht man gar nichts. Kein Vergleich noch nicht mal zu den Pistenmodellierungen am benachbarten Rifflsee (Das mich \u00fcbrigens seit dem Ersatz der beiden SL mit 4SB + 6KSB an diesem Tag noch weniger \u00fcberzeugen konnte als fr\u00fcher, einzig die Talabfahrt, die an diesem Tag auf teils schmalen, braunen B\u00e4ndern (nur noch) zur Gletscherbahntalstation ging)!<\/p>\n<p>Landschaftlich nett trassiert, mit 2 kurzen Aufstiegen (vor dem &#8211; gro\u00df versperrten, schmalen &#8211; Eingang und dann nach der Gletscherbr\u00fccke), ansonsten geht&#8217;s flie\u00dfend dahin, au\u00dfer jetzt im Fr\u00fchjahr, da war im Tal am Ende ein St\u00fcck zu schieben.<\/p>\n<p>(Fotos anklicken zum Vergr\u00f6\u00dfern)<\/p>\n<p><a href='http:\/\/ski.inmontanis.info\/d\/179954-2\/DSC08214.jpg'><img src=http:\/\/ski.inmontanis.info\/d\/179953-3\/DSC08214.jpg \/><\/a><br \/>\n^ Notweg, in diesem Bereich nett abzufahren<\/p>\n<p><a href='http:\/\/ski.inmontanis.info\/d\/179958-2\/DSC08215.jpg'><img src=http:\/\/ski.inmontanis.info\/d\/179957-3\/DSC08215.jpg \/><\/a><br \/>\n^ Notweg, Gletscherbr\u00fccke<\/p>\n<p><a href='http:\/\/ski.inmontanis.info\/d\/179962-2\/DSC08218.jpg'><img src=http:\/\/ski.inmontanis.info\/d\/179961-3\/DSC08218.jpg \/><\/a><br \/>\n^ Notweg (Querung in Bildmitte), einige sind auch hier direkt runter<\/p>\n<p><a href='http:\/\/ski.inmontanis.info\/d\/179966-2\/DSC08219.jpg'><img src=http:\/\/ski.inmontanis.info\/d\/179965-3\/DSC08219.jpg \/><\/a><br \/>\n^ Notweg &#8211; hier wird man wohl in wenigen Jahren eine Br\u00fccke bauen m\u00fcssen.. <\/p>\n<p><a href='http:\/\/ski.inmontanis.info\/d\/179970-2\/DSC08220.jpg'><img src=http:\/\/ski.inmontanis.info\/d\/179969-3\/DSC08220.jpg \/><\/a><br \/>\n^ Notweg und Gletscherende<\/p>\n<p><a href='http:\/\/ski.inmontanis.info\/d\/179974-2\/DSC08222.jpg'><img src=http:\/\/ski.inmontanis.info\/d\/179973-3\/DSC08222.jpg \/><\/a><br \/>\n^ Notweg<\/p>\n<p><a href='http:\/\/ski.inmontanis.info\/d\/179978-2\/DSC08223.jpg'><img src=http:\/\/ski.inmontanis.info\/d\/179977-3\/DSC08223.jpg \/><\/a><br \/>\n^ Notweg<\/p>\n<p><a href='http:\/\/ski.inmontanis.info\/d\/179982-2\/DSC08224.jpg'><img src=http:\/\/ski.inmontanis.info\/d\/179981-3\/DSC08224.jpg \/><\/a><br \/>\n^ Notweg<\/p>\n<p><a href='http:\/\/ski.inmontanis.info\/d\/179986-2\/DSC08227.jpg'><img src=http:\/\/ski.inmontanis.info\/d\/179985-3\/DSC08227.jpg \/><\/a><br \/>\n^ Notweg (auch links oben)<\/p>\n<p><a href='http:\/\/ski.inmontanis.info\/d\/179990-2\/DSC08229.jpg'><img src=http:\/\/ski.inmontanis.info\/d\/179989-3\/DSC08229.jpg \/><\/a><br \/>\n^ Notweg (linke Talseite)<\/p>\n<p><a href='http:\/\/ski.inmontanis.info\/d\/179994-2\/DSC08230.jpg'><img src=http:\/\/ski.inmontanis.info\/d\/179993-3\/DSC08230.jpg \/><\/a><br \/>\n^ Notweg  &#8211; einige Serpentinen<\/p>\n<p><a href='http:\/\/ski.inmontanis.info\/d\/179998-2\/DSC08231.jpg'><img src=http:\/\/ski.inmontanis.info\/d\/179997-3\/DSC08231.jpg \/><\/a><br \/>\n^ Notweg, von unten aus kann man sich nur schwer vorstellen, dass man hier runterfahren kann..<\/p>\n<p><a href='http:\/\/ski.inmontanis.info\/d\/180002-2\/DSC08233.jpg'><img src=http:\/\/ski.inmontanis.info\/d\/180001-3\/DSC08233.jpg \/><\/a><br \/>\n^ Notweg R\u00fcckblick<\/p>\n<p><a href='http:\/\/ski.inmontanis.info\/d\/180006-2\/DSC08234.jpg'><img src=http:\/\/ski.inmontanis.info\/d\/180005-3\/DSC08234.jpg \/><\/a><br \/>\n^ Notweg<\/p>\n<p><a href='http:\/\/ski.inmontanis.info\/d\/180010-2\/DSC08235.jpg'><img src=http:\/\/ski.inmontanis.info\/d\/180009-3\/DSC08235.jpg \/><\/a><br \/>\n^ Notweg, Ankunft am Parkplatz.<\/p>\n<p>&#8212;<\/p>\n<p>2 Tage sp\u00e4ter am Hochzeiger:<br \/>\n<a href='http:\/\/ski.inmontanis.info\/d\/180014-2\/DSC08236.jpg'><img src=http:\/\/ski.inmontanis.info\/d\/180013-3\/DSC08236.jpg \/><\/a><br \/>\n^ Talabfahrt ist zwar schon gesperrt, aber einige lassen es sich bei dem bisschen Fu\u00dfweg nat\u00fcrlich nicht nehmen.. Wobei man zwischen drin ein paar mal abschnallen musste.<\/p>\n<p><a href='http:\/\/ski.inmontanis.info\/d\/180018-2\/DSC08238.jpg'><img src=http:\/\/ski.inmontanis.info\/d\/180017-3\/DSC08238.jpg \/><\/a><br \/>\n^ &#8230; allerdings sollte ich mir echt abgew\u00f6hnen, bis zum letzten Fleck zu fahren, die Ski sind dann immer so schmutzig ;)<\/p>\n","protected":false},"excerpt":{"rendered":"<p>2006 wurde der &#8220;Notweg&#8221; am Pitztaler Gletscher gebaut &#8211; der 21.4.2014 sollte es werden, bis ich ihn endlich befahren sollte. Normalerweise bin ich ja maximal im Herbst und um Anfang Mai oben &#8211; und da lag folglich entweder noch kein Schnee oder kein Schnee mehr &#8230;<\/p>\n<p>Leider war das Wetter aus dokumentatorischer Sicht nicht sehr <a href=\"http:\/\/blog.inmontanis.info\/?p=2710\">[&#8230;]<\/a><\/p>\n","protected":false},"author":1,"featured_media":0,"comment_status":"open","ping_status":"closed","sticky":false,"template":"","format":"standard","meta":{"footnotes":""},"categories":[870,25,13,901,27],"tags":[53],"class_list":["post-2710","post","type-post","status-publish","format-standard","hentry","category-hochzeiger","category-noreport","category-austria","category-pitztaler-gletscher","category-skifahren-winterskiing-winter","tag-8eub","odd"],"_links":{"self":[{"href":"http:\/\/blog.inmontanis.info\/index.php?rest_route=\/wp\/v2\/posts\/2710","targetHints":{"allow":["GET"]}}],"collection":[{"href":"http:\/\/blog.inmontanis.info\/index.php?rest_route=\/wp\/v2\/posts"}],"about":[{"href":"http:\/\/blog.inmontanis.info\/index.php?rest_route=\/wp\/v2\/types\/post"}],"author":[{"embeddable":true,"href":"http:\/\/blog.inmontanis.info\/index.php?rest_route=\/wp\/v2\/users\/1"}],"replies":[{"embeddable":true,"href":"http:\/\/blog.inmontanis.info\/index.php?rest_route=%2Fwp%2Fv2%2Fcomments&post=2710"}],"version-history":[{"count":1,"href":"http:\/\/blog.inmontanis.info\/index.php?rest_route=\/wp\/v2\/posts\/2710\/revisions"}],"predecessor-version":[{"id":2711,"href":"http:\/\/blog.inmontanis.info\/index.php?rest_route=\/wp\/v2\/posts\/2710\/revisions\/2711"}],"wp:attachment":[{"href":"http:\/\/blog.inmontanis.info\/index.php?rest_route=%2Fwp%2Fv2%2Fmedia&parent=2710"}],"wp:term":[{"taxonomy":"category","embeddable":true,"href":"http:\/\/blog.inmontanis.info\/index.php?rest_route=%2Fwp%2Fv2%2Fcategories&post=2710"},{"taxonomy":"post_tag","embeddable":true,"href":"http:\/\/blog.inmontanis.info\/index.php?rest_route=%2Fwp%2Fv2%2Ftags&post=2710"}],"curies":[{"name":"wp","href":"https:\/\/api.w.org\/{rel}","templated":true}]}}