{"id":2702,"date":"2014-04-19T23:56:58","date_gmt":"2014-04-19T21:56:58","guid":{"rendered":"http:\/\/blog.inmontanis.info\/?p=2702"},"modified":"2023-08-06T20:11:13","modified_gmt":"2023-08-06T18:11:13","slug":"serfaus-fiss-ladis-5-4-6-4-12-4-19-4","status":"publish","type":"post","link":"http:\/\/blog.inmontanis.info\/?p=2702","title":{"rendered":"Serfaus-Fiss-Ladis, 5.4., 6.4., 12.4., 19.4.2014"},"content":{"rendered":"<p><strong>5.4.2014<\/strong><br \/>\n<!--more--><br \/>\n<a href='http:\/\/ski.inmontanis.info\/d\/177932-2\/ge20140405.jpg'><img src=http:\/\/ski.inmontanis.info\/d\/177931-3\/ge20140405.jpg \/><\/a><br \/>\n^ GPS-Track<br \/>\n124 km (gesamt), (2x) 13.900 hm<br \/>\nGeschlossene, aber gefahrene Pisten:<br \/>\n&#8211; Tschein (super!)<br \/>\n&#8211; Zwischenholz (tw. gut, tw. etwas schmal) -> Langwiese (tw. Pistenraupenm\u00e4\u00dfig aufgefahren)<br \/>\n&#8211; Ladis Tal (tw. Pistenraupenm\u00e4\u00dfig aufgefahren)<br \/>\n&#8211; Direttissima -> Sch\u00f6njoch West (erstere buckliger, zweitere angenehmer)<br \/>\n&#8211; Frommes Extrem (ganz ok, bissl schmal)<\/p>\n<p><a href='http:\/\/ski.inmontanis.info\/d\/177858-2\/DSC08083.jpg'><img src=http:\/\/ski.inmontanis.info\/d\/177857-3\/DSC08083.jpg \/><\/a><br \/>\n^ Talabfahrt Ladis<\/p>\n<p><a href='http:\/\/ski.inmontanis.info\/d\/177936-2\/DSC08085.jpg'><img src=http:\/\/ski.inmontanis.info\/d\/177935-3\/DSC08085.jpg \/><\/a><br \/>\n^ Sch\u00f6njochbahn richtung M\u00f6seralmbahn usw.<\/p>\n<p><a href='http:\/\/ski.inmontanis.info\/d\/177863-2\/DSC08087.jpg'><img src=http:\/\/ski.inmontanis.info\/d\/177862-3\/DSC08087.jpg \/><\/a><br \/>\n^ M\u00f6seralm- Sch\u00f6njoch<\/p>\n<p><a href='http:\/\/ski.inmontanis.info\/d\/177867-2\/DSC08091.jpg'><img src=http:\/\/ski.inmontanis.info\/d\/177866-3\/DSC08091.jpg \/><\/a><br \/>\n^ Harbalobabfahrt und neu trassierte Jochabfahrt. Wieso geht die jetzt nicht mehr von der Bergstation der Sesselbahnen los?!<\/p>\n<p><a href='http:\/\/ski.inmontanis.info\/d\/177940-2\/DSC08094.jpg'><img src=http:\/\/ski.inmontanis.info\/d\/177939-3\/DSC08094.jpg \/><\/a><br \/>\n^ Komperdell &#8211; Plansegg<\/p>\n<p><a href='http:\/\/ski.inmontanis.info\/d\/177872-2\/DSC08096.jpg'><img src=http:\/\/ski.inmontanis.info\/d\/177871-3\/DSC08096.jpg \/><\/a><br \/>\n^ Plansegg-Scheid. Was ist egtl mit der sch\u00f6nsten Abfahrt an der Scheidbahn, der B\u00f6derkopfabfahrt passiert? Weder ausgesteckt noch schien sie heuer pr\u00e4pariert gewesen zu sein :-(<\/p>\n<p><a href='http:\/\/ski.inmontanis.info\/d\/177876-2\/DSC08098.jpg'><img src=http:\/\/ski.inmontanis.info\/d\/177875-3\/DSC08098.jpg \/><\/a><br \/>\n^ Bissl teuer &#8230;<\/p>\n<p><a href='http:\/\/ski.inmontanis.info\/d\/177880-2\/DSC08099.jpg'><img src=http:\/\/ski.inmontanis.info\/d\/177879-3\/DSC08099.jpg \/><\/a><br \/>\n^ Zwischenholzabfahrt rechts &#8211; scheint schon lange keiner mehr gefahren zu sein? Na dann wird&#8217;s mal wieder Zeit &#8230;<\/p>\n<p><a href='http:\/\/ski.inmontanis.info\/d\/177884-2\/DSC08100.jpg'><img src=http:\/\/ski.inmontanis.info\/d\/177883-3\/DSC08100.jpg \/><\/a><br \/>\n^ Zwischenholzabfahrt, es gab 2 schmale Stellen, wo man ein St\u00fcck einfach in Schuss runterfahren musste :) Abschnallen musste man nicht, Steine traf ich auch keine.<\/p>\n<p><a href='http:\/\/ski.inmontanis.info\/d\/177888-2\/DSC08116.jpg'><img src=http:\/\/ski.inmontanis.info\/d\/177887-3\/DSC08116.jpg \/><\/a><br \/>\n^ Adlerroute, kannte ich noch nicht.<\/p>\n<p><a href='http:\/\/ski.inmontanis.info\/d\/177892-2\/DSC08118.jpg'><img src=http:\/\/ski.inmontanis.info\/d\/177891-3\/DSC08118.jpg \/><\/a><br \/>\n^ Adlerroute<\/p>\n<p><a href='http:\/\/ski.inmontanis.info\/d\/177896-2\/DSC08121.jpg'><img src=http:\/\/ski.inmontanis.info\/d\/177895-3\/DSC08121.jpg \/><\/a><br \/>\n^ Hab keine Skiroutenschilder mehr gesehen und bin den meisten Spuren runter, ging dann durch den Wald, auch ganz ok, und traf am Skiweg wieder auf die Route&#8230;<\/p>\n<p><a href='http:\/\/ski.inmontanis.info\/d\/177900-2\/DSC08123.jpg'><img src=http:\/\/ski.inmontanis.info\/d\/177899-3\/DSC08123.jpg \/><\/a><br \/>\n^ Die geschlossene Direttissima, schon ziemlich verbuckelt. Die Sch\u00f6njoch-West ist besser.<\/p>\n<p><a href='http:\/\/ski.inmontanis.info\/d\/177904-2\/DSC08124.jpg'><img src=http:\/\/ski.inmontanis.info\/d\/177903-3\/DSC08124.jpg \/><\/a><br \/>\n^ Die Nordseite war auch mal interessanter. Die Plaz\u00f6rabfahrt ist mittlerweile ewig breit, es gibt oben keine Variante mehr. Die eine zweite Abfahrt unten gibt&#8217;s ebenfalls nicht mehr und wurde von der Plaz\u00f6r in gesamter Breite vereinnahmt. In 10 Jahren wird&#8217;s hier nur noch eine einzige Piste von der Sch\u00f6ngampbahn zur Almbahn geben.<\/p>\n<p><a href='http:\/\/ski.inmontanis.info\/d\/177908-2\/DSC08126.jpg'><img src=http:\/\/ski.inmontanis.info\/d\/177907-3\/DSC08126.jpg \/><\/a><br \/>\n^ Frommes Extrem. Muss man nicht unbedingt fahren, aber kann man :)<\/p>\n<p><a href='http:\/\/ski.inmontanis.info\/d\/177912-2\/DSC08128.jpg'><img src=http:\/\/ski.inmontanis.info\/d\/177911-3\/DSC08128.jpg \/><\/a><br \/>\n^ Lange Abfahrt. War mir ja im Dezember schon klar, dass das ein Fehler ist, die so breit zu machen. War mir oben zu viel Matsch zum Laufen und bin lieber die normale Abfahrt runter. Aber falls ich morgen nochmal SFL fahren sollte, m\u00f6cht ich&#8217;s nicht ausschlie\u00dfen :)<\/p>\n<p><a href='http:\/\/ski.inmontanis.info\/d\/177916-2\/DSC08129.jpg'><img src=http:\/\/ski.inmontanis.info\/d\/177915-3\/DSC08129.jpg \/><\/a><br \/>\n^ Talabfahrt Ladis. Anstatt den Schnee auf die etwas schnee\u00e4rmeren Stellen zu verteilen und die Abfahrt schmaler offen zu lassen, wird er eben an den Rand geschoben. So ein Krampf!<\/p>\n<p><a href='http:\/\/ski.inmontanis.info\/d\/177920-2\/DSC08132.jpg'><img src=http:\/\/ski.inmontanis.info\/d\/177919-3\/DSC08132.jpg \/><\/a><br \/>\n^ Talabfahrt Ladis. Also fr\u00fcher haben&#8217;s den Schei\u00df hier nicht gemacht, da konnte man gut 2 Wochen nach Schlie\u00dfung der Piste noch problemlos abfahren.<\/p>\n<p><a href='http:\/\/ski.inmontanis.info\/d\/177928-2\/DSC08133.jpg'><img src=http:\/\/ski.inmontanis.info\/d\/177927-3\/DSC08133.jpg \/><\/a><br \/>\n^ Talabfahrt Ladis, ja auch hier liegt noch viel zu viel Schnee, den muss man verteilen, damit er schneller schmilzt. Hallo?!<\/p>\n<p><a href='http:\/\/ski.inmontanis.info\/d\/177924-2\/DSC08134.jpg'><img src=http:\/\/ski.inmontanis.info\/d\/177923-3\/DSC08134.jpg \/><\/a><br \/>\n^ Einzige etwas schnee\u00e4rmere Stelle der Talabfahrt Ladis. Lieber den Tag lang den Schnee an den Rand schieben als hier hin, gell.<\/p>\n<p>&#8212;<\/p>\n<p><strong>6.4.2014<\/strong><\/p>\n<p>War heute nochmal in SFL. Wetter war &#8211; bis auf die Zeit nach 15 Uhr &#8211; schlechter als gestern am Samstag. Schnee war ebenfalls schlechter, einerseits Fiss Nord nachmittags pappig wg. des Neuschnees gestern, andererseits viel mehr Leute als gestern und daher aufgefahrener, tw. stark aufgesulzt. Sind viele Familien da, unz\u00e4hlige Skikurse in den \u00dcbungsarealen, dadurch tw. auch etwas Wartezeiten z.B. an der Planseggbahn etc.<\/p>\n<p>Talabfahrt Ladis inzwischen einige apere Stellen, allerdings mit 1-2 Skil\u00e4ngen noch ohne Abschnallen zu bew\u00e4ltigen :)<\/p>\n<blockquote><p>Lange Abfahrt. &#8230; War mir oben zu viel Matsch zum Laufen und bin lieber die normale Abfahrt runter. Aber falls ich morgen nochmal SFL fahren sollte, m\u00f6cht ich&#8217;s nicht ausschlie\u00dfen<\/p><\/blockquote>\n<p>Ja, war doch sehr matschig und einiges zum Laufen, man muss mehrmals abschnallen. Aber wenigstens bin ich so die neue Abfahrt heuer noch gefahren :)<\/p>\n<p><a href='http:\/\/ski.inmontanis.info\/d\/177944-2\/DSC08145.jpg'><img src=http:\/\/ski.inmontanis.info\/d\/177943-3\/DSC08145.jpg \/><\/a><br \/>\n^ Tscheinabfahrt<\/p>\n<p><a href='http:\/\/ski.inmontanis.info\/d\/177948-2\/DSC08146.jpg'><img src=http:\/\/ski.inmontanis.info\/d\/177947-3\/DSC08146.jpg \/><\/a><br \/>\n^ Tscheinabfahrt<\/p>\n<p><a href='http:\/\/ski.inmontanis.info\/d\/177952-2\/DSC08149.jpg'><img src=http:\/\/ski.inmontanis.info\/d\/177951-3\/DSC08149.jpg \/><\/a><br \/>\n^ Zw\u00f6lfer Sportiv, kannte ich auch noch nicht<\/p>\n<p><a href='http:\/\/ski.inmontanis.info\/d\/177956-2\/DSC08150.jpg'><img src=http:\/\/ski.inmontanis.info\/d\/177955-3\/DSC08150.jpg \/><\/a><br \/>\n^ Lange Abfahrt, im oberen Bereich 2x Abschnallen und matschiges Abgelaufe<\/p>\n<p><a href='http:\/\/ski.inmontanis.info\/d\/177960-2\/DSC08154.jpg'><img src=http:\/\/ski.inmontanis.info\/d\/177959-3\/DSC08154.jpg \/><\/a><br \/>\n^ Lange Abfahrt, teilweise gings aber schon ganz OK zu fahren.<\/p>\n<p><a href='http:\/\/ski.inmontanis.info\/d\/177964-2\/DSC08155.jpg'><img src=http:\/\/ski.inmontanis.info\/d\/177963-3\/DSC08155.jpg \/><\/a><br \/>\n^ Lange Abfahrt, nochmal bissl abschnallen<\/p>\n<p><a href='http:\/\/ski.inmontanis.info\/d\/177968-2\/DSC08158.jpg'><img src=http:\/\/ski.inmontanis.info\/d\/177967-3\/DSC08158.jpg \/><\/a><br \/>\n^ Lange Abfahrt, am unteren Hang war wieder ein l\u00e4ngeres St\u00fcck zu Gehen, zum Gl\u00fcck am rechten Rand schon trockner.<\/p>\n<p><a href='http:\/\/ski.inmontanis.info\/d\/177972-2\/ge20140406.jpg'><img src=http:\/\/ski.inmontanis.info\/d\/177971-3\/ge20140406.jpg \/><\/a><br \/>\n^ GPS-Track 5.+6.4.2014  (trotzdem nicht alle Abfahrtsvarianten geschafft)<\/p>\n<p>Je nach Wetter (Sonne, Regen) und Willen der Betreiber (Schneeverschieben) w\u00fcrd ich behaupten, dass bis Ostern quasi jede Piste geschlossen werden k\u00f6nnte. Denn es gibt kaum eine, die nicht irgendwo braune Stellen drin h\u00e4tte. K\u00f6nnte gut sein, dass am letzten Betriebstag nur noch Fiss Nordseite offen sein wird.<\/p>\n<p><strong>12.4.2014<\/strong><\/p>\n<p>Wetter war heute leider schlechter als gemeldet (\u00fcber Mittag ca. 2 Stunden st\u00e4rkeren Regen + Schneefall), daf\u00fcr war&#8217;s glaub ich noch leerer als letzten Samstag. Naja, daf\u00fcr wird&#8217;s morgen umso voller.<\/p>\n<p>Seit letztem WE geschlossen:<br \/>\n&#8211; Lazid Nord<br \/>\n&#8211; Gfall<br \/>\n&#8211; Sattelabfahrt Bereich parallel Puinzbahn (ging aber sehr gut zu fahren)<br \/>\n&#8211; Schwarze Variante Harbalob<br \/>\n&#8211; Serfaus S\u00fcd ab K\u00f6nigsleithebahn<\/p>\n<p>Im Gegensatz zum letzten WE wieder ge\u00f6ffnet:<br \/>\n&#8211; SL an der M\u00f6seralm<\/p>\n<p>Durch den Neuschnee \u00fcber Mittag war&#8217;s im mittleren Bereich sehr pappig, bin dann nachmittags nur noch im unteren Bereich geblieben, dort ging&#8217;s teilweise noch super, bin noch bis zum Schluss geblieben, da es doch noch etwas trockener wurde.<\/p>\n<p>(Fotos anklicken zum Vergr\u00f6\u00dfern)<\/p>\n<p><a href='http:\/\/ski.inmontanis.info\/d\/178813-2\/DSC08159.jpg'><img src=http:\/\/ski.inmontanis.info\/d\/178812-3\/DSC08159.jpg \/><\/a><br \/>\n^ Fiss<\/p>\n<p><a href='http:\/\/ski.inmontanis.info\/d\/178817-2\/DSC08160.jpg'><img src=http:\/\/ski.inmontanis.info\/d\/178816-3\/DSC08160.jpg \/><\/a><br \/>\n^ Sch\u00f6njochbahn \/ M\u00f6seralm<\/p>\n<p><a href='http:\/\/ski.inmontanis.info\/d\/178821-2\/DSC08170.jpg'><img src=http:\/\/ski.inmontanis.info\/d\/178820-3\/DSC08170.jpg \/><\/a><br \/>\n^ Samstags 16:30 Uhr an der Waldbahn &#8211; perfekte, firnige Pistenverh\u00e4ltnisse<\/p>\n<p><a href='http:\/\/ski.inmontanis.info\/d\/178825-2\/DSC08171.jpg'><img src=http:\/\/ski.inmontanis.info\/d\/178824-3\/DSC08171.jpg \/><\/a><br \/>\n^ Waldabfahrt heute um 16:30 Uhr<\/p>\n<p><strong>19.4.2014<\/strong><\/p>\n<p>Nachdem es weder in Frankreich noch in Italien brauchbares Wetter dieses verl\u00e4ngerte WE gab, und im Regiocard-Gebiet f\u00fcr SFL das beste Wetter vorhergesagt war, war ich eben schon wieder in SFL. Langsam reicht&#8217;s aber :)<\/p>\n<p>Durch die k\u00fchleren Temperaturen der vergangenen Woche mussten zumindest seit letztem WE kaum Pisten geschlossen werden. Sattelabfahrt ist jetzt zu und die Verbindung vom Wonne-SL zur Talabfahrt, man muss also den Skiweg \u00fcber die M\u00f6seralm machen. Pr\u00e4pariert wird der aber wie die WE zuvor trotzdem nicht. Sollte man also besser nicht zu fr\u00fch fahren.<\/p>\n<p>Schneem\u00e4\u00dfig war&#8217;s durch den Neuschnee \u00fcber Nacht wie erwartet ziemlich nervig. Morgens 2 cm bis ins Tal auf harter Piste in den unteren Teilen, 0-15 cm auf harter Piste in den oberen Teilen der S\u00fcdseite (je nach Schneeverwehung) &#8211; die S\u00fcdseiten konnte man in Fiss heute vergessen (Nordseite war mir zu neblig vormittag). Bin dann nach Serfaus r\u00fcber, Scheid \/ Pezid \/ Masnerbereich ging ganz gut, auch offpiste je nach Hang und Uhrzeit ganz ok. Nachmittags ging die Scheid auch noch gut zu fahren, anschlie\u00dfend Lawens \/ Lazid \/ Komperdell \/ Waldabfahrt \/ Waldabfahrt allerdings alles ziemlich pappig wg. des Neuschnees.<\/p>\n<p>(Fotos anklicken zum Vergr\u00f6\u00dfern)<\/p>\n<p><a href='http:\/\/ski.inmontanis.info\/d\/179670-2\/DSC08182.jpg'><img src=http:\/\/ski.inmontanis.info\/d\/179669-3\/DSC08182.jpg \/><\/a><br \/>\n^ 8EUB Pezid. Die Skiroute hatte mir noch gefehlt und kannte ich auch noch nicht.<\/p>\n<p><a href='http:\/\/ski.inmontanis.info\/d\/179674-2\/DSC08183.jpg'><img src=http:\/\/ski.inmontanis.info\/d\/179673-3\/DSC08183.jpg \/><\/a><br \/>\n^ 8EUB Pezid. Ein Wechsel aus Nebel und Sonne gab&#8217;s heute \u00fcberall.<\/p>\n<p><a href='http:\/\/ski.inmontanis.info\/d\/179678-2\/DSC08186.jpg'><img src=http:\/\/ski.inmontanis.info\/d\/179677-3\/DSC08186.jpg \/><\/a><br \/>\n^ Ja, Murmli, gib&#8217;s mir, leck mir meine&#8230;  (Ernsthaft, reicht es nicht, dass die Schlie\u00dfb\u00fcgel arretiert werden, dass man diese Mini-Fu\u00dfraster hat, wo man selbst als Skifahrer bei den Niederhaltern \u00f6fters abrutscht, dass man keine Freiheit der Platzwahl hat, weil zwischen den Pl\u00e4tzen diese hohen schmerzhaften Plastikw\u00e4nde sind, die, wenn man beim Niedersitzen nicht ganz genau aufpasst, f\u00fcr Bluterg\u00fcsse garantieren, nein, man muss auch noch diese dummen Murmli-Aufkleber auf alle Sitzfl\u00e4chen aufkleben. An der Masnerkopfbahn. Die von oben garantiert keine Kinder- und Anf\u00e4ngertauglichen Abfahrten hat!)<\/p>\n<p><a href='http:\/\/ski.inmontanis.info\/d\/179682-2\/DSC08187.jpg'><img src=http:\/\/ski.inmontanis.info\/d\/179681-3\/DSC08187.jpg \/><\/a><br \/>\n^ Masner-Sch\u00fcssel von der Bergstation der 6KSB aus. Na gut, das Pano in die Richtung ist durch den SL-Ersatz besser, die neuen Abfahrten sind auch ganz nett, aber trotzdem war mir die ruhige 2-SL-Zeit hier hinten lieber.<\/p>\n<p><a href='http:\/\/ski.inmontanis.info\/d\/179686-3\/DSC08189.jpg'><img src=http:\/\/ski.inmontanis.info\/d\/179685-4\/DSC08189.jpg \/><\/a><br \/>\n^ Pezidbahn mit vielen Offpistespuren. Auch links in der einen Scharte sind welche runter &#8211; oder zumindest einer &#8211; und bis zur Lawensbahn weiter.  Sah unten aber nicht mehr so spa\u00dfig aus ;)<\/p>\n","protected":false},"excerpt":{"rendered":"<p>5.4.2014<\/p>\n<p> <a href=\"http:\/\/blog.inmontanis.info\/?p=2702\">[&#8230;]<\/a><\/p>\n","protected":false},"author":1,"featured_media":0,"comment_status":"open","ping_status":"closed","sticky":false,"template":"","format":"standard","meta":{"footnotes":""},"categories":[25,13,899,27],"tags":[49,39,78],"class_list":["post-2702","post","type-post","status-publish","format-standard","hentry","category-noreport","category-austria","category-serfaus-fiss-ladis","category-skifahren-winterskiing-winter","tag-4sb","tag-6eub","tag-restschnee","odd"],"_links":{"self":[{"href":"http:\/\/blog.inmontanis.info\/index.php?rest_route=\/wp\/v2\/posts\/2702","targetHints":{"allow":["GET"]}}],"collection":[{"href":"http:\/\/blog.inmontanis.info\/index.php?rest_route=\/wp\/v2\/posts"}],"about":[{"href":"http:\/\/blog.inmontanis.info\/index.php?rest_route=\/wp\/v2\/types\/post"}],"author":[{"embeddable":true,"href":"http:\/\/blog.inmontanis.info\/index.php?rest_route=\/wp\/v2\/users\/1"}],"replies":[{"embeddable":true,"href":"http:\/\/blog.inmontanis.info\/index.php?rest_route=%2Fwp%2Fv2%2Fcomments&post=2702"}],"version-history":[{"count":4,"href":"http:\/\/blog.inmontanis.info\/index.php?rest_route=\/wp\/v2\/posts\/2702\/revisions"}],"predecessor-version":[{"id":2706,"href":"http:\/\/blog.inmontanis.info\/index.php?rest_route=\/wp\/v2\/posts\/2702\/revisions\/2706"}],"wp:attachment":[{"href":"http:\/\/blog.inmontanis.info\/index.php?rest_route=%2Fwp%2Fv2%2Fmedia&parent=2702"}],"wp:term":[{"taxonomy":"category","embeddable":true,"href":"http:\/\/blog.inmontanis.info\/index.php?rest_route=%2Fwp%2Fv2%2Fcategories&post=2702"},{"taxonomy":"post_tag","embeddable":true,"href":"http:\/\/blog.inmontanis.info\/index.php?rest_route=%2Fwp%2Fv2%2Ftags&post=2702"}],"curies":[{"name":"wp","href":"https:\/\/api.w.org\/{rel}","templated":true}]}}