{"id":2700,"date":"2014-03-30T23:54:54","date_gmt":"2014-03-30T21:54:54","guid":{"rendered":"http:\/\/blog.inmontanis.info\/?p=2700"},"modified":"2023-08-06T08:46:41","modified_gmt":"2023-08-06T06:46:41","slug":"kapplsee-30-3-2014","status":"publish","type":"post","link":"http:\/\/blog.inmontanis.info\/?p=2700","title":{"rendered":"Kappl+See, 30.3.2014"},"content":{"rendered":"<p>Zur Abwechslung fuhr ich am 30.3. mal wieder in 2 nette Skigebiet meiner Saisonkarte, genauer nach Kappl und See. Kappl hatte bereits seinen letzten Betriebstag, und da die 4EUB ersetzt werden soll, bef\u00fcrchtete ich evtl. sogar den letzten 4EUB-Betriebstag, weshalb ich sie noch etwas ausf\u00fchrlicher fotografieren wollte.<\/p>\n<p>In weiterer Folge packte mich sogar die Filmwut und ich filmte einige weitere Lifte und Abfahrten, z.B. den SL Mardina und die Talabfahrt, weil ich die so genial finde.<\/p>\n<p>Schnee war am Morgen im oberen Bereich noch etwas hart, weiter unten bzw. auf den Osth\u00e4ngen schon recht firnig, kurzum, es gab z.T. tolle Firnverh\u00e4ltnisse.<\/p>\n<p>(Fotos anklicken zum Vergr\u00f6\u00dfern)<\/p>\n<p><a href='http:\/\/ski.inmontanis.info\/d\/177749-2\/ge20140330c.jpg'><img src=http:\/\/ski.inmontanis.info\/d\/177748-3\/ge20140330c.jpg \/><\/a><br \/>\n^ GPS-Track 30.3.2014 (DSB bin ich heute nicht gefahren)<\/p>\n<p><a href='http:\/\/ski.inmontanis.info\/d\/177753-2\/DSC07952.jpg'><img src=http:\/\/ski.inmontanis.info\/d\/177752-3\/DSC07952.jpg \/><\/a><br \/>\n^ 4EUB Bergstation<\/p>\n<p><a href='http:\/\/ski.inmontanis.info\/d\/177757-2\/DSC07954.jpg'><img src=http:\/\/ski.inmontanis.info\/d\/177756-3\/DSC07954.jpg \/><\/a><br \/>\n^ 4EUB &#8211; 4KSB<\/p>\n<p><a href='http:\/\/ski.inmontanis.info\/d\/177761-2\/DSC07955.jpg'><img src=http:\/\/ski.inmontanis.info\/d\/177760-3\/DSC07955.jpg \/><\/a><br \/>\n^ DSB Gongall und SL Mardina, im Hintergrund das Skigebiet von See<\/p>\n<p><a href='http:\/\/ski.inmontanis.info\/d\/177765-2\/DSC07956.jpg'><img src=http:\/\/ski.inmontanis.info\/d\/177764-3\/DSC07956.jpg \/><\/a><br \/>\n^ 4KSB Alblitt<\/p>\n<p><a href='http:\/\/ski.inmontanis.info\/d\/177769-2\/DSC07960.jpg'><img src=http:\/\/ski.inmontanis.info\/d\/177768-3\/DSC07960.jpg \/><\/a><br \/>\n^ Blick zur Hintenrumabfahrt (Lattenabfahrt)<\/p>\n<p><a href='http:\/\/ski.inmontanis.info\/d\/177773-2\/DSC07962.jpg'><img src=http:\/\/ski.inmontanis.info\/d\/177772-3\/DSC07962.jpg \/><\/a><br \/>\n^ SL Mardina, Trasse war heut schon ein bissl schneearm &#8211; umso besser gefiel es mir :) Bin 4x gefahren, aber au\u00dfer mir hab ich nie jemand fahren sehen :-(<\/p>\n<p><a href='http:\/\/ski.inmontanis.info\/d\/177777-2\/DSC07965.jpg'><img src=http:\/\/ski.inmontanis.info\/d\/177776-3\/DSC07965.jpg \/><\/a><br \/>\n^ SL Mardina<\/p>\n<p><a href='http:\/\/ski.inmontanis.info\/d\/177781-2\/DSC07972.jpg'><img src=http:\/\/ski.inmontanis.info\/d\/177780-3\/DSC07972.jpg \/><\/a><br \/>\n^ Talstation<\/p>\n<p><a href='http:\/\/ski.inmontanis.info\/d\/177785-2\/DSC07974.jpg'><img src=http:\/\/ski.inmontanis.info\/d\/177784-3\/DSC07974.jpg \/><\/a><br \/>\n^ 4EUB Talstation<\/p>\n<p><a href='http:\/\/ski.inmontanis.info\/d\/177789-2\/DSC07975.jpg'><img src=http:\/\/ski.inmontanis.info\/d\/177788-3\/DSC07975.jpg \/><\/a><br \/>\n^ 4EUB<\/p>\n<p><a href='http:\/\/ski.inmontanis.info\/d\/177793-2\/DSC07977.jpg'><img src=http:\/\/ski.inmontanis.info\/d\/177792-3\/DSC07977.jpg \/><\/a><br \/>\n^ 4EUB<\/p>\n<p><a href='http:\/\/ski.inmontanis.info\/d\/177797-2\/DSC07979.jpg'><img src=http:\/\/ski.inmontanis.info\/d\/177796-3\/DSC07979.jpg \/><\/a><br \/>\n^ 4EUB Talstation<\/p>\n<p><a href='http:\/\/ski.inmontanis.info\/d\/177801-2\/DSC07985.jpg'><img src=http:\/\/ski.inmontanis.info\/d\/177800-3\/DSC07985.jpg \/><\/a><br \/>\n^ 4EUB Strecke<\/p>\n<p><a href='http:\/\/ski.inmontanis.info\/d\/177805-2\/DSC07990.jpg'><img src=http:\/\/ski.inmontanis.info\/d\/177804-3\/DSC07990.jpg \/><\/a><br \/>\n^ 4EUB Bergstation<\/p>\n<p><a href='http:\/\/ski.inmontanis.info\/d\/177813-2\/DSC07993.jpg'><img src=http:\/\/ski.inmontanis.info\/d\/177812-3\/DSC07993.jpg \/><\/a><br \/>\n^ 4KSB Alblittkopf und SL (schon ohne Geh\u00e4nge)<\/p>\n<p><a href='http:\/\/ski.inmontanis.info\/d\/177809-2\/DSC08001.jpg'><img src=http:\/\/ski.inmontanis.info\/d\/177808-3\/DSC08001.jpg \/><\/a><br \/>\n^ Bergstationen 4KSB Alblitt und DSB Gongall<\/p>\n<p><a href='http:\/\/ski.inmontanis.info\/d\/177817-2\/DSC08003.jpg'><img src=http:\/\/ski.inmontanis.info\/d\/177816-3\/DSC08003.jpg \/><\/a><br \/>\n^ Gratabfahrt (dort am Grat ging ja fr\u00fcher der Kurven-SL rum)<\/p>\n<p><a href='http:\/\/ski.inmontanis.info\/d\/177821-2\/DSC08006.jpg'><img src=http:\/\/ski.inmontanis.info\/d\/177820-3\/DSC08006.jpg \/><\/a><br \/>\n^ Blick runter zum DSB-SL-Bereich<\/p>\n<p><a href='http:\/\/ski.inmontanis.info\/d\/177825-2\/DSC08009.jpg'><img src=http:\/\/ski.inmontanis.info\/d\/177824-3\/DSC08009.jpg \/><\/a><br \/>\n^ Talabfahrt<\/p>\n<p><a href='http:\/\/ski.inmontanis.info\/d\/177829-2\/DSC08010.jpg'><img src=http:\/\/ski.inmontanis.info\/d\/177828-3\/DSC08010.jpg \/><\/a><br \/>\n^ Talabfahrt, schl\u00e4ngelt sich netterweise ohne viel Modellierung durch die Landschaft<\/p>\n<p><a href='http:\/\/ski.inmontanis.info\/d\/177833-2\/DSC08013.jpg'><img src=http:\/\/ski.inmontanis.info\/d\/177832-3\/DSC08013.jpg \/><\/a><br \/>\n^ 4EUB mit der Talabfahrt, mittlerweile leider mit ziemlich vielen Fangz\u00e4unen versehen<\/p>\n<p><a href='http:\/\/ski.inmontanis.info\/d\/177837-2\/DSC08017.jpg'><img src=http:\/\/ski.inmontanis.info\/d\/177836-3\/DSC08017.jpg \/><\/a><br \/>\n^ 4EUB<\/p>\n<p><a href='http:\/\/ski.inmontanis.info\/d\/177841-2\/DSC08020.jpg'><img src=http:\/\/ski.inmontanis.info\/d\/177840-3\/DSC08020.jpg \/><\/a><br \/>\n^ Talabfahrt, die Wege kann man alle gut runterheizen &#8211; nicht so flach wie dr\u00fcben in See.<\/p>\n<p><a href='http:\/\/ski.inmontanis.info\/d\/177845-2\/DSC08023.jpg'><img src=http:\/\/ski.inmontanis.info\/d\/177844-3\/DSC08023.jpg \/><\/a><br \/>\n^ Talabfahrt durch den Ort &#8211; echt cool :)<\/p>\n<p><a href='http:\/\/ski.inmontanis.info\/d\/177853-2\/DSC08038.jpg'><img src=http:\/\/ski.inmontanis.info\/d\/177852-3\/DSC08038.jpg \/><\/a><br \/>\n^ 4EUB<\/p>\n<p><a href='http:\/\/ski.inmontanis.info\/d\/177849-2\/DSC08039.jpg'><img src=http:\/\/ski.inmontanis.info\/d\/177848-3\/DSC08039.jpg \/><\/a><br \/>\n^ 4EUB Talstation und Parkpl\u00e4tze<\/p>\n<p>Film:<br \/>\n<object style=\"height: 500px; width: 900px\"><param name=\"movie\" value=\"http:\/\/www.youtube.com\/v\/BepBkIlqSFE\"><\/param><param name=\"wmode\" value=\"transparent\"><\/param><embed src=\"http:\/\/www.youtube.com\/v\/BepBkIlqSFE\" type=\"application\/x-shockwave-flash\" wmode=\"transparent\"  width=\"900\" height=\"480\"><\/embed><\/object><br \/>\n4-EUB Diasbahn<br \/>\nSL Mardina (teilweise 2x- bzw. 10x-Geschwindigkeit)<br \/>\nAlblitt -> Lattenabfahrt (partiell)<br \/>\nTalabfahrt (komplett) &#8211; und man beachte das Ende ;-)<\/p>\n<p>Nachmittags ging&#8217;s noch r\u00fcber nach See, weil auf den dortigen Nordh\u00e4ngen der Schnee besser sein sollte. Was er teilweise auch war, aber auf den Flachst\u00fccken war er auch recht pappig, da der Neuschnee eben noch nicht so weggetaut war wie dr\u00fcben in Kappl. Jedenfalls ist See eine gute Erg\u00e4nzung zu Kappl am Vormittag und die geplante neue 8EUB k\u00f6nnte wirklich eine tolle Erg\u00e4nzung werden &#8211; auch wenn der momentane Hintenrumcharakter der Versingabfahrt damit verloren geht.<\/p>\n<p><a href='http:\/\/ski.inmontanis.info\/d\/177693-2\/DSC08043.jpg'><img src=http:\/\/ski.inmontanis.info\/d\/177692-3\/DSC08043.jpg \/><\/a><br \/>\n^ Talabfahrt und Parkplatz, voller als gedacht!<\/p>\n<p><a href='http:\/\/ski.inmontanis.info\/d\/177697-2\/DSC08046.jpg'><img src=http:\/\/ski.inmontanis.info\/d\/177696-3\/DSC08046.jpg \/><\/a><br \/>\n^ 6KSB Talstation bzw. 6EUB Bergstation<\/p>\n<p><a href='http:\/\/ski.inmontanis.info\/d\/177701-2\/DSC08050.jpg'><img src=http:\/\/ski.inmontanis.info\/d\/177700-3\/DSC08050.jpg \/><\/a><br \/>\n^ 6KSB, SL und 4SB<\/p>\n<p><a href='http:\/\/ski.inmontanis.info\/d\/177705-2\/DSC08051.jpg'><img src=http:\/\/ski.inmontanis.info\/d\/177704-3\/DSC08051.jpg \/><\/a><br \/>\n^ Versingabfahrt 10<\/p>\n<p><a href='http:\/\/ski.inmontanis.info\/d\/177709-2\/DSC08053.jpg'><img src=http:\/\/ski.inmontanis.info\/d\/177708-3\/DSC08053.jpg \/><\/a><br \/>\n^ 4SB Rossmoos<\/p>\n<p><a href='http:\/\/ski.inmontanis.info\/d\/177713-2\/DSC08064.jpg'><img src=http:\/\/ski.inmontanis.info\/d\/177712-3\/DSC08064.jpg \/><\/a><br \/>\n^ 4SB Rossmoos<\/p>\n<p><a href='http:\/\/ski.inmontanis.info\/d\/177717-2\/DSC08073.jpg'><img src=http:\/\/ski.inmontanis.info\/d\/177716-3\/DSC08073.jpg \/><\/a><br \/>\n^ Pistenplan mit der voraussichtlich im Sommer gebaut werdenden Versing-8EUB, die in weiterer Folge (2. Sektion? Zweite Bahn?) die Verbindung zu Serfaus sein wird.<\/p>\n<p><a href='http:\/\/ski.inmontanis.info\/d\/177721-2\/ge20140330a.jpg'><img src=http:\/\/ski.inmontanis.info\/d\/177720-3\/ge20140330a.jpg \/><\/a><br \/>\n^ GPS-Track mit dem vermutlichen Verlauf der neuen 8EUB<\/p>\n<p><a href='http:\/\/ski.inmontanis.info\/d\/177725-2\/DSC08061.jpg'><img src=http:\/\/ski.inmontanis.info\/d\/177724-3\/DSC08061.jpg \/><\/a><br \/>\n^ Das Areal, das in Zukunft von der 8EUB Versing erschlossen wird. Rosa markiert die Stelle, wo meinem Verst\u00e4ndnis nach die Bergstation sein k\u00f6nnte.<\/p>\n<p><a href='http:\/\/ski.inmontanis.info\/d\/177729-2\/DSC08066.jpg'><img src=http:\/\/ski.inmontanis.info\/d\/177728-3\/DSC08066.jpg \/><\/a><br \/>\n^ Das Areal, das in Zukunft von der 8EUB Versing erschlossen wird: Eine Abfahrt und 2 Skirouten, h\u00f6rt sich nett an und schaut nett aus!<\/p>\n<p><a href='http:\/\/ski.inmontanis.info\/d\/177733-2\/DSC08069.jpg'><img src=http:\/\/ski.inmontanis.info\/d\/177732-3\/DSC08069.jpg \/><\/a><br \/>\n^ Skirouten 8a und 10a (die schwarze oben bin ich heute nicht gefahren)<\/p>\n<p><a href='http:\/\/ski.inmontanis.info\/d\/177737-2\/DSC08071.jpg'><img src=http:\/\/ski.inmontanis.info\/d\/177736-3\/DSC08071.jpg \/><\/a><br \/>\n^ Skirouten 8a und 10a. <\/p>\n<p><a href='http:\/\/ski.inmontanis.info\/d\/177741-2\/DSC08070.jpg'><img src=http:\/\/ski.inmontanis.info\/d\/177740-3\/DSC08070.jpg \/><\/a><br \/>\n^ Irgendwo in dem Bereich wird vmtl. die neue 8EUB Versing ihre Talstation haben.<\/p>\n<p><a href='http:\/\/ski.inmontanis.info\/d\/177745-2\/DSC08072.jpg'><img src=http:\/\/ski.inmontanis.info\/d\/177744-3\/DSC08072.jpg \/><\/a><br \/>\n^ Talabfahrt mit Stra\u00dfenkreuzung. Andere bremsen, ich geb Gas :)<\/p>\n","protected":false},"excerpt":{"rendered":"<p>Zur Abwechslung fuhr ich am 30.3. mal wieder in 2 nette Skigebiet meiner Saisonkarte, genauer nach Kappl und See. Kappl hatte bereits seinen letzten Betriebstag, und da die 4EUB ersetzt werden soll, bef\u00fcrchtete ich evtl. sogar den letzten 4EUB-Betriebstag, weshalb ich sie noch etwas ausf\u00fchrlicher fotografieren wollte.<\/p>\n<p>In weiterer Folge packte mich sogar die Filmwut <a href=\"http:\/\/blog.inmontanis.info\/?p=2700\">[&#8230;]<\/a><\/p>\n","protected":false},"author":1,"featured_media":0,"comment_status":"open","ping_status":"closed","sticky":false,"template":"","format":"standard","meta":{"footnotes":""},"categories":[866,25,13,844,27],"tags":[42,49,56,78,47],"class_list":["post-2700","post","type-post","status-publish","format-standard","hentry","category-kappl","category-noreport","category-austria","category-see-paznaun","category-skifahren-winterskiing-winter","tag-4eub","tag-4sb","tag-6sb","tag-restschnee","tag-sl","odd"],"_links":{"self":[{"href":"http:\/\/blog.inmontanis.info\/index.php?rest_route=\/wp\/v2\/posts\/2700","targetHints":{"allow":["GET"]}}],"collection":[{"href":"http:\/\/blog.inmontanis.info\/index.php?rest_route=\/wp\/v2\/posts"}],"about":[{"href":"http:\/\/blog.inmontanis.info\/index.php?rest_route=\/wp\/v2\/types\/post"}],"author":[{"embeddable":true,"href":"http:\/\/blog.inmontanis.info\/index.php?rest_route=\/wp\/v2\/users\/1"}],"replies":[{"embeddable":true,"href":"http:\/\/blog.inmontanis.info\/index.php?rest_route=%2Fwp%2Fv2%2Fcomments&post=2700"}],"version-history":[{"count":1,"href":"http:\/\/blog.inmontanis.info\/index.php?rest_route=\/wp\/v2\/posts\/2700\/revisions"}],"predecessor-version":[{"id":2701,"href":"http:\/\/blog.inmontanis.info\/index.php?rest_route=\/wp\/v2\/posts\/2700\/revisions\/2701"}],"wp:attachment":[{"href":"http:\/\/blog.inmontanis.info\/index.php?rest_route=%2Fwp%2Fv2%2Fmedia&parent=2700"}],"wp:term":[{"taxonomy":"category","embeddable":true,"href":"http:\/\/blog.inmontanis.info\/index.php?rest_route=%2Fwp%2Fv2%2Fcategories&post=2700"},{"taxonomy":"post_tag","embeddable":true,"href":"http:\/\/blog.inmontanis.info\/index.php?rest_route=%2Fwp%2Fv2%2Ftags&post=2700"}],"curies":[{"name":"wp","href":"https:\/\/api.w.org\/{rel}","templated":true}]}}