{"id":2696,"date":"2014-03-22T23:51:09","date_gmt":"2014-03-22T22:51:09","guid":{"rendered":"http:\/\/blog.inmontanis.info\/?p=2696"},"modified":"2023-08-05T22:04:00","modified_gmt":"2023-08-05T20:04:00","slug":"lermoos-biberwier-22-3-2014","status":"publish","type":"post","link":"http:\/\/blog.inmontanis.info\/?p=2696","title":{"rendered":"Lermoos + Biberwier, 22.3.2014"},"content":{"rendered":"<p>Bevor es in den n\u00e4chsten Tagen k\u00e4lter werden und Neuschnee geben soll, wollte ich heute die warmen Temperaturen zum Firn- und Restschnee-Skifahren n\u00fctzen und fuhr daher in die Zugspitzregion, nach Lermoos.<\/p>\n<p>Egtl. mag ich das Skigebiet in Lermoos nicht &#8211; \u00fcberf\u00fcllt, eisig abgefahrene Pisten &#8211; so schaut&#8217;s in der Hochsaison aus. An Tagen wie heute dagegen find ich&#8217;s ziemlich cool. Auch wenn leider kein ESL mehr in Betrieb ist.<\/p>\n<p><a href='http:\/\/ski.inmontanis.info\/d\/176513-2\/DSC07710.jpg'><img src=http:\/\/ski.inmontanis.info\/d\/176512-3\/DSC07710.jpg \/><\/a><br \/>\n^ Die neue 10EUB &#8211; leider kein ESL mehr, aber besser als die 4KSB-6KSB-Umfahrung allemal.<\/p>\n<p><a href='http:\/\/ski.inmontanis.info\/d\/176517-2\/DSC07713.jpg'><img src=http:\/\/ski.inmontanis.info\/d\/176516-3\/DSC07713.jpg \/><\/a><br \/>\n^ Die immer unpr\u00e4parierte schwarze Abfahrt (mittlerweile als Buckelpiste im Plan), offiziell gesperrt, inoffiziell mit die beste Piste heute ;)<\/p>\n<p><a href='http:\/\/ski.inmontanis.info\/d\/176521-2\/DSC07715.jpg'><img src=http:\/\/ski.inmontanis.info\/d\/176520-3\/DSC07715.jpg \/><\/a><br \/>\n^ Talabfahrt, im oberen Bereich waren noch 2 Varianten offen. Sah auch nach 12 Uhr nicht viel anders aus, war toll zu fahren.<\/p>\n<p><a href='http:\/\/ski.inmontanis.info\/d\/176525-2\/DSC07716.jpg'><img src=http:\/\/ski.inmontanis.info\/d\/176524-3\/DSC07716.jpg \/><\/a><br \/>\n^ Die kurze Skischul-EUB war auch noch in Betrieb, die rechte, rote Talabfahrt dagegen selbst f\u00fcr mich nicht mehr sinnvoll, gab ja links die blaue.<\/p>\n<p><a href='http:\/\/ski.inmontanis.info\/d\/176529-2\/DSC07717.jpg'><img src=http:\/\/ski.inmontanis.info\/d\/176528-3\/DSC07717.jpg \/><\/a><br \/>\n^ Offpiste zwischen DSB und 6KSB<\/p>\n<p><a href='http:\/\/ski.inmontanis.info\/d\/176533-2\/DSC07718.jpg'><img src=http:\/\/ski.inmontanis.info\/d\/176532-3\/DSC07718.jpg \/><\/a><br \/>\n^ Offpiste zwischen DSB und 6KSB<\/p>\n<p><a href='http:\/\/ski.inmontanis.info\/d\/176537-2\/DSC07719.jpg'><img src=http:\/\/ski.inmontanis.info\/d\/176536-3\/DSC07719.jpg \/><\/a><br \/>\n^ Offpiste unterhalb der 10EUB &#8211; glaub da bin ich heute auch erstmals runter<\/p>\n<p><a href='http:\/\/ski.inmontanis.info\/d\/176541-2\/DSC07720.jpg'><img src=http:\/\/ski.inmontanis.info\/d\/176540-3\/DSC07720.jpg \/><\/a><br \/>\n^ &#8220;Subteleferic&#8221; an der DSB Skih\u00fctte<\/p>\n<p><a href='http:\/\/ski.inmontanis.info\/d\/176545-2\/DSC07721.jpg'><img src=http:\/\/ski.inmontanis.info\/d\/176544-3\/DSC07721.jpg \/><\/a><br \/>\n^ Auf der Skiroute; hatte mir auch den Offpiste-Steilhang dort gegen\u00fcber angesehen, aber der \u00dcbergang im oberen Bereich zwischen der linken Rinne und dann bildmittig der unteren Rinne war mir von hier aus nicht ganz geheuer, ob da noch Schnee \u00fcber die Felsen liegt, wo die Spuren entlang gingen? Lieber nicht&#8230;<\/p>\n<p><a href='http:\/\/ski.inmontanis.info\/d\/176549-2\/DSC07722.jpg'><img src=http:\/\/ski.inmontanis.info\/d\/176548-3\/DSC07722.jpg \/><\/a><br \/>\n^ Skiroute<\/p>\n<p>Nachmittags bin ich noch r\u00fcber nach Biberwier, wo zwar der Alm-SL nicht mehr lief, aber immerhin der Joch-SL, wenn auch am letzten Dr\u00fccker, wie auch die 6KSB. Egtl. wollte ich ja die steile Skiroute fahren, w\u00e4re auch ausreichend Schnee gewesen, aber leider schien die Piste bisher kaum jemand befahren zu haben &#8211; somit keine feste Buckelpiste wie in Lermoos, sondern eben pappiger Tiefschnee, der sich so nervig wie Bruchharsch fahren lie\u00df &#8211; ich bin gleich wieder rausgequert, schade. Auch die restlichen Varianten hab ich somit sein lassen.<\/p>\n<p>Daf\u00fcr gab&#8217;s Restschnee-Schneeflecken-Skifahren an der DSB und der 6KSB, was auch viel Spa\u00df gemacht hat.<\/p>\n<p><a href='http:\/\/ski.inmontanis.info\/d\/176553-2\/DSC07740.jpg'><img src=http:\/\/ski.inmontanis.info\/d\/176552-3\/DSC07740.jpg \/><\/a><br \/>\n^ 6KSB-Abfahrt, noch ge\u00f6ffnet, unten aber schon eng. Weiter oben hatte man links und rechts durch die Restschneefelder etliche Abfahrtsvarianten :)<\/p>\n<p><a href='http:\/\/ski.inmontanis.info\/d\/176557-2\/DSC07727.jpg'><img src=http:\/\/ski.inmontanis.info\/d\/176556-3\/DSC07727.jpg \/><\/a><br \/>\n^ Verbindungsabfahrt zum Joch-SL arg schneearm, aber noch ge\u00f6ffnet.<\/p>\n<p><a href='http:\/\/ski.inmontanis.info\/d\/176561-2\/DSC07728.jpg'><img src=http:\/\/ski.inmontanis.info\/d\/176560-3\/DSC07728.jpg \/><\/a><br \/>\n^ Der Alm-SL ist leider schon zu<\/p>\n<p><a href='http:\/\/ski.inmontanis.info\/d\/176565-2\/DSC07729.jpg'><img src=http:\/\/ski.inmontanis.info\/d\/176564-3\/DSC07729.jpg \/><\/a><br \/>\n^ Am Joch-SL, ganz allein war ich fast nie<\/p>\n<p><a href='http:\/\/ski.inmontanis.info\/d\/176569-2\/DSC07730.jpg'><img src=http:\/\/ski.inmontanis.info\/d\/176568-3\/DSC07730.jpg \/><\/a><br \/>\n^ Blaue Abfahrt vom Joch, ging heute am besten<\/p>\n<p><a href='http:\/\/ski.inmontanis.info\/d\/176573-2\/DSC07731.jpg'><img src=http:\/\/ski.inmontanis.info\/d\/176572-3\/DSC07731.jpg \/><\/a><br \/>\n^ Im Bereich der DSB-Bergstation war&#8217;s etwas schneearm<\/p>\n<p><a href='http:\/\/ski.inmontanis.info\/d\/176577-2\/DSC07732.jpg'><img src=http:\/\/ski.inmontanis.info\/d\/176576-3\/DSC07732.jpg \/><\/a><br \/>\n^ Altes Gipfelhaus am ehemaligen SL<\/p>\n<p><a href='http:\/\/ski.inmontanis.info\/d\/176581-2\/DSC07733.jpg'><img src=http:\/\/ski.inmontanis.info\/d\/176580-3\/DSC07733.jpg \/><\/a><br \/>\n^ Die schwarze Abfahrt, mittlerweile Skiroute &#8211; wurde leider zu wenig befahren diesen Winter und war bei dem Schnee heute nachmittag auch nicht fahrbar.<\/p>\n<p><a href='http:\/\/ski.inmontanis.info\/d\/176585-2\/DSC07734.jpg'><img src=http:\/\/ski.inmontanis.info\/d\/176584-3\/DSC07734.jpg \/><\/a><br \/>\n^ DSB samt Abfahrt, um 15:15 Uhr kam nochmal blauer Himmel raus<\/p>\n<p><a href='http:\/\/ski.inmontanis.info\/d\/176589-2\/DSC07736.jpg'><img src=http:\/\/ski.inmontanis.info\/d\/176588-3\/DSC07736.jpg \/><\/a><br \/>\n^ DSB samt Abfahrt. Am Rand durch die Schneeflecken gab&#8217;s nochmal eine Starli-Extra-Variante :)<\/p>\n<p><a href='http:\/\/ski.inmontanis.info\/d\/176593-2\/ge20140322.jpg'><img src=http:\/\/ski.inmontanis.info\/d\/176592-3\/ge20140322.jpg \/><\/a><br \/>\n^ GPS-Track 22.3.2014<\/p>\n<p>Fazit: Butterfirn gab&#8217;s zwar nirgends, aber dennoch hier und da nette Firn- bzw. Restschneeverh\u00e4ltnisse. Von mir aus k\u00f6nnte es im April so weitergehen.<\/p>\n","protected":false},"excerpt":{"rendered":"<p>Bevor es in den n\u00e4chsten Tagen k\u00e4lter werden und Neuschnee geben soll, wollte ich heute die warmen Temperaturen zum Firn- und Restschnee-Skifahren n\u00fctzen und fuhr daher in die Zugspitzregion, nach Lermoos.<\/p>\n<p>Egtl. mag ich das Skigebiet in Lermoos nicht &#8211; \u00fcberf\u00fcllt, eisig abgefahrene Pisten &#8211; so schaut&#8217;s in der Hochsaison aus. An Tagen wie heute <a href=\"http:\/\/blog.inmontanis.info\/?p=2696\">[&#8230;]<\/a><\/p>\n","protected":false},"author":1,"featured_media":0,"comment_status":"open","ping_status":"closed","sticky":false,"template":"","format":"standard","meta":{"footnotes":""},"categories":[857,859,25,13,27],"tags":[72,38,78,47],"class_list":["post-2696","post","type-post","status-publish","format-standard","hentry","category-biberwier-marienberg","category-lermoos","category-noreport","category-austria","category-skifahren-winterskiing-winter","tag-10eub","tag-dsb","tag-restschnee","tag-sl","odd"],"_links":{"self":[{"href":"http:\/\/blog.inmontanis.info\/index.php?rest_route=\/wp\/v2\/posts\/2696","targetHints":{"allow":["GET"]}}],"collection":[{"href":"http:\/\/blog.inmontanis.info\/index.php?rest_route=\/wp\/v2\/posts"}],"about":[{"href":"http:\/\/blog.inmontanis.info\/index.php?rest_route=\/wp\/v2\/types\/post"}],"author":[{"embeddable":true,"href":"http:\/\/blog.inmontanis.info\/index.php?rest_route=\/wp\/v2\/users\/1"}],"replies":[{"embeddable":true,"href":"http:\/\/blog.inmontanis.info\/index.php?rest_route=%2Fwp%2Fv2%2Fcomments&post=2696"}],"version-history":[{"count":2,"href":"http:\/\/blog.inmontanis.info\/index.php?rest_route=\/wp\/v2\/posts\/2696\/revisions"}],"predecessor-version":[{"id":9198,"href":"http:\/\/blog.inmontanis.info\/index.php?rest_route=\/wp\/v2\/posts\/2696\/revisions\/9198"}],"wp:attachment":[{"href":"http:\/\/blog.inmontanis.info\/index.php?rest_route=%2Fwp%2Fv2%2Fmedia&parent=2696"}],"wp:term":[{"taxonomy":"category","embeddable":true,"href":"http:\/\/blog.inmontanis.info\/index.php?rest_route=%2Fwp%2Fv2%2Fcategories&post=2696"},{"taxonomy":"post_tag","embeddable":true,"href":"http:\/\/blog.inmontanis.info\/index.php?rest_route=%2Fwp%2Fv2%2Ftags&post=2696"}],"curies":[{"name":"wp","href":"https:\/\/api.w.org\/{rel}","templated":true}]}}