{"id":2694,"date":"2014-03-16T23:48:52","date_gmt":"2014-03-16T22:48:52","guid":{"rendered":"http:\/\/blog.inmontanis.info\/?p=2694"},"modified":"2023-08-04T18:46:30","modified_gmt":"2023-08-04T16:46:30","slug":"san-primo-giumello-16-3-2014","status":"publish","type":"post","link":"http:\/\/blog.inmontanis.info\/?p=2694","title":{"rendered":"San Primo + Giumello, 16.3.2014"},"content":{"rendered":"<p><a href='http:\/\/extra.inmontanis.info\/d\/19941-2\/ge20140315-16d.jpg'><img src=http:\/\/extra.inmontanis.info\/d\/19940-3\/ge20140315-16d.jpg \/><\/a><br \/>\n^ Wochenendtour<br \/>\nA) Montecampione<br \/>\nB) San Primo<br \/>\nC) Alpe Giumello<\/p>\n<p>Kurz vor 9 Uhr war ich in San Primo und kaufte mir die Tageskarte um 20,- \u20ac. Hatte zwar durchaus vor, heute noch das Skigebiet zu wechseln, aber falls der Schnee on- und offpiste passen sollte, w\u00e4re es auch m\u00f6glich, dass ich l\u00e4nger geblieben w\u00e4re. Die Halbtageskarte h\u00e4tte glaub ich 15,- gekostet.<\/p>\n<p>Offpiste war&#8217;s aber leider doch nicht so prickelnd, nebenbei war es sehr warm, weshalb ich doch gegen 11:30 Uhr weitergefahren bin.<\/p>\n<p>Zur\u00fcck zu San Primo. Nachdem es f\u00fcr einige Jahre glaub ich komplett geschlossen war, sind seit wenigen Jahren die beiden k\u00fcrzeren SL wieder in Betrieb. Der lange leider nicht. Dennoch ist der erste SL lang und steil genug, dass man einige Stunden Spa\u00df haben kann.<\/p>\n<p>(Fotos anklicken zum Vergr\u00f6\u00dfern)<\/p>\n<p><a href='http:\/\/extra.inmontanis.info\/d\/19997-2\/DSC07471.jpg'><img src=http:\/\/extra.inmontanis.info\/d\/19996-3\/DSC07471.jpg \/><\/a><br \/>\n^ SP41 Erba-Bellagio<\/p>\n<p><a href='http:\/\/ski.inmontanis.info\/d\/176685-2\/DSC07479.jpg'><img src=http:\/\/ski.inmontanis.info\/d\/176684-3\/DSC07479.jpg \/><\/a><br \/>\n^ Momentaner Pistenplan mit gestrichelt eingezeichnetem SL Terrabiotta (momentan stillgelegt, ein Ersatz mit einer DSB ist seit einiger Zeit im Gespr\u00e4ch)<\/p>\n<p><a href='http:\/\/ski.inmontanis.info\/d\/176689-2\/ge20140316a.jpg'><img src=http:\/\/ski.inmontanis.info\/d\/176688-3\/ge20140316a.jpg \/><\/a><br \/>\n^ GPS-Track 16.3.2014<\/p>\n<p><a href='http:\/\/ski.inmontanis.info\/d\/176693-2\/DSC07481.jpg'><img src=http:\/\/ski.inmontanis.info\/d\/176692-3\/DSC07481.jpg \/><\/a><br \/>\n^ SL Forcella Talstation. Retro-Feeling &#8211; zumindest bis auf die roten Z\u00e4une ;)<\/p>\n<p><a href='http:\/\/ski.inmontanis.info\/d\/176697-2\/DSC07484.jpg'><img src=http:\/\/ski.inmontanis.info\/d\/176696-3\/DSC07484.jpg \/><\/a><br \/>\n^ SL Forcella, komplette Strecke<\/p>\n<p><a href='http:\/\/ski.inmontanis.info\/d\/176701-2\/DSC07486.jpg'><img src=http:\/\/ski.inmontanis.info\/d\/176700-3\/DSC07486.jpg \/><\/a><br \/>\n^ SL Forcella, Ausstieg<\/p>\n<p><a href='http:\/\/ski.inmontanis.info\/d\/176705-2\/DSC07492.jpg'><img src=http:\/\/ski.inmontanis.info\/d\/176704-3\/DSC07492.jpg \/><\/a><br \/>\n^ Bissl See-Pano von der SL-Bergstation (Lecco)<\/p>\n<p><a href='http:\/\/ski.inmontanis.info\/d\/176709-2\/DSC07499.jpg'><img src=http:\/\/ski.inmontanis.info\/d\/176708-3\/DSC07499.jpg \/><\/a><br \/>\n^ Rote Abfahrt<\/p>\n<p><a href='http:\/\/ski.inmontanis.info\/d\/176713-2\/DSC07500.jpg'><img src=http:\/\/ski.inmontanis.info\/d\/176712-3\/DSC07500.jpg \/><\/a><br \/>\n^ Rote Abfahrt, diese Variante ist leider nicht mehr pr\u00e4pariert<\/p>\n<p><a href='http:\/\/ski.inmontanis.info\/d\/176717-2\/DSC07501.jpg'><img src=http:\/\/ski.inmontanis.info\/d\/176716-3\/DSC07501.jpg \/><\/a><br \/>\n^ SL Baby und stillgelegter SL Terrabiotta<\/p>\n<p><a href='http:\/\/ski.inmontanis.info\/d\/176721-2\/DSC07504.jpg'><img src=http:\/\/ski.inmontanis.info\/d\/176720-3\/DSC07504.jpg \/><\/a><br \/>\n^ Wenn mehr Schnee l\u00e4nge (und selbiger besser w\u00e4re), k\u00f6nnte man gut zwischen die B\u00e4ume durchfahren<\/p>\n<p><a href='http:\/\/ski.inmontanis.info\/d\/176725-2\/DSC07505.jpg'><img src=http:\/\/ski.inmontanis.info\/d\/176724-3\/DSC07505.jpg \/><\/a><br \/>\n^ Ex-SL Terrabiotta<\/p>\n<p><a href='http:\/\/ski.inmontanis.info\/d\/176729-2\/DSC07506.jpg'><img src=http:\/\/ski.inmontanis.info\/d\/176728-3\/DSC07506.jpg \/><\/a><br \/>\n^ Ex-SL Terrabiotta (DM)<\/p>\n<p><a href='http:\/\/ski.inmontanis.info\/d\/176733-2\/DSC07507.jpg'><img src=http:\/\/ski.inmontanis.info\/d\/176732-3\/DSC07507.jpg \/><\/a><br \/>\n^ Blick zu den Abfahrten am SL Forcella<\/p>\n<p><a href='http:\/\/ski.inmontanis.info\/d\/176737-2\/DSC07508.jpg'><img src=http:\/\/ski.inmontanis.info\/d\/176736-3\/DSC07508.jpg \/><\/a><br \/>\n^ Talstation und Parkplatz<\/p>\n<p><a href='http:\/\/ski.inmontanis.info\/d\/176741-2\/DSC07516.jpg'><img src=http:\/\/ski.inmontanis.info\/d\/176740-3\/DSC07516.jpg \/><\/a><br \/>\n^ Bergstation SL Forcella<\/p>\n<p><a href='http:\/\/ski.inmontanis.info\/d\/176745-2\/DSC07515.jpg'><img src=http:\/\/ski.inmontanis.info\/d\/176744-3\/DSC07515.jpg \/><\/a><br \/>\n^ Starthang rote Abfahrt SL Forcella, nach dem H\u00fcgel gab&#8217;s 2 (ge\u00f6ffnete) Varianten<\/p>\n<p><a href='http:\/\/ski.inmontanis.info\/d\/176749-2\/DSC07520.jpg'><img src=http:\/\/ski.inmontanis.info\/d\/176748-3\/DSC07520.jpg \/><\/a><br \/>\n^ Starthang rote Abfahrt SL Forcella<\/p>\n<p><a href='http:\/\/ski.inmontanis.info\/d\/176753-2\/DSC07518.jpg'><img src=http:\/\/ski.inmontanis.info\/d\/176752-3\/DSC07518.jpg \/><\/a><br \/>\n^ SL Forcella, in Bildmitte unpr\u00e4pariert (aber gut fahrbar) die schwarze Abfahrt, rechts die rote.<\/p>\n<p><a href='http:\/\/ski.inmontanis.info\/d\/176757-2\/DSC07522.jpg'><img src=http:\/\/ski.inmontanis.info\/d\/176756-3\/DSC07522.jpg \/><\/a><br \/>\n^ SL Baby<\/p>\n<p><a href='http:\/\/ski.inmontanis.info\/d\/176761-2\/DSC07525.jpg'><img src=http:\/\/ski.inmontanis.info\/d\/176760-3\/DSC07525.jpg \/><\/a><br \/>\n^ SL Forcella mit schwarzer Abfahrt und einem ehemaligen St\u00fctzenfundament<\/p>\n<p><a href='http:\/\/ski.inmontanis.info\/d\/176765-2\/DSC07526.jpg'><img src=http:\/\/ski.inmontanis.info\/d\/176764-3\/DSC07526.jpg \/><\/a><br \/>\n^ SL Forcella, an der Schneekanone befindet sich ein Zwischenausstieg, womit die Anf\u00e4nger zum SL Baby kommen<\/p>\n<p><a href='http:\/\/ski.inmontanis.info\/d\/176769-2\/DSC07530.jpg'><img src=http:\/\/ski.inmontanis.info\/d\/176768-3\/DSC07530.jpg \/><\/a><br \/>\n^ Links des SL gibt&#8217;s noch eine unpr\u00e4parierte Abfahrt, leider schneem\u00e4\u00dfig nicht so gut gewesen.<\/p>\n<p><a href='http:\/\/ski.inmontanis.info\/d\/176773-2\/DSC07529.jpg'><img src=http:\/\/ski.inmontanis.info\/d\/176772-3\/DSC07529.jpg \/><\/a><br \/>\n^ Unpr\u00e4parierte linke Abfahrt<\/p>\n<p><a href='http:\/\/ski.inmontanis.info\/d\/176777-2\/DSC07531.jpg'><img src=http:\/\/ski.inmontanis.info\/d\/176776-3\/DSC07531.jpg \/><\/a><br \/>\n^ \u00dcber diesen Weg k\u00f6nnte man zum Gipfel bzw. zur Bergstation Ex-SL Terrabiotta aufsteigen<\/p>\n<p><a href='http:\/\/ski.inmontanis.info\/d\/176781-2\/DSC07536.jpg'><img src=http:\/\/ski.inmontanis.info\/d\/176780-3\/DSC07536.jpg \/><\/a><br \/>\n^ Ein bissl durch den Wald bin ich aber doch noch gefahren. Kombination Steilheit mit dem heutigen Schnee war aber etwas anstrengend.<\/p>\n<p><a href='http:\/\/ski.inmontanis.info\/d\/176785-2\/DSC07548.jpg'><img src=http:\/\/ski.inmontanis.info\/d\/176784-3\/DSC07548.jpg \/><\/a><br \/>\n^ Talstation SL Forcella und Pistenraupe<\/p>\n<p>Paar Filmsequenzen:<br \/>\n<object style=\"height: 500px; width: 900px\"><param name=\"movie\" value=\"http:\/\/www.youtube.com\/v\/7fBA_2bGYYk\"><\/param><param name=\"wmode\" value=\"transparent\"><\/param><embed src=\"http:\/\/www.youtube.com\/v\/7fBA_2bGYYk\" type=\"application\/x-shockwave-flash\" wmode=\"transparent\"  width=\"900\" height=\"480\"><\/embed><\/object><\/p>\n<p><a href='http:\/\/extra.inmontanis.info\/d\/20001-2\/DSC07551.jpg'><img src=http:\/\/extra.inmontanis.info\/d\/20000-3\/DSC07551.jpg \/><\/a><br \/>\n^ Materialseilbahn n\u00e4he Erba \/ Merone (richtung Lecco)<\/p>\n<p><a href='http:\/\/extra.inmontanis.info\/d\/20005-2\/DSC07555.jpg'><img src=http:\/\/extra.inmontanis.info\/d\/20004-3\/DSC07555.jpg \/><\/a><br \/>\n^ Materialseilbahn n\u00e4he Erba \/ Merone (richtung Lecco) &#8211; Zwischenstation oder Endstation?<\/p>\n<p><a href='http:\/\/extra.inmontanis.info\/d\/20009-2\/DSC07559.jpg'><img src=http:\/\/extra.inmontanis.info\/d\/20008-3\/DSC07559.jpg \/><\/a><br \/>\n^ Blind aus dem rechten Seitenfenster fotografiert, doch ganz ok? Ohne B\u00e4ume w\u00e4re es  eh nicht gegangen&#8230;<\/p>\n<p><a href='http:\/\/extra.inmontanis.info\/d\/20013-2\/DSC07563.jpg'><img src=http:\/\/extra.inmontanis.info\/d\/20012-3\/DSC07563.jpg \/><\/a><br \/>\n^ Oft sieht man von der Schnellstra\u00dfe den Comersee ja nicht &#8230;<\/p>\n<p><a href='http:\/\/extra.inmontanis.info\/d\/20017-2\/DSC07579.jpg'><img src=http:\/\/extra.inmontanis.info\/d\/20016-3\/DSC07579.jpg \/><\/a><br \/>\n^ Margno, Auffahrt richtung Giumello<\/p>\n<p><a href='http:\/\/extra.inmontanis.info\/d\/20021-2\/DSC07580.jpg'><img src=http:\/\/extra.inmontanis.info\/d\/20020-3\/DSC07580.jpg \/><\/a><br \/>\n^ Schmale Ortsdurchfahrt, Indovero<\/p>\n<p>Von San Primo zur Alpe Giumello f\u00e4hrt man ca. eindreiviertel Stunden. Evtl. ist man mit der F\u00e4hre schneller, wenn gerade eine f\u00e4hrt &#8211; leider vergessen nachzusehen, wann sie f\u00e4hrt und was sie kostet. Bis ich den Skipass hatte verging auch noch mal seine Zeit &#8211; da nur stand, dass die Skipasskasse heute in einem Restaurant ist &#8211; es hier aber mehrere gibt, also welches meinen sie?! Hatte den Namen aber doch richtig zugeordnet, wobei im selbigen Restaurant auch noch 2 Eltern mit einem Satz von Kindern meinte, den Ausgang zu blockieren, in dem sie sie aus- und anziehen mussten, einer links einer rechts sitzend &#8230; typisch italienisch? Nachmittagskarte kostete 13,- \u20ac.<\/p>\n<p>Bei meiner 4. Fahrt meinte der Liftbedienstete, dass der SL evtl. wg. des Sturms eingestellt werden m\u00fcsste &#8211; also bin ich danach lieber zum Gipfel aufgestiegen. H\u00e4tte aber noch 1-2x fahren k\u00f6nnen, bevor er eingestellt wurde. Jedenfalls war das albern. Der Wind hatte am Parkplatz und im Bereich des F\u00f6rderbands (das auch schon eingestellt wurde) tats\u00e4chlich sehr starke B\u00f6en, aber am SL ging&#8217;s eigentlich &#8211; die Geh\u00e4nge hatten sich kaum im Wind bewegt &#8211; kein Vgl. mit der im Betrieb befindlichen DSB in Garessio heuer. Aber wenn eh nur noch 5 Leute am Lift sind, kommt so ein bisschen Wind sicherlich nicht unpassend, um fr\u00fcher Feierabend machen zu k\u00f6nnen.<\/p>\n<p>Jedenfalls, das Pano war super, Fernsicht war auch wieder besser (immerhin Monte Viso und Appennin).<\/p>\n<p><a href='http:\/\/ski.inmontanis.info\/d\/176597-2\/DSC07586.jpg'><img src=http:\/\/ski.inmontanis.info\/d\/176596-3\/DSC07586.jpg \/><\/a><br \/>\n^ Auffahrt Alpe Giumello<\/p>\n<p><a href='http:\/\/ski.inmontanis.info\/d\/176601-2\/ge20140316b.jpg'><img src=http:\/\/ski.inmontanis.info\/d\/176600-3\/ge20140316b.jpg \/><\/a><br \/>\n^ GPS-Track 16.3.2014. Die wei\u00dfen Flecken im rechten Bereich k\u00f6nnten also doch f\u00fcr einen ehemaligen SL sprechen.<\/p>\n<p><a href='http:\/\/ski.inmontanis.info\/d\/107539-3\/P1460394.JPG'><img src=http:\/\/ski.inmontanis.info\/d\/107538-4\/P1460394.JPG \/><\/a><br \/>\n^ Zoom von gegen\u00fcber (Pian delle Betulle), vom 2.1.2010<\/p>\n<p><a href='http:\/\/ski.inmontanis.info\/d\/176605-2\/DSC07589.jpg'><img src=http:\/\/ski.inmontanis.info\/d\/176604-3\/DSC07589.jpg \/><\/a><br \/>\n^ SL-Strecke und Hinweisschild. Ja super, und welches der Restaurants hier hei\u00dft jetzt Genio?! Hmpf.<\/p>\n<p><a href='http:\/\/ski.inmontanis.info\/d\/176609-2\/DSC07591.jpg'><img src=http:\/\/ski.inmontanis.info\/d\/176608-3\/DSC07591.jpg \/><\/a><br \/>\n^ SL-Abfahrt<\/p>\n<p><a href='http:\/\/ski.inmontanis.info\/d\/176613-2\/DSC07592.jpg'><img src=http:\/\/ski.inmontanis.info\/d\/176612-3\/DSC07592.jpg \/><\/a><br \/>\n^ SL und Comer See, f\u00fcr dieses Pano bin ich ja hier.<\/p>\n<p><a href='http:\/\/ski.inmontanis.info\/d\/176617-2\/DSC07593.jpg'><img src=http:\/\/ski.inmontanis.info\/d\/176616-3\/DSC07593.jpg \/><\/a><br \/>\n^ SL-Pano<\/p>\n<p><a href='http:\/\/ski.inmontanis.info\/d\/176621-2\/DSC07601.jpg'><img src=http:\/\/ski.inmontanis.info\/d\/176620-3\/DSC07601.jpg \/><\/a><br \/>\n^ Sch\u00f6ner Arbeitsplatz, da werden einige Liftler von KSBs sicher neidisch sein ;)<\/p>\n<p><a href='http:\/\/ski.inmontanis.info\/d\/176625-2\/DSC00068.jpg'><img src=http:\/\/ski.inmontanis.info\/d\/176624-3\/DSC00068.jpg \/><\/a><br \/>\n^ Comer See und Monterosa (IR)<\/p>\n<p><a href='http:\/\/ski.inmontanis.info\/d\/176629-2\/DSC00070.jpg'><img src=http:\/\/ski.inmontanis.info\/d\/176628-3\/DSC00070.jpg \/><\/a><br \/>\n^ Luganersee und Monterosa (IR)<\/p>\n<p><a href='http:\/\/ski.inmontanis.info\/d\/176633-2\/DSC07609.jpg'><img src=http:\/\/ski.inmontanis.info\/d\/176632-3\/DSC07609.jpg \/><\/a><br \/>\n^ Luganersee und Monterosa. Ach, und das kleine, einsame Vampirz\u00e4hnchen da rechts im Hintergrund &#8230; ist nat\u00fcrlich das Matterhorn.<\/p>\n<p><a href='http:\/\/ski.inmontanis.info\/d\/176637-2\/DSC07615.jpg'><img src=http:\/\/ski.inmontanis.info\/d\/176636-3\/DSC07615.jpg \/><\/a><br \/>\n^ Offpiste am SL, ging ganz gut. Und das Pano ist eh hammer.<\/p>\n<p><a href='http:\/\/ski.inmontanis.info\/d\/176641-2\/DSC07619.jpg'><img src=http:\/\/ski.inmontanis.info\/d\/176640-3\/DSC07619.jpg \/><\/a><br \/>\n^ Abfahrt am SL, all zu viel war wohl auch vormittags nicht los, so wenig aufgefahren die Piste ist&#8230;<\/p>\n<p><a href='http:\/\/ski.inmontanis.info\/d\/176645-2\/DSC07625.jpg'><img src=http:\/\/ski.inmontanis.info\/d\/176644-3\/DSC07625.jpg \/><\/a><br \/>\n^ Pano am Gipfelgrat<\/p>\n<p><a href='http:\/\/ski.inmontanis.info\/d\/176649-2\/DSC07631.jpg'><img src=http:\/\/ski.inmontanis.info\/d\/176648-3\/DSC07631.jpg \/><\/a><br \/>\n^ Gipfel und Seen<\/p>\n<p><a href='http:\/\/ski.inmontanis.info\/d\/176653-2\/DSC07633.jpg'><img src=http:\/\/ski.inmontanis.info\/d\/176652-3\/DSC07633.jpg \/><\/a><br \/>\n^ Tiefblick zum r\u00fcckseitig gelegenen Teilst\u00fcck des Comer Sees<\/p>\n<p><a href='http:\/\/ski.inmontanis.info\/d\/176657-2\/DSC07641.jpg'><img src=http:\/\/ski.inmontanis.info\/d\/176656-3\/DSC07641.jpg \/><\/a><br \/>\n^ Tiefblick zum r\u00fcckseitig gelegenen Teilst\u00fcck des Comer Sees<\/p>\n<p><a href='http:\/\/ski.inmontanis.info\/d\/176661-2\/DSC00080.jpg'><img src=http:\/\/ski.inmontanis.info\/d\/176660-3\/DSC00080.jpg \/><\/a><br \/>\n^ Comer See in nachmitt\u00e4glicher Sonnenbestrahlung und Blick \u00fcber die Po-Ebene zum Monviso (235 km) (IR)<\/p>\n<p><a href='http:\/\/ski.inmontanis.info\/d\/176665-2\/DSC00081.jpg'><img src=http:\/\/ski.inmontanis.info\/d\/176664-3\/DSC00081.jpg \/><\/a><br \/>\n^ IR-Zoom Milano und Appennino<\/p>\n<p><a href='http:\/\/ski.inmontanis.info\/d\/176669-2\/DSC07648.jpg'><img src=http:\/\/ski.inmontanis.info\/d\/176668-3\/DSC07648.jpg \/><\/a><br \/>\n^ Noch weiter Offpiste, so dass man besser zu den Seen sehen kann ;)<\/p>\n<p><a href='http:\/\/ski.inmontanis.info\/d\/176673-2\/DSC07659.jpg'><img src=http:\/\/ski.inmontanis.info\/d\/176672-3\/DSC07659.jpg \/><\/a><br \/>\n^ Gibt doch einige &#8220;panoramische&#8221; Offpiste-M\u00f6glichkeiten hier, konnt ich heute leider wieder nicht alles austesten. <\/p>\n<p><a href='http:\/\/ski.inmontanis.info\/d\/176677-2\/DSC07661.jpg'><img src=http:\/\/ski.inmontanis.info\/d\/176676-3\/DSC07661.jpg \/><\/a><br \/>\n^ .. leider war der Hang doch etwas steiler als erwartet, was zu kleineren Schneerutschen f\u00fchrte, schnell weg hier &#8230;<\/p>\n<p><a href='http:\/\/ski.inmontanis.info\/d\/176681-2\/DSC07662.jpg'><img src=http:\/\/ski.inmontanis.info\/d\/176680-3\/DSC07662.jpg \/><\/a><br \/>\n^ SL in kompletter L\u00e4nge, links auch der spiegelnde Comer See.<\/p>\n<p><a href='http:\/\/ski.inmontanis.info\/d\/176789-2\/DSC07705.jpg'><img src=http:\/\/ski.inmontanis.info\/d\/176788-3\/DSC07705.jpg \/><\/a><br \/>\n^ Die Skipsse gestern und heute<\/p>\n<p>Um 15 Uhr war ich wieder am Auto, f\u00fcr ein weiteres Skigebiet war es nun leider zu sp\u00e4t (Alpe Paglio, der SL ist ja schon ewig stillgelegt, Margno &#8211; das Skigebiet mit der PB und der Lauferei zu schwierig zu erreichen, Barzio &#8211; die Talabfahrt schneebedingt sicher nicht mehr machbar, Esino Lario &#8211; k\u00f6nnte ich bis 16 Uhr erreichen, lohnt sich dann aber ja auch nicht mehr, obwohl ja eh nichts mehr interessantes dort sein d\u00fcrfte.<\/p>\n<p>Immerhin hatte ich so das Gl\u00fcck, um 15:56 auf die Schnellstra\u00dfe zu kommen &#8211; ab 16 Uhr w\u00e4re die richtung Norden n\u00e4mlich gesperrt gewesen, und eine Stunde sp\u00e4ter k\u00f6nnte es \u00fcber die See-Stra\u00dfe wohl etwas voller gewesen sein. In Gegenrichtung war jedenfalls ordentlich Stau auf der Schnellstra\u00dfe aufgrund eines Baustellenbereichs &#8211; evtl. wurde die Nord-Fahrbahn ja auch deshalb a 16h gesperrt um die S\u00fcdfahrbahn 2-Spurig zu \u00f6ffnen?!<\/p>\n<p><a href='http:\/\/extra.inmontanis.info\/d\/20025-2\/DSC07679.jpg'><img src=http:\/\/extra.inmontanis.info\/d\/20024-3\/DSC07679.jpg \/><\/a><br \/>\n^ Wieder unten am See, kurz vor der Auffahrt zur Schnellstra\u00dfe<\/p>\n<p><a href='http:\/\/extra.inmontanis.info\/d\/20029-2\/DSC07687.jpg'><img src=http:\/\/extra.inmontanis.info\/d\/20028-3\/DSC07687.jpg \/><\/a><br \/>\n^ Die Stra\u00dfenf\u00fchrung wurde ge\u00e4ndert, nun geht es geradeaus nach Sondrio und rechts nach Chiavenna. Mein Navi meinte noch das Gegenteil.<\/p>\n<p><a href='http:\/\/extra.inmontanis.info\/d\/20033-2\/DSC07699.jpg'><img src=http:\/\/extra.inmontanis.info\/d\/20032-3\/DSC07699.jpg \/><\/a><br \/>\n^ Am Maloja<\/p>\n<p>Gegen 20 Uhr war ich wieder daheim &#8211; und meine Liste der Skigebiete, die ich endlich erstmals besuchen will, wieder um 2 Gebiete k\u00fcrzer.<\/p>\n","protected":false},"excerpt":{"rendered":"<p> ^ Wochenendtour A) Montecampione B) San Primo C) Alpe Giumello<\/p>\n<p>Kurz vor 9 Uhr war ich in San Primo und kaufte mir die Tageskarte um 20,- \u20ac. Hatte zwar durchaus vor, heute noch das Skigebiet zu wechseln, aber falls der Schnee on- und offpiste passen sollte, w\u00e4re es auch m\u00f6glich, dass ich l\u00e4nger geblieben <a href=\"http:\/\/blog.inmontanis.info\/?p=2694\">[&#8230;]<\/a><\/p>\n","protected":false},"author":1,"featured_media":0,"comment_status":"open","ping_status":"closed","sticky":false,"template":"","format":"standard","meta":{"footnotes":""},"categories":[532,15,59,405,27,81],"tags":[45,47],"class_list":["post-2694","post","type-post","status-publish","format-standard","hentry","category-alpe-giumello","category-italienitaly","category-nostalgie","category-san-primo","category-skifahren-winterskiing-winter","category-kurztrips","tag-see","tag-sl","odd"],"_links":{"self":[{"href":"http:\/\/blog.inmontanis.info\/index.php?rest_route=\/wp\/v2\/posts\/2694","targetHints":{"allow":["GET"]}}],"collection":[{"href":"http:\/\/blog.inmontanis.info\/index.php?rest_route=\/wp\/v2\/posts"}],"about":[{"href":"http:\/\/blog.inmontanis.info\/index.php?rest_route=\/wp\/v2\/types\/post"}],"author":[{"embeddable":true,"href":"http:\/\/blog.inmontanis.info\/index.php?rest_route=\/wp\/v2\/users\/1"}],"replies":[{"embeddable":true,"href":"http:\/\/blog.inmontanis.info\/index.php?rest_route=%2Fwp%2Fv2%2Fcomments&post=2694"}],"version-history":[{"count":1,"href":"http:\/\/blog.inmontanis.info\/index.php?rest_route=\/wp\/v2\/posts\/2694\/revisions"}],"predecessor-version":[{"id":2695,"href":"http:\/\/blog.inmontanis.info\/index.php?rest_route=\/wp\/v2\/posts\/2694\/revisions\/2695"}],"wp:attachment":[{"href":"http:\/\/blog.inmontanis.info\/index.php?rest_route=%2Fwp%2Fv2%2Fmedia&parent=2694"}],"wp:term":[{"taxonomy":"category","embeddable":true,"href":"http:\/\/blog.inmontanis.info\/index.php?rest_route=%2Fwp%2Fv2%2Fcategories&post=2694"},{"taxonomy":"post_tag","embeddable":true,"href":"http:\/\/blog.inmontanis.info\/index.php?rest_route=%2Fwp%2Fv2%2Ftags&post=2694"}],"curies":[{"name":"wp","href":"https:\/\/api.w.org\/{rel}","templated":true}]}}