{"id":2683,"date":"2014-03-07T23:14:03","date_gmt":"2014-03-07T22:14:03","guid":{"rendered":"http:\/\/blog.inmontanis.info\/?p=2683"},"modified":"2023-08-02T21:49:17","modified_gmt":"2023-08-02T19:49:17","slug":"monte-amiata-7-3-2014-waldleichen","status":"publish","type":"post","link":"http:\/\/blog.inmontanis.info\/?p=2683","title":{"rendered":"Monte Amiata, 7.3.2014  &#8211; Waldleichen"},"content":{"rendered":"<p><strong>FIST &#8211; Frankreich-Italien-Spanien Tour, Tag 17, Fr, 7.3.2014, Monte Amiata. km 7.006 (\u2206 396)<\/strong><\/p>\n<p>Vor ein paar Jahren hatte ich es ja schon mal am Monte Amiata versucht, auf dem R\u00fcckweg einer Appennintour, aber da waren die Lifte zu, evtl. wg. des Nebels und leichten Regens damals. Heute sollte alles offen sein, stand im Internet.<\/p>\n<p>(Fotos anklicken zum Vergr\u00f6\u00dfern)<\/p>\n<p><a href='http:\/\/extra.inmontanis.info\/d\/19824-6\/ge201402-fist4.jpg'><img src=http:\/\/extra.inmontanis.info\/d\/19824-6\/ge201402-fist4.jpg \/><\/a><br \/>\nU) Monte Amiata<\/p>\n<p><a href='http:\/\/extra.inmontanis.info\/d\/20901-2\/DSC06646.jpg'><img src=http:\/\/extra.inmontanis.info\/d\/20900-3\/DSC06646.jpg \/><\/a><br \/>\n^ Irgendwo in der Toscana, auf dem Weg zum Monte Amiata<\/p>\n<p><a href='http:\/\/extra.inmontanis.info\/d\/20905-2\/DSC06650.jpg'><img src=http:\/\/extra.inmontanis.info\/d\/20904-3\/DSC06650.jpg \/><\/a><br \/>\n^ Der Monte Amiata mit Wolkenhaupt im Blickfeld<\/p>\n<p><a href='http:\/\/extra.inmontanis.info\/d\/20909-2\/DSC06652.jpg'><img src=http:\/\/extra.inmontanis.info\/d\/20908-3\/DSC06652.jpg \/><\/a><br \/>\n^ Toskanische Landschaft<\/p>\n<p>Kurz vor 10 Uhr kam ich im Skigebiet Monte Amiata an. Nun, so sch\u00f6n wie vorhergesagt, war das Wetter heute &#8211; wie auch die letzten Tage &#8211; mal wieder nicht. Anstelle &#8220;sehr sonnig, teils leichte Bew\u00f6lkung&#8221; gab es doch eher &#8220;starke Bew\u00f6lkung und gelegentlich Sonne.&#8221; Wie gesagt, die Wetterberichte machen das schon die ganze Woche mit mir. <\/p>\n<p>Fernsicht war ebenfalls wieder nicht vorhanden. Auch der noch immer recht neue Schnee war wie die letzten Tage eher pappig, im Wald war es \u00e4hnlich wie gestern, teils (im oberen Bereich) gut, teils schwer pappig. Da die oberen SL aber alle stillgelegt sind, muss man leider auch immer bis runter fahren.<\/p>\n<p>Nebenbei war der rechte SL Bellaria nicht in Betrieb, obwohl er lt. Website h\u00e4tte offen sein sollen:<\/p>\n<blockquote><p>\n4.3.:<br \/>\n&#8230; le aperture sono confermate come da comunicazione per le aperture infrasettimanali e cio\u00e8:<br \/>\nSeggiovie Cantore e Macinaie<br \/>\nSciovie Bellaria Crocicchio e Jolly.<\/p>\n<p>4.3.:<br \/>\nInsomma la stazione \u00e8 completamente aperta<\/p>\n<p>5.3.<br \/>\nAPERTA TUTTA LA STAZIONE DA GIOVEDI&#8217; 6 MARZO<\/p>\n<p>6.3.<br \/>\nprosegue l&#8217;apertura completa della stazione invernale con condizioni d&#8217;innevamento eccezionali.<br \/>\n APERTA TUTTA LA STAZIONE<br \/>\nNEVE ECCEZIONALE<\/p>\n<p>7.3.<br \/>\nSTAZIONE INVERNALE COMPLETAMENTE APERTA\n<\/p><\/blockquote>\n<p>Was soll der Scheiss? 100x schreiben, das alles offen ist, und dann fehlt doch ein wichtiger Randlift? Nerv.<\/p>\n<p>Genervt haben mich auch die nassen Sitze (weil der Schnee von den B\u00e4umen die ganze Zeit runtergeprasselt ist, als h\u00e4tte es den ganzen Tag lang geschneit oder geregnet) und die \u00fcberwiegend zu modellierten und somit &#8220;verfangz\u00e4unten&#8221; Pisten. Da einige der Pisten interessante Namen wie &#8220;Canale&#8221; und &#8220;Direttissima&#8221; haben, d\u00fcrften die fr\u00fcher, vor der Modellierung, wohl wesentlich genialer gewesen sein. 2 alte Pistenst\u00fccke gibts ja noch an der linken DSB, direkt rechts oben an der Bergstation, sowie ein St\u00fcck weiter unten vom SL Nordica r\u00fcber zur schwarzen DSB-Abfahrt im Plan als &#8220;vecchia Pista&#8221; eingetragen. Menno, wenn alle Abfahrten hier wie die zwei gewesen w\u00e4ren &#8211; perfetto!<\/p>\n<p>Einige Waldst\u00fccke waren aber ganz nett (teilweise muss man aber auch aufpassen, bei weniger Schnee wird wohl nicht viel gehen) und obwohl etliche SL geschlossen sind, sind ja auch noch einige offen und ein bissl kurios sind manche Lifte ja schon, da sie so extrem im dichten Wald stehen, es gab doch einige \u00dcberraschungen f\u00fcr mich, was die Lifttrassierungen usw. angeht. Und dass von den vielen stillgelegten SL noch Reste rumstehen, ist nat\u00fcrlich auch sehr nett &#8211; und in Summe sehr fotogen&#8230; <\/p>\n<p><a href='http:\/\/ski.inmontanis.info\/d\/180186-2\/DSC06669.jpg'><img src=http:\/\/ski.inmontanis.info\/d\/180184-3\/DSC06669.jpg \/><\/a><br \/>\n^ Monte Amiata, Auffahrt von Osten<\/p>\n<p><a href='http:\/\/ski.inmontanis.info\/d\/180190-2\/DSC06675.jpg'><img src=http:\/\/ski.inmontanis.info\/d\/180189-3\/DSC06675.jpg \/><\/a><br \/>\n^ Der Monte Amiata ist dicht bewaldet, zwischen den B\u00e4umen sind auch viele H\u00e4user zu finden &#8211; Sommerfrische, denn wenn die B\u00e4ume bl\u00fchen wird hier unten kaum Sonne durchkommen.<\/p>\n<p><a href='http:\/\/ski.inmontanis.info\/d\/180194-2\/DSC06677.jpg'><img src=http:\/\/ski.inmontanis.info\/d\/180193-3\/DSC06677.jpg \/><\/a><br \/>\n^ Ex-SL Primo Rifugio, abgetrennt vom restlichen Skigebiet<\/p>\n<p><a href='http:\/\/ski.inmontanis.info\/d\/180198-2\/DSC06858.jpg'><img src=http:\/\/ski.inmontanis.info\/d\/180197-3\/DSC06858.jpg \/><\/a><br \/>\n^ Aktueller Pistenplan, die alten Lifte sind gestrichelt markiert (einer fehlt)<\/p>\n<p><a href='http:\/\/ski.inmontanis.info\/d\/180202-2\/DSC06815.jpg'><img src=http:\/\/ski.inmontanis.info\/d\/180201-3\/DSC06815.jpg \/><\/a><br \/>\n^ Alter Pistenplan in ungew\u00f6hnlichem Design, farbig schon stark verblichen. Stillgelegt sind folgende Lifte: 15, 2, 14, 13, 12, 6, 11. Heute nicht in Betrieb: 10. In Betrieb waren folglich: 1, 3, 4, 5, 7, 8, 9.<\/p>\n<p><a href='http:\/\/ski.inmontanis.info\/d\/180206-2\/ge20140307c.jpg'><img src=http:\/\/ski.inmontanis.info\/d\/180205-3\/ge20140307c.jpg \/><\/a><br \/>\n^ GPS-Track; orange-rosa der heute leider geschlossene SL Bellaria, Magenta die geschlossenen SL mit \u00dcberresten. Ca. 4 Abfahrten durch den Wald waren auch dabei.<\/p>\n<p><a href='http:\/\/ski.inmontanis.info\/d\/180210-2\/DSC06681.jpg'><img src=http:\/\/ski.inmontanis.info\/d\/180209-3\/DSC06681.jpg \/><\/a><br \/>\n^ DSB Cantore, die linke. Lt. altem Plan solte direkt links neben der DSB noch ein SL gewesen sein. Links im Wald SL Crocicchio, den man auch besser nimmt, wenn man diesen Hang fahren will, da man von der DSB nicht gut hinkommt, zumindest nicht mit der offiziellen Piste. Via der &#8220;alten&#8221; (sch\u00f6nen) Nordica-Piste schon ;)<\/p>\n<p><a href='http:\/\/ski.inmontanis.info\/d\/180214-2\/DSC06682.jpg'><img src=http:\/\/ski.inmontanis.info\/d\/180213-3\/DSC06682.jpg \/><\/a><br \/>\n^ DSB Cantore<\/p>\n<p><a href='http:\/\/ski.inmontanis.info\/d\/180218-2\/DSC06683.jpg'><img src=http:\/\/ski.inmontanis.info\/d\/180217-3\/DSC06683.jpg \/><\/a><br \/>\n^ DSB Cantore, rechts die alte Abfahrt Nordica &#8211; ist im Plan als alte\/ehemalige Abfahrt eingezeichnet. Wenn es nur mehr davon hier g\u00e4be &#8230;<\/p>\n<p><a href='http:\/\/ski.inmontanis.info\/d\/180222-2\/DSC06688.jpg'><img src=http:\/\/ski.inmontanis.info\/d\/180221-3\/DSC06688.jpg \/><\/a><br \/>\n^ DSB Cantore durch zauberhaft verschneitem Wald. Leider tropfte der Schnee den ganzen Tag runter, genauso als h\u00e4tte es die ganze Zeit leicht geschneit.<\/p>\n<p><a href='http:\/\/ski.inmontanis.info\/d\/180226-2\/DSC06689.jpg'><img src=http:\/\/ski.inmontanis.info\/d\/180225-3\/DSC06689.jpg \/><\/a><br \/>\n^ DSB Cantore. Wer meint, dort oben sei die Bergstation, wird eines besseren belehrt &#8230;<\/p>\n<p><a href='http:\/\/ski.inmontanis.info\/d\/180230-2\/DSC06693.jpg'><img src=http:\/\/ski.inmontanis.info\/d\/180229-3\/DSC06693.jpg \/><\/a><br \/>\n^ DSB Cantore, es folgt ein Flachst\u00fcck, danach geht&#8217;s etwas bergab &#8230;<\/p>\n<p><a href='http:\/\/ski.inmontanis.info\/d\/180234-2\/DSC06695.jpg'><img src=http:\/\/ski.inmontanis.info\/d\/180233-3\/DSC06695.jpg \/><\/a><br \/>\n^ DSB Cantore &#8211; pl\u00f6tzlich kommt mitten im Wald noch eine Mittelstation<\/p>\n<p><a href='http:\/\/ski.inmontanis.info\/d\/180238-2\/DSC06698.jpg'><img src=http:\/\/ski.inmontanis.info\/d\/180237-3\/DSC06698.jpg \/><\/a><br \/>\n^ DSB Cantore Mittelstation<\/p>\n<p><a href='http:\/\/ski.inmontanis.info\/d\/180242-2\/DSC06697.jpg'><img src=http:\/\/ski.inmontanis.info\/d\/180241-3\/DSC06697.jpg \/><\/a><br \/>\n^ DSB Cantore, oberer Streckenteil<\/p>\n<p><a href='http:\/\/ski.inmontanis.info\/d\/180246-2\/DSC06699.jpg'><img src=http:\/\/ski.inmontanis.info\/d\/180245-3\/DSC06699.jpg \/><\/a><br \/>\n^ Abfahrt Canalgrande. Sonderlich &#8220;canalig&#8221; war die aber auch nicht mehr&#8230;<\/p>\n<p><a href='http:\/\/ski.inmontanis.info\/d\/180250-2\/DSC06700.jpg'><img src=http:\/\/ski.inmontanis.info\/d\/180249-3\/DSC06700.jpg \/><\/a><br \/>\n^ Ehemalige Bergstation des Vorg\u00e4nger-(vmtl.) ESL Cantore<\/p>\n<p><a href='http:\/\/ski.inmontanis.info\/d\/180254-2\/DSC06701.jpg'><img src=http:\/\/ski.inmontanis.info\/d\/180253-3\/DSC06701.jpg \/><\/a><br \/>\n^ Rechts der Bergstation der linken DSB; links geht durch den Wald ein Verbindungsweg zur anderen DSB r\u00fcber; in Bildmitte eine gr\u00fcne St\u00fctze des aufgelassenen SL Due cime (der kurze obere), zu dem sp\u00e4ter mehr.<\/p>\n<p><a href='http:\/\/ski.inmontanis.info\/d\/180258-2\/DSC06704.jpg'><img src=http:\/\/ski.inmontanis.info\/d\/180257-3\/DSC06704.jpg \/><\/a><br \/>\n^ Abfahrt Canale Grande und Ex-SL Vetta, der l\u00e4\u0085ngere der beiden zentralen oberen SL<\/p>\n<p><a href='http:\/\/ski.inmontanis.info\/d\/180262-2\/DSC06707.jpg'><img src=http:\/\/ski.inmontanis.info\/d\/180261-3\/DSC06707.jpg \/><\/a><br \/>\n^ Ex-SL Vetta, die 2. Sektion der SL-Kette links der rechten DSB liegend.<\/p>\n<p><a href='http:\/\/ski.inmontanis.info\/d\/180266-2\/DSC06708.jpg'><img src=http:\/\/ski.inmontanis.info\/d\/180265-3\/DSC06708.jpg \/><\/a><br \/>\n^ Canalgrande Macinaie, leider sind die meisten Abfahrten hier f\u00fcr meinen Geschmack doch zu stark modelliert.<\/p>\n<p><a href='http:\/\/ski.inmontanis.info\/d\/180270-2\/DSC06709.jpg'><img src=http:\/\/ski.inmontanis.info\/d\/180269-3\/DSC06709.jpg \/><\/a><br \/>\n^ Unterer Teil Canalgrande Macinaie, links der SL Asso di Fiori<\/p>\n<p><a href='http:\/\/ski.inmontanis.info\/d\/180274-2\/DSC06713.jpg'><img src=http:\/\/ski.inmontanis.info\/d\/180273-3\/DSC06713.jpg \/><\/a><br \/>\n^ SL Asso di Fiori<\/p>\n<p><a href='http:\/\/ski.inmontanis.info\/d\/180278-2\/DSC06712.jpg'><img src=http:\/\/ski.inmontanis.info\/d\/180277-3\/DSC06712.jpg \/><\/a><br \/>\n^ SL Asso di Fiori, sehr nett im dichten Wald, aber leider arg flach..<\/p>\n<p><a href='http:\/\/ski.inmontanis.info\/d\/180282-2\/DSC06716.jpg'><img src=http:\/\/ski.inmontanis.info\/d\/180281-3\/DSC06716.jpg \/><\/a><br \/>\n^ Die andere Abfahrt am SL Asso di Fiori bzw. egtl. ist hier der Funpark situiert bzw. unterster Teil der Panoramica-Piste<\/p>\n<p><a href='http:\/\/ski.inmontanis.info\/d\/180286-2\/DSC06718.jpg'><img src=http:\/\/ski.inmontanis.info\/d\/180285-3\/DSC06718.jpg \/><\/a><br \/>\n^ SL Asso di Fiori<\/p>\n<p><a href='http:\/\/ski.inmontanis.info\/d\/180290-2\/DSC06722.jpg'><img src=http:\/\/ski.inmontanis.info\/d\/180289-3\/DSC06722.jpg \/><\/a><br \/>\n^ DSB Macinaie und SL Jolly<\/p>\n<p><a href='http:\/\/ski.inmontanis.info\/d\/180294-2\/DSC06720.jpg'><img src=http:\/\/ski.inmontanis.info\/d\/180293-3\/DSC06720.jpg \/><\/a><br \/>\n^ DSB Macinaie und SL Jolly<\/p>\n<p><a href='http:\/\/ski.inmontanis.info\/d\/180298-2\/DSC06726.jpg'><img src=http:\/\/ski.inmontanis.info\/d\/180297-3\/DSC06726.jpg \/><\/a><br \/>\n^ DSB Macinaie, links die Talstation des aufgelassenen SL Settebello<\/p>\n<p><a href='http:\/\/ski.inmontanis.info\/d\/180302-2\/DSC06729.jpg'><img src=http:\/\/ski.inmontanis.info\/d\/180301-3\/DSC06729.jpg \/><\/a><br \/>\n^ DSB Macinaie, auch hier wieder durch den dichten Wald, im Sommer vmtl. komplett unter dem Laub<\/p>\n<p><a href='http:\/\/ski.inmontanis.info\/d\/180306-2\/DSC06731.jpg'><img src=http:\/\/ski.inmontanis.info\/d\/180305-3\/DSC06731.jpg \/><\/a><br \/>\n^ DSB Macinaie<\/p>\n<p><a href='http:\/\/ski.inmontanis.info\/d\/180310-2\/DSC06735.jpg'><img src=http:\/\/ski.inmontanis.info\/d\/180309-3\/DSC06735.jpg \/><\/a><br \/>\n^ Abfahrt Panoramica, die ganz rechte, an der DSB Macinaie<\/p>\n<p><a href='http:\/\/ski.inmontanis.info\/d\/180314-2\/DSC06736.jpg'><img src=http:\/\/ski.inmontanis.info\/d\/180313-3\/DSC06736.jpg \/><\/a><br \/>\n^ DSB Macinaie &#8211; Abfahrt Panoramica<\/p>\n<p><a href='http:\/\/ski.inmontanis.info\/d\/180318-2\/DSC06737.jpg'><img src=http:\/\/ski.inmontanis.info\/d\/180317-3\/DSC06737.jpg \/><\/a><br \/>\n^ DSB Macinaie Bergstation<\/p>\n<p><a href='http:\/\/ski.inmontanis.info\/d\/180322-2\/DSC09938.jpg'><img src=http:\/\/ski.inmontanis.info\/d\/180321-3\/DSC09938.jpg \/><\/a><br \/>\n^ IR-Pano DSB Macinaie<\/p>\n<p><a href='http:\/\/ski.inmontanis.info\/d\/180326-2\/DSC06740.jpg'><img src=http:\/\/ski.inmontanis.info\/d\/180325-3\/DSC06740.jpg \/><\/a><br \/>\n^ Rechts die Bergstation des DSB-Vorg\u00e4nger-(vmtl.)-ESL; am Gipfel f\u00fchrt ein Fu\u00dfweg entlang<\/p>\n<p><a href='http:\/\/ski.inmontanis.info\/d\/180330-2\/DSC06739.jpg'><img src=http:\/\/ski.inmontanis.info\/d\/180329-3\/DSC06739.jpg \/><\/a><br \/>\n^ Gipfelweg richtung der anderen DSB bzw. auch zum Eifelturm-Gipfelkreuz<\/p>\n<p><a href='http:\/\/ski.inmontanis.info\/d\/180334-2\/DSC06741.jpg'><img src=http:\/\/ski.inmontanis.info\/d\/180333-3\/DSC06741.jpg \/><\/a><br \/>\n^ R\u00fcckseitenpano<\/p>\n<p><a href='http:\/\/ski.inmontanis.info\/d\/180338-2\/DSC06743.jpg'><img src=http:\/\/ski.inmontanis.info\/d\/180337-3\/DSC06743.jpg \/><\/a><br \/>\n^ R\u00fcckseitenpano, Meer leider nicht sichtbar.<\/p>\n<p><a href='http:\/\/ski.inmontanis.info\/d\/180342-2\/DSC06745.jpg'><img src=http:\/\/ski.inmontanis.info\/d\/180341-3\/DSC06745.jpg \/><\/a><br \/>\n^ Gipfelkreuz<\/p>\n<p><a href='http:\/\/ski.inmontanis.info\/d\/180346-2\/DSC06750.jpg'><img src=http:\/\/ski.inmontanis.info\/d\/180345-3\/DSC06750.jpg \/><\/a><br \/>\n^ Abfahrt Panoramica, leider flach und modelliert<\/p>\n<p><a href='http:\/\/ski.inmontanis.info\/d\/180350-2\/DSC06810.jpg'><img src=http:\/\/ski.inmontanis.info\/d\/180349-3\/DSC06810.jpg \/><\/a><br \/>\n^ SL Bellaria, heute leider nicht im Betrieb. Gegen\u00fcber der stillgelegte SL Contessa<\/p>\n<p><a href='http:\/\/ski.inmontanis.info\/d\/180354-2\/DSC06747.jpg'><img src=http:\/\/ski.inmontanis.info\/d\/180353-3\/DSC06747.jpg \/><\/a><br \/>\n^ Links die DSB Macinaie, in Blickrichtung vorne der stillgelegte SL Vetta, dessen Talstation ich vorher ja schon fotografiert hatte<\/p>\n<p><a href='http:\/\/ski.inmontanis.info\/d\/180358-2\/DSC06753.jpg'><img src=http:\/\/ski.inmontanis.info\/d\/180357-3\/DSC06753.jpg \/><\/a><br \/>\n^ Ex-SL Vetta<\/p>\n<p><a href='http:\/\/ski.inmontanis.info\/d\/180362-2\/DSC06755.jpg'><img src=http:\/\/ski.inmontanis.info\/d\/180361-3\/DSC06755.jpg \/><\/a><br \/>\n^ Ex-SL Vetta, hier kann man sch\u00f6n im Wald fahren<\/p>\n<p><a href='http:\/\/ski.inmontanis.info\/d\/180366-2\/DSC06757.jpg'><img src=http:\/\/ski.inmontanis.info\/d\/180365-3\/DSC06757.jpg \/><\/a><br \/>\n^ Ex-SL Vetta, in dem Bereich ist die Trasse schwieriger zu fahren und im Wald sind viele Felsen im Weg.<\/p>\n<p><a href='http:\/\/ski.inmontanis.info\/d\/180370-2\/DSC06760.jpg'><img src=http:\/\/ski.inmontanis.info\/d\/180369-3\/DSC06760.jpg \/><\/a><br \/>\n^ SL Marsiliana, wurde anscheinend mal verl\u00e4ngert, da er oben noch 1 oder 2 Leitnerportalst\u00fctzen hat.<\/p>\n<p><a href='http:\/\/ski.inmontanis.info\/d\/180374-2\/DSC06765.jpg'><img src=http:\/\/ski.inmontanis.info\/d\/180373-3\/DSC06765.jpg \/><\/a><br \/>\n^ SL Marsiliana und Nordica<\/p>\n<p><a href='http:\/\/ski.inmontanis.info\/d\/180378-2\/DSC06769.jpg'><img src=http:\/\/ski.inmontanis.info\/d\/180377-3\/DSC06769.jpg \/><\/a><br \/>\n^ SL Nordica, der krasseste hier<\/p>\n<p><a href='http:\/\/ski.inmontanis.info\/d\/180382-2\/DSC06772.jpg'><img src=http:\/\/ski.inmontanis.info\/d\/180381-3\/DSC06772.jpg \/><\/a><br \/>\n^ SL Nordica im tiefen Wald, schwierige Lifttrasse. Fand den so genial, dass ich ihn \u00f6fters gefahren bin, als es von den Schneeverh\u00e4ltnissen sinnvoll gewesen w\u00e4re :)<\/p>\n<p><a href='http:\/\/ski.inmontanis.info\/d\/180386-2\/DSC06774.jpg'><img src=http:\/\/ski.inmontanis.info\/d\/180385-3\/DSC06774.jpg \/><\/a><br \/>\n^ SL Nordica<\/p>\n<p><a href='http:\/\/ski.inmontanis.info\/d\/180390-2\/DSC06777.jpg'><img src=http:\/\/ski.inmontanis.info\/d\/180389-3\/DSC06777.jpg \/><\/a><br \/>\n^ Im Wald neben des SL Nordica lie\u00df es sich auch gut fahren<\/p>\n<p><a href='http:\/\/ski.inmontanis.info\/d\/180394-2\/DSC06778.jpg'><img src=http:\/\/ski.inmontanis.info\/d\/180393-3\/DSC06778.jpg \/><\/a><br \/>\n^ SL Nordica Br\u00fccke<\/p>\n<p><a href='http:\/\/ski.inmontanis.info\/d\/180398-2\/DSC06783.jpg'><img src=http:\/\/ski.inmontanis.info\/d\/180397-3\/DSC06783.jpg \/><\/a><br \/>\n^ Alte Abfahrt Nordica, beginnt am SL Nordica, f\u00fchrt aber nicht zu dessen Talstation<\/p>\n<p><a href='http:\/\/ski.inmontanis.info\/d\/180402-2\/DSC06784.jpg'><img src=http:\/\/ski.inmontanis.info\/d\/180401-3\/DSC06784.jpg \/><\/a><br \/>\n^ Alte Abfahrt Nordica. Wenn doch nur alle Abfahrten hier so cool wie dieses St\u00fcck w\u00e4ren..<\/p>\n<p><a href='http:\/\/ski.inmontanis.info\/d\/180406-2\/DSC06785.jpg'><img src=http:\/\/ski.inmontanis.info\/d\/180405-3\/DSC06785.jpg \/><\/a><br \/>\n^ SL Crocicchio, ganz links und erschlie\u00dft den Steilhang an der linken DSB (den man mit der DSB ja nicht wirklich gut erreicht!)<\/p>\n<p><a href='http:\/\/ski.inmontanis.info\/d\/180410-2\/DSC06787.jpg'><img src=http:\/\/ski.inmontanis.info\/d\/180409-3\/DSC06787.jpg \/><\/a><br \/>\n^ SL Crocicchio, auch recht steil und tief im Wald<\/p>\n<p><a href='http:\/\/ski.inmontanis.info\/d\/180414-2\/DSC06788.jpg'><img src=http:\/\/ski.inmontanis.info\/d\/180413-3\/DSC06788.jpg \/><\/a><br \/>\n^ SL Crocicchio<\/p>\n<p><a href='http:\/\/ski.inmontanis.info\/d\/180418-2\/DSC06791.jpg'><img src=http:\/\/ski.inmontanis.info\/d\/180417-3\/DSC06791.jpg \/><\/a><br \/>\n^ Ausstieg SL Crocicchio, wenn das mal nicht roots ist!<\/p>\n<p><a href='http:\/\/ski.inmontanis.info\/d\/180422-2\/DSC06800.jpg'><img src=http:\/\/ski.inmontanis.info\/d\/180421-3\/DSC06800.jpg \/><\/a><br \/>\n^ Ausstieg SL Crocicchio, geradeaus-links geht&#8217;s unterhalb der DSB-Mittelstation vorbei zur Abfahrt Canalegrande, rechts geht&#8217;s zum Steilhang Crocicchio-Dedo an der DSB Cantore. Links kommen ein paar H\u00e4user, die im Bereich der DSB-Mittelstation liegen, bei denen fr\u00fcher der SL Croce lief.<\/p>\n<p><a href='http:\/\/ski.inmontanis.info\/d\/180426-2\/DSC06804.jpg'><img src=http:\/\/ski.inmontanis.info\/d\/180425-3\/DSC06804.jpg \/><\/a><br \/>\n^ Rechts der stillgelegte SL Croce, links die DSB Cantore, die Abfahrt geradeaus geht quasi zur DSB Mittelstation, links zweigt dann die Canalgrande ab.<\/p>\n<p><a href='http:\/\/ski.inmontanis.info\/d\/180430-2\/DSC06816.jpg'><img src=http:\/\/ski.inmontanis.info\/d\/180429-3\/DSC06816.jpg \/><\/a><br \/>\n^ Kurzer Ex-SL Croce, ganz links oben im Plan<\/p>\n<p><a href='http:\/\/ski.inmontanis.info\/d\/180434-2\/DSC06805.jpg'><img src=http:\/\/ski.inmontanis.info\/d\/180433-3\/DSC06805.jpg \/><\/a><br \/>\n^ Blick zum Gipfelkreuz, links davon die Bergstation des Ex-SL Croce, rechts die Bergstation DSB Cantore<\/p>\n<p><a href='http:\/\/ski.inmontanis.info\/d\/180438-2\/DSC06811.jpg'><img src=http:\/\/ski.inmontanis.info\/d\/180437-3\/DSC06811.jpg \/><\/a><br \/>\n^ Ist glaub ich die Panoramica, zwischen SL Bellaria und SL Asso di Fiori<\/p>\n<p><a href='http:\/\/ski.inmontanis.info\/d\/180442-2\/DSC09965.jpg'><img src=http:\/\/ski.inmontanis.info\/d\/180441-3\/DSC09965.jpg \/><\/a><br \/>\n^ IR-Pano, mit extremer Kontrastverbesserung meint man dann doch das Meer zu erkennen. Schade, dass das heut so extrem diesig war.<\/p>\n<p><a href='http:\/\/ski.inmontanis.info\/d\/180446-2\/DSC06748.jpg'><img src=http:\/\/ski.inmontanis.info\/d\/180445-3\/DSC06748.jpg \/><\/a><br \/>\n^ Ich befinde mich zwischen den beiden DSBs im Wald, links von mir war das Foto mit dem Ex-SL Vetta, vor mir nun die ehemalige Bergstation des kurzen SL Due Cime<\/p>\n<p><a href='http:\/\/ski.inmontanis.info\/d\/180450-2\/DSC06817.jpg'><img src=http:\/\/ski.inmontanis.info\/d\/180449-3\/DSC06817.jpg \/><\/a><br \/>\n^ Ex-SL Due Cime. Wenn doch nur dieser oder der SL Vetta noch liefen, dann k\u00f6nnte man sich hier im Wald austoben, wo der Schnee noch gut ist &#8230;<\/p>\n<p><a href='http:\/\/ski.inmontanis.info\/d\/180454-2\/DSC06821.jpg'><img src=http:\/\/ski.inmontanis.info\/d\/180453-3\/DSC06821.jpg \/><\/a><br \/>\n^ Ex-SL Due Cime &#8211; St\u00fctzenmonument. Hach, wie langweilig w\u00e4re Italien, wenn es diese Liftreste nicht g\u00e4be!! (Und ja, mit blauem Himmel k\u00e4me dieses Bild nicht so gut.)<\/p>\n<p><a href='http:\/\/ski.inmontanis.info\/d\/180458-2\/DSC06822.jpg'><img src=http:\/\/ski.inmontanis.info\/d\/180457-3\/DSC06822.jpg \/><\/a><br \/>\n^ Ex-SL Due Cime<\/p>\n<p><a href='http:\/\/ski.inmontanis.info\/d\/180462-2\/DSC06824.jpg'><img src=http:\/\/ski.inmontanis.info\/d\/180461-3\/DSC06824.jpg \/><\/a><br \/>\n^ Wieder im Wald unterhalb des Ex-SL Due Cime, also im Bereich des SL Nordica. Dieser Bereich ging auch toll, allerdings sind hier viele Felsen drin &#8211; vmtl. nur bei viel Schnee wie momentan vern\u00fcnftig fahrbar.<\/p>\n<p><a href='http:\/\/ski.inmontanis.info\/d\/180466-2\/DSC06829.jpg'><img src=http:\/\/ski.inmontanis.info\/d\/180465-3\/DSC06829.jpg \/><\/a><br \/>\n^ Blick zum Monte Amiata von unten, eine Abfahrtsschneise erkennt man<\/p>\n<p>Gefilmt hab ich heute wieder viel, aber keine Abfahrten, nur die tollen Lifte:<\/p>\n<p><object style=\"height: 500px; width: 900px\"><param name=\"movie\" value=\"http:\/\/www.youtube.com\/v\/OAZxhH0X-O8\"><\/param><param name=\"wmode\" value=\"transparent\"><\/param><embed src=\"http:\/\/www.youtube.com\/v\/OAZxhH0X-O8\" type=\"application\/x-shockwave-flash\" wmode=\"transparent\"  width=\"900\" height=\"480\"><\/embed><\/object><\/p>\n<p>Fazit: Lifte TOP, Wald TOP, Abfahrten FLOP. Panorama &#8211; heute leider nicht. Hat sich der weite Umweg gelohnt? Absolut.<\/p>\n<p>Um 15 Uhr war ich soweit durch und hatte noch 3,5-4,5h Fahrt vor mir, da ich mich in der N\u00e4he von Reggio Emilia in ein Hotel (Tricolore) einquartiert hatte (45,- \u00dcF). Auf dem Weg war ich an einer Autobahnrastst\u00e4tte kurz auf dem Klo und &#8220;musste&#8221; den &#8220;neuen Burger&#8221; von Autogrill testen. War ganz gut, aber doch recht viel, so dass ich gar keine Lust mehr hatte, abends im Hotel (Ankunft nach 20 Uhr) noch in die paar Meter entfernte Pizzeria zu gehen. Naja, somit wenigstens Geld gespart ;)<\/p>\n<p><a href='http:\/\/extra.inmontanis.info\/d\/20913-2\/DSC06842.jpg'><img src=http:\/\/extra.inmontanis.info\/d\/20912-3\/DSC06842.jpg \/><\/a><br \/>\n^ Toskanische Landschaft<\/p>\n<p><a href='http:\/\/extra.inmontanis.info\/d\/20917-2\/DSC06848.jpg'><img src=http:\/\/extra.inmontanis.info\/d\/20916-3\/DSC06848.jpg \/><\/a><br \/>\n^ Auf irgendeiner Autobahn richtung Norden<\/p>\n<p><a href='http:\/\/extra.inmontanis.info\/d\/20921-2\/DSC06851.jpg'><img src=http:\/\/extra.inmontanis.info\/d\/20920-3\/DSC06851.jpg \/><\/a><br \/>\n^ Sonnenuntergang. Ja klar, jetzt w\u00e4re es wieder wolkenlos und es g\u00e4be eine gute Sicht &#8230;<\/p>\n<p><a href='http:\/\/extra.inmontanis.info\/d\/20925-2\/DSC06857.jpg'><img src=http:\/\/extra.inmontanis.info\/d\/20924-3\/DSC06857.jpg \/><\/a><br \/>\n^ Heutiges Hotelzimmer<\/p>\n<p>Nat\u00fcrlich kam ich wieder viel zu sp\u00e4t ins Bett (trotz oder wg. des schnellen Internets), konnte weder 6 Stunden schlafen noch um 7 Uhr beim Fr\u00fchst\u00fccken sein &#8211; sondern erst kurz nach 8 Uhr. Fr\u00fchst\u00fccksbuffet zwar nicht so reichhaltig wie gestern, aber trotzdem gut, Semmeln, 2 Kuchen, Schinken, K\u00e4se, M\u00fcsli\/Flakes, usw.<\/p>\n<p>(Fortsetzung folgt.)<\/p>\n","protected":false},"excerpt":{"rendered":"<p>FIST &#8211; Frankreich-Italien-Spanien Tour, Tag 17, Fr, 7.3.2014, Monte Amiata. km 7.006 (\u2206 396)<\/p>\n<p>Vor ein paar Jahren hatte ich es ja schon mal am Monte Amiata versucht, auf dem R\u00fcckweg einer Appennintour, aber da waren die Lifte zu, evtl. wg. des Nebels und leichten Regens damals. Heute sollte alles offen sein, stand im Internet.<\/p>\n<p> <a href=\"http:\/\/blog.inmontanis.info\/?p=2683\">[&#8230;]<\/a><\/p>\n","protected":false},"author":1,"featured_media":0,"comment_status":"open","ping_status":"closed","sticky":false,"template":"","format":"standard","meta":{"footnotes":""},"categories":[130,15,456,59,27,32],"tags":[38,90,47],"class_list":["post-2683","post","type-post","status-publish","format-standard","hentry","category-201402-fist","category-italienitaly","category-monte-amiata","category-nostalgie","category-skifahren-winterskiing-winter","category-lostplaces","tag-dsb","tag-infrarot","tag-sl","odd"],"_links":{"self":[{"href":"http:\/\/blog.inmontanis.info\/index.php?rest_route=\/wp\/v2\/posts\/2683","targetHints":{"allow":["GET"]}}],"collection":[{"href":"http:\/\/blog.inmontanis.info\/index.php?rest_route=\/wp\/v2\/posts"}],"about":[{"href":"http:\/\/blog.inmontanis.info\/index.php?rest_route=\/wp\/v2\/types\/post"}],"author":[{"embeddable":true,"href":"http:\/\/blog.inmontanis.info\/index.php?rest_route=\/wp\/v2\/users\/1"}],"replies":[{"embeddable":true,"href":"http:\/\/blog.inmontanis.info\/index.php?rest_route=%2Fwp%2Fv2%2Fcomments&post=2683"}],"version-history":[{"count":1,"href":"http:\/\/blog.inmontanis.info\/index.php?rest_route=\/wp\/v2\/posts\/2683\/revisions"}],"predecessor-version":[{"id":2684,"href":"http:\/\/blog.inmontanis.info\/index.php?rest_route=\/wp\/v2\/posts\/2683\/revisions\/2684"}],"wp:attachment":[{"href":"http:\/\/blog.inmontanis.info\/index.php?rest_route=%2Fwp%2Fv2%2Fmedia&parent=2683"}],"wp:term":[{"taxonomy":"category","embeddable":true,"href":"http:\/\/blog.inmontanis.info\/index.php?rest_route=%2Fwp%2Fv2%2Fcategories&post=2683"},{"taxonomy":"post_tag","embeddable":true,"href":"http:\/\/blog.inmontanis.info\/index.php?rest_route=%2Fwp%2Fv2%2Ftags&post=2683"}],"curies":[{"name":"wp","href":"https:\/\/api.w.org\/{rel}","templated":true}]}}