{"id":2681,"date":"2014-03-06T11:28:56","date_gmt":"2014-03-06T10:28:56","guid":{"rendered":"http:\/\/blog.inmontanis.info\/?p=2681"},"modified":"2023-07-31T19:39:00","modified_gmt":"2023-07-31T17:39:00","slug":"zum-zeri-6-3-2014","status":"publish","type":"post","link":"http:\/\/blog.inmontanis.info\/?p=2681","title":{"rendered":"Zum Zeri, 6.3.2014"},"content":{"rendered":"<p><strong>FIST &#8211; Frankreich-Italien-Spanien Tour, Tag 16, Do, 6.3.2014, Zum Zeri. km 6.610 (\u2206 313)<\/strong><\/p>\n<p>Kurz nach 10 Uhr kam ich im Skigebiet Zum Zeri an. Die Fahrerei durch diesen Teil des Appennins ist sehr m\u00fchselig, da es keine &#8220;geraden&#8221; T\u00e4ler mit Stra\u00dfen hindurch gibt, man somit mehr Kurven als gerade Strecken hat, die Stra\u00dfen recht schmal sind und es oft auch nicht so toll ausgeschildert ist.<\/p>\n<p>(Fotos anklicken zum Vergr\u00f6\u00dfern)<\/p>\n<p><a href='http:\/\/extra.inmontanis.info\/d\/19824-6\/ge201402-fist4.jpg'><img src=http:\/\/extra.inmontanis.info\/d\/19824-6\/ge201402-fist4.jpg \/><\/a><br \/>\nT) Zum Zeri<\/p>\n<p><a href='http:\/\/extra.inmontanis.info\/d\/20865-2\/DSC06524.jpg'><img src=http:\/\/extra.inmontanis.info\/d\/20864-3\/DSC06524.jpg \/><\/a><br \/>\n^ Passo del Rastello<\/p>\n<p><a href='http:\/\/extra.inmontanis.info\/d\/20869-2\/DSC06530.jpg'><img src=http:\/\/extra.inmontanis.info\/d\/20868-3\/DSC06530.jpg \/><\/a><br \/>\n^ Kurz nach dem Passo del Rastello<\/p>\n<p><a href='http:\/\/extra.inmontanis.info\/d\/20873-2\/DSC06537.jpg'><img src=http:\/\/extra.inmontanis.info\/d\/20872-3\/DSC06537.jpg \/><\/a><br \/>\n^ Coloretta<\/p>\n<p>Die Tageskarte kostete 15,- \u20ac und in Betrieb war die Graffer-DSB und das F\u00f6rderband, der SL ist evtl. nur am WE in Betrieb (wenn \u00fcberhaupt). Es waren zwar nicht alle Abfahrten frisch pr\u00e4pariert, aber das st\u00f6rte mich weniger. Der Gro\u00dfteil der Abfahrten ist vom Modellierungscharakter ertr\u00e4glich, aufgrund der geringen Breite und Geschwungenheit sind die meisten Pisten sehr nett. Nebenbei l\u00e4dt der Birkenwald zum Waldskifahren ein, leider waren die Schneeverh\u00e4ltisse dort nicht \u00fcberall so toll, so dass es meist eher ein Traversieren in gro\u00dfen B\u00f6gen war. Langweilig wird&#8217;s einem mit den vielen Pisten und Waldvarianten jedenfalls nicht so schnell, Meer und Alpen hat man auch gerade so gesehen.<\/p>\n<p><a href='http:\/\/ski.inmontanis.info\/d\/180024-2\/ge20140306a.jpg'><img src=http:\/\/ski.inmontanis.info\/d\/180022-3\/ge20140306a.jpg \/><\/a><br \/>\n^ GPS-Track, inkl. einiger Fahrten quer durch den Wald<\/p>\n<p><a href='http:\/\/ski.inmontanis.info\/d\/180028-2\/DSC06550.jpg'><img src=http:\/\/ski.inmontanis.info\/d\/180027-3\/DSC06550.jpg \/><\/a><br \/>\n^ DSB<\/p>\n<p><a href='http:\/\/ski.inmontanis.info\/d\/180032-2\/DSC06553.jpg'><img src=http:\/\/ski.inmontanis.info\/d\/180031-3\/DSC06553.jpg \/><\/a><br \/>\n^ Zugang zum Skigebiet, links das Kassengeb\u00e4ude, dann entweder zu Fu\u00df weiter hinauf oder rechts das F\u00f6rderband nehmen<\/p>\n<p><a href='http:\/\/ski.inmontanis.info\/d\/180036-2\/DSC06554.jpg'><img src=http:\/\/ski.inmontanis.info\/d\/180035-3\/DSC06554.jpg \/><\/a><br \/>\n^ Sportgesch\u00e4ft, die neumodischen Ski passen nicht ganz zum restlichen Ambiente in diesem Foto :)<\/p>\n<p><a href='http:\/\/ski.inmontanis.info\/d\/180040-2\/DSC06561.jpg'><img src=http:\/\/ski.inmontanis.info\/d\/180039-3\/DSC06561.jpg \/><\/a><br \/>\n^ F\u00f6rderband<\/p>\n<p><a href='http:\/\/ski.inmontanis.info\/d\/180044-2\/DSC06555.jpg'><img src=http:\/\/ski.inmontanis.info\/d\/180043-3\/DSC06555.jpg \/><\/a><br \/>\n^ SL, dahinter die DSB<\/p>\n<p><a href='http:\/\/ski.inmontanis.info\/d\/180048-2\/DSC06559.jpg'><img src=http:\/\/ski.inmontanis.info\/d\/180047-3\/DSC06559.jpg \/><\/a><br \/>\n^ F\u00f6rderband, hier stand fr\u00fcher mal ein SL, der ein St\u00fcck weiter hinauf ging (weiter oben stehen noch St\u00fctzen)<\/p>\n<p><a href='http:\/\/ski.inmontanis.info\/d\/180052-2\/DSC06562.jpg'><img src=http:\/\/ski.inmontanis.info\/d\/180051-3\/DSC06562.jpg \/><\/a><br \/>\n^ SL und DSB-Mittelstation<\/p>\n<p><a href='http:\/\/ski.inmontanis.info\/d\/180056-2\/DSC06564.jpg'><img src=http:\/\/ski.inmontanis.info\/d\/180055-3\/DSC06564.jpg \/><\/a><br \/>\n^ SL, zumindest heute nicht im Betrieb. Evtl. am WE?<\/p>\n<p><a href='http:\/\/ski.inmontanis.info\/d\/180060-2\/DSC06568.jpg'><img src=http:\/\/ski.inmontanis.info\/d\/180059-3\/DSC06568.jpg \/><\/a><br \/>\n^ DSB Talstation<\/p>\n<p><a href='http:\/\/ski.inmontanis.info\/d\/180064-2\/DSC06571.jpg'><img src=http:\/\/ski.inmontanis.info\/d\/180063-3\/DSC06571.jpg \/><\/a><br \/>\n^ DSB Mittelstation<\/p>\n<p><a href='http:\/\/ski.inmontanis.info\/d\/180068-2\/DSC06569.jpg'><img src=http:\/\/ski.inmontanis.info\/d\/180067-3\/DSC06569.jpg \/><\/a><br \/>\n^ DSB Strecke oberhalb der Mittelstation. Ganz schlau werd ich nicht, die Sessel und vmtl. der obere Teil der St\u00fctzen sind doch wesentlich neuer als der gr\u00fcne Mast an sich ..?! Aber was stand dann vorher hier, ein Graffer-ESL? Kurios, wo doch der SL daneben ein Leitner war&#8230;<\/p>\n<p><a href='http:\/\/ski.inmontanis.info\/d\/180072-2\/DSC06572.jpg'><img src=http:\/\/ski.inmontanis.info\/d\/180071-3\/DSC06572.jpg \/><\/a><br \/>\n^ DSB, oberer Teil<\/p>\n<p><a href='http:\/\/ski.inmontanis.info\/d\/180076-2\/DSC06573.jpg'><img src=http:\/\/ski.inmontanis.info\/d\/180075-3\/DSC06573.jpg \/><\/a><br \/>\n^ He-ho, ist das ein Birkenwald? Darin kann man immer so sch\u00f6n fahren<\/p>\n<p><a href='http:\/\/ski.inmontanis.info\/d\/180080-2\/DSC06576.jpg'><img src=http:\/\/ski.inmontanis.info\/d\/180079-3\/DSC06576.jpg \/><\/a><br \/>\n^ DSB, oberer Teil; links neben der DSB stand fr\u00fcher ein SL, oben sieht man die St\u00fctze<\/p>\n<p><a href='http:\/\/ski.inmontanis.info\/d\/180084-2\/DSC06578.jpg'><img src=http:\/\/ski.inmontanis.info\/d\/180083-3\/DSC06578.jpg \/><\/a><br \/>\n^ Ex-SL-Reste parallel zur DSB<\/p>\n<p><a href='http:\/\/ski.inmontanis.info\/d\/180088-2\/DSC06580.jpg'><img src=http:\/\/ski.inmontanis.info\/d\/180087-3\/DSC06580.jpg \/><\/a><br \/>\n^ Abfahrt links der DSB mit Abzweigung<\/p>\n<p><a href='http:\/\/ski.inmontanis.info\/d\/180092-2\/DSC06582.jpg'><img src=http:\/\/ski.inmontanis.info\/d\/180091-3\/DSC06582.jpg \/><\/a><br \/>\n^ Verzweigung zweier Abfahrten links der DSB (wie \u00fcblich bergw\u00e4rts gesehen).  Hier die linke ist etwas steiler, die rechte daf\u00fcr netter trassiert<\/p>\n<p><a href='http:\/\/ski.inmontanis.info\/d\/180096-2\/DSC06583.jpg'><img src=http:\/\/ski.inmontanis.info\/d\/180095-3\/DSC06583.jpg \/><\/a><br \/>\n^ Starthang rechts der DSB, unten die Bergstation des halben Doppel-SL,sp\u00e4ter war ich links und rechts im Wald. Ganz hinten die Alpen<\/p>\n<p><a href='http:\/\/ski.inmontanis.info\/d\/180100-2\/DSC09920.jpg'><img src=http:\/\/ski.inmontanis.info\/d\/180099-3\/DSC09920.jpg \/><\/a><br \/>\n^ IR-Zoom zu den Alpen &#8211; dazwischen l\u00e4ge \u00fcbrigens auch noch die Po-Ebene :)<\/p>\n<p><a href='http:\/\/ski.inmontanis.info\/d\/180104-2\/DSC06584.jpg'><img src=http:\/\/ski.inmontanis.info\/d\/180103-3\/DSC06584.jpg \/><\/a><br \/>\n^ SL Bergstation<\/p>\n<p><a href='http:\/\/ski.inmontanis.info\/d\/180108-2\/DSC06586.jpg'><img src=http:\/\/ski.inmontanis.info\/d\/180107-3\/DSC06586.jpg \/><\/a><br \/>\n^ Start zu den ganz rechten Abfahrten<\/p>\n<p><a href='http:\/\/ski.inmontanis.info\/d\/180112-2\/DSC06587.jpg'><img src=http:\/\/ski.inmontanis.info\/d\/180111-3\/DSC06587.jpg \/><\/a><br \/>\n^ \u00dcberreste des SL, der unten mit dem F\u00f6rderband ersetzt wurde<\/p>\n<p><a href='http:\/\/ski.inmontanis.info\/d\/180116-2\/DSC06588.jpg'><img src=http:\/\/ski.inmontanis.info\/d\/180115-3\/DSC06588.jpg \/><\/a><br \/>\n^ Die fast ganz linke Abfahrt, hat mir von der Trassierung am besten gefallen<\/p>\n<p><a href='http:\/\/ski.inmontanis.info\/d\/180120-2\/DSC06590.jpg'><img src=http:\/\/ski.inmontanis.info\/d\/180119-3\/DSC06590.jpg \/><\/a><br \/>\n^ Die fast ganz linke Abfahrt<\/p>\n<p><a href='http:\/\/ski.inmontanis.info\/d\/180124-2\/DSC06591.jpg'><img src=http:\/\/ski.inmontanis.info\/d\/180123-3\/DSC06591.jpg \/><\/a><br \/>\n^ Die fast ganz linke Abfahrt und Blick zur DSB und dem Parkplatz<\/p>\n<p><a href='http:\/\/ski.inmontanis.info\/d\/180128-2\/DSC06593.jpg'><img src=http:\/\/ski.inmontanis.info\/d\/180127-3\/DSC06593.jpg \/><\/a><br \/>\n^ Im Wald ging&#8217;s im oberen Bereich ganz gut zu fahren, weiter unten war&#8217;s nicht so toll&#8230;<\/p>\n<p><a href='http:\/\/ski.inmontanis.info\/d\/180132-2\/DSC06594.jpg'><img src=http:\/\/ski.inmontanis.info\/d\/180131-3\/DSC06594.jpg \/><\/a><br \/>\n^ Waldabfahrt<\/p>\n<p><a href='http:\/\/ski.inmontanis.info\/d\/180136-2\/DSC06600.jpg'><img src=http:\/\/ski.inmontanis.info\/d\/180135-3\/DSC06600.jpg \/><\/a><br \/>\n^ SL-Strecke, ging nicht gut zum Abfahren, zu viel Sonne<\/p>\n<p><a href='http:\/\/ski.inmontanis.info\/d\/180140-2\/DSC06602.jpg'><img src=http:\/\/ski.inmontanis.info\/d\/180139-3\/DSC06602.jpg \/><\/a><br \/>\n^ SL<\/p>\n<p><a href='http:\/\/ski.inmontanis.info\/d\/180144-2\/DSC06603.jpg'><img src=http:\/\/ski.inmontanis.info\/d\/180143-3\/DSC06603.jpg \/><\/a><br \/>\n^ SL Bergstation, dar\u00fcber die DSB-Bergstation. Rechts durch den Wald konnte man ein sch\u00f6nes St\u00fcck r\u00fcckseitig abfahren, bevor man wieder hier r\u00fcber queren musste.<\/p>\n<p><a href='http:\/\/ski.inmontanis.info\/d\/180148-2\/DSC09926.jpg'><img src=http:\/\/ski.inmontanis.info\/d\/180147-3\/DSC09926.jpg \/><\/a><br \/>\n^ IR-Pano mit Mittelmeer<\/p>\n<p><a href='http:\/\/ski.inmontanis.info\/d\/180152-2\/DSC06604.jpg'><img src=http:\/\/ski.inmontanis.info\/d\/180151-3\/DSC06604.jpg \/><\/a><br \/>\n^ Andere Waldseite<\/p>\n<p><a href='http:\/\/ski.inmontanis.info\/d\/180156-2\/DSC06607.jpg'><img src=http:\/\/ski.inmontanis.info\/d\/180155-3\/DSC06607.jpg \/><\/a><br \/>\n^ Ganz unbeschwert kann man leider nicht durch den Wald fahren &#8211; hier und da muss man auf ein paar fiese Bachl\u00e4ufe aufpassen.<\/p>\n<p><a href='http:\/\/ski.inmontanis.info\/d\/180160-3\/DSC06609.jpg'><img src=http:\/\/ski.inmontanis.info\/d\/180159-4\/DSC06609.jpg \/><\/a><br \/>\n^ Pano<\/p>\n<p><a href='http:\/\/ski.inmontanis.info\/d\/180164-2\/DSC09934.jpg'><img src=http:\/\/ski.inmontanis.info\/d\/180163-3\/DSC09934.jpg \/><\/a><br \/>\n^ IR-Pano mit Mittelmeer<\/p>\n<p><a href='http:\/\/ski.inmontanis.info\/d\/180168-2\/DSC09935.jpg'><img src=http:\/\/ski.inmontanis.info\/d\/180167-3\/DSC09935.jpg \/><\/a><br \/>\n^ IR-Zoom Mittelmeer<\/p>\n<p><a href='http:\/\/ski.inmontanis.info\/d\/180172-2\/DSC06611.jpg'><img src=http:\/\/ski.inmontanis.info\/d\/180171-3\/DSC06611.jpg \/><\/a><br \/>\n^ Blick vom Parkplatz ins Skigebiet<\/p>\n<p><a href='http:\/\/ski.inmontanis.info\/d\/180176-2\/DSC06644.jpg'><img src=http:\/\/ski.inmontanis.info\/d\/180175-3\/DSC06644.jpg \/><\/a><br \/>\n^ Skipass (Karton)<\/p>\n<p>Erst um 15 Uhr war ich mit allem soweit fertig, was ich fahren wollte &#8211; und hatte au\u00dferdem noch 3-4 Stunden Fahrt vor mir.<\/p>\n<p><a href='http:\/\/extra.inmontanis.info\/d\/20877-2\/DSC06619.jpg'><img src=http:\/\/extra.inmontanis.info\/d\/20876-3\/DSC06619.jpg \/><\/a><br \/>\n^ Talw\u00e4rts, das Meer gl\u00e4nzt im Hintergrund<\/p>\n<p><a href='http:\/\/extra.inmontanis.info\/d\/20881-2\/DSC06624.jpg'><img src=http:\/\/extra.inmontanis.info\/d\/20880-3\/DSC06624.jpg \/><\/a><br \/>\n^ Appennin, viele verw\u00fcrfelte Berge und T\u00e4ler, die Stra\u00dfen verbinden kreuz und quer eher die D\u00f6rfer auf den Bergen. Klare Taleinschnitte mit Zubringerstra\u00dfen sind selten<\/p>\n<p>Die Fahrt nach Florenz, Siena und Monteroni war soweit problemlos, die mautfreie Autobahn von Florenz nach Siena ist gro\u00dfteils aber in einem desastr\u00f6sen Zustand.<\/p>\n<p><a href='http:\/\/extra.inmontanis.info\/d\/20885-3\/DSC06635.jpg'><img src=http:\/\/extra.inmontanis.info\/d\/20884-4\/DSC06635.jpg \/><\/a><br \/>\n^ Die schroffen Gipfel der Alpi Apuane, gesehen von der Autobahn A12<\/p>\n<p><a href='http:\/\/extra.inmontanis.info\/d\/20889-2\/DSC06640.jpg'><img src=http:\/\/extra.inmontanis.info\/d\/20888-3\/DSC06640.jpg \/><\/a><br \/>\n^ A12, Alpi Apuane und viele Steinbr\u00fcche (Marmor?), deren Steine links und rechts der Autobahn in vielen Firmen mit solchen Br\u00fccken\/Portalkr\u00e4nen verarbeitet werden<\/p>\n<p>Kurz vor 19:30 Uhr kam ich am Hotel an, diesmal keine nachgebildete Burg, sondern eine echte &#8220;borgo antico&#8221; (so hei\u00dft das Hotel). Einrichtung und Hoteltrakt allerdings modern, blo\u00df das Restaurant\/Speisesaal ist &#8220;burgisch&#8221; und hei\u00dft nicht umsonst &#8220;Grotta del Borgo&#8221;. Und w\u00e4hrend ich Schimmelgeruch im Zimmer nicht unbedingt brauch, geh\u00f6rt der modrige Geruch in dieser Umgebung nat\u00fcrlich dazu :)<\/p>\n<p><a href='http:\/\/extra.inmontanis.info\/d\/20893-2\/DSC06642.jpg'><img src=http:\/\/extra.inmontanis.info\/d\/20892-3\/DSC06642.jpg \/><\/a><br \/>\n^ Heutiges Hotelzimmer<\/p>\n<p><a href='http:\/\/extra.inmontanis.info\/d\/20897-2\/20140306-Foto+4.jpg'><img src=http:\/\/extra.inmontanis.info\/d\/20896-3\/20140306-Foto+4.jpg \/><\/a><br \/>\n^ Hotelrestaurant in einer alten Burggrotte<\/p>\n<p>Pizza gab&#8217;s leider keine, Men\u00fc auch nicht (bzw. mir mit 34,- zu teuer), so blieb ich bei 2 Vorspeiseng\u00e4ngen &#8211; hab mir aber evtl. dann doch nicht ganz das richtige rausgesucht.<\/p>\n<p>Das  Fr\u00fchst\u00fcckbuffet war gro\u00df, inkl. 3 Kuchen, Omelette, Schinken, K\u00e4se, usw. Wie gestern hatte allerdings die Butter gefehlt.<\/p>\n<p>(Fortsetzung folgt.)<\/p>\n","protected":false},"excerpt":{"rendered":"<p>FIST &#8211; Frankreich-Italien-Spanien Tour, Tag 16, Do, 6.3.2014, Zum Zeri. km 6.610 (\u2206 313)<\/p>\n<p>Kurz nach 10 Uhr kam ich im Skigebiet Zum Zeri an. Die Fahrerei durch diesen Teil des Appennins ist sehr m\u00fchselig, da es keine &#8220;geraden&#8221; T\u00e4ler mit Stra\u00dfen hindurch gibt, man somit mehr Kurven als gerade Strecken hat, die Stra\u00dfen recht <a href=\"http:\/\/blog.inmontanis.info\/?p=2681\">[&#8230;]<\/a><\/p>\n","protected":false},"author":1,"featured_media":0,"comment_status":"open","ping_status":"closed","sticky":false,"template":"","format":"standard","meta":{"footnotes":""},"categories":[130,15,27,374],"tags":[38,91,90,37,47],"class_list":["post-2681","post","type-post","status-publish","format-standard","hentry","category-201402-fist","category-italienitaly","category-skifahren-winterskiing-winter","category-zum-zeri","tag-dsb","tag-graffer","tag-infrarot","tag-meer","tag-sl","odd"],"_links":{"self":[{"href":"http:\/\/blog.inmontanis.info\/index.php?rest_route=\/wp\/v2\/posts\/2681","targetHints":{"allow":["GET"]}}],"collection":[{"href":"http:\/\/blog.inmontanis.info\/index.php?rest_route=\/wp\/v2\/posts"}],"about":[{"href":"http:\/\/blog.inmontanis.info\/index.php?rest_route=\/wp\/v2\/types\/post"}],"author":[{"embeddable":true,"href":"http:\/\/blog.inmontanis.info\/index.php?rest_route=\/wp\/v2\/users\/1"}],"replies":[{"embeddable":true,"href":"http:\/\/blog.inmontanis.info\/index.php?rest_route=%2Fwp%2Fv2%2Fcomments&post=2681"}],"version-history":[{"count":2,"href":"http:\/\/blog.inmontanis.info\/index.php?rest_route=\/wp\/v2\/posts\/2681\/revisions"}],"predecessor-version":[{"id":5021,"href":"http:\/\/blog.inmontanis.info\/index.php?rest_route=\/wp\/v2\/posts\/2681\/revisions\/5021"}],"wp:attachment":[{"href":"http:\/\/blog.inmontanis.info\/index.php?rest_route=%2Fwp%2Fv2%2Fmedia&parent=2681"}],"wp:term":[{"taxonomy":"category","embeddable":true,"href":"http:\/\/blog.inmontanis.info\/index.php?rest_route=%2Fwp%2Fv2%2Fcategories&post=2681"},{"taxonomy":"post_tag","embeddable":true,"href":"http:\/\/blog.inmontanis.info\/index.php?rest_route=%2Fwp%2Fv2%2Ftags&post=2681"}],"curies":[{"name":"wp","href":"https:\/\/api.w.org\/{rel}","templated":true}]}}