{"id":2677,"date":"2014-03-05T20:11:01","date_gmt":"2014-03-05T19:11:01","guid":{"rendered":"http:\/\/blog.inmontanis.info\/?p=2677"},"modified":"2023-07-31T20:15:42","modified_gmt":"2023-07-31T18:15:42","slug":"santo-stefano-daveto-5-3-2014","status":"publish","type":"post","link":"http:\/\/blog.inmontanis.info\/?p=2677","title":{"rendered":"Santo Stefano d&#8217;Aveto, 5.3.2014"},"content":{"rendered":"<p><strong>FIST &#8211; Frankreich-Italien-Spanien Tour, Tag 15, Mi, 5.3.2014, Santo Stefano d&#8217;Aveto. km 6.297 (\u2206 225)<\/strong><\/p>\n<p>Durch Fr\u00fchst\u00fcck &#038; Co kam ich erst kurz vor 9 Uhr weg. Auf der Autobahn gab&#8217;s dann vor bzw. in Genua einen krassen Stau. War zwar nur mit 9 km angeschrieben, es ging tw. aber minutenlang (bis zu 5-7 Minuten!) gar nix, \u00fcberhaupt nix weiter. Schlussendlich hatte ich damit 1:40 (Stunden, nicht Minuten) Zeitverlust. Und daf\u00fcr muss man dann auch noch Maut zahlen! Nerv! Grund waren wohl irgendwelche (vmtl. sehr dringende) Br\u00fcckensanierungsarbeiten, wo die 2 Spuren nach der Einm\u00fcndung einer weiteren Autobahn auf 1 Spur zusammenkamen und der Verkehr vmtl. zeitweise  angehalten wurde, weil vmtl. selbst die 1 offene Spur immer wieder gesperrt wurde, damit irgendwelche Schwei\u00dfarbeiten o.\u00e4. durchgef\u00fchrt werden konnten&#8230;<\/p>\n<p>Hoffentlich merk ich mir das jetzt ein f\u00fcr alle Mal &#8211; abends immer bis <em>nach<\/em> der gr\u00f6\u00dferen Stadt fahren. Morgens vorbei an Genua? Turin? Grenoble? Ganz schlechte Idee.<\/p>\n<p>(Fotos anklicken zum Vergr\u00f6\u00dfern)<\/p>\n<p><a href='http:\/\/extra.inmontanis.info\/d\/19824-6\/ge201402-fist4.jpg'><img src=http:\/\/extra.inmontanis.info\/d\/19824-6\/ge201402-fist4.jpg \/><\/a><br \/>\nS) Santo Stefano d&#8217;Aveto (Monte Bue)<\/p>\n<p><a href='http:\/\/extra.inmontanis.info\/d\/20825-2\/DSC06287.jpg'><img src=http:\/\/extra.inmontanis.info\/d\/20824-3\/DSC06287.jpg \/><\/a><br \/>\n^ SS1 zwischen Savona und Genua. Oder anders gesagt, zwischen Hotel und Autobahn.<\/p>\n<p><a href='http:\/\/extra.inmontanis.info\/d\/20829-2\/DSC06292.jpg'><img src=http:\/\/extra.inmontanis.info\/d\/20828-3\/DSC06292.jpg \/><\/a><br \/>\n^ Genua<\/p>\n<p><a href='http:\/\/extra.inmontanis.info\/d\/20833-2\/DSC06295.jpg'><img src=http:\/\/extra.inmontanis.info\/d\/20832-3\/DSC06295.jpg \/><\/a><br \/>\n^ Autobahndurchfahrt Genua, immer wieder ein Erlebnis. Der Stau war allerdings weniger sch\u00f6n.<\/p>\n<p><a href='http:\/\/extra.inmontanis.info\/d\/20837-2\/DSC06296.jpg'><img src=http:\/\/extra.inmontanis.info\/d\/20836-3\/DSC06296.jpg \/><\/a><br \/>\n^ Irgendwann werden die ganzen Autobahnen in Italien in sich zusammenst\u00fcrzen :) Leider war wohl genau diese Bef\u00fcrchtung der Grund f\u00fcr den Stau &#8211; dringende Sanierungsarbeiten.<\/p>\n<p><a href='http:\/\/extra.inmontanis.info\/d\/20841-2\/DSC06298.jpg'><img src=http:\/\/extra.inmontanis.info\/d\/20840-3\/DSC06298.jpg \/><\/a><br \/>\n^ Irgendwo n\u00f6rdlich oder nord\u00f6stlich von Genua<\/p>\n<p><a href='http:\/\/extra.inmontanis.info\/d\/20845-2\/DSC06304.jpg'><img src=http:\/\/extra.inmontanis.info\/d\/20844-3\/DSC06304.jpg \/><\/a><br \/>\n^ Leider ist das wieder so ein Teil des Appennins, wo es keine klaren T\u00e4ler-Berge-Abgrenzungen gibt, sondern alles verw\u00fcfelt ist und man zig verschiedene M\u00f6glichkeiten hat, um sein Ziel zu erreichen (wobei es morgen noch schlimmer werden sollte); hier musste ich einen kleinen Pass fahren, wo man zum Meer sehen konnte<\/p>\n<p>So kam ich erst gegen 13:15 Uhr an der Talstation in Santo Stefano d&#8217;Aveto an.  Was aber dann doch kein Problem war, da die Sesselbahnen unter der Woche von 12 bis 13 Uhr Mittag haben (NB: w\u00e4re diese Woche nicht Fasching, w\u00e4re unter der Woche ja sowieso nicht ge\u00f6ffnet!). <\/p>\n<p>Halbtageskarte kostete 15,- und war \u00e4u\u00dferst kurios &#8211; ein Plastikband \u00e0 la Kabelbinder mit einem kleinen Plastikrechteck mit einer Nummer und einem &#8220;Fleck&#8221;. Glaub der Fleck soll irgendein Land symbolisieren (kommt mir irgendwie bekannt vor, wei\u00df es aber nicht), das evtl. den heutigen Tag symbolisiert? Oder muss man den Kassenzettel vorlegen, wenn man kontrolliert wird? Bild von dem kuriosen Skipass ganz unten!<\/p>\n<p>Santo Stefano d&#8217;Aveto wurde ja nach seiner Stilllegung 1992 nach 16 Jahren, 2008, komplett neu, aber etwas anders aufgebaut (obere DSB kam etwas sp\u00e4ter). Anstelle des Korblifts mit Mittelstation gibt es nun 2 Sektionen DSB auf versetzter Trasse, zudem in der Mitte einen leichten SL f\u00fcr Anf\u00e4nger und als R\u00fcckbringer der oberen linken Abfahrt. Ob der SL fr\u00fcher an der gleichen Stelle lief, wei\u00df ich nicht, k\u00f6nnte aber sein.<\/p>\n<p>Die SL auf der R\u00fcckseite bzw. zum zweiten Gipfel wurden leider komplett stillgelegt. Die Abfahrten an den beiden DSBs sind aber echt nett, schmal, kurvig, altmodisch, ja auch etwas modelliert und ein paar Z\u00e4une, aber alles noch OK. Beschneiung gibt&#8217;s keine (bzw. evtl. am SL, wenn ich mich an manche Webcambilder recht erinnere), so dass man eben oft erst sp\u00e4t in der Saison in Betrieb gehen kann &#8211; dann liegt aber meist gleich genug Schnee, dass man problemlos ins Tal fahren kann. Die Talabfahrt geht ja s\u00fcdwestlich bis auf ca. 1300m runter.<\/p>\n<p>Der Schnee war heute zeitweise etwas pappig und f\u00fchrte bei meiner 2. Talabfahrt zu etlichen Schiebest\u00fccken &#8211; leider war das genau die Abfahrt, bei der ich filmte. Da mir wie gesagt alle DSB-Abfahrten sehr gut gefielen, hab ich diesmal ziemlich viel gefilmt, alle DSB-Abfahrten komplett, sowie die Lifte abschnittsweise.<\/p>\n<p>Die Lifte liefen verdammt langsam &#8211; ob weil &#8220;Kein-WE&#8221;, Sturm oder was auch immer. Leider gab&#8217;s noch einen Negativpunkt heute: Das Wetter. Fernab von einem recht sonnigen Tag, war es doch meist stark bew\u00f6lkt. Flachland (so man es sieht)? Alpen? Meer? Fehlanzeige. Au\u00dfer Meerpano, das hatte man zum Schluss zum Gl\u00fcck doch noch. In Summe war das Wetter so, wie es vor ein paar Tagen f\u00fcr den heutigen Tag auch in den spanischen Skigebieten vorhergesagt wurde. <\/p>\n<p>Trotzdem, hier wollte ich ja eh schon l\u00e4nger mal fahren, \u00fcber Weihnachten hatte es in letzter Zeit keinen Schnee und aufgrund der Wochenend\u00f6ffnungszeiten (immerhin auch montags) war es auf meiner letzten Appennintour auch nicht passend gelegen.<\/p>\n<p><a href='http:\/\/ski.inmontanis.info\/d\/179722-2\/DSC06310.jpg'><img src=http:\/\/ski.inmontanis.info\/d\/179721-3\/DSC06310.jpg \/><\/a><br \/>\n^ Von der Zufahrt nach Santo Stefano hat man nur selten und kurz die Gelegenheit, einen Blick ins Skigebiet zu erhaschen<\/p>\n<p><a href='http:\/\/ski.inmontanis.info\/d\/179726-2\/DSC06314.jpg'><img src=http:\/\/ski.inmontanis.info\/d\/179725-3\/DSC06314.jpg \/><\/a><br \/>\n^ Aktueller Pistenplan<\/p>\n<p><a href='http:\/\/ski.inmontanis.info\/d\/179730-2\/ge20140305c.jpg'><img src=http:\/\/ski.inmontanis.info\/d\/179729-3\/ge20140305c.jpg \/><\/a><br \/>\n^ GPS-Track (Talabfahrt ist s\u00fcdwestlich ausgerichtet); Magenta die ehemaligen Lifte, wobei der linke noch steht<\/p>\n<p><a href='http:\/\/ski.inmontanis.info\/d\/179734-2\/DSC06315.jpg'><img src=http:\/\/ski.inmontanis.info\/d\/179733-3\/DSC06315.jpg \/><\/a><br \/>\n^ DSB Sektion 1 und Parkplatz<\/p>\n<p><a href='http:\/\/ski.inmontanis.info\/d\/179738-2\/DSC06317.jpg'><img src=http:\/\/ski.inmontanis.info\/d\/179737-3\/DSC06317.jpg \/><\/a><br \/>\n^ DSB Sektion 1<\/p>\n<p><a href='http:\/\/ski.inmontanis.info\/d\/179742-2\/DSC06318.jpg'><img src=http:\/\/ski.inmontanis.info\/d\/179741-3\/DSC06318.jpg \/><\/a><br \/>\n^ DSB Sektion 1<\/p>\n<p><a href='http:\/\/ski.inmontanis.info\/d\/179746-2\/DSC06321.jpg'><img src=http:\/\/ski.inmontanis.info\/d\/179745-3\/DSC06321.jpg \/><\/a><br \/>\n^ DSB Sektion 2, komplette L\u00e4nge. Der Liftbetrieb startet hier zwar manchmal erst im Februar (oder auch gar nicht), aber wenn&#8217;s mal Schnee hat, dann ordentlich.<\/p>\n<p><a href='http:\/\/ski.inmontanis.info\/d\/179750-2\/DSC06322.jpg'><img src=http:\/\/ski.inmontanis.info\/d\/179749-3\/DSC06322.jpg \/><\/a><br \/>\n^ Mittelstation<\/p>\n<p><a href='http:\/\/ski.inmontanis.info\/d\/179754-2\/DSC06324.jpg'><img src=http:\/\/ski.inmontanis.info\/d\/179753-3\/DSC06324.jpg \/><\/a><br \/>\n^ SL Prato Cipolla, bringt einem auch von der linken DSB-Abfahrt wieder retour<\/p>\n<p><a href='http:\/\/ski.inmontanis.info\/d\/179758-2\/DSC06334.jpg'><img src=http:\/\/ski.inmontanis.info\/d\/179757-3\/DSC06334.jpg \/><\/a><br \/>\n^ Rechte Abfahrt an der oberen DSB; der linke Steilhang ist im Plan nicht als Abfahrt eingezeichnet, f\u00fcr eine Befahrung war mir heute der Schnee zu br\u00fcchig.<\/p>\n<p><a href='http:\/\/ski.inmontanis.info\/d\/179762-2\/DSC06335.jpg'><img src=http:\/\/ski.inmontanis.info\/d\/179761-3\/DSC06335.jpg \/><\/a><br \/>\n^ DSB Sektion 2, sowie komplette SL-Strecke<\/p>\n<p><a href='http:\/\/ski.inmontanis.info\/d\/179766-2\/DSC06344.jpg'><img src=http:\/\/ski.inmontanis.info\/d\/179765-3\/DSC06344.jpg \/><\/a><br \/>\n^ Ehemaliger Gipfel-KSSL (!) Maggiorasca<\/p>\n<p><a href='http:\/\/ski.inmontanis.info\/d\/179770-2\/DSC06347.jpg'><img src=http:\/\/ski.inmontanis.info\/d\/179769-3\/DSC06347.jpg \/><\/a><br \/>\n^ Rechte Abfahrt an der oberen DSB<\/p>\n<p><a href='http:\/\/ski.inmontanis.info\/d\/179774-2\/DSC06349.jpg'><img src=http:\/\/ski.inmontanis.info\/d\/179773-3\/DSC06349.jpg \/><\/a><br \/>\n^ Bergstation DSB Sektion 2<\/p>\n<p><a href='http:\/\/ski.inmontanis.info\/d\/179778-2\/DSC06353.jpg'><img src=http:\/\/ski.inmontanis.info\/d\/179777-3\/DSC06353.jpg \/><\/a><br \/>\n^ Ehemalige Korblift-Bergstation<\/p>\n<p><a href='http:\/\/ski.inmontanis.info\/d\/179782-2\/DSC09885.jpg'><img src=http:\/\/ski.inmontanis.info\/d\/179781-3\/DSC09885.jpg \/><\/a><br \/>\n^ IR-Panozoom zu den Westalpen, ganz hinten ein wenig zu sehen. Denk ich zumindest.<\/p>\n<p><a href='http:\/\/ski.inmontanis.info\/d\/179786-2\/DSC06423.jpg'><img src=http:\/\/ski.inmontanis.info\/d\/179785-3\/DSC06423.jpg \/><\/a><br \/>\n^ Linke Abfahrt an der oberen DSB, links das Rifugio, rechts der Ex-R\u00fcckseiten-SL Prato Grande<\/p>\n<p><a href='http:\/\/ski.inmontanis.info\/d\/179790-2\/DSC06365.jpg'><img src=http:\/\/ski.inmontanis.info\/d\/179789-3\/DSC06365.jpg \/><\/a><br \/>\n^ Ex-SL Prato Grande<\/p>\n<p><a href='http:\/\/ski.inmontanis.info\/d\/179794-2\/DSC06367.jpg'><img src=http:\/\/ski.inmontanis.info\/d\/179793-3\/DSC06367.jpg \/><\/a><br \/>\n^ Leicht verkrusteter Ex-SL Prato Grande<\/p>\n<p><a href='http:\/\/ski.inmontanis.info\/d\/179798-2\/DSC06368.jpg'><img src=http:\/\/ski.inmontanis.info\/d\/179797-3\/DSC06368.jpg \/><\/a><br \/>\n^ Linke Abfahrt an der oberen DSB<\/p>\n<p><a href='http:\/\/ski.inmontanis.info\/d\/179802-2\/DSC06370.jpg'><img src=http:\/\/ski.inmontanis.info\/d\/179801-3\/DSC06370.jpg \/><\/a><br \/>\n^ Linke Abfahrt an der oberen DSB, ich fand sie toll.<\/p>\n<p><a href='http:\/\/ski.inmontanis.info\/d\/179806-2\/DSC06372.jpg'><img src=http:\/\/ski.inmontanis.info\/d\/179805-3\/DSC06372.jpg \/><\/a><br \/>\n^ Linke Abfahrt an der oberen DSB. Ja, modelliert, st\u00f6rt mich hier aber nicht.<\/p>\n<p><a href='http:\/\/ski.inmontanis.info\/d\/179810-2\/DSC06373.jpg'><img src=http:\/\/ski.inmontanis.info\/d\/179809-3\/DSC06373.jpg \/><\/a><br \/>\n^ Linke Abfahrt an der oberen DSB, man kommt zum SL<\/p>\n<p><a href='http:\/\/ski.inmontanis.info\/d\/179814-2\/DSC06320.jpg'><img src=http:\/\/ski.inmontanis.info\/d\/179813-3\/DSC06320.jpg \/><\/a><br \/>\n^ Abfahrten am SL; die in Bildmitte sichtbaren Schneisen werden vom SL leider nicht bedient (man muss von der DSB hin), waren auch nicht ge\u00f6ffnet.<\/p>\n<p><a href='http:\/\/ski.inmontanis.info\/d\/179818-2\/DSC06374.jpg'><img src=http:\/\/ski.inmontanis.info\/d\/179817-3\/DSC06374.jpg \/><\/a><br \/>\n^ Die Talabfahrt schl\u00e4ngelt sich sch\u00f6n und schmal durch den Wald<\/p>\n<p><a href='http:\/\/ski.inmontanis.info\/d\/179822-2\/DSC06463.jpg'><img src=http:\/\/ski.inmontanis.info\/d\/179821-3\/DSC06463.jpg \/><\/a><br \/>\n^ Ehemalige Mittelstation des Korblifts, sowie die Trasse des Korblifts (in Blickrichtung)<\/p>\n<p><a href='http:\/\/ski.inmontanis.info\/d\/179826-2\/DSC06375.jpg'><img src=http:\/\/ski.inmontanis.info\/d\/179825-3\/DSC06375.jpg \/><\/a><br \/>\n^ Talabfahrt, hatte einige Kurven mit steileren Passagen, sowie flacheren St\u00fccken.<\/p>\n<p><a href='http:\/\/ski.inmontanis.info\/d\/179830-2\/DSC06379.jpg'><img src=http:\/\/ski.inmontanis.info\/d\/179829-3\/DSC06379.jpg \/><\/a><br \/>\n^ Talabfahrt<\/p>\n<p><a href='http:\/\/ski.inmontanis.info\/d\/179834-2\/DSC06466.jpg'><img src=http:\/\/ski.inmontanis.info\/d\/179833-3\/DSC06466.jpg \/><\/a><br \/>\n^ Talabfahrt<\/p>\n<p><a href='http:\/\/ski.inmontanis.info\/d\/179838-2\/DSC06381.jpg'><img src=http:\/\/ski.inmontanis.info\/d\/179837-3\/DSC06381.jpg \/><\/a><br \/>\n^ Ehemaliger Tallift Pratobello, unterhalb des Parkplatzes<\/p>\n<p><a href='http:\/\/ski.inmontanis.info\/d\/179842-2\/DSC06382.jpg'><img src=http:\/\/ski.inmontanis.info\/d\/179841-3\/DSC06382.jpg \/><\/a><br \/>\n^ Die Bergstaion des SL Pratobello blieb noch bestehen<\/p>\n<p><a href='http:\/\/ski.inmontanis.info\/d\/179846-2\/DSC06383.jpg'><img src=http:\/\/ski.inmontanis.info\/d\/179845-3\/DSC06383.jpg \/><\/a><br \/>\n^ Parkplatz und DSB Sektion 1; es gibt noch weitere Parkpl\u00e4tze links oben. In Bildmitte, oberhalb des Parkplatzes, hinter den B\u00e4umen, sieht man eine Betonwand &#8211; hier hatte man in den 90ern angefangen, eine -vmtl.- DSB anstelle des Korblifts zu bauen. Die Talstation des Korblifts war rechts au\u00dferhalb des Bildes und noch ein St\u00fcck h\u00f6her (man kann den Weg sehen)<\/p>\n<p><a href='http:\/\/ski.inmontanis.info\/d\/179850-2\/DSC06393.jpg'><img src=http:\/\/ski.inmontanis.info\/d\/179849-3\/DSC06393.jpg \/><\/a><br \/>\n^ DSB Sektion 2, bei gutem Schnee k\u00f6nnte man auch die Steilh\u00e4nge links und rechts der DSB runter<\/p>\n<p><a href='http:\/\/ski.inmontanis.info\/d\/179854-2\/DSC06396.jpg'><img src=http:\/\/ski.inmontanis.info\/d\/179853-3\/DSC06396.jpg \/><\/a><br \/>\n^ Start zur rechten Abfahrt an der oberen DSB<\/p>\n<p><a href='http:\/\/ski.inmontanis.info\/d\/179858-2\/DSC06398.jpg'><img src=http:\/\/ski.inmontanis.info\/d\/179857-3\/DSC06398.jpg \/><\/a><br \/>\n^ DSB Sektion 2. Mit dem Fisheye schr\u00e4g im  Hochformat zu fotografieren &#8211; da geh\u00f6rt Mut dazu :) Aber: gelungen, oder?<\/p>\n<p><a href='http:\/\/ski.inmontanis.info\/d\/179862-2\/DSC06399.jpg'><img src=http:\/\/ski.inmontanis.info\/d\/179861-3\/DSC06399.jpg \/><\/a><br \/>\n^ R\u00fcckseiten-Pano, in Bildmitte im Schatten &#8211; Ex-SL Prato Grande<\/p>\n<p><a href='http:\/\/ski.inmontanis.info\/d\/179866-2\/DSC06444.jpg'><img src=http:\/\/ski.inmontanis.info\/d\/179865-3\/DSC06444.jpg \/><\/a><br \/>\n^ Ex-SL Prato Grande<\/p>\n<p><a href='http:\/\/ski.inmontanis.info\/d\/179870-2\/DSC06443.jpg'><img src=http:\/\/ski.inmontanis.info\/d\/179869-3\/DSC06443.jpg \/><\/a><br \/>\n^ Talstation Ex-SL Prato Grande. War, wie der Korblift, von Marchisio (oder Marchisio-DM)<\/p>\n<p><a href='http:\/\/ski.inmontanis.info\/d\/179874-2\/DSC06400.jpg'><img src=http:\/\/ski.inmontanis.info\/d\/179873-3\/DSC06400.jpg \/><\/a><br \/>\n^ Bergstation DSB Sektion 2, dahinter rechts die ehemalige Korblift-Bergstation<\/p>\n<p><a href='http:\/\/ski.inmontanis.info\/d\/179878-2\/DSC06408.jpg'><img src=http:\/\/ski.inmontanis.info\/d\/179877-3\/DSC06408.jpg \/><\/a><br \/>\n^ Rechts die Abfahrt von der DSB Sektion 2, links der SL, dessen Bergstation leider zu tief positioniert ist.<\/p>\n<p><a href='http:\/\/ski.inmontanis.info\/d\/179882-2\/DSC06419.jpg'><img src=http:\/\/ski.inmontanis.info\/d\/179881-3\/DSC06419.jpg \/><\/a><br \/>\n^ DSB Sektion 2 und gl\u00e4nzendes Mittelmeer im Hintergrund<\/p>\n<p><a href='http:\/\/ski.inmontanis.info\/d\/179886-2\/DSC09907.jpg'><img src=http:\/\/ski.inmontanis.info\/d\/179885-3\/DSC09907.jpg \/><\/a><br \/>\n^ DSB Sektion 2 und gl\u00e4nzendes Mittelmeer im Hintergrund (IR)<\/p>\n<p><a href='http:\/\/ski.inmontanis.info\/d\/179890-2\/DSC06421.jpg'><img src=http:\/\/ski.inmontanis.info\/d\/179889-3\/DSC06421.jpg \/><\/a><br \/>\n^ Ex-Korblift-Bergstation<\/p>\n<p><a href='http:\/\/ski.inmontanis.info\/d\/179894-2\/DSC06425.jpg'><img src=http:\/\/ski.inmontanis.info\/d\/179893-3\/DSC06425.jpg \/><\/a><br \/>\n^ Ex-Korblift-Bergstation<\/p>\n<p><a href='http:\/\/ski.inmontanis.info\/d\/179898-2\/DSC06432.jpg'><img src=http:\/\/ski.inmontanis.info\/d\/179897-3\/DSC06432.jpg \/><\/a><br \/>\n^ Ex-Korblift-Bergstation<\/p>\n<p><a href='http:\/\/ski.inmontanis.info\/d\/179902-2\/DSC06448.jpg'><img src=http:\/\/ski.inmontanis.info\/d\/179901-3\/DSC06448.jpg \/><\/a><br \/>\n^ Verkrustete Ex-Korblift-Bergstation<\/p>\n<p><a href='http:\/\/ski.inmontanis.info\/d\/179906-2\/DSC06442.jpg'><img src=http:\/\/ski.inmontanis.info\/d\/179905-3\/DSC06442.jpg \/><\/a><br \/>\n^ Verkrustete DSB Sektion 2<\/p>\n<p><a href='http:\/\/ski.inmontanis.info\/d\/179910-2\/DSC06451.jpg'><img src=http:\/\/ski.inmontanis.info\/d\/179909-3\/DSC06451.jpg \/><\/a><br \/>\n^ Verkrustete DSB Sektion 2<\/p>\n<p><a href='http:\/\/ski.inmontanis.info\/d\/179914-2\/DSC06454.jpg'><img src=http:\/\/ski.inmontanis.info\/d\/179913-3\/DSC06454.jpg \/><\/a><br \/>\n^ Westpano mit DSB, Mittelstation und SL<\/p>\n<p><a href='http:\/\/ski.inmontanis.info\/d\/179918-2\/DSC06456.jpg'><img src=http:\/\/ski.inmontanis.info\/d\/179917-3\/DSC06456.jpg \/><\/a><br \/>\n^ Rechte Abfahrt der oberen DSB<\/p>\n<p><a href='http:\/\/ski.inmontanis.info\/d\/179922-2\/DSC06457.jpg'><img src=http:\/\/ski.inmontanis.info\/d\/179921-3\/DSC06457.jpg \/><\/a><br \/>\n^ Sonnenl\u00fccke<\/p>\n<p><a href='http:\/\/ski.inmontanis.info\/d\/179926-2\/DSC06461.jpg'><img src=http:\/\/ski.inmontanis.info\/d\/179925-3\/DSC06461.jpg \/><\/a><br \/>\n^ Rechte Abfahrt der oberen DSB und Blick zum SL bzw. auch zur Einbiegung der linken Abfahrt<\/p>\n<p><a href='http:\/\/ski.inmontanis.info\/d\/179930-2\/DSC06467.jpg'><img src=http:\/\/ski.inmontanis.info\/d\/179929-3\/DSC06467.jpg \/><\/a><br \/>\n^ Nat\u00fcrlich musste ich auch noch zur ehemaligen Korblift-Bergstation aufsteigen, wenn das Haus schon noch steht.<\/p>\n<p><a href='http:\/\/ski.inmontanis.info\/d\/179934-2\/DSC06474.jpg'><img src=http:\/\/ski.inmontanis.info\/d\/179933-3\/DSC06474.jpg \/><\/a><br \/>\n^ Die ehemalige Korblifttalstation  wird jetzt als Garage f\u00fcr die Pistenraupe verwendet. Musste etwas warten, bis sie endlich rausfuhr<\/p>\n<p><a href='http:\/\/ski.inmontanis.info\/d\/179938-2\/DSC06477.jpg'><img src=http:\/\/ski.inmontanis.info\/d\/179937-3\/DSC06477.jpg \/><\/a><br \/>\n^ Ex-Korblift-Strecke<\/p>\n<p><a href='http:\/\/ski.inmontanis.info\/d\/179942-2\/DSC06485.jpg'><img src=http:\/\/ski.inmontanis.info\/d\/179941-3\/DSC06485.jpg \/><\/a><br \/>\n^ Ex-Korblift-Talstation, Aufgang<\/p>\n<p><a href='http:\/\/ski.inmontanis.info\/d\/179946-2\/DSC06491.jpg'><img src=http:\/\/ski.inmontanis.info\/d\/179945-3\/DSC06491.jpg \/><\/a><br \/>\n^ Ex-Korblift-Talstation, Kasse und Skiverleih<\/p>\n<p><a href='http:\/\/ski.inmontanis.info\/d\/179950-2\/DSC06497.jpg'><img src=http:\/\/ski.inmontanis.info\/d\/179949-3\/DSC06497.jpg \/><\/a><br \/>\n^ Man m\u00f6chte es nicht f\u00fcr m\u00f6glich halten, aber das ist der Skipass! Kein Datumsaufdruck, keine Karte, nichts zum Kleben, auch kein Armband, nein, mal wieder etwas komplett Neues :) (Allein daf\u00fcr lohnt sich doch ein Besuch, hm?)<\/p>\n<p>Film mit allen Abfahrten &#8211; au\u00dfer der am SL:<br \/>\n<object style=\"height: 500px; width: 900px\"><param name=\"movie\" value=\"http:\/\/www.youtube.com\/v\/SbtxJ5WYFDw\"><\/param><param name=\"wmode\" value=\"transparent\"><\/param><embed src=\"http:\/\/www.youtube.com\/v\/SbtxJ5WYFDw\" type=\"application\/x-shockwave-flash\" wmode=\"transparent\"  width=\"900\" height=\"480\"><\/embed><\/object><\/p>\n<p>Hier noch ein Topic zum alten Skigebiet, auch mit Plan, sowie Liftresten. Der ehemalige Gipfel-SL war demnach ein KSSL, der vmtl. nur 3 Jahre in Betrieb war und dann mit einem anderen h\u00e4tte ersetzt werden sollen!<br \/>\n<a href='http:\/\/www.funiforum.org\/funiforum\/showthread.php?t=5471'>http:\/\/www.funiforum.org\/funiforum\/showthread.php?t=5471<\/a><\/p>\n<p>Im Februar 2008 war ich ja auch kurz am stillgelegten Korblift:<\/p>\n<p><a href='http:\/\/ski.inmontanis.info\/d\/51918-3\/P1220929.JPG'><img src=http:\/\/ski.inmontanis.info\/d\/51917-4\/P1220929.JPG \/><\/a><br \/>\n^ 16.2.2008<\/p>\n<p><a href='http:\/\/ski.inmontanis.info\/d\/51902-3\/P1220923.JPG'><img src=http:\/\/ski.inmontanis.info\/d\/51901-4\/P1220923.JPG \/><\/a><br \/>\n^ 16.2.2008<\/p>\n<p><a href='http:\/\/ski.inmontanis.info\/d\/51938-3\/P1220939.JPG'><img src=http:\/\/ski.inmontanis.info\/d\/51937-4\/P1220939.JPG \/><\/a><br \/>\n^ 16.2.2008<\/p>\n<p><a href='http:\/\/ski.inmontanis.info\/d\/51914-3\/P1220928.JPG'><img src=http:\/\/ski.inmontanis.info\/d\/51913-4\/P1220928.JPG \/><\/a><br \/>\n^ 16.2.2008<\/p>\n<p><a href='http:\/\/ski.inmontanis.info\/d\/51874-3\/P1220907.JPG'><img src=http:\/\/ski.inmontanis.info\/d\/51873-4\/P1220907.JPG \/><\/a><br \/>\n^ 16.2.2008<\/p>\n<p><a href='http:\/\/ski.inmontanis.info\/d\/51958-3\/P1220948.JPG'><img src=http:\/\/ski.inmontanis.info\/d\/51957-4\/P1220948.JPG \/><\/a><br \/>\n^ 16.2.2008 &#8211; Lift im Tal, glaub der war zu der Zeit noch in Betrieb.<\/p>\n<p><a href='http:\/\/ski.inmontanis.info\/d\/51910-3\/P1220927.JPG'><img src=http:\/\/ski.inmontanis.info\/d\/51909-4\/P1220927.JPG \/><\/a><br \/>\n^ Das Schild ist noch immer in der Station.<\/p>\n<p><a href='http:\/\/ski.inmontanis.info\/d\/51894-3\/P1220914.JPG'><img src=http:\/\/ski.inmontanis.info\/d\/51893-4\/P1220914.JPG \/><\/a><br \/>\n^ 16.2.2008 &#8211; in den 90ern wurde ja damit begonnen, eine DSB als Korblift-Ersatz zu bauen. Wurde aber nie vollendet. <\/p>\n<p>Fazit: Trotz der neuen DSBs ein nettes Skigebiet, das man f\u00fcr einen (verk\u00fcrzten, gem\u00fctlichen) Tag durchaus empfehlen kann. Wie fast alle italienischen Skigebiete dieser Gr\u00f6\u00dfe ;)<\/p>\n<p>\u00dcbernachtet wird heute in einem Hotel wieder unten, Richtung Meer, in Borghetto Vara oder so, HP um 55,- \u20ac. War n\u00e4mlich gestern Abend noch nicht klar, ob Zum Zeri morgen aufmacht und ich dort hinkomme. Das Abendessen war etwas ungew\u00f6hnlich, Pasta mit Formaggio und danach las er mir etwas vor, was ich in IT noch nie geh\u00f6rt hab: Torta di Patate, also Kartoffeltorte, also so richtung Tortilla oder Quiche oder wie auch immer, mit Gem\u00fcse. War ganz ok. Nachspeise Apfelkuchen.<\/p>\n<p><a href='http:\/\/extra.inmontanis.info\/d\/20849-2\/DSC06499.jpg'><img src=http:\/\/extra.inmontanis.info\/d\/20848-3\/DSC06499.jpg \/><\/a><br \/>\n^ Heutiges Hotelzimmer<\/p>\n<p>Meine Pl\u00e4ne f\u00fcr \u00fcbermogen sind mittlerweile nicht mehr in Richtung Heimweg, sondern nochmal ein sch\u00f6nes St\u00fcck s\u00fcdlicher: Monte Amiata. Wollt ich auch schon \u00f6fters mal hin &#8211; lag aber entweder nicht auf dem Weg oder es war kein Schnee &#8211; bzw. war ich schon einmal, aber da war wg. Schlechtwetter dann zu. Aktuell soll ab morgen alles offen sein, Schnee liegt auch genug. Also muss man das doch ausn\u00fctzen, oder? Hotel f\u00fcr morgen Abend somit s\u00fcdlich von Siena reserviert.<\/p>\n<p><a href='http:\/\/extra.inmontanis.info\/d\/20853-2\/DSC06500.jpg'><img src=http:\/\/extra.inmontanis.info\/d\/20852-3\/DSC06500.jpg \/><\/a><br \/>\n^ Ausblick vom Hotelzimmer<\/p>\n<p><a href='http:\/\/extra.inmontanis.info\/d\/20857-2\/DSC06502.jpg'><img src=http:\/\/extra.inmontanis.info\/d\/20856-3\/DSC06502.jpg \/><\/a><br \/>\n^ Gr\u00fcn beleuchteter Kirchturm in Borghetto Vara und appenninische Berge im Hintergrund<\/p>\n<p><a href='http:\/\/extra.inmontanis.info\/d\/20861-2\/DSC06507.jpg'><img src=http:\/\/extra.inmontanis.info\/d\/20860-3\/DSC06507.jpg \/><\/a><br \/>\n^ Gr\u00fcn beleuchteter Kirchturm in Borghetto Vara<\/p>\n<p>Fr\u00fchst\u00fccksbuffet gab&#8217;s am n\u00e4chsten Tag keines, aber immerhin gab&#8217;s Brot und Marmeladen. Ansonsten Croissant, Hei\u00dfgetr\u00e4nk (kein Saft) und S\u00fc\u00dfigkeiten.<\/p>\n<p>(Fortsetzung folgt.)<\/p>\n","protected":false},"excerpt":{"rendered":"<p>FIST &#8211; Frankreich-Italien-Spanien Tour, Tag 15, Mi, 5.3.2014, Santo Stefano d&#8217;Aveto. km 6.297 (\u2206 225)<\/p>\n<p>Durch Fr\u00fchst\u00fcck &#038; Co kam ich erst kurz vor 9 Uhr weg. Auf der Autobahn gab&#8217;s dann vor bzw. in Genua einen krassen Stau. War zwar nur mit 9 km angeschrieben, es ging tw. aber minutenlang (bis zu 5-7 Minuten!) <a href=\"http:\/\/blog.inmontanis.info\/?p=2677\">[&#8230;]<\/a><\/p>\n","protected":false},"author":1,"featured_media":0,"comment_status":"open","ping_status":"closed","sticky":false,"template":"","format":"standard","meta":{"footnotes":""},"categories":[130,15,401,27],"tags":[38,90,37,47],"class_list":["post-2677","post","type-post","status-publish","format-standard","hentry","category-201402-fist","category-italienitaly","category-santo-stefano-daveto","category-skifahren-winterskiing-winter","tag-dsb","tag-infrarot","tag-meer","tag-sl","odd"],"_links":{"self":[{"href":"http:\/\/blog.inmontanis.info\/index.php?rest_route=\/wp\/v2\/posts\/2677","targetHints":{"allow":["GET"]}}],"collection":[{"href":"http:\/\/blog.inmontanis.info\/index.php?rest_route=\/wp\/v2\/posts"}],"about":[{"href":"http:\/\/blog.inmontanis.info\/index.php?rest_route=\/wp\/v2\/types\/post"}],"author":[{"embeddable":true,"href":"http:\/\/blog.inmontanis.info\/index.php?rest_route=\/wp\/v2\/users\/1"}],"replies":[{"embeddable":true,"href":"http:\/\/blog.inmontanis.info\/index.php?rest_route=%2Fwp%2Fv2%2Fcomments&post=2677"}],"version-history":[{"count":2,"href":"http:\/\/blog.inmontanis.info\/index.php?rest_route=\/wp\/v2\/posts\/2677\/revisions"}],"predecessor-version":[{"id":2679,"href":"http:\/\/blog.inmontanis.info\/index.php?rest_route=\/wp\/v2\/posts\/2677\/revisions\/2679"}],"wp:attachment":[{"href":"http:\/\/blog.inmontanis.info\/index.php?rest_route=%2Fwp%2Fv2%2Fmedia&parent=2677"}],"wp:term":[{"taxonomy":"category","embeddable":true,"href":"http:\/\/blog.inmontanis.info\/index.php?rest_route=%2Fwp%2Fv2%2Fcategories&post=2677"},{"taxonomy":"post_tag","embeddable":true,"href":"http:\/\/blog.inmontanis.info\/index.php?rest_route=%2Fwp%2Fv2%2Ftags&post=2677"}],"curies":[{"name":"wp","href":"https:\/\/api.w.org\/{rel}","templated":true}]}}