{"id":2675,"date":"2014-03-04T20:34:38","date_gmt":"2014-03-04T19:34:38","guid":{"rendered":"http:\/\/blog.inmontanis.info\/?p=2675"},"modified":"2023-07-31T18:10:42","modified_gmt":"2023-07-31T16:10:42","slug":"soleilhas-audibergue-4-3-2014","status":"publish","type":"post","link":"http:\/\/blog.inmontanis.info\/?p=2675","title":{"rendered":"Soleilhas &#038; Audibergue, 4.3.2014"},"content":{"rendered":"<p><strong>FIST &#8211; Frankreich-Italien-Spanien Tour, Tag 14, Di, 4.3.2014, Soleilhas &#038; Audibergue. km 6.072 (\u2206 558)<\/strong><\/p>\n<p>Wie im vorherigen Bericht gesagt, kam ich nicht ganz so fr\u00fch ins Bett wie gew\u00fcnscht, nach Fr\u00fchst\u00fcck usw. kam ich um 8:30 Uhr bei N\u00eemes weg, Ziel: Soleilhas-Vauplane. Von dem Skigebiet findet man im Internet so gut wie nichts, aber einen Schneebericht hatte ich dann doch noch gefunden, es ist also noch in Betrieb. <\/p>\n<p>Gegen 12 Uhr kam ich dort an und kaufte mir die Halbtageskarte um 12,50 (TK 15,-). Im Prinzip gibt&#8217;s f\u00fcr unsereins nat\u00fcrlich nur einen KSSL, mit etwas \u00fcber 800m L\u00e4nge und 200hm jetzt auch nicht gerade ultralang, aber daf\u00fcr steil, oben mit Meerpano und einem sehr breiten Hang mit gen\u00fcgend Offpistem\u00f6glichkeiten.<\/p>\n<p>Es sah auch alles sehr geil aus, nur nicht der Tiefschnee &#8211; der war windgepresst, so dass ich keine Lust hatte, all zu viel Offpiste zu fahren. Und die 2 ge\u00f6ffneten Pisten, so gut dort die Schneeverh\u00e4ltnisse auch waren, w\u00fcrden mich f\u00fcr den Rest des Tages nicht befriedigen&#8230;<\/p>\n<p>(Fotos anklicken zum Vergr\u00f6\u00dfern)<\/p>\n<p><a href='http:\/\/extra.inmontanis.info\/d\/19824-6\/ge201402-fist4.jpg'><img src=http:\/\/extra.inmontanis.info\/d\/19824-6\/ge201402-fist4.jpg \/><\/a><br \/>\nQ) Soleilhas-Vauplane<br \/>\nR) l&#8217;Audibergue<\/p>\n<p><a href='http:\/\/extra.inmontanis.info\/d\/20789-2\/DSC06118.jpg'><img src=http:\/\/extra.inmontanis.info\/d\/20788-3\/DSC06118.jpg \/><\/a><br \/>\n^ Vmtl. die A51<\/p>\n<p><a href='http:\/\/extra.inmontanis.info\/d\/20793-2\/DSC06125.jpg'><img src=http:\/\/extra.inmontanis.info\/d\/20792-3\/DSC06125.jpg \/><\/a><br \/>\n^ Vmtl. die N85 richtung Digne<\/p>\n<p><a href='http:\/\/extra.inmontanis.info\/d\/20797-2\/DSC06130.jpg'><img src=http:\/\/extra.inmontanis.info\/d\/20796-3\/DSC06130.jpg \/><\/a><br \/>\n^ N202<\/p>\n<p><a href='http:\/\/extra.inmontanis.info\/d\/20801-2\/DSC06140.jpg'><img src=http:\/\/extra.inmontanis.info\/d\/20800-3\/DSC06140.jpg \/><\/a><br \/>\n^ Stausee Lac de Castillon<\/p>\n<p><a href='http:\/\/extra.inmontanis.info\/d\/20805-2\/DSC06144.jpg'><img src=http:\/\/extra.inmontanis.info\/d\/20804-3\/DSC06144.jpg \/><\/a><br \/>\n^ Stausee Lac de Castillon<\/p>\n<p><a href='http:\/\/extra.inmontanis.info\/d\/20809-2\/DSC06149.jpg'><img src=http:\/\/extra.inmontanis.info\/d\/20808-3\/DSC06149.jpg \/><\/a><br \/>\n^ Stausee Lac de Castillon<\/p>\n<p><a href='http:\/\/extra.inmontanis.info\/d\/20813-2\/DSC06157.jpg'><img src=http:\/\/extra.inmontanis.info\/d\/20812-3\/DSC06157.jpg \/><\/a><br \/>\n^ Stausee Lac de Castillon<\/p>\n<p><a href='http:\/\/ski.inmontanis.info\/d\/179594-2\/DSC06171.jpg'><img src=http:\/\/ski.inmontanis.info\/d\/179592-3\/DSC06171.jpg \/><\/a><br \/>\n^ Auffahrt ins Skigebiet von Soleilhas; die Stra\u00dfe geht links weiter<\/p>\n<p><a href='http:\/\/ski.inmontanis.info\/d\/179598-2\/DSC06175.jpg'><img src=http:\/\/ski.inmontanis.info\/d\/179597-3\/DSC06175.jpg \/><\/a><br \/>\n^ Ankunft im Skigebiet Soleilhas-Vauplane, kurz vorm Parkplatz.<\/p>\n<p><a href='http:\/\/ski.inmontanis.info\/d\/179602-2\/DSC06181.jpg'><img src=http:\/\/ski.inmontanis.info\/d\/179601-3\/DSC06181.jpg \/><\/a><br \/>\n^ Parkplatz und Skigebiet<\/p>\n<p><a href='http:\/\/ski.inmontanis.info\/d\/179606-2\/DSC06185.jpg'><img src=http:\/\/ski.inmontanis.info\/d\/179605-3\/DSC06185.jpg \/><\/a><br \/>\n^ Das Wahrzeichen und meist fotografierte Objekt des Skigebiets ist diese alte, verrostete Panoramatafel! Ist doch gleich viel netter als diese modernen LED-Tafeln ;)<\/p>\n<p><a href='http:\/\/ski.inmontanis.info\/d\/179610-2\/DSC06183.jpg'><img src=http:\/\/ski.inmontanis.info\/d\/179609-3\/DSC06183.jpg \/><\/a><br \/>\n^ Lifte, Pistenplan, \u00d6ffnungsstatus &#8211; alles noch lesbar und korrekt, alle 4 Lifte sind noch in Betrieb.<\/p>\n<p><a href='http:\/\/ski.inmontanis.info\/d\/179614-2\/DSC06282.jpg'><img src=http:\/\/ski.inmontanis.info\/d\/179613-3\/DSC06282.jpg \/><\/a><br \/>\n^ Pistenplan und Skipass. Am Skipass wird interessanterweise weder ein Datum, noch ein Codewort notiert &#8211; lediglich das orange Doppel-X.<\/p>\n<p><a href='http:\/\/ski.inmontanis.info\/d\/179618-2\/ge20140304a.jpg'><img src=http:\/\/ski.inmontanis.info\/d\/179617-3\/ge20140304a.jpg \/><\/a><br \/>\n^ GPS-Track<\/p>\n<p><a href='http:\/\/ski.inmontanis.info\/d\/179622-2\/DSC06188.jpg'><img src=http:\/\/ski.inmontanis.info\/d\/179621-3\/DSC06188.jpg \/><\/a><br \/>\n^ Ich bin vom Anblick schwer entz\u00fcckt, der KSSL, der weite, steile Hang &#8211; leider h\u00e4lt der Offpiste-Schnee nicht das, was man erwartet, es gab einen windgepressten Harschdeckel :-(<\/p>\n<p><a href='http:\/\/ski.inmontanis.info\/d\/179626-2\/DSC06191.jpg'><img src=http:\/\/ski.inmontanis.info\/d\/179625-3\/DSC06191.jpg \/><\/a><br \/>\n^ Kasse und Skipasspreise<\/p>\n<p><a href='http:\/\/ski.inmontanis.info\/d\/179630-2\/DSC06198.jpg'><img src=http:\/\/ski.inmontanis.info\/d\/179629-3\/DSC06198.jpg \/><\/a><br \/>\n^ Blaue Abfahrt (rechts, nicht der Weg, wo ich stehe) und Bergstation des KSSL. Kurioserweise ist der untere Hang baumfrei, der obere jedoch nicht.<\/p>\n<p><a href='http:\/\/ski.inmontanis.info\/d\/179634-2\/DSC06194.jpg'><img src=http:\/\/ski.inmontanis.info\/d\/179633-3\/DSC06194.jpg \/><\/a><br \/>\n^ Bergstation des KSSL und Berg-Pano<\/p>\n<p><a href='http:\/\/ski.inmontanis.info\/d\/179638-2\/DSC06192.jpg'><img src=http:\/\/ski.inmontanis.info\/d\/179637-3\/DSC06192.jpg \/><\/a><br \/>\n^ S\u00fcdpano mit Meerblick<\/p>\n<p><a href='http:\/\/ski.inmontanis.info\/d\/179642-2\/DSC09863.jpg'><img src=http:\/\/ski.inmontanis.info\/d\/179641-3\/DSC09863.jpg \/><\/a><br \/>\n^ IR-Zoom zum Mittelmeer; links das Skigebiet von Audibergue<\/p>\n<p><a href='http:\/\/ski.inmontanis.info\/d\/179646-2\/DSC09867.jpg'><img src=http:\/\/ski.inmontanis.info\/d\/179645-3\/DSC09867.jpg \/><\/a><br \/>\n^ IR-Zoom zum Mittelmeer<\/p>\n<p><a href='http:\/\/ski.inmontanis.info\/d\/179650-2\/DSC06202.jpg'><img src=http:\/\/ski.inmontanis.info\/d\/179649-3\/DSC06202.jpg \/><\/a><br \/>\n^ Oberer Teil des KSSL und oberer Teil der schwarzen Abfahrt (im unteren Bereich war sie zumindest heute unpr\u00e4pariert)<\/p>\n<p><a href='http:\/\/ski.inmontanis.info\/d\/179654-2\/DSC06193.jpg'><img src=http:\/\/ski.inmontanis.info\/d\/179653-3\/DSC06193.jpg \/><\/a><br \/>\n^ Schwarze Abfahrt oberer Teil. B\u00e4ume gibt&#8217;s kurioserweise nur hier oben :)<\/p>\n<p><a href='http:\/\/ski.inmontanis.info\/d\/179658-2\/DSC06199.jpg'><img src=http:\/\/ski.inmontanis.info\/d\/179657-3\/DSC06199.jpg \/><\/a><br \/>\n^ Tal- oder eher Schluchtpano<\/p>\n<p><a href='http:\/\/ski.inmontanis.info\/d\/179662-2\/DSC06200.jpg'><img src=http:\/\/ski.inmontanis.info\/d\/179661-3\/DSC06200.jpg \/><\/a><br \/>\n^ Blick zur blauen Abfahrt (von abseits) und zu den Talstationen der SL bzw. Parkplatz am Gegenhang (muss man etwas aufsteigen)<\/p>\n<p><a href='http:\/\/ski.inmontanis.info\/d\/179666-2\/DSC06203.jpg'><img src=http:\/\/ski.inmontanis.info\/d\/179665-3\/DSC06203.jpg \/><\/a><br \/>\n^ Auf der schwarzen Abfahrt; die beiden linken KSSL sind kurz und nur f\u00fcr Anf\u00e4nger; au\u00dfer man f\u00e4hrt weit au\u00dfenseitig offpiste, dann kann man sie gut als R\u00fcckbringer verwenden.<\/p>\n<p>Gegen 13:30 Uhr fuhr ich also doch noch nach Audibergue, wo dank Schulferien die DSB auch unter der Woche l\u00e4uft. Und die konnte ich beim letzten Mal ja nicht fahren. Leider ist die Verbindung von und zur DSB extrem m\u00fchselig, man muss mehrere Male aufsteigen, also das will man maximal 1x am Tag machen. An den beiden Haupt-KSSL war dann auch gut was los (den einen bin ich gar nicht gefahren), am steilen rechten KSSL mit seinen unpr\u00e4parierten Abfahrten dagegen war nichts los. Schnee war an der DSB leicht pappig, ansonsten der Tiefschnee tw. windgepresst. <\/p>\n<p><a href='http:\/\/ski.inmontanis.info\/d\/179492-2\/DSC06285.jpg'><img src=http:\/\/ski.inmontanis.info\/d\/179491-3\/DSC06285.jpg \/><\/a><br \/>\n^ Pistenplan und Skipass<\/p>\n<p><a href='http:\/\/ski.inmontanis.info\/d\/179496-2\/ge20140304b.jpg'><img src=http:\/\/ski.inmontanis.info\/d\/179495-3\/ge20140304b.jpg \/><\/a><br \/>\n^ GPS-Track 2010 (hellblau) und 2014 (gelb)<\/p>\n<p><a href='http:\/\/ski.inmontanis.info\/d\/179500-2\/DSC06205.jpg'><img src=http:\/\/ski.inmontanis.info\/d\/179499-3\/DSC06205.jpg \/><\/a><br \/>\n^ Parkplatz, Talstation und Strecke der DSB<\/p>\n<p><a href='http:\/\/ski.inmontanis.info\/d\/179504-2\/DSC06223.jpg'><img src=http:\/\/ski.inmontanis.info\/d\/179503-3\/DSC06223.jpg \/><\/a><br \/>\n^ Talstation DSB<\/p>\n<p><a href='http:\/\/ski.inmontanis.info\/d\/179508-2\/DSC06208.jpg'><img src=http:\/\/ski.inmontanis.info\/d\/179507-3\/DSC06208.jpg \/><\/a><br \/>\n^ DSB, Strecke<\/p>\n<p><a href='http:\/\/ski.inmontanis.info\/d\/179512-2\/DSC06209.jpg'><img src=http:\/\/ski.inmontanis.info\/d\/179511-3\/DSC06209.jpg \/><\/a><br \/>\n^ DSB, oberer Streckenteil<\/p>\n<p><a href='http:\/\/ski.inmontanis.info\/d\/179516-2\/DSC06210.jpg'><img src=http:\/\/ski.inmontanis.info\/d\/179515-3\/DSC06210.jpg \/><\/a><br \/>\n^ DSB, unterer Streckenteil<\/p>\n<p><a href='http:\/\/ski.inmontanis.info\/d\/179520-2\/DSC06226.jpg'><img src=http:\/\/ski.inmontanis.info\/d\/179519-3\/DSC06226.jpg \/><\/a><br \/>\n^ Grund meines Besuches &#8211; die fliegende Umlenkscheibe der DSB Mouli\u00e8re<\/p>\n<p><a href='http:\/\/ski.inmontanis.info\/d\/179524-2\/DSC06211.jpg'><img src=http:\/\/ski.inmontanis.info\/d\/179523-3\/DSC06211.jpg \/><\/a><br \/>\n^ DSB-Bergstation mit fliegender Umlenkscheibe. Die Anzahl solcher DSBS kann man in Frankreich mittlerweile wohl an einer Hand abz\u00e4hlen. Minimalistisch-Elegantes Design.<\/p>\n<p><a href='http:\/\/ski.inmontanis.info\/d\/179528-2\/DSC06221.jpg'><img src=http:\/\/ski.inmontanis.info\/d\/179527-3\/DSC06221.jpg \/><\/a><br \/>\n^ Von der Bergstation kann man bequem offpiste um den Berg herum fahren, damit man das Meer sehen kann &#8211; Alternative w\u00e4re ein Aufstieg zum Gipfel.<\/p>\n<p><a href='http:\/\/ski.inmontanis.info\/d\/179532-2\/DSC09869.jpg'><img src=http:\/\/ski.inmontanis.info\/d\/179531-3\/DSC09869.jpg \/><\/a><br \/>\n^ Meerpano in IR<\/p>\n<p><a href='http:\/\/ski.inmontanis.info\/d\/179536-2\/DSC06218.jpg'><img src=http:\/\/ski.inmontanis.info\/d\/179535-3\/DSC06218.jpg \/><\/a><br \/>\n^ Zoom Mittelmeer, Bereich Fr\u00e9jus &#8211; Saint-Tropez<\/p>\n<p><a href='http:\/\/ski.inmontanis.info\/d\/179540-2\/DSC06216.jpg'><img src=http:\/\/ski.inmontanis.info\/d\/179539-3\/DSC06216.jpg \/><\/a><br \/>\n^ Ein bisschen gl\u00e4nzendes Meer gab&#8217;s dort hinten auch noch zu sehen &#8230;<\/p>\n<p><a href='http:\/\/ski.inmontanis.info\/d\/179544-2\/DSC06229.jpg'><img src=http:\/\/ski.inmontanis.info\/d\/179543-3\/DSC06229.jpg \/><\/a><br \/>\n^ Die Verbindungsabfahrt Blaireau von der DSB zum KSSL Charbonniere ist &#8211; abgesehen von den Bergauf-Fu\u00dfwegen zuvor &#8211; immer noch so urig wie einst.<\/p>\n<p><a href='http:\/\/ski.inmontanis.info\/d\/179548-2\/DSC06230.jpg'><img src=http:\/\/ski.inmontanis.info\/d\/179547-3\/DSC06230.jpg \/><\/a><br \/>\n^ KSSL Charbonniere und wie \u00fcblich (?) unpr\u00e4parierte Abfahrt<\/p>\n<p><a href='http:\/\/ski.inmontanis.info\/d\/179552-2\/DSC06236.jpg'><img src=http:\/\/ski.inmontanis.info\/d\/179551-3\/DSC06236.jpg \/><\/a><br \/>\n^ KSSL Charbonniere, die Trasse war ganz sch\u00f6n unruhig zu fahren.<\/p>\n<p><a href='http:\/\/ski.inmontanis.info\/d\/179556-2\/DSC06237.jpg'><img src=http:\/\/ski.inmontanis.info\/d\/179555-3\/DSC06237.jpg \/><\/a><br \/>\n^ Verbindungsabfahrt vom KSSL Charbonniere r\u00fcber ins  Hauptgebiet mit den beiden KSSL<\/p>\n<p><a href='http:\/\/ski.inmontanis.info\/d\/179560-2\/DSC06246.jpg'><img src=http:\/\/ski.inmontanis.info\/d\/179559-3\/DSC06246.jpg \/><\/a><br \/>\n^ Von der Bergstation der linken KSSL muss man nur wenig zum Gipfelplateau schieben, damit man das S\u00fcdpano samt Mittelmeer hat.<\/p>\n<p><a href='http:\/\/ski.inmontanis.info\/d\/179564-2\/DSC09874.jpg'><img src=http:\/\/ski.inmontanis.info\/d\/179563-3\/DSC09874.jpg \/><\/a><br \/>\n^ IR-Pano zum Mittelmeer<\/p>\n<p><a href='http:\/\/ski.inmontanis.info\/d\/179568-2\/DSC06239.jpg'><img src=http:\/\/ski.inmontanis.info\/d\/179567-3\/DSC06239.jpg \/><\/a><br \/>\n^ Westpano<\/p>\n<p><a href='http:\/\/ski.inmontanis.info\/d\/179572-2\/DSC06240.jpg'><img src=http:\/\/ski.inmontanis.info\/d\/179571-3\/DSC06240.jpg \/><\/a><br \/>\n^ Links Bergstation KSSL Aups, rechts das Mittelmeer mit Cannes<\/p>\n<p><a href='http:\/\/ski.inmontanis.info\/d\/179576-2\/DSC09883.jpg'><img src=http:\/\/ski.inmontanis.info\/d\/179575-3\/DSC09883.jpg \/><\/a><br \/>\n^ Leichter IR-Zoom richtung Cannes (dort mit den zwei Inseln davor)<\/p>\n<p><a href='http:\/\/ski.inmontanis.info\/d\/179580-2\/DSC06258.jpg'><img src=http:\/\/ski.inmontanis.info\/d\/179579-3\/DSC06258.jpg \/><\/a><br \/>\n^ Zoom Cannes (rechts in der Sonne)<\/p>\n<p><a href='http:\/\/ski.inmontanis.info\/d\/179584-2\/DSC06252.jpg'><img src=http:\/\/ski.inmontanis.info\/d\/179583-3\/DSC06252.jpg \/><\/a><br \/>\n^ Zoom Cannes<\/p>\n<p><a href='http:\/\/ski.inmontanis.info\/d\/179588-2\/DSC06262.jpg'><img src=http:\/\/ski.inmontanis.info\/d\/179587-3\/DSC06262.jpg \/><\/a><br \/>\n^ Abfahrt an der DSB<\/p>\n<p>Kurzes Video der DSB:<br \/>\n<object style=\"height: 500px; width: 900px\"><param name=\"movie\" value=\"http:\/\/www.youtube.com\/v\/hATM9ysTgmY\"><\/param><param name=\"wmode\" value=\"transparent\"><\/param><embed src=\"http:\/\/www.youtube.com\/v\/hATM9ysTgmY\" type=\"application\/x-shockwave-flash\" wmode=\"transparent\"  width=\"900\" height=\"480\"><\/embed><\/object><\/p>\n<p>Fazit: Audibergue und Soleilhas sind ganz nett, aber Gr\u00e9oli\u00e8res (bzw. dann Mont Ventoux) sind doch wesentlich empfehlenswerter. <\/p>\n<p>Um 16:30 Uhr hab ich mir am DSB-Parkplatz noch eine Waffel mit Nutella und Sahne um g\u00fcnstige 2,80 \u20ac gekauft und hatte noch eine l\u00e4ngere Fahrt bis kurz vor Genua vor mir, wo ich mir in Celle Ligure ein ***-Hotel um 33,irgendwas \u20ac reserviert hatte (Fr\u00fchst\u00fcck inkl.). Zimmer ist egtl. ganz nett, und das WC ist extrem eng, man klebt mit den Knien an der Wandecke, lesen kann man fast nicht &#8230;<\/p>\n<p>Da ich nun aus Frankreich ebenso pl\u00f6tzlich abreise wie aus Spanien, musste ich doch wenigstens hier noch einen Einkaufshalt machen &#8211; und wurde prompt \u00fcber 90,- \u20ac und 1 Stunde los. Noch ein Tankstopp, bevor ich in Italien die n\u00e4chten Tage 30 Cent mehr pro Liter zahlen muss, dazu haufenweise Zwischenhalte wg. Mautzahlungen (insb. in Frankreich), so dass ich erst um 20:50 im Hotel ankam. Abendessen gabs dort nat\u00fcrlich nicht  mehr &#8211; wir sind ja in Italien, hier isst man \u00fcber eine Stunde fr\u00fcher als in Spanien :) &#8211; also durch den Ort runter bis ans Meer gegangen und eine Pizza gegessen.<\/p>\n<p>Jetzt bin ich in den letzten 4 Tagen 2.400 km mit dem Auto gefahren, jetzt reichts mal wieder! Aber normalerweise sollten die n\u00e4chsten Tage auch ruhiger werden. Und ich glaub, wenn ich in Spanien geblieben w\u00e4re, h\u00e4tte ich bis zum Ende des Urlaubs mehr km verfahren, denn dann w\u00e4re ich ja noch mal fast bis zur Westk\u00fcste r\u00fcber, w\u00e4hrend der Appennino ja schon fast auf dem Heimweg liegt ;) <\/p>\n<p><a href='http:\/\/extra.inmontanis.info\/d\/20817-2\/DSC06279.jpg'><img src=http:\/\/extra.inmontanis.info\/d\/20816-3\/DSC06279.jpg \/><\/a><br \/>\n^ Heutiges Hotelzimmer<\/p>\n<p>Das Fr\u00fchst\u00fccksbuffet am n\u00e4chsten Tag war sehr reichhaltig, Semmeln, Toasts, Croissant, Pizzabrot oder so, sehr viele Marmeladen (inkl. Light, abgepackte und offene), Schinken, Salami, Babybel-K\u00e4se, Joghurt, div. abgepackte M\u00fcsli &#038; Co, M\u00fcsli-Zubeh\u00f6r (N\u00fcsse etc.), Kuchen, Obst, &#8230;<\/p>\n<p>(Fortsetzung folgt.)<\/p>\n","protected":false},"excerpt":{"rendered":"<p>FIST &#8211; Frankreich-Italien-Spanien Tour, Tag 14, Di, 4.3.2014, Soleilhas &#038; Audibergue. km 6.072 (\u2206 558)<\/p>\n<p>Wie im vorherigen Bericht gesagt, kam ich nicht ganz so fr\u00fch ins Bett wie gew\u00fcnscht, nach Fr\u00fchst\u00fcck usw. kam ich um 8:30 Uhr bei N\u00eemes weg, Ziel: Soleilhas-Vauplane. Von dem Skigebiet findet man im Internet so gut wie nichts, aber <a href=\"http:\/\/blog.inmontanis.info\/?p=2675\">[&#8230;]<\/a><\/p>\n","protected":false},"author":1,"featured_media":0,"comment_status":"open","ping_status":"closed","sticky":false,"template":"","format":"standard","meta":{"footnotes":""},"categories":[130,16,311,59,27,336],"tags":[38,90,48,37,45],"class_list":["post-2675","post","type-post","status-publish","format-standard","hentry","category-201402-fist","category-france","category-laudibergue","category-nostalgie","category-skifahren-winterskiing-winter","category-soleilhas","tag-dsb","tag-infrarot","tag-kssl","tag-meer","tag-see","odd"],"_links":{"self":[{"href":"http:\/\/blog.inmontanis.info\/index.php?rest_route=\/wp\/v2\/posts\/2675","targetHints":{"allow":["GET"]}}],"collection":[{"href":"http:\/\/blog.inmontanis.info\/index.php?rest_route=\/wp\/v2\/posts"}],"about":[{"href":"http:\/\/blog.inmontanis.info\/index.php?rest_route=\/wp\/v2\/types\/post"}],"author":[{"embeddable":true,"href":"http:\/\/blog.inmontanis.info\/index.php?rest_route=\/wp\/v2\/users\/1"}],"replies":[{"embeddable":true,"href":"http:\/\/blog.inmontanis.info\/index.php?rest_route=%2Fwp%2Fv2%2Fcomments&post=2675"}],"version-history":[{"count":3,"href":"http:\/\/blog.inmontanis.info\/index.php?rest_route=\/wp\/v2\/posts\/2675\/revisions"}],"predecessor-version":[{"id":8942,"href":"http:\/\/blog.inmontanis.info\/index.php?rest_route=\/wp\/v2\/posts\/2675\/revisions\/8942"}],"wp:attachment":[{"href":"http:\/\/blog.inmontanis.info\/index.php?rest_route=%2Fwp%2Fv2%2Fmedia&parent=2675"}],"wp:term":[{"taxonomy":"category","embeddable":true,"href":"http:\/\/blog.inmontanis.info\/index.php?rest_route=%2Fwp%2Fv2%2Fcategories&post=2675"},{"taxonomy":"post_tag","embeddable":true,"href":"http:\/\/blog.inmontanis.info\/index.php?rest_route=%2Fwp%2Fv2%2Ftags&post=2675"}],"curies":[{"name":"wp","href":"https:\/\/api.w.org\/{rel}","templated":true}]}}