{"id":2666,"date":"2014-03-01T23:22:23","date_gmt":"2014-03-01T22:22:23","guid":{"rendered":"http:\/\/blog.inmontanis.info\/?p=2666"},"modified":"2014-04-09T23:23:34","modified_gmt":"2014-04-09T21:23:34","slug":"benalmadena-1-3-2014","status":"publish","type":"post","link":"http:\/\/blog.inmontanis.info\/?p=2666","title":{"rendered":"Benalmadena, 1.3.2014"},"content":{"rendered":"<p><strong>FIST &#8211; Frankreich-Italien-Spanien Tour, Tag 11, Sa, 1.3.2014, Benalmadena. km 4.408 (\u2206 765)<\/strong><\/p>\n<p>Da die 4EUB in Benalmadena lt. Fahrplan erst ab 11 Uhr lief &#8211; und ich ca. 1,5h dort hin ben\u00f6tigen w\u00fcrde &#8211; lie\u00df ich es etwas ruhiger angehen bzw. checkte die Wetterlage der n\u00e4chsten Tage, machte ein Zimmer f\u00fcr heute Abend klar und ging in Benalmadena noch kurz einkaufen. Wirklich kurz, bin ja noch ein paar Tage in Spanien.<\/p>\n<p>Die 4EUB war dank Navi nicht schwer zu finden, der Weg von der Autbahn kurz, ausreichend Parkpl\u00e4tze dank Freizeitpark in der N\u00e4he (und gratis dazu!). Die Bahn lief bereits und zwar ohne Wind, was mich dann doch verwundert hatte. Rauf &#038; Runter kostet 13,40 \u20ac und man spricht an der Kasse englisch. An der K\u00fcste  ist&#8217;s einfach etwas internationaler. Hab heute auch einen holl\u00e4ndischen Camper und ein schwedisches Auto auf der Autobahn gesehen &#8211; zumindest letzterer ist ein sch\u00f6nes St\u00fcck weiter von seinem Heimatort entfernt als ich :) <\/p>\n<p>Die Sicht zum Meer war ganz gut, auch wenn es nat\u00fcrlich bei wolkenlosem Himmel sch\u00f6ner blau gegl\u00e4nzt h\u00e4tte. Von Afrika hat man heute leider nicht wirklich &#8216;was sehen k\u00f6nnen.<\/p>\n<p>(Fotos anklicken zum Vergr\u00f6\u00dfern)<\/p>\n<p><a href='http:\/\/extra.inmontanis.info\/d\/19807-7\/ge201402-fist1d.jpg'><img src=http:\/\/extra.inmontanis.info\/d\/19807-7\/ge201402-fist1d.jpg \/><\/a><br \/>\nN) Benalmadena<\/p>\n<p><a href='http:\/\/extra.inmontanis.info\/d\/20573-2\/DSC05308.jpg'><img src=http:\/\/extra.inmontanis.info\/d\/20572-3\/DSC05308.jpg \/><\/a><br \/>\n^ GR-14<\/p>\n<p><a href='http:\/\/extra.inmontanis.info\/d\/20577-2\/DSC05315.jpg'><img src=http:\/\/extra.inmontanis.info\/d\/20576-3\/DSC05315.jpg \/><\/a><br \/>\n^ N-340 \/ Salobrena<\/p>\n<p><a href='http:\/\/extra.inmontanis.info\/d\/20581-2\/DSC05331.jpg'><img src=http:\/\/extra.inmontanis.info\/d\/20580-3\/DSC05331.jpg \/><\/a><br \/>\n^ N-340 direkt am Meer<\/p>\n<p><a href='http:\/\/extra.inmontanis.info\/d\/20585-2\/DSC05349.jpg'><img src=http:\/\/extra.inmontanis.info\/d\/20584-3\/DSC05349.jpg \/><\/a><br \/>\n^ A7<\/p>\n<p><a href='http:\/\/extra.inmontanis.info\/d\/20589-2\/DSC05365.jpg'><img src=http:\/\/extra.inmontanis.info\/d\/20588-3\/DSC05365.jpg \/><\/a><br \/>\n^ A7<\/p>\n<p><a href='http:\/\/extra.inmontanis.info\/d\/20593-2\/DSC05382.jpg'><img src=http:\/\/extra.inmontanis.info\/d\/20592-3\/DSC05382.jpg \/><\/a><br \/>\n^ A7<\/p>\n<p><a href='http:\/\/extra.inmontanis.info\/d\/20597-2\/DSC05393.jpg'><img src=http:\/\/extra.inmontanis.info\/d\/20596-3\/DSC05393.jpg \/><\/a><br \/>\n^ MA-20, Malaga<\/p>\n<p><a href='http:\/\/extra.inmontanis.info\/d\/20393-2\/DSC05404.jpg'><img src=http:\/\/extra.inmontanis.info\/d\/20390-3\/DSC05404.jpg \/><\/a><br \/>\n^ Benalmadena, Ausfahrt 222 zur EUB (die Ausfahrten in Spanien sind nicht nummeriert, sondern mit der km-Angabe versehen, was ein vielfaches praktischer als die Nummerierungen anderer L\u00e4nder ist!)<\/p>\n<p><a href='http:\/\/extra.inmontanis.info\/d\/20397-2\/DSC05405.jpg'><img src=http:\/\/extra.inmontanis.info\/d\/20396-3\/DSC05405.jpg \/><\/a><br \/>\n^ 4EUB<\/p>\n<p><a href='http:\/\/extra.inmontanis.info\/d\/20401-2\/DSC05407.jpg'><img src=http:\/\/extra.inmontanis.info\/d\/20400-3\/DSC05407.jpg \/><\/a><br \/>\n^ Riesenrad und 4EUB<\/p>\n<p><a href='http:\/\/extra.inmontanis.info\/d\/20405-2\/DSC05409.jpg'><img src=http:\/\/extra.inmontanis.info\/d\/20404-3\/DSC05409.jpg \/><\/a><br \/>\n^ Vom Parkplatz zur 4EUB<\/p>\n<p><a href='http:\/\/extra.inmontanis.info\/d\/20409-2\/DSC05410.jpg'><img src=http:\/\/extra.inmontanis.info\/d\/20408-3\/DSC05410.jpg \/><\/a><br \/>\n^ Talstation<\/p>\n<p><a href='http:\/\/extra.inmontanis.info\/d\/20413-2\/DSC05412.jpg'><img src=http:\/\/extra.inmontanis.info\/d\/20412-3\/DSC05412.jpg \/><\/a><br \/>\n^ Talstation<\/p>\n<p><a href='http:\/\/extra.inmontanis.info\/d\/20417-2\/DSC05416.jpg'><img src=http:\/\/extra.inmontanis.info\/d\/20416-3\/DSC05416.jpg \/><\/a><br \/>\n^ Talstation<\/p>\n<p><a href='http:\/\/extra.inmontanis.info\/d\/20421-2\/DSC05419.jpg'><img src=http:\/\/extra.inmontanis.info\/d\/20420-3\/DSC05419.jpg \/><\/a><br \/>\n^ Strecke der 4EUB, wobei es oben noch ein St\u00fcck weiter geht.<\/p>\n<p><a href='http:\/\/extra.inmontanis.info\/d\/20425-2\/DSC05423.jpg'><img src=http:\/\/extra.inmontanis.info\/d\/20424-3\/DSC05423.jpg \/><\/a><br \/>\n^ Freizeitpark nahe der 4EUB<\/p>\n<p><a href='http:\/\/extra.inmontanis.info\/d\/20429-2\/DSC05429.jpg'><img src=http:\/\/extra.inmontanis.info\/d\/20428-3\/DSC05429.jpg \/><\/a><br \/>\n^ Freizeitpark und 4EUB<\/p>\n<p><a href='http:\/\/extra.inmontanis.info\/d\/20433-2\/DSC05432.jpg'><img src=http:\/\/extra.inmontanis.info\/d\/20432-3\/DSC05432.jpg \/><\/a><br \/>\n^ Benalm\u00e1dena<\/p>\n<p><a href='http:\/\/extra.inmontanis.info\/d\/20437-2\/DSC05435.jpg'><img src=http:\/\/extra.inmontanis.info\/d\/20436-3\/DSC05435.jpg \/><\/a><br \/>\n^ Die 4EUB f\u00e4hrt \u00fcber die A7<\/p>\n<p><a href='http:\/\/extra.inmontanis.info\/d\/20441-2\/DSC05442.jpg'><img src=http:\/\/extra.inmontanis.info\/d\/20440-3\/DSC05442.jpg \/><\/a><br \/>\n^ Unterer Streckenteil mit Neubausiedlung<\/p>\n<p><a href='http:\/\/extra.inmontanis.info\/d\/20445-2\/DSC05443.jpg'><img src=http:\/\/extra.inmontanis.info\/d\/20444-3\/DSC05443.jpg \/><\/a><br \/>\n^ Mittlerer Streckenteil<\/p>\n<p><a href='http:\/\/extra.inmontanis.info\/d\/20449-2\/DSC05448.jpg'><img src=http:\/\/extra.inmontanis.info\/d\/20448-3\/DSC05448.jpg \/><\/a><br \/>\n^ 4EUB und Benalm\u00e1dena<\/p>\n<p><a href='http:\/\/extra.inmontanis.info\/d\/20453-2\/DSC05455.jpg'><img src=http:\/\/extra.inmontanis.info\/d\/20452-3\/DSC05455.jpg \/><\/a><br \/>\n^ Bergstation<\/p>\n<p><a href='http:\/\/extra.inmontanis.info\/d\/20457-2\/DSC05456.jpg'><img src=http:\/\/extra.inmontanis.info\/d\/20456-3\/DSC05456.jpg \/><\/a><br \/>\n^ Bergstation<\/p>\n<p><a href='http:\/\/extra.inmontanis.info\/d\/20461-2\/DSC05465.jpg'><img src=http:\/\/extra.inmontanis.info\/d\/20460-3\/DSC05465.jpg \/><\/a><br \/>\n^ Bergstation 4EUB und Blick nach M\u00e1laga<\/p>\n<p><a href='http:\/\/extra.inmontanis.info\/d\/20465-2\/DSC05467.jpg'><img src=http:\/\/extra.inmontanis.info\/d\/20464-3\/DSC05467.jpg \/><\/a><br \/>\n^ Von der Bergstation f\u00fchren ein paar Wege zum Vorgipfel und zum Hauptgipfel<\/p>\n<p><a href='http:\/\/extra.inmontanis.info\/d\/20469-2\/DSC05469.jpg'><img src=http:\/\/extra.inmontanis.info\/d\/20468-3\/DSC05469.jpg \/><\/a><br \/>\n^ Meerblick vom Aufstieg zum Gipfel<\/p>\n<p><a href='http:\/\/extra.inmontanis.info\/d\/20473-2\/DSC05470.jpg'><img src=http:\/\/extra.inmontanis.info\/d\/20472-3\/DSC05470.jpg \/><\/a><br \/>\n^ Fuengirola<\/p>\n<p><a href='http:\/\/extra.inmontanis.info\/d\/20477-2\/DSC05476.jpg'><img src=http:\/\/extra.inmontanis.info\/d\/20476-3\/DSC05476.jpg \/><\/a><br \/>\n^ (R\u00fcck)seite<\/p>\n<p><a href='http:\/\/extra.inmontanis.info\/d\/20481-2\/DSC05477.jpg'><img src=http:\/\/extra.inmontanis.info\/d\/20480-3\/DSC05477.jpg \/><\/a><br \/>\n^ Gipfel-Pano richtung S\u00fcden<\/p>\n<p><a href='http:\/\/extra.inmontanis.info\/d\/20485-2\/DSC05483.jpg'><img src=http:\/\/extra.inmontanis.info\/d\/20484-3\/DSC05483.jpg \/><\/a><br \/>\n^ Ostpano, die K\u00fcste entlang<\/p>\n<p><a href='http:\/\/extra.inmontanis.info\/d\/20489-2\/DSC05489.jpg'><img src=http:\/\/extra.inmontanis.info\/d\/20488-3\/DSC05489.jpg \/><\/a><br \/>\n^ Talblick Benalm\u00e1dena  mit 4EUB vom vorderen Gipfel aus<\/p>\n<p><a href='http:\/\/extra.inmontanis.info\/d\/20493-2\/DSC05492.jpg'><img src=http:\/\/extra.inmontanis.info\/d\/20492-3\/DSC05492.jpg \/><\/a><br \/>\n^ Meerpano vom vorderen Gipfel aus<\/p>\n<p><a href='http:\/\/extra.inmontanis.info\/d\/20497-2\/DSC09783.jpg'><img src=http:\/\/extra.inmontanis.info\/d\/20496-3\/DSC09783.jpg \/><\/a><br \/>\n^ IR-Pano, machte heute leider nicht viel Sinn, aber &#8230;<\/p>\n<p><a href='http:\/\/extra.inmontanis.info\/d\/20501-2\/DSC09787.jpg'><img src=http:\/\/extra.inmontanis.info\/d\/20500-3\/DSC09787.jpg \/><\/a><br \/>\n^ IR-Zoom zur Halbinsel von Gibraltar<\/p>\n<p><a href='http:\/\/extra.inmontanis.info\/d\/20505-2\/DSC05493.jpg'><img src=http:\/\/extra.inmontanis.info\/d\/20504-3\/DSC05493.jpg \/><\/a><br \/>\n^ Wolkiger Zoom \u00fcbers Mittelmeer, zur afrikanischen K\u00fcste sinds ca. 160 km &#8211; aber mit den Wolken heute chancenlos ..<\/p>\n<p><a href='http:\/\/extra.inmontanis.info\/d\/20509-2\/DSC09806.jpg'><img src=http:\/\/extra.inmontanis.info\/d\/20508-3\/DSC09806.jpg \/><\/a><br \/>\n^ .. immerhin, bei einem meiner IR-Zooms hab ich doch noch ein paar Berge in Marokko erwischt<\/p>\n<p><a href='http:\/\/extra.inmontanis.info\/d\/20513-2\/DSC05507.jpg'><img src=http:\/\/extra.inmontanis.info\/d\/20512-3\/DSC05507.jpg \/><\/a><br \/>\n^ Zoom Fuengirola<\/p>\n<p><a href='http:\/\/extra.inmontanis.info\/d\/20517-2\/DSC05509.jpg'><img src=http:\/\/extra.inmontanis.info\/d\/20516-3\/DSC05509.jpg \/><\/a><br \/>\n^ Zoom Benalm\u00e1dena mit 4EUB<\/p>\n<p><a href='http:\/\/extra.inmontanis.info\/d\/20521-2\/DSC05514.jpg'><img src=http:\/\/extra.inmontanis.info\/d\/20520-3\/DSC05514.jpg \/><\/a><br \/>\n^ Aussichts-Pavillon am Vorgipfel<\/p>\n<p><a href='http:\/\/extra.inmontanis.info\/d\/20525-2\/DSC05517.jpg'><img src=http:\/\/extra.inmontanis.info\/d\/20524-3\/DSC05517.jpg \/><\/a><br \/>\n^ Ostpano Malaga mit 4EUB<\/p>\n<p><a href='http:\/\/extra.inmontanis.info\/d\/20529-2\/DSC05521.jpg'><img src=http:\/\/extra.inmontanis.info\/d\/20528-3\/DSC05521.jpg \/><\/a><br \/>\n^ 4EUB mit Meerblick von nahe der Bergstation<\/p>\n<p><a href='http:\/\/extra.inmontanis.info\/d\/20533-2\/DSC05523.jpg'><img src=http:\/\/extra.inmontanis.info\/d\/20532-3\/DSC05523.jpg \/><\/a><br \/>\n^ Bergstation<\/p>\n<p><a href='http:\/\/extra.inmontanis.info\/d\/20537-2\/DSC05532.jpg'><img src=http:\/\/extra.inmontanis.info\/d\/20536-3\/DSC05532.jpg \/><\/a><br \/>\n^ 4EUB talw\u00e4rts<\/p>\n<p><a href='http:\/\/extra.inmontanis.info\/d\/20541-2\/DSC05539.jpg'><img src=http:\/\/extra.inmontanis.info\/d\/20540-3\/DSC05539.jpg \/><\/a><br \/>\n^ Autobahn\u00fcberfahrt<\/p>\n<p><a href='http:\/\/extra.inmontanis.info\/d\/20545-2\/DSC05544.jpg'><img src=http:\/\/extra.inmontanis.info\/d\/20544-3\/DSC05544.jpg \/><\/a><br \/>\n^ 4EUB<\/p>\n<p><a href='http:\/\/extra.inmontanis.info\/d\/20549-2\/DSC05546.jpg'><img src=http:\/\/extra.inmontanis.info\/d\/20548-3\/DSC05546.jpg \/><\/a><br \/>\n^ Benalm\u00e1dena<\/p>\n<p><a href='http:\/\/extra.inmontanis.info\/d\/20553-2\/DSC05547.jpg'><img src=http:\/\/extra.inmontanis.info\/d\/20552-3\/DSC05547.jpg \/><\/a><br \/>\n^ 4EUB richtung Meer<\/p>\n<p><a href='http:\/\/extra.inmontanis.info\/d\/20557-2\/DSC05549.jpg'><img src=http:\/\/extra.inmontanis.info\/d\/20556-3\/DSC05549.jpg \/><\/a><br \/>\n^ Freizeitpark<\/p>\n<p><a href='http:\/\/extra.inmontanis.info\/d\/20561-2\/DSC05552.jpg'><img src=http:\/\/extra.inmontanis.info\/d\/20560-3\/DSC05552.jpg \/><\/a><br \/>\n^ Freizeitpark<\/p>\n<p><a href='http:\/\/extra.inmontanis.info\/d\/20565-2\/DSC05554.jpg'><img src=http:\/\/extra.inmontanis.info\/d\/20564-3\/DSC05554.jpg \/><\/a><br \/>\n^ Freizeitpark<\/p>\n<p><a href='http:\/\/extra.inmontanis.info\/d\/20569-2\/DSC05558.jpg'><img src=http:\/\/extra.inmontanis.info\/d\/20568-3\/DSC05558.jpg \/><\/a><br \/>\n^ 4EUB Garagierung<\/p>\n<p>Ein paar Filmsequenzen hab ich auch gemacht:<br \/>\n<object style=\"height: 500px; width: 900px\"><param name=\"movie\" value=\"http:\/\/www.youtube.com\/v\/YPIVJLRtVLI\"><\/param><param name=\"wmode\" value=\"transparent\"><\/param><embed src=\"http:\/\/www.youtube.com\/v\/YPIVJLRtVLI\" type=\"application\/x-shockwave-flash\" wmode=\"transparent\"  width=\"900\" height=\"480\"><\/embed><\/object><\/p>\n<p>Bis man oben die Wege zu den Panoramapunkten abgeht, die EUB selbst ist ja auch recht lang und nicht gerade schnell, vergeht die Zeit. Hab an der Talstation noch einen (leckeren) Hamburger verdr\u00fcckt und kam gegen 13:45 Uhr weg, fast etwas sp\u00e4t, hatte noch knapp 7 Stunden Autofahrt vor mir.<\/p>\n<p><a href='http:\/\/extra.inmontanis.info\/d\/20601-2\/DSC05570.jpg'><img src=http:\/\/extra.inmontanis.info\/d\/20600-3\/DSC05570.jpg \/><\/a><br \/>\n^ A45<\/p>\n<p><a href='http:\/\/extra.inmontanis.info\/d\/20605-2\/DSC05584.jpg'><img src=http:\/\/extra.inmontanis.info\/d\/20604-3\/DSC05584.jpg \/><\/a><br \/>\n^ A44<\/p>\n<p><a href='http:\/\/extra.inmontanis.info\/d\/20609-2\/DSC05592.jpg'><img src=http:\/\/extra.inmontanis.info\/d\/20608-3\/DSC05592.jpg \/><\/a><br \/>\n^ A4, rechts vmtl. die Stra\u00dfe vor dem Ausbau zur Autobahn<\/p>\n<p><a href='http:\/\/extra.inmontanis.info\/d\/20613-2\/DSC05598.jpg'><img src=http:\/\/extra.inmontanis.info\/d\/20612-3\/DSC05598.jpg \/><\/a><br \/>\n^ A4. Nicht alle Autobahnzust\u00e4nde in Spanien sind perfekt&#8230;<\/p>\n<p><a href='http:\/\/extra.inmontanis.info\/d\/20617-2\/DSC05603.jpg'><img src=http:\/\/extra.inmontanis.info\/d\/20616-3\/DSC05603.jpg \/><\/a><br \/>\n^ Game over? Das will man egtl. nicht in seinem Fahrzeugdisplay lesen :) Nach dem ersten Schock ein Blick auf den iPod &#8211; puh, nur der Name des gerade gespielten Liedes, keine Selbstzerst\u00f6rung des Motors :)<\/p>\n<p>Als ich auf die A43 abbog und selbige entlang fuhr, war das Land etwas flacher als sonst, und noch einsamer. Wei\u00df nicht, ob das hier (in der Ecke, an der Autobahn) die Ausnahme ist, aber mir scheint, dass Spanien sehr d\u00fcnn besiedelt ist. Es gibt zwar hier und da ein paar St\u00e4dte (und die dann oft auch gr\u00f6\u00dfer), aber dazwischen nicht viel. Auf den keine Ahnung, 90 km Autobahn waren gerade mal ca. 2 St\u00e4dte oder gr\u00f6\u00dfere Ortschaften zu sehen, ansonsten kein einziges Dorf. Auch auf den letzten \u00fcber 100 km Landstra\u00dfe konnte man die Ortschaften an einer Hand abz\u00e4hlen. Da scheint mir ja selbst der skandinavische Norden noch dichter besiedelt zu sein!<\/p>\n<p><a href='http:\/\/extra.inmontanis.info\/d\/20621-2\/DSC05619.jpg'><img src=http:\/\/extra.inmontanis.info\/d\/20620-3\/DSC05619.jpg \/><\/a><br \/>\n^ A43<\/p>\n<p><a href='http:\/\/extra.inmontanis.info\/d\/20625-2\/DSC05637.jpg'><img src=http:\/\/extra.inmontanis.info\/d\/20624-3\/DSC05637.jpg \/><\/a><br \/>\n^ A3<\/p>\n<p>S\u00e4mtliche Autobahnen heute waren \u00fcbrigens wieder mautfrei. Wo verstecken sich egtl. die mautpflichtigen? Gut, 27 km nach Malaga h\u00e4tte ich die mautpflichtige fahren k\u00f6nnen, aber die mautfreie wird wohl nicht so viel Umweg sein, als dass sich die mautpflichtige (Zeit f\u00fcrs Bezahlen!) sonderlich gelohnt h\u00e4tte. <\/p>\n<p>Neben der d\u00fcnnen Besiedlung abseits der St\u00e4dte hab ich in den letzten Tagen, soweit ich das jetzt sagen kann, folgende Erfahrungen \/ Feststellungen \u00fcber Spanien machen k\u00f6nnen:<\/p>\n<p>&#8211; mautpflichtige Autobahnen sind eher selten und manchmal kann man sie auch auf mautfreien Autobahnen umfahren <\/p>\n<p>&#8211; in den letzten Jahren wurden viele (mautfreie) Autobahnen gebaut bzw. bestehende Landstra\u00dfen zu Autobahnen ausgebaut<\/p>\n<p>&#8211; abseits der gro\u00dfen St\u00e4dte sind Autobahnen werktags wie wochenends sehr leer<\/p>\n<p>&#8211; das Inland liegt meist so auf ca. 600-900m<\/p>\n<p>&#8211; Bei so gut wie jedem Anstieg wird eine 2- zu einer 3-spurigen Autobahn, bei anderen \u00dcberlandstra\u00dfen gibt&#8217;s ebenfalls sehr oft eine Verbreiterung von 1 auf 2 Spuren, um jeweils langsame Fahrzeuge zu \u00fcberholen (gibt&#8217;s in anderen L\u00e4ndern auch, aber m.E. nicht so regelm\u00e4\u00dfig wie hier)<\/p>\n<p>&#8211; es gibt eine sehr hohe Tankstellendichte (auch Restaurants und Hotels) an den (mautfreien) Autobahnen &#8211; zumindest so sie nicht durch die extrem d\u00fcnn besiedelten Gebiete gehen. Entweder sind die Tankstellen direkt an der Autobahn, oder daneben und via Ausfahrt angeschrieben, tw. ist an jeder 2. Ausfahrt ein Tankstellen-Hinweisschild<\/p>\n<p>&#8211; h\u00e4ufig sind Tankstellen, Restaurants, Hotels, andere Gewerbe, auf sog. &#8220;Via Servicio&#8221;, die parallel zur Autobahn verlaufen und h\u00e4ufig nur als Einbahnstra\u00dfe ge\u00f6ffnet sind. Meist gibts dort auch weitere Ein-\/Ausfahrm\u00f6glichkeiten zu Ortschaften; manchmal dauert es auch einige km, bis man von so einer &#8220;Boxengasse&#8221; wieder auf die Autobahn einscheren kann (was schon mal nervig sein kann)<\/p>\n<p>&#8211; durch die hohe Tankstellendichte sind die einzelnen Tankstellen eher klein (meist nur 2-4 Zapfs\u00e4ulen), haben meist aber einen kleinen Shop mit Lebensmittel wie bei uns, sowie Toiletten. Landkarten gibts anscheinend generell dort nicht zu kaufen (wollte mir einen Stra\u00dfentlas von Spanien kaufen, hab bis heute keinen gefunden und fahr somit nur nach Navi, was in Spanien aber \u00e4u\u00dferst gut funktioniert, besser als in Italien. Anmerkung vom Tag danach: Am n\u00e4chsten Tag, als ich keine mehr ben\u00f6tigte, war ich tats\u00e4chlich an einer Tankstelle, wo es auch Landkarten gab.)<\/p>\n<p>&#8211; es gibt nur wenig Parkpl\u00e4tze auf den Autobahnen und fast keine mit WC. Auf den 1000-2000km, die ich bisher auf spanischen Autobahnen gefahren bin, hab ich gerade einmal 2 Parkpl\u00e4tze mit WC gesehen (!).<\/p>\n<p>&#8211; einige Tankstellen haben &#8211; wie in manch anderen L\u00e4ndern auch &#8211; die Unsitte, dass man im Vorhinein zahlen muss. Da ich stets Volltanken will &#8211; und im Urlaub mit Kreditkarte zahlen m\u00f6chte, um nicht zu h\u00e4ufig eine Bank suchen zu m\u00fcssen &#8211; steck ich bei solchen Tankstellen die Zapfpistole wieder zur\u00fcck und fahr weiter zur n\u00e4chsten Tankstelle, die ja nicht weit entfernt ist.<\/p>\n<p>&#8211; Die Dieselpreise an den Tankstellen schwanken so zwischen ca. 1,33 und 1,38 \u20ac, also recht ident zu \u00d6sterreich und Frankreich. Tankstellen an den Autobahnen haben dabei keine h\u00f6heren Preise.<\/p>\n<p>&#8211; Keine Maut, g\u00fcnstige Benzinpreise, wenig verkehr &#8211; von daher kommt man in Spanien im Vgl. zu Frankreich und erst recht Italien &#8211; echt g\u00fcnstig voran. Von allen L\u00e4ndern, die ich bisher befahren hab, ist von der Stra\u00dfeninfrastruktur Spanien ganz klar auf Platz 1.<\/p>\n<p>&#8211; Geschwindigkeitslimit auf den Autobahnen 120, auf den Landstra\u00dfen generell 90, manchmal wird auch 100 ausgeschildert (diese Eigenheit hab ich sonst bisher nur in Skandinavien erlebt)<\/p>\n<p>&#8211; Generelles Preisniveau in Superm\u00e4rkten bzw. in Restaurants beim Essen am ehesten mit Deutschland vergleichbar oder sogar noch g\u00fcnstiger<\/p>\n<p>&#8211; Stra\u00dfenzustand der Autobahnen &#8211; teilweise perfekt, teilweise aber so wellig (selbst neue!), dass man 80\/100er Schilder aufgestellt hat und freiwillig noch langsamer f\u00e4hrt :)<\/p>\n<p>Gegen 20:45 Uhr kam ich am Hotel in Torrebaja (spanisches &#8220;j&#8221; = &#8220;ch&#8221;-Laut) an, EZ kostet 27,- \u20ac. Das Zimmer selbst ist nett und mit Schreibtisch und Fu\u00dfbodenheizung.<\/p>\n<p><a href='http:\/\/extra.inmontanis.info\/d\/20629-2\/DSC05641.jpg'><img src=http:\/\/extra.inmontanis.info\/d\/20628-3\/DSC05641.jpg \/><\/a><br \/>\n^ Heutiges Hotelzimmer<\/p>\n<p>Um 21 Uhr wollte ich im Restaurant essen (im Bar\/Cafeteria-Bereich war&#8217;s mir entschieden zu laut), wurde dann extra f\u00fcr mich &#8220;schon&#8221; aufgemacht. Die ersten weiteren G\u00e4ste kamen dann nach 21:30 Uhr. Men\u00fc kostet 12,- \u20ac, hab mich f\u00fcr eine Suppe entschieden (Fleisch und Ei waren drin, sowie wohl Paprikagew\u00fcrz, also geschmacklich richtung Gulaschsuppe) &#8211; in Spanien gibt&#8217;s anscheinend nur Suppe oder Salat als Vorspeise im Men\u00fc &#8211; und als Hauptspeise f\u00fcr ein gekocht\/angebratenes Rindfleisch mit Kraut, Brot-R\u00f6stzwiebel (oder so) und 10 St\u00fcck Pommes. Hat beides ganz gut geschmeckt, bin aber mit der Nachspeise nur &#8220;normal&#8221; satt geworden. Mir fehlen die deftigen ital. Pasta als Vorspeise :)<\/p>\n<p>F\u00fcr morgen w\u00e4re ein Skitag in Javalambre geplant, hoffentlich wird der Wind nicht zu stark (melden tut er es) und es wird nicht zu voll. Mehr Sonne g\u00e4b&#8217;s \u00fcbermorgen &#8211; aber dann mit noch mehr Wind. F\u00fcr die n\u00e4chsten Tage gibt&#8217;s keine neue Wetter\u00e4nderung, wirklich sonnig soll&#8217;s erst ab Donnerstag werden &#8211; und das gilt f\u00fcr das spanische Zentralgebirge, f\u00fcr den Nord(west)en, f\u00fcr die Pyren\u00e4en beiderseits, f\u00fcr&#8217;s franz\u00f6sische Zentralmassif, f\u00fcr Italien &#8230; also, es lohnt sich nicht, irgendwo anders hinzufahren. Die Frage bleibt also: Wohin fahr ich Donnerstag, Freitag, Wochenende? Spanien? Massif Central? Appennin? Macht alles Sinn und w\u00fcrde ich alles gerne anfahren. Rein logistisch f\u00e4llt der Appennino wohl aus, denn das k\u00f6nnte ich auch an einem Wochenende machen (wenn die ital. Maut nicht so teuer w\u00e4re, w\u00fcrde ich das \u00f6fters!) &#8211; insofern w\u00fcrde es doch mehr Sinn machen, m\u00f6glichst viel in Spanien bzw. evtl. noch in den frz. Pyren\u00e4en mitzunehmen. Nur am letzten Tag, Sonntag, sollte man etwas nehmen, wo man in weniger als 10 Stunden nach Innsbruck k\u00e4me&#8230;<\/p>\n<p>Aber die Wetterberichte der n\u00e4chsten Tage meldeten einfach keinen Lichtblick. K\u00f6nnte man am Montag hier oder da noch wenigstens ohne Schneefall \u00fcber die Runden kommen, sieht es f\u00fcr Di+Mi egtl. nirgends brauchbar aus, weder zentral, noch West, noch Ost, noch frz. Pyren\u00e4en. Erst ab Donnerstag sonniger. Oha, was ist das? Die frz. S\u00fcdalpen melden bereits ab Dienstag wolkenlosen Sonnenschein! Dann doch lieber bei Sonne nochmal Greolieres fahren als bei Schneefall hier in den Pyren\u00e4en zu bleiben?! <\/p>\n<p>(Fortsetzung folgt.)<\/p>\n","protected":false},"excerpt":{"rendered":"<p>FIST &#8211; Frankreich-Italien-Spanien Tour, Tag 11, Sa, 1.3.2014, Benalmadena. km 4.408 (\u2206 765)<\/p>\n<p>Da die 4EUB in Benalmadena lt. Fahrplan erst ab 11 Uhr lief &#8211; und ich ca. 1,5h dort hin ben\u00f6tigen w\u00fcrde &#8211; lie\u00df ich es etwas ruhiger angehen bzw. checkte die Wetterlage der n\u00e4chsten Tage, machte ein Zimmer f\u00fcr heute Abend klar <a href=\"http:\/\/blog.inmontanis.info\/?p=2666\">[&#8230;]<\/a><\/p>\n","protected":false},"author":1,"featured_media":0,"comment_status":"open","ping_status":"closed","sticky":false,"template":"","format":"standard","meta":{"footnotes":""},"categories":[130,129],"tags":[42,37],"class_list":["post-2666","post","type-post","status-publish","format-standard","hentry","category-201402-fist","category-spain","tag-4eub","tag-meer","odd"],"_links":{"self":[{"href":"http:\/\/blog.inmontanis.info\/index.php?rest_route=\/wp\/v2\/posts\/2666","targetHints":{"allow":["GET"]}}],"collection":[{"href":"http:\/\/blog.inmontanis.info\/index.php?rest_route=\/wp\/v2\/posts"}],"about":[{"href":"http:\/\/blog.inmontanis.info\/index.php?rest_route=\/wp\/v2\/types\/post"}],"author":[{"embeddable":true,"href":"http:\/\/blog.inmontanis.info\/index.php?rest_route=\/wp\/v2\/users\/1"}],"replies":[{"embeddable":true,"href":"http:\/\/blog.inmontanis.info\/index.php?rest_route=%2Fwp%2Fv2%2Fcomments&post=2666"}],"version-history":[{"count":1,"href":"http:\/\/blog.inmontanis.info\/index.php?rest_route=\/wp\/v2\/posts\/2666\/revisions"}],"predecessor-version":[{"id":2667,"href":"http:\/\/blog.inmontanis.info\/index.php?rest_route=\/wp\/v2\/posts\/2666\/revisions\/2667"}],"wp:attachment":[{"href":"http:\/\/blog.inmontanis.info\/index.php?rest_route=%2Fwp%2Fv2%2Fmedia&parent=2666"}],"wp:term":[{"taxonomy":"category","embeddable":true,"href":"http:\/\/blog.inmontanis.info\/index.php?rest_route=%2Fwp%2Fv2%2Fcategories&post=2666"},{"taxonomy":"post_tag","embeddable":true,"href":"http:\/\/blog.inmontanis.info\/index.php?rest_route=%2Fwp%2Fv2%2Ftags&post=2666"}],"curies":[{"name":"wp","href":"https:\/\/api.w.org\/{rel}","templated":true}]}}