{"id":2652,"date":"2014-02-27T23:03:16","date_gmt":"2014-02-27T22:03:16","guid":{"rendered":"http:\/\/blog.inmontanis.info\/?p=2652"},"modified":"2023-08-05T16:21:00","modified_gmt":"2023-08-05T14:21:00","slug":"sierra-nevada-halbtag-im-nebel-27-2-2014","status":"publish","type":"post","link":"http:\/\/blog.inmontanis.info\/?p=2652","title":{"rendered":"Sierra Nevada &#8211; Halbtag im Nebel, 27.2.2014"},"content":{"rendered":"<p><strong>FIST &#8211; Frankreich-Italien-Spanien Tour, Tag 9, Do, 27.2.2014, Sierra Nevada zum Ersten. km 3.547 (\u2206 422)<\/strong><\/p>\n<p>Auch wenn ich gestern noch &#8220;jonglieren&#8221; schrieb, irgendwie stand heute Morgen doch nichts mehr anderes zur Diskussion und ich fuhr weiter in den S\u00fcden zur Sierra Nevada.<\/p>\n<p>(Fotos anklicken zum Vergr\u00f6\u00dfern)<\/p>\n<p><a href='http:\/\/extra.inmontanis.info\/d\/19807-7\/ge201402-fist1d.jpg'><img src=http:\/\/extra.inmontanis.info\/d\/19807-7\/ge201402-fist1d.jpg \/><\/a><br \/>\nM) Sierra Nevada<\/p>\n<p><a href='http:\/\/extra.inmontanis.info\/d\/20277-2\/DSC04894.jpg'><img src=http:\/\/extra.inmontanis.info\/d\/20276-3\/DSC04894.jpg \/><\/a><br \/>\n^ Auf der A4 richtung S\u00fcden. Der Horizont macht Hoffnung..<\/p>\n<p><a href='http:\/\/extra.inmontanis.info\/d\/20281-2\/DSC04898.jpg'><img src=http:\/\/extra.inmontanis.info\/d\/20280-3\/DSC04898.jpg \/><\/a><br \/>\n^ A4<\/p>\n<p><a href='http:\/\/extra.inmontanis.info\/d\/20285-2\/DSC04902.jpg'><img src=http:\/\/extra.inmontanis.info\/d\/20284-3\/DSC04902.jpg \/><\/a><br \/>\n^ A4<\/p>\n<p><a href='http:\/\/extra.inmontanis.info\/d\/20289-2\/DSC04906.jpg'><img src=http:\/\/extra.inmontanis.info\/d\/20288-3\/DSC04906.jpg \/><\/a><br \/>\n^ A4<\/p>\n<p><a href='http:\/\/extra.inmontanis.info\/d\/20293-2\/DSC04908.jpg'><img src=http:\/\/extra.inmontanis.info\/d\/20292-3\/DSC04908.jpg \/><\/a><br \/>\n^ A4 Abzweig zur A44 mit arabisch geschriebenen Ortsnamen? Mal &#8216;was neues f\u00fcr mich&#8230;<\/p>\n<p><a href='http:\/\/extra.inmontanis.info\/d\/20297-2\/DSC04910.jpg'><img src=http:\/\/extra.inmontanis.info\/d\/20296-3\/DSC04910.jpg \/><\/a><br \/>\n^ A44. Noch schauen die Berge am Horizont ja wetterm\u00e4\u00dfig OK aus &#8230;<\/p>\n<p><a href='http:\/\/extra.inmontanis.info\/d\/20301-2\/DSC04916.jpg'><img src=http:\/\/extra.inmontanis.info\/d\/20300-3\/DSC04916.jpg \/><\/a><br \/>\n^ A44<\/p>\n<p><a href='http:\/\/extra.inmontanis.info\/d\/20305-2\/DSC04918.jpg'><img src=http:\/\/extra.inmontanis.info\/d\/20304-3\/DSC04918.jpg \/><\/a><br \/>\n^ A44, landschaftlich recht nett mal wieder<\/p>\n<p><a href='http:\/\/extra.inmontanis.info\/d\/20309-2\/DSC04919.jpg'><img src=http:\/\/extra.inmontanis.info\/d\/20308-3\/DSC04919.jpg \/><\/a><br \/>\n^ A44 richtung Granada<\/p>\n<p><a href='http:\/\/extra.inmontanis.info\/d\/20313-2\/DSC04921.jpg'><img src=http:\/\/extra.inmontanis.info\/d\/20312-3\/DSC04921.jpg \/><\/a><br \/>\n^ A44<\/p>\n<p><a href='http:\/\/extra.inmontanis.info\/d\/20317-2\/DSC04926.jpg'><img src=http:\/\/extra.inmontanis.info\/d\/20316-3\/DSC04926.jpg \/><\/a><br \/>\n^ A44<\/p>\n<p><a href='http:\/\/extra.inmontanis.info\/d\/20321-2\/DSC04933.jpg'><img src=http:\/\/extra.inmontanis.info\/d\/20320-3\/DSC04933.jpg \/><\/a><br \/>\n^ A44 vor Granada, im Hintergrund der Skigebietsbereich der Sierra Nevada. Na toll, ausgerechnet hier ist das Wetter mal wieder schlechter :-(<\/p>\n<p><a href='http:\/\/extra.inmontanis.info\/d\/20325-2\/DSC04935.jpg'><img src=http:\/\/extra.inmontanis.info\/d\/20324-3\/DSC04935.jpg \/><\/a><br \/>\n^ Granada, doch eine gr\u00f6\u00dfere Stadt, als ich erwartet h\u00e4tte!<\/p>\n<p><a href='http:\/\/extra.inmontanis.info\/d\/20329-2\/DSC04940.jpg'><img src=http:\/\/extra.inmontanis.info\/d\/20328-3\/DSC04940.jpg \/><\/a><br \/>\n^ Granada kann man komplett auf Autobahn durchfahren, hier die Autobahn richtung Skigebiet<\/p>\n<p><a href='http:\/\/extra.inmontanis.info\/d\/20333-2\/DSC04954.jpg'><img src=http:\/\/extra.inmontanis.info\/d\/20332-3\/DSC04954.jpg \/><\/a><br \/>\n^ Talblick von der Auffahrt ins Skigebiet<\/p>\n<p>Um 13 Uhr kam ich p\u00fcnktlich zur Nachmittagskarte an, ich parkte oben an der 6KSB, da ich unten an den EUBs entweder einen langen Fu\u00dfmarsch oder evtl. eine teurere Tiefgarage bef\u00fcrchtet hatte. Gipfelbereich war leider in Wolken\/Nebel, bis zu den Mittelstationen war aber gute Sicht und es schien etwas Sonne vom Westen rein. Halbtageskarte 37,- plus 3,- Keycard-Pfand, fremde Keycards werden leider nicht akzeptiert. Und 5,- \u20ac Parkgeb\u00fchren. Als ob die Skip\u00e4sse nicht schon teuer genug hier w\u00e4ren!<\/p>\n<p>Nun, leider wurde das Wetter noch schlechter, der Nebel ging immer weiter runter und ab 15 Uhr gab es starken Eis-\/Schneeregen. Dazu viele dunkelblaue Eisplatten auf den Pisten. Absolut zu vergessen und mal wesentlich schlechter als die Wetterberichte vorhergesagt hatten. Die letzte Abfahrt war absolut chaotisch und dauerte ewig: Da ich am oberen Parkplatz stand musste ich die richtige Piste finden, die Pistenbegrenzungen und Ausschilderungen waren aber definitiv nicht f\u00fcr den jetzigen, starken Nebel konzipiert. So lang ich irgendwas seh (Pistenbegrenzungen, St\u00fctzen) und mir somit das Gel\u00e4nde vorstellen kann, kann ich im Nebel ganz gut &#8220;blind&#8221; fahren, aber heute war die Sicht maximal (!) 1 Schild, d.h. ein, zwei Schw\u00fcnge, dann stehen bleiben und versuchen, den Verlauf der Piste irgendwie abzusch\u00e4tzen &#8211; mir wurde es teilweise schwindlig und schlecht und ich war echt froh, endlich wieder an der &#8220;Talstation&#8221; gewesen zu sein&#8230;<\/p>\n<p>Von den beiden EUBs bin ich nur eine gefahren, die 8er, leider ohne Skik\u00f6cher. Oben die Station absolut riesig, \u00fcberf\u00fcllt, b\u00e4h, gef\u00e4llt mir alles gar nicht hier. <\/p>\n<p>(GPS-Track und Pistenplan gibt&#8217;s dann im Bericht vom Folgetag!)<\/p>\n<p><a href='http:\/\/ski.inmontanis.info\/d\/177633-2\/DSC04955.jpg'><img src=http:\/\/ski.inmontanis.info\/d\/177631-3\/DSC04955.jpg \/><\/a><br \/>\n^ Gut ausgebaute Stra\u00dfe ins Skigebiet. 12 Uhr, schlechtes Wetter, trotzdem viel Verkehr bergw\u00e4rts!<\/p>\n<p><a href='http:\/\/ski.inmontanis.info\/d\/177637-2\/DSC04961.jpg'><img src=http:\/\/ski.inmontanis.info\/d\/177636-3\/DSC04961.jpg \/><\/a><br \/>\n^ Kurz vorm Skigebiet<\/p>\n<p><a href='http:\/\/ski.inmontanis.info\/d\/177641-2\/DSC04966.jpg'><img src=http:\/\/ski.inmontanis.info\/d\/177640-3\/DSC04966.jpg \/><\/a><br \/>\n^ Blick ins Skigebiet von der Stra\u00dfe aus<\/p>\n<p><a href='http:\/\/ski.inmontanis.info\/d\/177645-2\/DSC04968.jpg'><img src=http:\/\/ski.inmontanis.info\/d\/177644-3\/DSC04968.jpg \/><\/a><br \/>\n^ Alte Gondelbahnrelikte an der Stra\u00dfenkreuzung. Ach w\u00fcrde das alte B\u00e4hnchen doch noch laufen &#8230;<\/p>\n<p><a href='http:\/\/ski.inmontanis.info\/d\/177649-2\/DSC04973.jpg'><img src=http:\/\/ski.inmontanis.info\/d\/177648-3\/DSC04973.jpg \/><\/a><br \/>\n^ 6KSB Virgen de la nieves (h\u00f6rt sich nach Schneejungfrau an?)<\/p>\n<p><a href='http:\/\/ski.inmontanis.info\/d\/177653-2\/DSC04978.jpg'><img src=http:\/\/ski.inmontanis.info\/d\/177652-3\/DSC04978.jpg \/><\/a><br \/>\n^ 6KSB Virgen de la nieves, im Vordergrund eine alte DSB-St\u00fctze<\/p>\n<p><a href='http:\/\/ski.inmontanis.info\/d\/177657-2\/DSC04977.jpg'><img src=http:\/\/ski.inmontanis.info\/d\/177656-3\/DSC04977.jpg \/><\/a><br \/>\n^ Ehemalige DSB-Bergstation<\/p>\n<p><a href='http:\/\/ski.inmontanis.info\/d\/177661-2\/DSC04979.jpg'><img src=http:\/\/ski.inmontanis.info\/d\/177660-3\/DSC04979.jpg \/><\/a><br \/>\n^ Ehemalige DSB-St\u00fctzen; entweder war die DSB Parador I damals l\u00e4nger oder es gab eine 2. Sektion.<\/p>\n<p><a href='http:\/\/ski.inmontanis.info\/d\/177665-2\/DSC04983.jpg'><img src=http:\/\/ski.inmontanis.info\/d\/177664-3\/DSC04983.jpg \/><\/a><br \/>\n^ Talblick. Sp\u00e4ter war hier alles voll dichten Nebel.<\/p>\n<p><a href='http:\/\/ski.inmontanis.info\/d\/177669-2\/DSC04988.jpg'><img src=http:\/\/ski.inmontanis.info\/d\/177668-3\/DSC04988.jpg \/><\/a><br \/>\n^ Kurvenst\u00fctze 4SB Dilar. Die wollte ich trotz Nebels heute gefahren sein, falls sie morgen nicht laufen sollte :-)<\/p>\n<p><a href='http:\/\/ski.inmontanis.info\/d\/177673-2\/DSC04991.jpg'><img src=http:\/\/ski.inmontanis.info\/d\/177672-3\/DSC04991.jpg \/><\/a><br \/>\n^ DSB Parador I. Wartezeiten, nasse Size durch Schneefall und nasse Ski in die Hand nehmen? Darauf hatte ich keine Lust heute, also lief ich den Ort weiter um den normalen Zugang der 8EUB zu suchen (es gibt einen zweiten Eingang von der Piste her)<\/p>\n<p><a href='http:\/\/ski.inmontanis.info\/d\/177677-2\/DSC04992.jpg'><img src=http:\/\/ski.inmontanis.info\/d\/177676-3\/DSC04992.jpg \/><\/a><br \/>\n^ DSB Parador I<\/p>\n<p><a href='http:\/\/ski.inmontanis.info\/d\/177681-2\/DSC04993.jpg'><img src=http:\/\/ski.inmontanis.info\/d\/177680-3\/DSC04993.jpg \/><\/a><br \/>\n^ Eine zweite ehemalige 4EUB<\/p>\n<p><a href='http:\/\/ski.inmontanis.info\/d\/177685-2\/DSC04994.jpg'><img src=http:\/\/ski.inmontanis.info\/d\/177684-3\/DSC04994.jpg \/><\/a><br \/>\n^ Ex-4EUB-Schautafel in der Talstation der 8EUB Borreguiles<\/p>\n<p><a href='http:\/\/ski.inmontanis.info\/d\/177689-2\/DSC04995.jpg'><img src=http:\/\/ski.inmontanis.info\/d\/177688-3\/DSC04995.jpg \/><\/a><br \/>\n^ 8EUB Borreguiles. Mieses Wetter, schlechte Sicht, trotzdem Wartezeiten? Die Spanier sind abgeh\u00e4rtet, selbst hier im S\u00fcden!<\/p>\n<p>Aber wenn das morgen nicht wesentlich besseres Wetter gibt, spar ich mir die teure Tageskarte. Bin ja zum Meerpanoskifahren hier und nicht zum Nebel- und Eisrutschen!<br \/>\nDer Wetterbericht von der Nevada-Homepage sagt f\u00fcr morgens noch niedrige Wolken und Nebel an, dann wenig bew\u00f6lkt im Laufe des Vormittags und daf\u00fcr wird der Wind immer st\u00e4rker, sehr stark nachmittags. Interessanterweise versteh ich den Wetterbericht auf spanisch besser als die Google-\u00dcbersetzung ins Deutsche oder Englische  ;)<\/p>\n<p><em>&#8220;ARCHIV BEREICHE UND HOHE WOLKEN mit einem ersten Stunden in jedem INTERVAL Nieblas COTAS LOW ABNEHMEN AUF DER MORGEN eine kleine Wolke. LICHT Temperaturen steigen moderat. Nordwinde Drehen eines NORTHWEST bis m\u00e4\u00dfig LOOSE niedrigeren Dimensionen UND ERH\u00d6HUNG UM in h\u00f6heren Dimensionen mit sehr starken B\u00f6en ab dem Nachmittag m\u00e4\u00dfig stark.&#8221;<\/em><\/p>\n<p>\u00c4h, was is? Mal englisch probieren &#8230;<\/p>\n<p><em>&#8220;ARCHIVE RANGES AND HIGH CLOUDS WITH A FIRST HOURS IN ANY INTERVAL NIEBLAS COTAS LOW, DECREASING ALONG THE MORNING A LITTLE CLOUD. LIGHT TO MODERATE TEMPERATURES RISE. NORTH WINDS TURNING A NORTHWEST TO MODERATE IN LOOSE LOWER DIMENSIONS AND INCREASING TO MODERATE STRONG IN HIGHER DIMENSIONS WITH VERY STRONG GUSTS FROM THE AFTERNOON.&#8221;<\/em><\/p>\n<p>Hm. Und jetzt das Original in Spanisch:<\/p>\n<p>&#8220;INTERVALOS DE NUBES MEDIAS Y ALTAS A PRIMERAS HORAS CON ALGUN INTERVALO DE NIEBLAS EN COTAS BAJAS, DISMINUYENDO A LO LARGO DE LA MANANA A POCO NUBOSO. TEMPERATURAS EN LIGERO A MODERADO ASCENSO. VIENTOS DEL NORTE GIRANDO A NOROESTE, FLOJOS A MODERADOS EN COTAS BAJAS, Y MODERADOS AUMENTANDO A FUERTES EN COTAS ALTAS CON RACHAS MUY FUERTES A PARTIR DE LA TARDE.&#8221;<\/p>\n<p>.. da gibt&#8217;s egtl. nur 2 W\u00f6rter, die ich mir nicht aus dem Deutschen, Italienischen, Franz\u00f6sischen, meinen bisherigen Spanischkenntnissen und dem Zusammenhang herreimen konnte und nachschlagen musste: bajas und flojos. Der Rest &#8211; wesentlich verst\u00e4ndlicher als die Google-\u00dcbersetzungen.<\/p>\n<p>Mein heutiges Hotel (Santa Cruz) liegt etwas unterhalb des Skigebiets, aber noch oberhalb von Granada &#8211; das ich nicht so riesig erwartet h\u00e4tte.<\/p>\n<p><a href='http:\/\/extra.inmontanis.info\/d\/20337-2\/DSC04996.jpg'><img src=http:\/\/extra.inmontanis.info\/d\/20336-3\/DSC04996.jpg \/><\/a><br \/>\n^ Heutiges Hotelzimmer, die Einrichtung aus schwerem Gusseisen. Was das Verr\u00fccken des Stuhles zu einem Kraftakt macht :)<\/p>\n<p>Das Hotel ist durch die vielen G\u00e4ste mit vielen Kinder ziemlich laut, bisschen Schimmel gibt&#8217;s im Bad auch, was man entsprechend riecht. Scheint in Spanien ja schwierig zu sein, ein g\u00fcnstiges Hotelzimmer zu bekommen, das weder nach Schimmel, noch nach Kanal, noch nach altem Rauch riecht &#8230; <\/p>\n<p>Halbpension hatte ich um 52,50 \u20ac reserviert, netterweise gibt&#8217;s schon ab 20 Uhr Abendessen &#8211; und zwar Buffet. Da muss man wenigstens nicht wissen, wie es hei\u00dft, man sieht&#8217;s ja :) Hab mir von allem ein bisschen was genommen, naja, Preise kann man damit nicht gewinnen. Von den Nachspeisen hab ich 2 getestet &#8211; das was wie ein Schokopudding aussah, war fl\u00fcssiger als die meisten &#8220;hei\u00dfen Schokoladen&#8221; in Italien :) Wasser kostet ausnahmsweise mal extra. Pappsatt war ich aber trotzdem. Ich glaub ja, um 20 Uhr waren lediglich Ausl\u00e4nder da &#8211; meist Franzosen. Die Spanier kamen (mit ihren Kindern) fr\u00fchestens um 20:30 Uhr rein &#8230; <\/p>\n<p>(Fr\u00fchst\u00fccksbuffet am n\u00e4chsten Tag war auch sehr reichhaltig &#8211; inkl. Spiegeleier &#038; Co. Also f\u00fcr den Preis und die N\u00e4he zum Skigebiet schon in Ordnung.)<\/p>\n<p>Der Wettercheck f\u00fcr die anderen Gebiete und Gegenden n\u00e4chste Woche offenbarte mal wieder viel Negatives. Hie\u00df es vorgestern noch, von Montag bis Samstag durchgehend Sonnenschein im zentralen Gebirge und im Nordwesten, ist nun Regen und Schneefall angesagt und erst ab DO\/FR wieder besser. Na nerv. Auch sonst f\u00fcr n\u00e4chste Woche in der anfahrbaren Gegend (frz. Pyren\u00e4en, Massif Central, Korsika) keine besonders tollen Wettervorhersagen &#8230; Aber auch f\u00fcr Italien keine stabile Wetterlage, im Appennin ebenfalls etliche Schlechtwettertage n\u00e4chste Woche vorhergesagt, kurzum &#8211; alles sinnlos. Bin ja schwer am \u00fcberlegen, ob ich Samstag oder Sonntag nicht einfach mit der F\u00e4hre mal nach Afrika r\u00fcber fahr, ohne Auto, ohne Skifahren, nur weil ich F\u00e4hrenfahren halt mag und um mal auf einem anderen Kontinent gewesen zu sein ;)<\/p>\n<p>(Fortsetzung folgt.)<\/p>\n","protected":false},"excerpt":{"rendered":"<p>FIST &#8211; Frankreich-Italien-Spanien Tour, Tag 9, Do, 27.2.2014, Sierra Nevada zum Ersten. km 3.547 (\u2206 422)<\/p>\n<p>Auch wenn ich gestern noch &#8220;jonglieren&#8221; schrieb, irgendwie stand heute Morgen doch nichts mehr anderes zur Diskussion und ich fuhr weiter in den S\u00fcden zur Sierra Nevada.<\/p>\n<p>(Fotos anklicken zum Vergr\u00f6\u00dfern)<\/p>\n<p> M) Sierra Nevada<\/p>\n<p> ^ Auf der <a href=\"http:\/\/blog.inmontanis.info\/?p=2652\">[&#8230;]<\/a><\/p>\n","protected":false},"author":1,"featured_media":0,"comment_status":"open","ping_status":"closed","sticky":false,"template":"","format":"standard","meta":{"footnotes":""},"categories":[130,795,27,129],"tags":[42,49,56,53,38,58],"class_list":["post-2652","post","type-post","status-publish","format-standard","hentry","category-201402-fist","category-sierra-nevada","category-skifahren-winterskiing-winter","category-spain","tag-4eub","tag-4sb","tag-6sb","tag-8eub","tag-dsb","tag-kurven-sb","odd"],"_links":{"self":[{"href":"http:\/\/blog.inmontanis.info\/index.php?rest_route=\/wp\/v2\/posts\/2652","targetHints":{"allow":["GET"]}}],"collection":[{"href":"http:\/\/blog.inmontanis.info\/index.php?rest_route=\/wp\/v2\/posts"}],"about":[{"href":"http:\/\/blog.inmontanis.info\/index.php?rest_route=\/wp\/v2\/types\/post"}],"author":[{"embeddable":true,"href":"http:\/\/blog.inmontanis.info\/index.php?rest_route=\/wp\/v2\/users\/1"}],"replies":[{"embeddable":true,"href":"http:\/\/blog.inmontanis.info\/index.php?rest_route=%2Fwp%2Fv2%2Fcomments&post=2652"}],"version-history":[{"count":2,"href":"http:\/\/blog.inmontanis.info\/index.php?rest_route=\/wp\/v2\/posts\/2652\/revisions"}],"predecessor-version":[{"id":2654,"href":"http:\/\/blog.inmontanis.info\/index.php?rest_route=\/wp\/v2\/posts\/2652\/revisions\/2654"}],"wp:attachment":[{"href":"http:\/\/blog.inmontanis.info\/index.php?rest_route=%2Fwp%2Fv2%2Fmedia&parent=2652"}],"wp:term":[{"taxonomy":"category","embeddable":true,"href":"http:\/\/blog.inmontanis.info\/index.php?rest_route=%2Fwp%2Fv2%2Fcategories&post=2652"},{"taxonomy":"post_tag","embeddable":true,"href":"http:\/\/blog.inmontanis.info\/index.php?rest_route=%2Fwp%2Fv2%2Ftags&post=2652"}],"curies":[{"name":"wp","href":"https:\/\/api.w.org\/{rel}","templated":true}]}}