{"id":2644,"date":"2014-02-24T23:01:56","date_gmt":"2014-02-24T22:01:56","guid":{"rendered":"http:\/\/blog.inmontanis.info\/?p=2644"},"modified":"2023-07-30T21:47:41","modified_gmt":"2023-07-30T19:47:41","slug":"la-pierre-saint-martin-24-2-2014-genial","status":"publish","type":"post","link":"http:\/\/blog.inmontanis.info\/?p=2644","title":{"rendered":"La Pierre Saint Martin, 24.2.2014, genial!"},"content":{"rendered":"<p><strong>FIST &#8211; Frankreich-Italien-Spanien Tour, Tag 6, Mo, 24.2.2014, La Pierre St. Martin. km 2.235 (\u2206 146)<\/strong><\/p>\n<p>Auch schon wieder geil, La Pierre St. Martin. Hatte ich ausgesucht, da man bis auf ein kurzes St\u00fcck an der langen 4SB alles mit KSSL fahren kann und heute ja starker Sturm gemeldet war. Nebenbei ist &#8220;LPSM&#8221; vermutlich das westlichste Skigebiet Frankreichs.<\/p>\n<p>Als ich ankam, stand die lange 4SB auch, sowie die andere obere DSB, wg. des Sturms, wurden sp\u00e4ter aber noch ge\u00f6ffnet. Tageskarte kostete 28,- \u20ac &#8211; warum auch immer das heute verg\u00fcnstigt war, wei\u00df ich nicht, denn es war genug los, vmtl. sind Schulferien in der Gegend.<\/p>\n<p>Manchmal t\u00e4uschen einem Pistenpl\u00e4ne Weiten vor, die nicht eingehalten werden. Der Pistenplan von LPSM ist auch so ein Kandidat &#8211; auf den ersten Blick! Denn in der Realtit\u00e4t war das linke Teilgebiet eher noch weiter auseinander, als ich erwartet h\u00e4tte!<\/p>\n<p>Auch Abfahrtstechnisch gab&#8217;s genug nette Ecken, Felsdurchfahrten, schmale Pisten, usw. Gut jedenfalls, dass ich heuer hier war, da der komplette linke Sektor ab n\u00e4chstem Jahr umgesetylt wird. Anstelle der 2 Sektionen DSB\/KSSL + DSB\/KSSL soll eine 6KSB + 4SB gebaut werden. Und die Pisten verbreitert werden. Da muss man das schlimmste bef\u00fcrchten &#8230;<\/p>\n<p>Bissl Meerpano zum Atlantik gab&#8217;s auch, und wenn man wusste wo, auch mit blo\u00dfem Auge. Besser sichtbar nat\u00fcrlich in IR.<\/p>\n<p>Weniger sch\u00f6n war die Eigenart hier und heute, Berge anzuz\u00fcnden &#8211; kam mir vor wie am \u00c4tna, alles brennt und raucht. Jedenfalls hat das die Sicht nat\u00fcrlich im Laufe des Tages mehr und mehr verschlechtert.<\/p>\n<p>(Fotos anklicken zum Vergr\u00f6\u00dfern)<\/p>\n<p><a href='http:\/\/extra.inmontanis.info\/d\/19820-5\/ge201402-fist3.jpg'><img src=http:\/\/extra.inmontanis.info\/d\/19820-5\/ge201402-fist3.jpg \/><\/a><br \/>\nJ) La Pierre Saint Martin<\/p>\n<p><a href='http:\/\/extra.inmontanis.info\/d\/20037-2\/DSC04226.jpg'><img src=http:\/\/extra.inmontanis.info\/d\/20036-3\/DSC04226.jpg \/><\/a><br \/>\n^ Anfahrt in die Pyren\u00e4en<\/p>\n<p><a href='http:\/\/ski.inmontanis.info\/d\/176795-2\/DSC04232.jpg'><img src=http:\/\/ski.inmontanis.info\/d\/176793-3\/DSC04232.jpg \/><\/a><br \/>\n^ Rechter Skigebietsteil; in Bildmitte die 4SB Arlas, rechts daneben zu sehen die KSSL Massare und Contrebandiers<\/p>\n<p><a href='http:\/\/ski.inmontanis.info\/d\/176799-2\/DSC04235.jpg'><img src=http:\/\/ski.inmontanis.info\/d\/176798-3\/DSC04235.jpg \/><\/a><br \/>\n^ Pistenplan, sp\u00e4ter waren noch alle Lifte und Abfahrten ge\u00f6ffnet<\/p>\n<p><a href='http:\/\/ski.inmontanis.info\/d\/176803-2\/ge20140224a.jpg'><img src=http:\/\/ski.inmontanis.info\/d\/176802-3\/ge20140224a.jpg \/><\/a><br \/>\n^ GPS-Track (alles Abfahrten, kein Offpiste heute); Gelb die Grenze zu Spanien<\/p>\n<p><a href='http:\/\/ski.inmontanis.info\/d\/176807-2\/DSC04236.jpg'><img src=http:\/\/ski.inmontanis.info\/d\/176806-3\/DSC04236.jpg \/><\/a><br \/>\n^ Mal was neues, Kassen-Warteschlangen-Gatter&#8230; m\u00f6cht nicht hier sein, wenn die voll sind&#8230;.<\/p>\n<p><a href='http:\/\/ski.inmontanis.info\/d\/176811-2\/DSC04237.jpg'><img src=http:\/\/ski.inmontanis.info\/d\/176810-3\/DSC04237.jpg \/><\/a><br \/>\n^ Die untere 4SB Sapins hat Sturmsessel, die obere 4SB Arlas dagegen nicht &#8230;<\/p>\n<p><a href='http:\/\/ski.inmontanis.info\/d\/176815-2\/DSC04240.jpg'><img src=http:\/\/ski.inmontanis.info\/d\/176814-3\/DSC04240.jpg \/><\/a><br \/>\n^ Talstationen Pas de l&#8217;Ours mit DSB Braca (links), DSB Mailhne und KSSL Asters (rechts)<\/p>\n<p><a href='http:\/\/ski.inmontanis.info\/d\/176819-2\/DSC04242.jpg'><img src=http:\/\/ski.inmontanis.info\/d\/176818-3\/DSC04242.jpg \/><\/a><br \/>\n^ W\u00e4h, igitt, b\u00e4h, eklig! Die beiden Sektionen DSB+KSSL sollen bis n\u00e4chste Saison mit einer 6KSB und 4SB ersetzt werden &#8211; und die Pisten irgendwie verbreitert werden (also werden die KSSL wohl auch ersetzt), na zum Gl\u00fcck war ich noch heuer da!!<\/p>\n<p><a href='http:\/\/ski.inmontanis.info\/d\/176823-2\/DSC09614.jpg'><img src=http:\/\/ski.inmontanis.info\/d\/176822-3\/DSC09614.jpg \/><\/a><br \/>\n^ IR-Pano mit dem Atlantik am Horizont. Somit gibt es in den Pyren\u00e4en also nicht nur Skigebiete mit Blick zum Mittell\u00e4ndischem Meer, sondern auch welche mit Blick zum Atlantischen Ozean!<\/p>\n<p><a href='http:\/\/ski.inmontanis.info\/d\/176827-2\/DSC04245.jpg'><img src=http:\/\/ski.inmontanis.info\/d\/176826-3\/DSC04245.jpg \/><\/a><br \/>\n^ KSSL Asters (links), KSSL Soum Couy und DSB Hermine, die beiden 2. Sektionen im linken Skigebietsteil, sowie prominent die schwarze Abfahrt mit dem einfallslosen Namen La Noire<\/p>\n<p><a href='http:\/\/ski.inmontanis.info\/d\/176831-2\/DSC04254.jpg'><img src=http:\/\/ski.inmontanis.info\/d\/176830-3\/DSC04254.jpg \/><\/a><br \/>\n^ KSSL Asters (links), KSSL Soum Couy und DSB Hermine<\/p>\n<p><a href='http:\/\/ski.inmontanis.info\/d\/176835-2\/DSC04247.jpg'><img src=http:\/\/ski.inmontanis.info\/d\/176834-3\/DSC04247.jpg \/><\/a><br \/>\n^ DSB Hermine und KSSL Soum Couy, dessen St\u00fctzenrollen allesamt schwarz verkleidet sind (warum das denn?)<\/p>\n<p><a href='http:\/\/ski.inmontanis.info\/d\/176839-2\/DSC09616.jpg'><img src=http:\/\/ski.inmontanis.info\/d\/176838-3\/DSC09616.jpg \/><\/a><br \/>\n^ DSB Hermine und KSSL Soum Couy mit Blick ins Flachland und zum Atlantik (IR)<\/p>\n<p><a href='http:\/\/ski.inmontanis.info\/d\/176843-2\/DSC09628.jpg'><img src=http:\/\/ski.inmontanis.info\/d\/176842-3\/DSC09628.jpg \/><\/a><br \/>\n^ DSB Hermine und Atlantik (IR)<\/p>\n<p><a href='http:\/\/ski.inmontanis.info\/d\/176847-2\/DSC09618.jpg'><img src=http:\/\/ski.inmontanis.info\/d\/176846-3\/DSC09618.jpg \/><\/a><br \/>\n^ DSB Hermine und KSSL Soum Couy mit Blick ins Flachland<\/p>\n<p><a href='http:\/\/ski.inmontanis.info\/d\/176851-2\/DSC04252.jpg'><img src=http:\/\/ski.inmontanis.info\/d\/176850-3\/DSC04252.jpg \/><\/a><br \/>\n^ Flachland-Pano vom linken Skigebietsteil<\/p>\n<p><a href='http:\/\/ski.inmontanis.info\/d\/176855-2\/DSC04255.jpg'><img src=http:\/\/ski.inmontanis.info\/d\/176854-3\/DSC04255.jpg \/><\/a><br \/>\n^ Die beiden Mittelstationen des linken Skigebietsteils, links die beiden KSSL, rechts die beiden DSB<\/p>\n<p><a href='http:\/\/ski.inmontanis.info\/d\/176859-2\/DSC04256.jpg'><img src=http:\/\/ski.inmontanis.info\/d\/176858-3\/DSC04256.jpg \/><\/a><br \/>\n^ Die schwarze Abfahrt im oberen Mittelteil<\/p>\n<p><a href='http:\/\/ski.inmontanis.info\/d\/176863-2\/DSC04258.jpg'><img src=http:\/\/ski.inmontanis.info\/d\/176862-3\/DSC04258.jpg \/><\/a><br \/>\n^ Die schwarze Abfahrt im unteren Mittelteil mit Blick zur oberen Hermine-DSB<\/p>\n<p><a href='http:\/\/ski.inmontanis.info\/d\/176867-2\/DSC04324.jpg'><img src=http:\/\/ski.inmontanis.info\/d\/176866-3\/DSC04324.jpg \/><\/a><br \/>\n^ Der genial trassierte Boulevard des Pyr\u00e9n\u00e9es<\/p>\n<p><a href='http:\/\/ski.inmontanis.info\/d\/176871-2\/DSC09631.jpg'><img src=http:\/\/ski.inmontanis.info\/d\/176870-3\/DSC09631.jpg \/><\/a><br \/>\n^ IR-Pano mit 4SB Arlas und Atlantik<\/p>\n<p><a href='http:\/\/ski.inmontanis.info\/d\/176875-2\/DSC04264.jpg'><img src=http:\/\/ski.inmontanis.info\/d\/176874-3\/DSC04264.jpg \/><\/a><br \/>\n^ Pic d&#8217;Anie<\/p>\n<p><a href='http:\/\/ski.inmontanis.info\/d\/176879-2\/DSC04268.jpg'><img src=http:\/\/ski.inmontanis.info\/d\/176878-3\/DSC04268.jpg \/><\/a><br \/>\n^ Soum Couy, Pic d&#8217;Anie und die sch\u00f6ne Boulevard-des-Pyr\u00e9n\u00e9es-Abfahrt<\/p>\n<p><a href='http:\/\/ski.inmontanis.info\/d\/176883-2\/DSC04270.jpg'><img src=http:\/\/ski.inmontanis.info\/d\/176882-3\/DSC04270.jpg \/><\/a><br \/>\n^ Boulevard des Pyren\u00e9es<\/p>\n<p><a href='http:\/\/ski.inmontanis.info\/d\/176887-2\/DSC04271.jpg'><img src=http:\/\/ski.inmontanis.info\/d\/176886-3\/DSC04271.jpg \/><\/a><br \/>\n^ Boulevard des Pyren\u00e9es<\/p>\n<p><a href='http:\/\/ski.inmontanis.info\/d\/176891-2\/DSC09641.jpg'><img src=http:\/\/ski.inmontanis.info\/d\/176890-3\/DSC09641.jpg \/><\/a><br \/>\n^ Boulevard des Pyren\u00e9es (IR)<\/p>\n<p><a href='http:\/\/ski.inmontanis.info\/d\/176895-2\/DSC04272.jpg'><img src=http:\/\/ski.inmontanis.info\/d\/176894-3\/DSC04272.jpg \/><\/a><br \/>\n^ Boulevard des Pyren\u00e9es im R\u00fcckblick. Man kann die Abfahrt hier und da im Gel\u00e4nde umfahren, ist aber vmtl. schwierig, da es immer mal wieder Felsabbr\u00fcche oder Mulden gibt. Anders gesagt, man braucht sicher einige Tage, bis man das Potential des Gel\u00e4ndes hier oben erkundet hat!<\/p>\n<p><a href='http:\/\/ski.inmontanis.info\/d\/176899-2\/DSC04274.jpg'><img src=http:\/\/ski.inmontanis.info\/d\/176898-3\/DSC04274.jpg \/><\/a><br \/>\n^ Parkplatz und Talstationen der 4SBs Arlas und Sapins<\/p>\n<p><a href='http:\/\/ski.inmontanis.info\/d\/176903-2\/DSC04275.jpg'><img src=http:\/\/ski.inmontanis.info\/d\/176902-3\/DSC04275.jpg \/><\/a><br \/>\n^ Pano von der Bergstation 4SB Arlas r\u00fcber zum linken Skigebietssector Soum Couy. Stellenweise kann man auch die Abfahrt Boulevard des Pyr\u00e9nees erkennen, die quer durch das Gel\u00e4nde zieht. Von hier aus betrachtet m\u00fcsst es doch einige Diagonal-Varianten geben.<\/p>\n<p><a href='http:\/\/ski.inmontanis.info\/d\/176907-2\/DSC04278.jpg'><img src=http:\/\/ski.inmontanis.info\/d\/176906-3\/DSC04278.jpg \/><\/a><br \/>\n^ Pano von der Bergstation 4SB Arlas zum beinahe Plateauartigen Bereich dahinter. Hier noch ein Lift irgendwo rauf w\u00e4re schon cool.  Etwas links der Bildmitte sieht man 4 Betonst\u00fctzen &#8211; dazu sp\u00e4ter mehr.<\/p>\n<p><a href='http:\/\/ski.inmontanis.info\/d\/176911-2\/DSC04279.jpg'><img src=http:\/\/ski.inmontanis.info\/d\/176910-3\/DSC04279.jpg \/><\/a><br \/>\n^ 4SB Arlas von oben mit Flachlandpano und Rauchfahnen<\/p>\n<p><a href='http:\/\/ski.inmontanis.info\/d\/176915-2\/DSC04280.jpg'><img src=http:\/\/ski.inmontanis.info\/d\/176914-3\/DSC04280.jpg \/><\/a><br \/>\n^ Rechter Skigebietsteil mit KSSL Contrebandiers (Links), KSSL Pluviometre (Mitte links), KSSL Massare (Mitte rechts) und 4SB Arlas (rechts)<\/p>\n<p><a href='http:\/\/ski.inmontanis.info\/d\/176919-2\/DSC04283.jpg'><img src=http:\/\/ski.inmontanis.info\/d\/176918-3\/DSC04283.jpg \/><\/a><br \/>\n^ KSSL Contrebandiers, mit krassem Katapultstart, dahinter weitere Rauchfahnen<\/p>\n<p><a href='http:\/\/ski.inmontanis.info\/d\/176923-2\/DSC09643.jpg'><img src=http:\/\/ski.inmontanis.info\/d\/176922-3\/DSC09643.jpg \/><\/a><br \/>\n^ \u00dcberall standen heute die Berge in Feuer und vernebelten die Fernsicht, grrrr!<\/p>\n<p><a href='http:\/\/ski.inmontanis.info\/d\/176927-2\/DSC04284.jpg'><img src=http:\/\/ski.inmontanis.info\/d\/176926-3\/DSC04284.jpg \/><\/a><br \/>\n^ DSB Mailhne und KSSL Asters. N\u00e4chstes Jahr soll hier eine 6KSB rauf. Links die rote Ifs, rechts die Schwarze, ganz rechts die blaue Verbindung Grand T\u00e9tras<\/p>\n<p><a href='http:\/\/ski.inmontanis.info\/d\/176931-2\/DSC04290.jpg'><img src=http:\/\/ski.inmontanis.info\/d\/176930-3\/DSC04290.jpg \/><\/a><br \/>\n^ DSB Mailhne und h\u00fcgeliger KSSL Asters. Ich will mir nicht ausmalen, wie die verbreiterte Piste hier nach dem Bau der 6KSB ausschauen wird :-(<\/p>\n<p><a href='http:\/\/ski.inmontanis.info\/d\/176935-2\/DSC04297.jpg'><img src=http:\/\/ski.inmontanis.info\/d\/176934-3\/DSC04297.jpg \/><\/a><br \/>\n^ DSB Mailhne und KSSL Asters mit schwarzer Abfahrt, dar\u00fcber DSB Hermine.<\/p>\n<p><a href='http:\/\/ski.inmontanis.info\/d\/176939-2\/DSC04301.jpg'><img src=http:\/\/ski.inmontanis.info\/d\/176938-3\/DSC04301.jpg \/><\/a><br \/>\n^ Blick von der DSB Mailhne r\u00fcber zum Arlas, wo die 4SB rauff\u00fchrt<\/p>\n<p><a href='http:\/\/ski.inmontanis.info\/d\/176943-2\/DSC04306.jpg'><img src=http:\/\/ski.inmontanis.info\/d\/176942-3\/DSC04306.jpg \/><\/a><br \/>\n^ DSB Hermine<\/p>\n<p><a href='http:\/\/ski.inmontanis.info\/d\/176947-2\/DSC04316.jpg'><img src=http:\/\/ski.inmontanis.info\/d\/176946-3\/DSC04316.jpg \/><\/a><br \/>\n^ DSB Hermine und KSSL Soum Couy<\/p>\n<p><a href='http:\/\/ski.inmontanis.info\/d\/176951-2\/DSC04319.jpg'><img src=http:\/\/ski.inmontanis.info\/d\/176950-3\/DSC04319.jpg \/><\/a><br \/>\n^ Die St\u00fctzen der DSB Hermine sind recht farbig, unter der grauen Farbe kommt ein netter, hell-t\u00fcrkiser Gr\u00fcnton hervor, durchzogen von braunem Rost (oder rostbrauner Untergrundfarbe).  Ist doch viel sch\u00f6ner als das Einheitsgrau!<\/p>\n<p><a href='http:\/\/ski.inmontanis.info\/d\/176955-2\/DSC04321.jpg'><img src=http:\/\/ski.inmontanis.info\/d\/176954-3\/DSC04321.jpg \/><\/a><br \/>\n^ KSSL Soum Couy und DSB Hermine. Soll ja n\u00e4chstes Jahr mit einer 4SB ersetzt werden, w\u00e4re nat\u00fcrlich sch\u00f6n, wenn die weiter hinauf gehen w\u00fcrde.<\/p>\n<p><a href='http:\/\/ski.inmontanis.info\/d\/176959-2\/DSC04322.jpg'><img src=http:\/\/ski.inmontanis.info\/d\/176958-3\/DSC04322.jpg \/><\/a><br \/>\n^ DSB Hermine Talw\u00e4rtspano<\/p>\n<p><a href='http:\/\/ski.inmontanis.info\/d\/176963-2\/DSC04333.jpg'><img src=http:\/\/ski.inmontanis.info\/d\/176962-3\/DSC04333.jpg \/><\/a><br \/>\n^ Wenigstens einmal musste ich doch auch mit der DSB Braca fahren, der untere R\u00fcckbringer. Links die DSB Mailhne<\/p>\n<p><a href='http:\/\/ski.inmontanis.info\/d\/176967-2\/DSC04335.jpg'><img src=http:\/\/ski.inmontanis.info\/d\/176966-3\/DSC04335.jpg \/><\/a><br \/>\n^ DSB Braca<\/p>\n<p><a href='http:\/\/ski.inmontanis.info\/d\/176971-2\/DSC04338.jpg'><img src=http:\/\/ski.inmontanis.info\/d\/176970-3\/DSC04338.jpg \/><\/a><br \/>\n^ Standort: Bergstation KSSL Massare, mit Blick zur 4SB Arlas und ganz hinten dem linken Skigebietsteil am Soum Couy<\/p>\n<p><a href='http:\/\/ski.inmontanis.info\/d\/176975-2\/DSC04341.jpg'><img src=http:\/\/ski.inmontanis.info\/d\/176974-3\/DSC04341.jpg \/><\/a><br \/>\n^ Pic d&#8217;Anie im Zoom, vorne die 4SB Arlas<\/p>\n<p><a href='http:\/\/ski.inmontanis.info\/d\/176979-2\/DSC09647.jpg'><img src=http:\/\/ski.inmontanis.info\/d\/176978-3\/DSC09647.jpg \/><\/a><br \/>\n^ IR-Zoom zu einer Stadt im Flachland<\/p>\n<p><a href='http:\/\/ski.inmontanis.info\/d\/176983-2\/DSC04343.jpg'><img src=http:\/\/ski.inmontanis.info\/d\/176982-3\/DSC04343.jpg \/><\/a><br \/>\n^ Der Boulevard des Myrtilles, der unterhalb des Bd.d.Pyren\u00e9es verl\u00e4uft, ist ebenfalls nett trassiert und w\u00fcrde diversen Offpistevarianten vom oberen Bereich als R\u00fcckfahrm\u00f6glichkeit dienen<\/p>\n<p><a href='http:\/\/ski.inmontanis.info\/d\/176987-2\/DSC04344.jpg'><img src=http:\/\/ski.inmontanis.info\/d\/176986-3\/DSC04344.jpg \/><\/a><br \/>\n^ Boulevard des Myrtilles. Auch nett!<\/p>\n<p><a href='http:\/\/ski.inmontanis.info\/d\/176991-2\/DSC04354.jpg'><img src=http:\/\/ski.inmontanis.info\/d\/176990-3\/DSC04354.jpg \/><\/a><br \/>\n^ Nochmal die St\u00fctze 11 des DSB Hermine (war Zufall, dass ich ausgerechnet die gleiche wie vorhin nochmal in Gro\u00df fotografiert hatte)<\/p>\n<p><a href='http:\/\/ski.inmontanis.info\/d\/176995-2\/DSC04355.jpg'><img src=http:\/\/ski.inmontanis.info\/d\/176994-3\/DSC04355.jpg \/><\/a><br \/>\n^ Am Bd. des Pyren\u00e9es sind mir Pl\u00f6tzlich diese 4 Betonsteher aufgefallen, k\u00f6nnte mal eine Bergstation eines Sessellifts gewesen sein?<\/p>\n<p><a href='http:\/\/ski.inmontanis.info\/d\/176999-2\/DSC04359.jpg'><img src=http:\/\/ski.inmontanis.info\/d\/176998-3\/DSC04359.jpg \/><\/a><br \/>\n^ R\u00fcckseitig der 4SB Arlas gibts einige Offpiste-Spuren, wobei mir nicht ganz klar war, ob man ohne Bergaufgehen wieder auf die Piste (z.B. Bd. des Pyren\u00e9es) rausqueren kann&#8230; in der Mulde jedenfalls &#8230;<\/p>\n<p><a href='http:\/\/ski.inmontanis.info\/d\/177003-2\/DSC04361.jpg'><img src=http:\/\/ski.inmontanis.info\/d\/177002-3\/DSC04361.jpg \/><\/a><br \/>\n^ .. gibt es noch ein Betonfundament, das m\u00fcsste dann die Talstation des Lifts von den 4 Betonstehern vorhin gewesen sein. Lt. Satbild kommt hinter dem Betonsteher eine Portalst\u00fctze, der weitere Verlauf der Strecke hatte T-St\u00fctzen und vom Gel\u00e4nde her war es wohl kein SL. Wenn der Lift jemals fertig gebaut wurde?<\/p>\n<p>Hab heut au\u00dferdem viel gefilmt, Schwerpunkt die Lifte auf der linken Seite, die ja ersetzt werden sollen, sowie die zwei genialen Abfahrten.<\/p>\n<p><object style=\"height: 500px; width: 900px\"><param name=\"movie\" value=\"http:\/\/www.youtube.com\/v\/4JtWjevzaN4\"><\/param><param name=\"wmode\" value=\"transparent\"><\/param><embed src=\"http:\/\/www.youtube.com\/v\/4JtWjevzaN4\" type=\"application\/x-shockwave-flash\" wmode=\"transparent\"  width=\"900\" height=\"480\"><\/embed><\/object><br \/>\n&#8211; DSB Mailhne<br \/>\n&#8211; DSB Hermine<br \/>\n&#8211; Abfahrt Lagop\u00e8des -> Noire<br \/>\n&#8211; KSSL Asters (tw. 2x Geschwindigkeit)<br \/>\n&#8211; KSSL Soum Couy<br \/>\n&#8211; Abfahrt Boulevard des Pyr\u00e9n\u00e9es<\/p>\n<p>Als sich die Sonne um 15:30 vertsch\u00fcsste, tat ich es ihr nach und fuhr nach Spanien. Allerdings nicht hier \u00fcber den Pass nebendran (\u00fcbrigens offen gewesen), sondern \u00fcber den Somport. Eine nette, schmale Abk\u00fcrzung gab&#8217;s von hier oben auch&#8230;.<\/p>\n<p><a href='http:\/\/extra.inmontanis.info\/d\/20041-2\/DSC04366.jpg'><img src=http:\/\/extra.inmontanis.info\/d\/20040-3\/DSC04366.jpg \/><\/a><br \/>\n^ Abkr\u00fcrzung &#8211; die D441 von kurz unterhalb des Skigebiets La Pierre St. Martin nach Athas<\/p>\n<p><a href='http:\/\/extra.inmontanis.info\/d\/20045-2\/DSC04385.jpg'><img src=http:\/\/extra.inmontanis.info\/d\/20044-3\/DSC04385.jpg \/><\/a><br \/>\n^ Blick ins Tal bei Accous, auch hier wird verbrannt.<\/p>\n<p><a href='http:\/\/extra.inmontanis.info\/d\/20049-2\/DSC04403.jpg'><img src=http:\/\/extra.inmontanis.info\/d\/20048-3\/DSC04403.jpg \/><\/a><br \/>\n^ .. und nochmal in gro\u00df. Anscheinend wird hier gro\u00dffl\u00e4chig das alte Gras verbrannt?<\/p>\n<p><a href='http:\/\/extra.inmontanis.info\/d\/20053-2\/DSC04407.jpg'><img src=http:\/\/extra.inmontanis.info\/d\/20052-3\/DSC04407.jpg \/><\/a><br \/>\n^ Auf der E7, n\u00e4he Accous<\/p>\n<p><a href='http:\/\/extra.inmontanis.info\/d\/20057-2\/DSC04423.jpg'><img src=http:\/\/extra.inmontanis.info\/d\/20056-3\/DSC04423.jpg \/><\/a><br \/>\n^ Fort du Portalet<\/p>\n<p><a href='http:\/\/extra.inmontanis.info\/d\/20061-2\/DSC04433.jpg'><img src=http:\/\/extra.inmontanis.info\/d\/20060-3\/DSC04433.jpg \/><\/a><br \/>\n^ Fort du Portalet<\/p>\n<p><a href='http:\/\/extra.inmontanis.info\/d\/20065-2\/DSC04436.jpg'><img src=http:\/\/extra.inmontanis.info\/d\/20064-3\/DSC04436.jpg \/><\/a><br \/>\n^ Ehemaligr Bahnhof der auf franz\u00f6sischer Seite stillgelegten Eisenbahnlinie von Canfranc nach Pau<\/p>\n<p><a href='http:\/\/extra.inmontanis.info\/d\/20069-2\/DSC04437.jpg'><img src=http:\/\/extra.inmontanis.info\/d\/20068-3\/DSC04437.jpg \/><\/a><br \/>\n^ Rouine neben der ehemaligen Eisenbahnstrecke<\/p>\n<p><a href='http:\/\/extra.inmontanis.info\/d\/20073-2\/DSC04442.jpg'><img src=http:\/\/extra.inmontanis.info\/d\/20072-3\/DSC04442.jpg \/><\/a><br \/>\n^ Auf der E7 richtung Spanien<\/p>\n<p><a href='http:\/\/extra.inmontanis.info\/d\/20077-2\/DSC04443.jpg'><img src=http:\/\/extra.inmontanis.info\/d\/20076-3\/DSC04443.jpg \/><\/a><br \/>\n^ Auf der E7 richtung Spanien, die aufgelassenen Eisenbahnbr\u00fccken \u00fcber die Autostra\u00dfe wurden abgerissen &#8211; rechts dagegen steht noch ein Br\u00fcckenrest<\/p>\n<p>Am Somport bin ich \u00fcbrigens nicht den (mautfreien) Tunnel gefahren, sondern \u00fcber den Pass dr\u00fcber. <\/p>\n<p><a href='http:\/\/extra.inmontanis.info\/d\/20081-2\/DSC04452.jpg'><img src=http:\/\/extra.inmontanis.info\/d\/20080-3\/DSC04452.jpg \/><\/a><br \/>\n^ Grenz\u00fcbergang FR-ES am Col du Somport. Droben am Berg Lifte von Astun<\/p>\n<p><a href='http:\/\/extra.inmontanis.info\/d\/20085-2\/DSC04454.jpg'><img src=http:\/\/extra.inmontanis.info\/d\/20084-3\/DSC04454.jpg \/><\/a><br \/>\n^ Blick richtung Astun &#8211; hab mir das Skigebiet aber nicht weiter angeschaut<\/p>\n<p><a href='http:\/\/ski.inmontanis.info\/d\/177009-2\/DSC04457.jpg'><img src=http:\/\/ski.inmontanis.info\/d\/177007-3\/DSC04457.jpg \/><\/a><br \/>\n^ Blick ins Skigebiet von Candanchu (mein morgiges Ziel) von der Somport-Passstra\u00dfe aus<\/p>\n<p>Wie schon im Port\u00e9-Puymorens-Gebiet am ersten Tag gibts auch hier &#8211; zumindest auf franz\u00f6sischer Seite &#8211; eine stillgelegte Eisenbahnstrecke.<\/p>\n<p>Mein Hotel liegt am Bahnhof in Spanien, am Tunnelende, Ortschaft hei\u00dft Canfranc-Estacion. Ein riesiger Bahnhof aus den 1920ern, mittlerweile ist das Hauptgeb\u00e4ude stillgelegt (es gibt aber F\u00fchrungen). Bin auch noch im Supermarkt gewesen &#8211; generell treffen die spanischen Naschereien aber nicht so ganz meinen Geschmack.<\/p>\n<p><a href='http:\/\/extra.inmontanis.info\/d\/20089-2\/DSC04465.jpg'><img src=http:\/\/extra.inmontanis.info\/d\/20088-3\/DSC04465.jpg \/><\/a><br \/>\n^ Canfranc-Estacion<\/p>\n<p><a href='http:\/\/extra.inmontanis.info\/d\/20097-2\/DSC04476.jpg'><img src=http:\/\/extra.inmontanis.info\/d\/20096-3\/DSC04476.jpg \/><\/a><br \/>\n^ Bahnhof Canfranc, das gro\u00dfe Geb\u00e4ude hinten ist stillgelegt. Das vordere Geb\u00e4ude dient als Start f\u00fcr F\u00fchrungen<\/p>\n<p><a href='http:\/\/extra.inmontanis.info\/d\/20101-2\/DSC04477.jpg'><img src=http:\/\/extra.inmontanis.info\/d\/20100-3\/DSC04477.jpg \/><\/a><br \/>\n^ Fluss neben dem Bahnhof<\/p>\n<p><a href='http:\/\/extra.inmontanis.info\/d\/20105-2\/DSC04478.jpg'><img src=http:\/\/extra.inmontanis.info\/d\/20104-3\/DSC04478.jpg \/><\/a><br \/>\n^ Canfranc Bahnhof, auf spanischer Seite ist die Zugstrecke noch ge\u00f6ffnet<\/p>\n<p><a href='http:\/\/extra.inmontanis.info\/d\/20109-2\/DSC04479.jpg'><img src=http:\/\/extra.inmontanis.info\/d\/20108-3\/DSC04479.jpg \/><\/a><br \/>\n^ Bahhof Canfranc. Wie man sieht, ist das alte Hauptgeb\u00e4ude links mit einem Zaun abgesperrt.<\/p>\n<p><a href='http:\/\/extra.inmontanis.info\/d\/20113-2\/DSC04486.jpg'><img src=http:\/\/extra.inmontanis.info\/d\/20112-3\/DSC04486.jpg \/><\/a><br \/>\n^ Canfranc-Estacion, mein heutiges Hotel war entweder im gelben Geb\u00e4ude oder dahinter.<\/p>\n<p><a href='http:\/\/extra.inmontanis.info\/d\/20117-2\/DSC04488.jpg'><img src=http:\/\/extra.inmontanis.info\/d\/20116-3\/DSC04488.jpg \/><\/a><br \/>\n^ Ehemaliger Eisenbahntunnel Tunel de Somport<\/p>\n<p><a href='http:\/\/extra.inmontanis.info\/d\/20121-2\/DSC04489.jpg'><img src=http:\/\/extra.inmontanis.info\/d\/20120-3\/DSC04489.jpg \/><\/a><br \/>\n^ Ehemaliges Gleisbett Canfranc-Somport<\/p>\n<p><a href='http:\/\/extra.inmontanis.info\/d\/20125-2\/DSC04490.jpg'><img src=http:\/\/extra.inmontanis.info\/d\/20124-3\/DSC04490.jpg \/><\/a><br \/>\n^ Tafel am Eisenbahntunnel, im Jahr 2012 hat man sich anscheinend dazu entschieden, die Zugstrecke wieder aufzubauen.<\/p>\n<p><a href='http:\/\/extra.inmontanis.info\/d\/20129-2\/DSC04495.jpg'><img src=http:\/\/extra.inmontanis.info\/d\/20128-3\/DSC04495.jpg \/><\/a><br \/>\n^ Den ersten Teil des ehemaligen Eisenbahntunnels kann man frei reingehen, danach kommt ein Sperrzaun &#8211; und das ist der Blick vom Sperrzaun weiter in den Tunnel hinein.<\/p>\n<p><a href='http:\/\/extra.inmontanis.info\/d\/20133-2\/DSC04497.jpg'><img src=http:\/\/extra.inmontanis.info\/d\/20132-3\/DSC04497.jpg \/><\/a><br \/>\n^ Eine weitere Tafel an der ehemaligen Eisenbahntunneleinfahrt. Tunnel wurde anscheinend von 1908-1914 gebaut.<\/p>\n<p><a href='http:\/\/extra.inmontanis.info\/d\/20137-2\/DSC04507.jpg'><img src=http:\/\/extra.inmontanis.info\/d\/20136-3\/DSC04507.jpg \/><\/a><br \/>\n^ Canfranc-Estacion<\/p>\n<p><a href='http:\/\/extra.inmontanis.info\/d\/20141-2\/DSC04505.jpg'><img src=http:\/\/extra.inmontanis.info\/d\/20140-3\/DSC04505.jpg \/><\/a><br \/>\n^ Canfranc-Estacion<\/p>\n<p><a href='http:\/\/extra.inmontanis.info\/d\/20145-2\/DSC04511.jpg'><img src=http:\/\/extra.inmontanis.info\/d\/20144-3\/DSC04511.jpg \/><\/a><br \/>\n^ Noch eine Infotafel zum Bahnhof. 1928 wurde anscheinend der Bahnhof er\u00f6ffnet.<\/p>\n<p>Das Hotel (Villa Canfranc) kostet ca. 51,- die HP und ist innen wie au\u00dfen sehr nett.  Das Abendessen, naja. Da ich beim ersten Gang die anderen 2 Sachen nicht ganz verstanden hatte, hab ich die Suppe genommen &#8211; aber das war tats\u00e4chlich nur eine Fleischbr\u00fche ohne was drin. Da h\u00e4tte ich doch mal die Creme oder Pat\u00e9 genommen oder was das war. <\/p>\n<p>Als zweiter Gang hab ich mich f\u00fcr die Kartoffel-Omelette-Torte entschieden, als drittes dann die Wahl zwischen Tintenfisch, Lamm und H\u00e4hnchen &#8211; hab letzteres genommen. War dann aber doch nur ein recht einfallslos gegrilltes H\u00fchnerschnitzel mit Pommes. Und ich dachte, die italienische Hotelk\u00fcche w\u00e4re schon einfallslos &#8211; in Italien fasst jeden Tag Rosmarin-Kartoffel, in Spanien jeden Tag Pommes, aber in Italien gibt&#8217;s dann wenigstens noch einen Essl\u00f6ffel Sauce oder 5 Streifen Karotten dazu :) Zum Gl\u00fcck gibt&#8217;s Kechtup. Nachspeise Flan, hat gepasst.<\/p>\n<p><a href='http:\/\/extra.inmontanis.info\/d\/20093-2\/DSC04469.jpg'><img src=http:\/\/extra.inmontanis.info\/d\/20092-3\/DSC04469.jpg \/><\/a><br \/>\n^ Mein heutiges Hotelzimmer<\/p>\n<p>Fr\u00fchst\u00fccksbuffet war auch ganz ok. Schinken, K\u00e4se, gekochte Eih\u00e4lften, paar Marmeladen, &#8230;<\/p>\n<p>(Fortsetzung folgt.)<\/p>\n","protected":false},"excerpt":{"rendered":"<p>FIST &#8211; Frankreich-Italien-Spanien Tour, Tag 6, Mo, 24.2.2014, La Pierre St. Martin. km 2.235 (\u2206 146)<\/p>\n<p>Auch schon wieder geil, La Pierre St. Martin. Hatte ich ausgesucht, da man bis auf ein kurzes St\u00fcck an der langen 4SB alles mit KSSL fahren kann und heute ja starker Sturm gemeldet war. Nebenbei ist &#8220;LPSM&#8221; vermutlich das <a href=\"http:\/\/blog.inmontanis.info\/?p=2644\">[&#8230;]<\/a><\/p>\n","protected":false},"author":1,"featured_media":0,"comment_status":"open","ping_status":"closed","sticky":false,"template":"","format":"standard","meta":{"footnotes":""},"categories":[130,16,313,27,129,32],"tags":[49,36,38,90,48,37],"class_list":["post-2644","post","type-post","status-publish","format-standard","hentry","category-201402-fist","category-france","category-la-pierre-st-martin","category-skifahren-winterskiing-winter","category-spain","category-lostplaces","tag-4sb","tag-castle","tag-dsb","tag-infrarot","tag-kssl","tag-meer","odd"],"_links":{"self":[{"href":"http:\/\/blog.inmontanis.info\/index.php?rest_route=\/wp\/v2\/posts\/2644","targetHints":{"allow":["GET"]}}],"collection":[{"href":"http:\/\/blog.inmontanis.info\/index.php?rest_route=\/wp\/v2\/posts"}],"about":[{"href":"http:\/\/blog.inmontanis.info\/index.php?rest_route=\/wp\/v2\/types\/post"}],"author":[{"embeddable":true,"href":"http:\/\/blog.inmontanis.info\/index.php?rest_route=\/wp\/v2\/users\/1"}],"replies":[{"embeddable":true,"href":"http:\/\/blog.inmontanis.info\/index.php?rest_route=%2Fwp%2Fv2%2Fcomments&post=2644"}],"version-history":[{"count":3,"href":"http:\/\/blog.inmontanis.info\/index.php?rest_route=\/wp\/v2\/posts\/2644\/revisions"}],"predecessor-version":[{"id":8922,"href":"http:\/\/blog.inmontanis.info\/index.php?rest_route=\/wp\/v2\/posts\/2644\/revisions\/8922"}],"wp:attachment":[{"href":"http:\/\/blog.inmontanis.info\/index.php?rest_route=%2Fwp%2Fv2%2Fmedia&parent=2644"}],"wp:term":[{"taxonomy":"category","embeddable":true,"href":"http:\/\/blog.inmontanis.info\/index.php?rest_route=%2Fwp%2Fv2%2Fcategories&post=2644"},{"taxonomy":"post_tag","embeddable":true,"href":"http:\/\/blog.inmontanis.info\/index.php?rest_route=%2Fwp%2Fv2%2Ftags&post=2644"}],"curies":[{"name":"wp","href":"https:\/\/api.w.org\/{rel}","templated":true}]}}