{"id":2635,"date":"2014-02-21T21:24:59","date_gmt":"2014-02-21T20:24:59","guid":{"rendered":"http:\/\/blog.inmontanis.info\/?p=2635"},"modified":"2023-07-31T17:58:33","modified_gmt":"2023-07-31T15:58:33","slug":"porte-puymorens-21-2-2014","status":"publish","type":"post","link":"http:\/\/blog.inmontanis.info\/?p=2635","title":{"rendered":"Port\u00e9 Puymorens, 21.2.2014"},"content":{"rendered":"<p><strong>FIST &#8211; Frankreich-Italien-Spanien Tour, Tag 3, Fr, 21.2.2014, Port\u00e9 Puymorens. km 1.642 (\u2206 174)<\/strong><\/p>\n<p>Auf den Wetterbericht vertrauend hab ichs heute fr\u00fch also langsam angegangen. <\/p>\n<p>(Fotos anklicken zum Vergr\u00f6\u00dfern)<\/p>\n<p><a href='http:\/\/extra.inmontanis.info\/d\/19820-5\/ge201402-fist3.jpg'><img src=http:\/\/extra.inmontanis.info\/d\/19820-5\/ge201402-fist3.jpg \/><\/a><br \/>\nE) Port\u00e9 Puymorens<\/p>\n<p><a href='http:\/\/ski.inmontanis.info\/d\/175153-2\/DSC03641.jpg'><img src=http:\/\/ski.inmontanis.info\/d\/175152-3\/DSC03641.jpg \/><\/a><br \/>\n^ Als ich beim Vorbeifahren schnell die Cam z\u00fcckte, dachte ich nicht, dass das eine PB-Talstation war &#8211; sonst h\u00e4tte ich gehalten :-( &#8211; ist mir erst beim Ansehen der Bilder so wirklich bewusst geworden. Dachte es h\u00e4tte etwas mit der Eisenbahnlinie zu tun. Tja. Es ist: Die ehemalige Talstation PB Saquet ins Skigebiet von Ax<\/p>\n<p><a href='http:\/\/ski.inmontanis.info\/d\/175157-2\/DSC03641-2.jpg'><img src=http:\/\/ski.inmontanis.info\/d\/175156-3\/DSC03641-2.jpg \/><\/a><br \/>\n^ Schild der ehemaligen Saquet-PB (1955-1979)<\/p>\n<p>Und hier ein paar weitere Links zu Bildern von der Talstation und der PB:<\/p>\n<p><a href='http:\/\/trainsmp.free.fr\/page8940.html'>http:\/\/trainsmp.free.fr\/page8940.html<\/a><\/p>\n<p><a href='http:\/\/commons.wikimedia.org\/wiki\/File:Ancientelecabineax_02.jpg'>http:\/\/commons.wikimedia.org\/wiki\/File:Ancientelecabineax_02.jpg<\/a><\/p>\n<p><a href='http:\/\/www.delcampe.net\/page\/item\/id,0176896469,language,F.html#.UyDmlj9dM2w'>http:\/\/www.delcampe.net\/page\/item\/id,0176896469,language,F.html#.UyDmlj9dM2w<\/a><\/p>\n<p><a href='http:\/\/www.delcampe.net\/page\/item\/id,0182817542,language,F.html#.UyDmlD9dM2w'>http:\/\/www.delcampe.net\/page\/item\/id,0182817542,language,F.html#.UyDmlD9dM2w<\/a><\/p>\n<p><a href='http:\/\/www.delcampe.net\/page\/item\/id,0108498811,language,E.html#.UyDmiT9dM2x'>http:\/\/www.delcampe.net\/page\/item\/id,0108498811,language,E.html#.UyDmiT9dM2x<\/a><\/p>\n<p><a href='http:\/\/www.remontees-mecaniques.net\/forums\/index.php?showtopic=3217'>http:\/\/www.remontees-mecaniques.net\/forums\/index.php?showtopic=3217<\/a><\/p>\n<p><a href='http:\/\/extra.inmontanis.info\/d\/19841-3\/DSC03642.jpg'><img src=http:\/\/extra.inmontanis.info\/d\/19840-3\/DSC03642.jpg \/><\/a><br \/>\n^ N20, zwischen Ax und Andorra<\/p>\n<p><a href='http:\/\/extra.inmontanis.info\/d\/19845-2\/DSC03646.jpg'><img src=http:\/\/extra.inmontanis.info\/d\/19844-3\/DSC03646.jpg \/><\/a><br \/>\n^ Tunnel unter dem Col de Puymorens &#8211; ich fahr jedoch den Pass<\/p>\n<p><a href='http:\/\/extra.inmontanis.info\/d\/19849-2\/DSC03648.jpg'><img src=http:\/\/extra.inmontanis.info\/d\/19848-3\/DSC03648.jpg \/><\/a><br \/>\n^ Am Col de Puymorens gab&#8217;s ein paar Sonnenblicke<\/p>\n<p>Als ich gegen 10:30 Uhr im Skigebiet Port\u00e9 Puymorens ankam (nach dem Pass), war das Wetter in den unteren Bereichen schon recht ok.<\/p>\n<p>Es wurde zwar noch etwas besser, die sonnigen Auflockerungen (oder gar richtigen Sonnenschein), wie vorhergesagt, gab es nachmittgs aber nicht. Im Gegenteil, ab 12:30 Uhr fing es st\u00e4rker zu schneien an, um 14 Uhr dann noch st\u00e4rker. Sicht blieb schlecht, insb. an der obersten DSB war leider nur Blindflug angesagt. Die pr\u00e4parierten Abfahrten gingen gut, die unpr\u00e4parierten waren durch den W\u00e4rmeeinbruch von gestern nahezu unfahrbar. Offpiste sah&#8217;s auch nicht viel besser aus.<\/p>\n<p>Trotzdem fand ich das Skigebiet doch um einiges interessanter als die gestrigen. Tageskarte kostete 29,- \u20ac.<\/p>\n<p><a href='http:\/\/ski.inmontanis.info\/d\/175163-2\/DSC03658.jpg'><img src=http:\/\/ski.inmontanis.info\/d\/175161-3\/DSC03658.jpg \/><\/a><br \/>\n^ Pistenplan. 2 ist die alte DSB, 7 ist die 3SB, 3 ein sehr netter KSSL<\/p>\n<p><a href='http:\/\/ski.inmontanis.info\/d\/175167-2\/ge20140221.jpg'><img src=http:\/\/ski.inmontanis.info\/d\/175166-3\/ge20140221.jpg \/><\/a><br \/>\n^ GPS-Track. Nicht alle Abfahrten gefahren<\/p>\n<p><a href='http:\/\/ski.inmontanis.info\/d\/175171-2\/DSC03608.jpg'><img src=http:\/\/ski.inmontanis.info\/d\/175170-3\/DSC03608.jpg \/><\/a><br \/>\n^ Zoom ins Skigebiet Puymorens von Camurac aus (Vortag), man sieht die obere DSB, die bei meinem Besuch am n\u00e4chsten Tag komplett im Nebel blieb.<\/p>\n<p><a href='http:\/\/ski.inmontanis.info\/d\/175175-2\/DSC03654.jpg'><img src=http:\/\/ski.inmontanis.info\/d\/175174-3\/DSC03654.jpg \/><\/a><br \/>\n^ Die alte untere DSB Estagnol mit ihrer roten und schwarzen Abfahrt<\/p>\n<p><a href='http:\/\/ski.inmontanis.info\/d\/175179-2\/DSC03655.jpg'><img src=http:\/\/ski.inmontanis.info\/d\/175178-3\/DSC03655.jpg \/><\/a><br \/>\n^ Passstra\u00dfe mit Blick zum Hauptparkplatz<\/p>\n<p><a href='http:\/\/ski.inmontanis.info\/d\/175183-2\/DSC03657.jpg'><img src=http:\/\/ski.inmontanis.info\/d\/175182-3\/DSC03657.jpg \/><\/a><br \/>\n^ Ob hier mal noch Anf\u00e4ngerlifte standen? Jedenfalls muss man von den Kassen nun ein St\u00fcck bis zu den Liften rauflaufen. Hinten die steile DSB Planeil (links) und die 3SB Vignole<\/p>\n<p><a href='http:\/\/ski.inmontanis.info\/d\/175187-2\/DSC03660.jpg'><img src=http:\/\/ski.inmontanis.info\/d\/175186-3\/DSC03660.jpg \/><\/a><br \/>\n^ Schwarze Abfahrt Les Sapins runter in den Ort zur Holzlatten-DSB<\/p>\n<p><a href='http:\/\/ski.inmontanis.info\/d\/175191-2\/DSC03666.jpg'><img src=http:\/\/ski.inmontanis.info\/d\/175190-3\/DSC03666.jpg \/><\/a><br \/>\n^ Talstation alte DSB Estagnol<\/p>\n<p><a href='http:\/\/ski.inmontanis.info\/d\/175195-2\/DSC03663.jpg'><img src=http:\/\/ski.inmontanis.info\/d\/175194-3\/DSC03663.jpg \/><\/a><br \/>\n^ DSB Estagnol mit ihren Abfahrten<\/p>\n<p><a href='http:\/\/ski.inmontanis.info\/d\/175199-2\/DSC03668.jpg'><img src=http:\/\/ski.inmontanis.info\/d\/175198-3\/DSC03668.jpg \/><\/a><br \/>\n^ DSB Estagnol und schwarze Estagnol<\/p>\n<p><a href='http:\/\/ski.inmontanis.info\/d\/175203-2\/DSC03671.jpg'><img src=http:\/\/ski.inmontanis.info\/d\/175202-3\/DSC03671.jpg \/><\/a><br \/>\n^ DSB Estagnol St\u00fctze 5<\/p>\n<p><a href='http:\/\/ski.inmontanis.info\/d\/175207-2\/DSC03674.jpg'><img src=http:\/\/ski.inmontanis.info\/d\/175206-3\/DSC03674.jpg \/><\/a><br \/>\n^ DSB Estagnol Bergstation, im Anschluss die KSSL Fontfr\u00e8de mit ihren netten Abfahrten<\/p>\n<p><a href='http:\/\/ski.inmontanis.info\/d\/175211-2\/DSC03675.jpg'><img src=http:\/\/ski.inmontanis.info\/d\/175210-3\/DSC03675.jpg \/><\/a><br \/>\n^ Haupt-Parkplatz Vignole, dar\u00fcber am rechten Bildrand der Col de Puymorens (mit Pistenverbindung zum Pass; man sieht auch Reste eines KSSL)<\/p>\n<p><a href='http:\/\/ski.inmontanis.info\/d\/175215-2\/DSC03677.jpg'><img src=http:\/\/ski.inmontanis.info\/d\/175214-3\/DSC03677.jpg \/><\/a><br \/>\n^ DSB Planeil mit ihrer schwarzen Buckelpiste von der 3SB Vignole aus<\/p>\n<p><a href='http:\/\/ski.inmontanis.info\/d\/175219-2\/DSC03678.jpg'><img src=http:\/\/ski.inmontanis.info\/d\/175218-3\/DSC03678.jpg \/><\/a><br \/>\n^ 3SB und KSSL Vignole<\/p>\n<p><a href='http:\/\/ski.inmontanis.info\/d\/175223-2\/DSC03680.jpg'><img src=http:\/\/ski.inmontanis.info\/d\/175222-3\/DSC03680.jpg \/><\/a><br \/>\n^ Talstationen und Parkplatz<\/p>\n<p><a href='http:\/\/ski.inmontanis.info\/d\/175227-2\/DSC03681.jpg'><img src=http:\/\/ski.inmontanis.info\/d\/175226-3\/DSC03681.jpg \/><\/a><br \/>\n^ Links KSSL Fontfr\u00e8de, mittig die schwarze Le Trou sans Fond, rechts die Bergstation DSB Planeil<\/p>\n<p><a href='http:\/\/ski.inmontanis.info\/d\/175231-2\/DSC03682.jpg'><img src=http:\/\/ski.inmontanis.info\/d\/175230-3\/DSC03682.jpg \/><\/a><br \/>\n^ Einfahrt zur schwarzen Chemin\u00e9e vom KSSL Fontfr\u00e8de zur 3SB Vignole<\/p>\n<p><a href='http:\/\/ski.inmontanis.info\/d\/175235-2\/DSC03683.jpg'><img src=http:\/\/ski.inmontanis.info\/d\/175234-3\/DSC03683.jpg \/><\/a><br \/>\n^ Schwarze Chemin\u00e9e. Ich seh fast nix und hab keine Ahnung, wie steil das dort noch abgeht&#8230;<\/p>\n<p><a href='http:\/\/ski.inmontanis.info\/d\/175239-2\/DSC03686.jpg'><img src=http:\/\/ski.inmontanis.info\/d\/175238-3\/DSC03686.jpg \/><\/a><br \/>\n^ Schwarze Chemin\u00e9e. Ordentlich steil!! Aber eng ist sie nur am Einstieg.<\/p>\n<p><a href='http:\/\/ski.inmontanis.info\/d\/175243-2\/DSC03691.jpg'><img src=http:\/\/ski.inmontanis.info\/d\/175242-3\/DSC03691.jpg \/><\/a><br \/>\n^ Schwarze Chemin\u00e9e von unten<\/p>\n<p><a href='http:\/\/ski.inmontanis.info\/d\/175247-2\/DSC03693.jpg'><img src=http:\/\/ski.inmontanis.info\/d\/175246-3\/DSC03693.jpg \/><\/a><br \/>\n^ Die Trasse der DSB Estagnol ist gut eingefahren<\/p>\n<p><a href='http:\/\/ski.inmontanis.info\/d\/175251-2\/DSC03695.jpg'><img src=http:\/\/ski.inmontanis.info\/d\/175250-3\/DSC03695.jpg \/><\/a><br \/>\n^ \u00dcberreste eines stillgelegten KSSL neben der DSB Estagnol<\/p>\n<p><a href='http:\/\/ski.inmontanis.info\/d\/175255-2\/DSC03696.jpg'><img src=http:\/\/ski.inmontanis.info\/d\/175254-3\/DSC03696.jpg \/><\/a><br \/>\n^ DSB Mine, windig und Null Sicht. Machte heute leider keinen Sinn.<\/p>\n<p>Danach ging&#8217;s nach Spanien. An der Grenze schweres Gesch\u00fctz, 2 Z\u00f6llner in der Stra\u00dfenmitte und am Rand einer mit dem MG &#8211; ein gr\u00f6\u00dferes als die Italiener beim Aufhalten von Autos verwenden. Wurde aber durchgewunken.<\/p>\n<p>Weiter nach Seu und \u00fcber einen einfach zu fahrenden Pass (1700m, kaum Schnee) nach Sort, wo ich ein Zimmer in einer Pension (Hostal) um 29,50 klar gemacht hab. Vor Ort h\u00e4tte es nur 29,- gekostet. Na, K\u00fcnstlerpech. Fr\u00fchst\u00fcck inklusive. <\/p>\n<p><a href='http:\/\/extra.inmontanis.info\/d\/19853-2\/DSC03698.jpg'><img src=http:\/\/extra.inmontanis.info\/d\/19852-3\/DSC03698.jpg \/><\/a><br \/>\n^ Mein erstes Mal in Spanien<\/p>\n<p><a href='http:\/\/extra.inmontanis.info\/d\/19857-2\/DSC03703.jpg'><img src=http:\/\/extra.inmontanis.info\/d\/19856-3\/DSC03703.jpg \/><\/a><br \/>\n^ Auf der N260 zwischen Seu und Sort (Coll del Canto)<\/p>\n<p><a href='http:\/\/extra.inmontanis.info\/d\/19861-2\/DSC03705.jpg'><img src=http:\/\/extra.inmontanis.info\/d\/19860-3\/DSC03705.jpg \/><\/a><br \/>\n^ Auf der N260 zwischen Seu und Sort (Coll del Canto) (R\u00fcckblick)<\/p>\n<p><a href='http:\/\/extra.inmontanis.info\/d\/19865-2\/DSC03712.jpg'><img src=http:\/\/extra.inmontanis.info\/d\/19864-3\/DSC03712.jpg \/><\/a><br \/>\n^ Auf der N260 zwischen Seu und Sort (Coll del Canto)<\/p>\n<p><a href='http:\/\/extra.inmontanis.info\/d\/19869-2\/DSC03713.jpg'><img src=http:\/\/extra.inmontanis.info\/d\/19868-3\/DSC03713.jpg \/><\/a><br \/>\n^ Auf der N260 zwischen Seu und Sort (Coll del Canto)<\/p>\n<p><a href='http:\/\/extra.inmontanis.info\/d\/19873-2\/DSC03714.jpg'><img src=http:\/\/extra.inmontanis.info\/d\/19872-3\/DSC03714.jpg \/><\/a><br \/>\n^ Mein Hostalzimmer in Sort, leider kein Nichtraucherzimmer.<\/p>\n<p>Abendessen gibt&#8217;s leider erst ab 20:30 Uhr. Naja, kommt in Italien auch hin und wieder vor, wenn auch selten. Also 20:30 ist schon sp\u00e4t, wenn ich nach dem Fr\u00fchst\u00fcck nix hab. Aber wie ich in den n\u00e4chsten Tagen noch merken sollte, ist 20:30 in Spanien der fr\u00fcheste Zeitpunkt zum Abendessen. Die Spanier selbst gehen erst um 21 Uhr oder sp\u00e4ter.<\/p>\n<p>Zum Gl\u00fcck hab ich mir heute um 15 Uhr noch einen Hamburger im Skigebiet gekauft. War ganz gut, geriebener K\u00e4se anstatt Scheibletten und die Zwiebeln waren anged\u00fcnstet. Schmeckt gleich tausendmal besser als die rohen Zwiebeln bei McD &#038; Bk. (Au\u00dfer beim McD-Hamburger.)<\/p>\n<p>Egtl. hatte ich die Unterkunft gew\u00e4hlt, weil auf booking.com stand, dass man hier auch Franz\u00f6sisch spricht &#8211; anders als bei den anderen g\u00fcnstigen Unterk\u00fcnften. Naja, viel ist da wohl nicht dran, der Sohnemann spricht jedenfalls besser Englisch. <\/p>\n<p>Die Speisekarte zu entziffern war mit dem ersten W\u00f6rterbuch nahezu umn\u00f6glich, aber dann kam die K\u00fcchenfrau, die etwas Englisch sprach und brachte sp\u00e4ter noch eine englische Karte, insofern doch problemlos. Vorspeise hab ich mich f\u00fcr eine Nudelsuppe mit Fleischkl\u00f6schen entschieden, Hauptspeise f\u00fcr Grillw\u00fcrstel mit Pommes (komischerweise hat sich das P\u00e4rchen am Tisch nebenan, das kurz nach mir kam, auch f\u00fcr Grillw\u00fcrstel entschieden!), Nachspeisenkarte war recht ausf\u00fchrlich (und mit einer anderen W\u00f6rterbuch-App leichter zu verstehen) &#8211; aber da ich ja gerade in Katalonien bin, musste ich &#8220;nat\u00fcrlich&#8221; die hausgemachte Crema Catalana nehmen&#8230; alles in allem gab&#8217;s beim Essen keinen Grund zum Meckern.<\/p>\n<p>Abendessen hatte \u00fcbrigens 12,- gekostet. G\u00fcnstig.<\/p>\n<p>F\u00fcr Morgen stehen nun wg. des gemeinsamen Skipasses und der Tatsache, dass der Wetterbericht am Sonntag f\u00fcr Frankreich (also die Nordseite) etwas besser meldet, gleich 3 Skigebiete am Programm. Erst wollte ich eines komplett auslassen, dann, als ich das mit dem gemeinsamen Skipass las, 2 Tage bleiben &#8211; tja, so \u00e4ndert sich das laufend&#8230; <\/p>\n<p>Fr\u00fchst\u00fcckbuffet war ziemlich gro\u00df: Viele Wurstsorten (Hartwurst), Schinken, ein Kartoffel-Eier-Kuchen (Tortilla), Marmeladen, verschiedene K\u00e4sesorten, usw. Dazu ger\u00f6stetes Wei\u00dfbrot.<\/p>\n<p>(Fortsetzung folgt.)<\/p>\n","protected":false},"excerpt":{"rendered":"<p>FIST &#8211; Frankreich-Italien-Spanien Tour, Tag 3, Fr, 21.2.2014, Port\u00e9 Puymorens. km 1.642 (\u2206 174)<\/p>\n<p>Auf den Wetterbericht vertrauend hab ichs heute fr\u00fch also langsam angegangen. <\/p>\n<p>(Fotos anklicken zum Vergr\u00f6\u00dfern)<\/p>\n<p> E) Port\u00e9 Puymorens<\/p>\n<p> ^ Als ich beim Vorbeifahren schnell die Cam z\u00fcckte, dachte ich nicht, dass das eine PB-Talstation war &#8211; sonst h\u00e4tte <a href=\"http:\/\/blog.inmontanis.info\/?p=2635\">[&#8230;]<\/a><\/p>\n","protected":false},"author":1,"featured_media":0,"comment_status":"open","ping_status":"closed","sticky":false,"template":"","format":"standard","meta":{"footnotes":""},"categories":[130,16,325,27,129],"tags":[55,38,48],"class_list":["post-2635","post","type-post","status-publish","format-standard","hentry","category-201402-fist","category-france","category-porte-puymorens","category-skifahren-winterskiing-winter","category-spain","tag-3sb","tag-dsb","tag-kssl","odd"],"_links":{"self":[{"href":"http:\/\/blog.inmontanis.info\/index.php?rest_route=\/wp\/v2\/posts\/2635","targetHints":{"allow":["GET"]}}],"collection":[{"href":"http:\/\/blog.inmontanis.info\/index.php?rest_route=\/wp\/v2\/posts"}],"about":[{"href":"http:\/\/blog.inmontanis.info\/index.php?rest_route=\/wp\/v2\/types\/post"}],"author":[{"embeddable":true,"href":"http:\/\/blog.inmontanis.info\/index.php?rest_route=\/wp\/v2\/users\/1"}],"replies":[{"embeddable":true,"href":"http:\/\/blog.inmontanis.info\/index.php?rest_route=%2Fwp%2Fv2%2Fcomments&post=2635"}],"version-history":[{"count":4,"href":"http:\/\/blog.inmontanis.info\/index.php?rest_route=\/wp\/v2\/posts\/2635\/revisions"}],"predecessor-version":[{"id":2659,"href":"http:\/\/blog.inmontanis.info\/index.php?rest_route=\/wp\/v2\/posts\/2635\/revisions\/2659"}],"wp:attachment":[{"href":"http:\/\/blog.inmontanis.info\/index.php?rest_route=%2Fwp%2Fv2%2Fmedia&parent=2635"}],"wp:term":[{"taxonomy":"category","embeddable":true,"href":"http:\/\/blog.inmontanis.info\/index.php?rest_route=%2Fwp%2Fv2%2Fcategories&post=2635"},{"taxonomy":"post_tag","embeddable":true,"href":"http:\/\/blog.inmontanis.info\/index.php?rest_route=%2Fwp%2Fv2%2Ftags&post=2635"}],"curies":[{"name":"wp","href":"https:\/\/api.w.org\/{rel}","templated":true}]}}