{"id":2630,"date":"2014-02-19T21:38:08","date_gmt":"2014-02-19T20:38:08","guid":{"rendered":"http:\/\/blog.inmontanis.info\/?p=2630"},"modified":"2023-07-30T21:55:49","modified_gmt":"2023-07-30T19:55:49","slug":"mont-ventoux-19-2-2014","status":"publish","type":"post","link":"http:\/\/blog.inmontanis.info\/?p=2630","title":{"rendered":"Mont Ventoux, 19.2.2014"},"content":{"rendered":"<p><strong>FIST &#8211; Frankreich-Italien-Spanien Tour, Tag 1, Mi, 19.2.2014, Mont Ventoux. km 1.320<\/strong><\/p>\n<p><a href='http:\/\/extra.inmontanis.info\/d\/19824-5\/ge201402-fist4.jpg'><img src=http:\/\/extra.inmontanis.info\/d\/19824-5\/ge201402-fist4.jpg \/><\/a><br \/>\nA) Mont Ventoux Sud<br \/>\nB) Mont Ventoux Nord (Mont Serein)<\/p>\n<p>Zwischen 6 und 6:30 Uhr stand ich auf, ich war ja an einem P&#038;R-Parkplatz zwischen Genf und Annecy, und fuhr s\u00fcdw\u00e4rts an den Alpen entlang bis zum Mont Ventoux, wo ich um 10:30 Uhr am Skigebiet der S\u00fcdseite ankam, das netterweise au\u00dfer am Wochenende auch mittwochs ge\u00f6ffnet ist.<\/p>\n<p>Der Mont Ventoux ist ein relativ alleinstehender, hoher Berg der franz\u00f6sischen Voralpen, wobei die Gegend zwischen Alpen und Zentralmassif nie wirklich flach wird, sondern h\u00fcgelig bleibt (wohl vergleichbar Alpen-Appenin in Ligurien). Wie es sich f\u00fcr einen alleinstehenden Berg geh\u00f6rt, hat er sein eigenes Wetter und starke Winde, das Wetter war mal wieder bei weitem nicht so sonnig wie gemeldet. Auch nicht abseits vom Berg, abgesehen davon.<\/p>\n<p>Durch seine Lage hat er &#8211; sofern das Wetter passt &#8211; eine ganz spezielle Panoramalage: Neben einem vmtl. tollen Panorama in die Alpen und ins Zentralmassif, sieht man nicht nur das Mittelmeer, sondern (wenn auch vmtl. nur knapp) auch die Pyren\u00e4en. Nunja, wirklich gut zu sehen war heute nur das Mittelmeer, weil es nachmittags eben sch\u00f6n gegl\u00e4nzt hatte. Generell war der Schnee auch sehr sandig &#8211; da ist die Sahara wohl mal wieder ausgegangen &#8230;.<\/p>\n<p>Das Skigebiet auf der S\u00fcdseite besteht aus 2 KSSL, die Pisten sind bis auf ein paar k\u00fcrzere H\u00e4nge relativ flach, wobei es f\u00fcr mich doch einige positiven \u00dcberraschungen gab, da das Gel\u00e4nde eben welliger ist, als ich es erwartet h\u00e4tte. Frisch pr\u00e4pariert war heute nichts, es wurde also erst mit zunehmender Sonneneinstrahlung bzw. W\u00e4rme fahrbar &#8211; und mangels Sonne dauerte das halt leider. Bis Mittag gab&#8217;s dann aber doch sogar einige Firnh\u00e4nge, und wie erwartet kann man abseits von den eh nicht wirklich vorhandenen Pisten \u00fcberall fahren und hat mit den alleinstehenden B\u00e4umen ewig viele M\u00f6glichkeiten. Wenn man das &#8211; so wie ich &#8211; mag, ist man hier auf jeden Fall richtig.<\/p>\n<p>Bis Mittag konnte man die Leute auch an 2 H\u00e4nden abz\u00e4hlen, danach kamen aber doch noch ein paar.<\/p>\n<p>(Fotos anklicken zum Vergr\u00f6\u00dfern)<\/p>\n<p><a href='http:\/\/ski.inmontanis.info\/d\/174685-2\/ge20140219c.jpg'><img src=http:\/\/ski.inmontanis.info\/d\/174683-3\/ge20140219c.jpg \/><\/a><br \/>\n^ GPS-Track Ventoux Sud &#8211; zwei Lifte und viel (leichtes) Gel\u00e4nde<\/p>\n<p><a href='http:\/\/ski.inmontanis.info\/d\/174689-2\/DSC03490.jpg'><img src=http:\/\/ski.inmontanis.info\/d\/174688-3\/DSC03490.jpg \/><\/a><br \/>\n^ Ankunft. Zum KSSL muss man vom Parkplatz leider etwas aufsteigen.<\/p>\n<p><a href='http:\/\/ski.inmontanis.info\/d\/174693-2\/DSC03494.jpg'><img src=http:\/\/ski.inmontanis.info\/d\/174692-3\/DSC03494.jpg \/><\/a><br \/>\n^ Rechter KSSL Signal (oberhalb der Kurve)<\/p>\n<p><a href='http:\/\/ski.inmontanis.info\/d\/174697-2\/DSC03495.jpg'><img src=http:\/\/ski.inmontanis.info\/d\/174696-3\/DSC03495.jpg \/><\/a><br \/>\n^ Blick zum Gipfel, dahinter ist das Nord-Skigebiet<\/p>\n<p><a href='http:\/\/ski.inmontanis.info\/d\/174701-2\/DSC03497.jpg'><img src=http:\/\/ski.inmontanis.info\/d\/174700-3\/DSC03497.jpg \/><\/a><br \/>\n^ Linker KSSL Ermitant, hier war gar keine Piste irgendwie pr\u00e4pariert, aber der Lift war trotzdem offen :-)<\/p>\n<p><a href='http:\/\/ski.inmontanis.info\/d\/174705-2\/DSC03500.jpg'><img src=http:\/\/ski.inmontanis.info\/d\/174704-3\/DSC03500.jpg \/><\/a><br \/>\n^ Offpiste links des KSSL Ermitant<\/p>\n<p><a href='http:\/\/ski.inmontanis.info\/d\/174709-2\/DSC03501.jpg'><img src=http:\/\/ski.inmontanis.info\/d\/174708-3\/DSC03501.jpg \/><\/a><br \/>\n^ KSSL Signal<\/p>\n<p><a href='http:\/\/ski.inmontanis.info\/d\/174713-2\/DSC03503.jpg'><img src=http:\/\/ski.inmontanis.info\/d\/174712-3\/DSC03503.jpg \/><\/a><br \/>\n^ Piste de la Combe, die mittlere der rechten Abfahrten<\/p>\n<p><a href='http:\/\/ski.inmontanis.info\/d\/174717-2\/DSC03504.jpg'><img src=http:\/\/ski.inmontanis.info\/d\/174716-3\/DSC03504.jpg \/><\/a><br \/>\n^ Talstation KSSL Signal, Parkplatz<\/p>\n<p><a href='http:\/\/ski.inmontanis.info\/d\/174721-2\/DSC03508.jpg'><img src=http:\/\/ski.inmontanis.info\/d\/174720-3\/DSC03508.jpg \/><\/a><br \/>\n^ Piste de Plateau<\/p>\n<p><a href='http:\/\/ski.inmontanis.info\/d\/174725-2\/DSC03512.jpg'><img src=http:\/\/ski.inmontanis.info\/d\/174724-3\/DSC03512.jpg \/><\/a><br \/>\n^ Links KSSL Signal, Abfahrt Signal, Abfahrt Combe. Ich komm vom Ende der Plateau-Abfahrt<\/p>\n<p><a href='http:\/\/ski.inmontanis.info\/d\/174729-2\/DSC03513.jpg'><img src=http:\/\/ski.inmontanis.info\/d\/174728-3\/DSC03513.jpg \/><\/a><br \/>\n^ Keine Ahnung ob das ein Teil einer Abfahrt ist, ging jedenfalls gut ;)<\/p>\n<p><a href='http:\/\/ski.inmontanis.info\/d\/174733-2\/DSC03516.jpg'><img src=http:\/\/ski.inmontanis.info\/d\/174732-3\/DSC03516.jpg \/><\/a><br \/>\n^ Offpiste leicht firnig<\/p>\n<p><a href='http:\/\/ski.inmontanis.info\/d\/174737-2\/DSC03518.jpg'><img src=http:\/\/ski.inmontanis.info\/d\/174736-3\/DSC03518.jpg \/><\/a><br \/>\n^ Offpiste zwischen den KSSL<\/p>\n<p><a href='http:\/\/ski.inmontanis.info\/d\/174741-2\/DSC03521.jpg'><img src=http:\/\/ski.inmontanis.info\/d\/174740-3\/DSC03521.jpg \/><\/a><br \/>\n^ Kurve KSSL Signal<\/p>\n<p>Gegen 13 Uhr wechselte ich auf die Nordseite, die Fahrt mit dem Auto \u00fcber die Westseite dauerte ca. eine dreiviertel Stunde. Die Halbtageskarte kostete 13,50 \u20ac. Auch hier wurde ich wieder positiv \u00fcberrascht, da ich mir das Gebiet langweiliger vorgestellt hatte. Aber die Abfahrtsm\u00f6glichkeiten an dem &#8211; einzig interessanten &#8211; langen KSSL Cr\u00eates sind vielz\u00e4hlig und es gibt etliche anspruchsvolle Steilh\u00e4nge. An den flacheren, unteren KSSL gab es tw. Wartezeiten, wobei nicht alle in Betrieb waren.<\/p>\n<p>Frisch pr\u00e4parierte Pisten suchte man aber auch hier vergeblich, und da die Nordseite weniger Sonne abbekam, waren die (gefrorenen) Abfahrtsverh\u00e4ltnisse selbst nachmittags tw. sehr schwierig, die S\u00fcdseite hatte heute die angenehmeren Schneeverh\u00e4ltnisse.<\/p>\n<p>Von der KSSL-Bergstation muss man nur wenig zum Grat aufsteigen, um auf die S\u00fcdseite blicken zu k\u00f6nnen, als ich aufstieg, sah man &#8211; wieder \u00fcberraschenderweise &#8211; das Mittelmeer gl\u00e4nzend. Hier oben wirbelte der Sturm aber Sand und Steinchen auf, was weniger angenehm war&#8230;<\/p>\n<p><a href='http:\/\/ski.inmontanis.info\/d\/174746-2\/ge20140219e.jpg'><img src=http:\/\/ski.inmontanis.info\/d\/174744-3\/ge20140219e.jpg \/><\/a><br \/>\n^ \u00dcberblick GPS-Track Ventoux Nord und Sud.<\/p>\n<p><a href='http:\/\/ski.inmontanis.info\/d\/174750-2\/ge20140219d.jpg'><img src=http:\/\/ski.inmontanis.info\/d\/174749-3\/ge20140219d.jpg \/><\/a><br \/>\n^ GPS-Track Ventoux Nord. T\u00fcrkis die heute nicht ge\u00f6ffneten oder von mir nicht gefahrenen Lifte; Magenta der stillgelegte KSSL.<\/p>\n<p><a href='http:\/\/ski.inmontanis.info\/d\/174754-2\/DSC03527.jpg'><img src=http:\/\/ski.inmontanis.info\/d\/174753-3\/DSC03527.jpg \/><\/a><br \/>\n^ Pistenplan<\/p>\n<p><a href='http:\/\/ski.inmontanis.info\/d\/174758-2\/DSC03526.jpg'><img src=http:\/\/ski.inmontanis.info\/d\/174757-3\/DSC03526.jpg \/><\/a><br \/>\n^ Liftdaten. KSSL Les Orties ist der stillgelegte.<\/p>\n<p><a href='http:\/\/ski.inmontanis.info\/d\/174762-2\/DSC03524.jpg'><img src=http:\/\/ski.inmontanis.info\/d\/174761-3\/DSC03524.jpg \/><\/a><br \/>\n^ Mittlerer Skigebietsteil mit KSSL Lisi\u00e8re<\/p>\n<p><a href='http:\/\/ski.inmontanis.info\/d\/174766-2\/DSC03528.jpg'><img src=http:\/\/ski.inmontanis.info\/d\/174765-3\/DSC03528.jpg \/><\/a><br \/>\n^ Hinter dem vorderen Wald ist die Talstation des langen KSSL Cr\u00eates<\/p>\n<p><a href='http:\/\/ski.inmontanis.info\/d\/174770-2\/DSC03529.jpg'><img src=http:\/\/ski.inmontanis.info\/d\/174769-3\/DSC03529.jpg \/><\/a><br \/>\n^ KSSL Cr\u00eates<\/p>\n<p><a href='http:\/\/ski.inmontanis.info\/d\/174774-2\/DSC03533.jpg'><img src=http:\/\/ski.inmontanis.info\/d\/174773-3\/DSC03533.jpg \/><\/a><br \/>\n^ Talblick<\/p>\n<p><a href='http:\/\/ski.inmontanis.info\/d\/174778-2\/DSC03534.jpg'><img src=http:\/\/ski.inmontanis.info\/d\/174777-3\/DSC03534.jpg \/><\/a><br \/>\n^ Ausstieg KSSL Cr\u00eates<\/p>\n<p><a href='http:\/\/ski.inmontanis.info\/d\/174782-2\/DSC03535.jpg'><img src=http:\/\/ski.inmontanis.info\/d\/174781-3\/DSC03535.jpg \/><\/a><br \/>\n^ Abfahrt S am KSSL Cr\u00eates<\/p>\n<p><a href='http:\/\/ski.inmontanis.info\/d\/174786-2\/DSC03542.jpg'><img src=http:\/\/ski.inmontanis.info\/d\/174785-3\/DSC03542.jpg \/><\/a><br \/>\n^ Gipfel und Querfahrt zur Abfahrt Loubati\u00e8re<\/p>\n<p><a href='http:\/\/ski.inmontanis.info\/d\/174790-2\/DSC03540.jpg'><img src=http:\/\/ski.inmontanis.info\/d\/174789-3\/DSC03540.jpg \/><\/a><br \/>\n^ Geniale Kessel-Abfahrt Loubati\u00e8re, wird dann immer schmaler.<\/p>\n<p><a href='http:\/\/ski.inmontanis.info\/d\/174794-2\/DSC03544.jpg'><img src=http:\/\/ski.inmontanis.info\/d\/174793-3\/DSC03544.jpg \/><\/a><br \/>\n^ Abfahrt Loubati\u00e8re<\/p>\n<p><a href='http:\/\/ski.inmontanis.info\/d\/174798-2\/DSC03547.jpg'><img src=http:\/\/ski.inmontanis.info\/d\/174797-3\/DSC03547.jpg \/><\/a><br \/>\n^ KSSL Cr\u00eates<\/p>\n<p><a href='http:\/\/ski.inmontanis.info\/d\/174802-2\/DSC03548.jpg'><img src=http:\/\/ski.inmontanis.info\/d\/174801-3\/DSC03548.jpg \/><\/a><br \/>\n^ Abfahrt V &#8211; h\u00e4ngt hier ganz sch\u00f6n!<\/p>\n<p><a href='http:\/\/ski.inmontanis.info\/d\/174806-2\/DSC03550.jpg'><img src=http:\/\/ski.inmontanis.info\/d\/174805-3\/DSC03550.jpg \/><\/a><br \/>\n^ Einer der Steilh\u00e4nge rechts des KSSL Cr\u00eates<\/p>\n<p><a href='http:\/\/ski.inmontanis.info\/d\/174810-2\/DSC03551.jpg'><img src=http:\/\/ski.inmontanis.info\/d\/174809-3\/DSC03551.jpg \/><\/a><br \/>\n^ Oberste rechte Abfahrt am KSSL Cr\u00eates<\/p>\n<p><a href='http:\/\/ski.inmontanis.info\/d\/174814-2\/DSC09563.jpg'><img src=http:\/\/ski.inmontanis.info\/d\/174813-3\/DSC09563.jpg \/><\/a><br \/>\n^ IR-Zoom richtung Massif Central, paar verschneite Gipfel sah man<\/p>\n<p><a href='http:\/\/ski.inmontanis.info\/d\/174818-2\/DSC03552.jpg'><img src=http:\/\/ski.inmontanis.info\/d\/174817-3\/DSC03552.jpg \/><\/a><br \/>\n^ Einer der Steilh\u00e4nge rechts des KSSL Cr\u00eates<\/p>\n<p><a href='http:\/\/ski.inmontanis.info\/d\/174822-2\/DSC03556.jpg'><img src=http:\/\/ski.inmontanis.info\/d\/174821-3\/DSC03556.jpg \/><\/a><br \/>\n^ Kurzer Aufstieg von der Bergstation KSSL Cr\u00eates zum Grat<\/p>\n<p><a href='http:\/\/ski.inmontanis.info\/d\/174826-2\/DSC03555.jpg'><img src=http:\/\/ski.inmontanis.info\/d\/174825-3\/DSC03555.jpg \/><\/a><br \/>\n^ Blick zum Gipfel. Durch den fehlenden Schnee und dem starken Sturm gab&#8217;s hier fiesen Steinregen.<\/p>\n<p><a href='http:\/\/ski.inmontanis.info\/d\/174830-2\/DSC03557.jpg'><img src=http:\/\/ski.inmontanis.info\/d\/174829-3\/DSC03557.jpg \/><\/a><br \/>\n^ S\u00fcdblick &#8211; und sogar das Meer gl\u00e4nzt<\/p>\n<p><a href='http:\/\/ski.inmontanis.info\/d\/174834-2\/DSC03560.jpg'><img src=http:\/\/ski.inmontanis.info\/d\/174833-3\/DSC03560.jpg \/><\/a><br \/>\n^ Zoom zum gl\u00e4nzenden Mittelmeer<\/p>\n<p><a href='http:\/\/ski.inmontanis.info\/d\/174838-2\/DSC09569.jpg'><img src=http:\/\/ski.inmontanis.info\/d\/174837-3\/DSC09569.jpg \/><\/a><br \/>\n^ IR-S\u00fcdpano mit Spiegelmeer<\/p>\n<p><a href='http:\/\/ski.inmontanis.info\/d\/174842-2\/DSC03580.jpg'><img src=http:\/\/ski.inmontanis.info\/d\/174841-3\/DSC03580.jpg \/><\/a><br \/>\n^ Stillgelegter KSSL Orties, den unteren Teil der Abfahrt kann man vom Cr\u00eates auch fahren, der obere Teil und die rechte sind etwas schwieriger zu erreichen.<\/p>\n<p>Fazit: Ich w\u00fcrde mich schwer tun, m\u00fcsste ich mich f\u00fcr eines der beiden Skigebiete entscheiden, da sie sich zusammen echt gut erg\u00e4nzen. Schade, dass sie doch so weit auseinander liegen und man nicht leichter via Ski wechseln kann.<\/p>\n<p>Nachher standen noch ca. 3 Stunden Autofahrt nach Carcassonne am Fu\u00dfe der Pyren\u00e4en auf dem Programm, wo ich mich wieder einmal in ein ibis-budget (nocht mit dem 35,- Winter-Internet-Special + 6,10 f\u00fcr&#8217;s Fr\u00fchst\u00fcck ab 6 Uhr, hier sogar auch am WE lt. Aushang) einquartierte. Zum Essen ging&#8217;s in die Pataterie, Buffallo dann eben n\u00e4chstes Mal ;)<\/p>\n<p>Schlussendlich standen heute Abend 1.320 km auf dem Trip-Z\u00e4hler im Auto. F\u00fcr den 1. Tag schon nicht schlecht, war ja sogar noch in 2 Skigebieten skifahren :) Schaut man sich die Strecke auf der Landkarte an, relativiert sich das leider &#8211; es wird wohl nur ca. 1\/5 der Wegstrecke dieses Urlaubs bleiben.<\/p>\n<p>Durch die gro\u00dfe Spanientour jetzt und die Norwegentour letzen Sommer werd ich im 2. Jahr meines Qubos nicht mal mit 40.000 km auskommen &#8211; hab ja jetzt schon \u00fcber 69.000 km, puh! Wie soll das noch weiter gehen?!<\/p>\n<p>Und wohin jetzt morgen? Und \u00fcbermorgen? Und wo \u00fcbernachten? Und wie dann weiter? Erst runter Sierra Nevada? Oder erst Pyren\u00e4en + Cordillera + was dann in der 2. (Faschings) Woche? Die Wettervorhersagen der letzten Tage beobachtend, scheint es, als w\u00e4re es im S\u00fcden tendenziell h\u00e4ufiger sonnig. Und was den Norden angeht, scheint es im Westen h\u00e4ufiger schlecht zu sein. In den n\u00e4chsten Tagen solls auch in den franz\u00f6sischen Pyren\u00e4en mehr oder weniger brauchbar werden, w\u00e4hrend die Tendenzen ab n\u00e4chste Woche eher verregnet sind. Aber schlussendlich kann sich das Wetter ja sowieso t\u00e4glich \u00e4ndern.<\/p>\n<p>Nachts um 1 Uhr war ich mir dann soweit klar und hab mir f\u00fcr morgen Abend nochmal ein Zimmer in Frankreich reserviert.<\/p>\n<p>(Fortsetzung folgt.)<\/p>\n","protected":false},"excerpt":{"rendered":"<p>FIST &#8211; Frankreich-Italien-Spanien Tour, Tag 1, Mi, 19.2.2014, Mont Ventoux. km 1.320<\/p>\n<p> A) Mont Ventoux Sud B) Mont Ventoux Nord (Mont Serein)<\/p>\n<p>Zwischen 6 und 6:30 Uhr stand ich auf, ich war ja an einem P&#038;R-Parkplatz zwischen Genf und Annecy, und fuhr s\u00fcdw\u00e4rts an den Alpen entlang bis zum Mont Ventoux, wo ich um <a href=\"http:\/\/blog.inmontanis.info\/?p=2630\">[&#8230;]<\/a><\/p>\n","protected":false},"author":1,"featured_media":0,"comment_status":"open","ping_status":"closed","sticky":false,"template":"","format":"standard","meta":{"footnotes":""},"categories":[130,16,321,27],"tags":[90,48,37],"class_list":["post-2630","post","type-post","status-publish","format-standard","hentry","category-201402-fist","category-france","category-mont-ventoux","category-skifahren-winterskiing-winter","tag-infrarot","tag-kssl","tag-meer","odd"],"_links":{"self":[{"href":"http:\/\/blog.inmontanis.info\/index.php?rest_route=\/wp\/v2\/posts\/2630","targetHints":{"allow":["GET"]}}],"collection":[{"href":"http:\/\/blog.inmontanis.info\/index.php?rest_route=\/wp\/v2\/posts"}],"about":[{"href":"http:\/\/blog.inmontanis.info\/index.php?rest_route=\/wp\/v2\/types\/post"}],"author":[{"embeddable":true,"href":"http:\/\/blog.inmontanis.info\/index.php?rest_route=\/wp\/v2\/users\/1"}],"replies":[{"embeddable":true,"href":"http:\/\/blog.inmontanis.info\/index.php?rest_route=%2Fwp%2Fv2%2Fcomments&post=2630"}],"version-history":[{"count":3,"href":"http:\/\/blog.inmontanis.info\/index.php?rest_route=\/wp\/v2\/posts\/2630\/revisions"}],"predecessor-version":[{"id":2661,"href":"http:\/\/blog.inmontanis.info\/index.php?rest_route=\/wp\/v2\/posts\/2630\/revisions\/2661"}],"wp:attachment":[{"href":"http:\/\/blog.inmontanis.info\/index.php?rest_route=%2Fwp%2Fv2%2Fmedia&parent=2630"}],"wp:term":[{"taxonomy":"category","embeddable":true,"href":"http:\/\/blog.inmontanis.info\/index.php?rest_route=%2Fwp%2Fv2%2Fcategories&post=2630"},{"taxonomy":"post_tag","embeddable":true,"href":"http:\/\/blog.inmontanis.info\/index.php?rest_route=%2Fwp%2Fv2%2Ftags&post=2630"}],"curies":[{"name":"wp","href":"https:\/\/api.w.org\/{rel}","templated":true}]}}