{"id":2627,"date":"2014-02-18T22:59:56","date_gmt":"2014-02-18T21:59:56","guid":{"rendered":"http:\/\/blog.inmontanis.info\/?p=2627"},"modified":"2014-03-10T23:11:34","modified_gmt":"2014-03-10T22:11:34","slug":"fist-frankreich-italien-spanien-tour-19-2-9-3-2014-intro","status":"publish","type":"post","link":"http:\/\/blog.inmontanis.info\/?p=2627","title":{"rendered":"FIST: Frankreich-Italien-Spanien-Tour, 19.2.-9.3.2014 * Intro"},"content":{"rendered":"<p>\u00dcberblick der Tour, 7.584 km (Spanien ist eben ein St\u00fcck weiter weg..), anklicken zum Vergr\u00f6\u00dfern:<\/p>\n<p><a href='http:\/\/extra.inmontanis.info\/d\/19817-2\/ge201402-fist7.jpg'><img src=http:\/\/extra.inmontanis.info\/d\/19816-3\/ge201402-fist7.jpg \/><\/a><br \/>\n^ Fahrstrecke und Orte im gr\u00f6\u00dferen \u00dcberblick<\/p>\n<p><a href='http:\/\/extra.inmontanis.info\/d\/19813-2\/ge201402-fist6.jpg'><img src=http:\/\/extra.inmontanis.info\/d\/19812-3\/ge201402-fist6.jpg \/><\/a><br \/>\n^ Fahrstrecke, Orte inkl. \u00dcberblick der Skigebiete in dem Bereich (hab auch ein paar LSAPs dabei und evtl. fehlen auch ein paar). Einige der besten Gegenden\/Gebiete Spaniens (Mitte, Nordwest) hab ich wetterbedingt leider auslassen m\u00fcssen &#8211; werde ich in den n\u00e4chsten 3 Jahren nachholen.<\/p>\n<p>A) FR Mont Ventoux Sud<br \/>\nB) FR Mont Ventoux Nord (Mont Serein)<br \/>\nC) FR Camurac<br \/>\nD) FR Ascou Pailheres<br \/>\nE) FR Porte Puymorens<br \/>\nF) ES Port Aine<br \/>\nG) ES Espot Esqui<br \/>\nH) ES Tavascan<br \/>\nI) ES Boi Ta\u00fcll<br \/>\nJ) FR La Pierre Saint Martin<br \/>\nK) ES Candanchu<br \/>\nL) ES Alto Campoo<br \/>\nM) ES Sierra Nevada<br \/>\nN) ES Benalmadena (kein Skigebiet)<br \/>\nO) ES Javalambre<br \/>\nP) FR Cambre d&#8217;Aze<br \/>\nQ) FR Soleilhas-Vauplane<br \/>\nR) FR L&#8217;Audibergue<br \/>\nS) IT Santo Stefano d&#8217;Aveto<br \/>\nT) IT Zum Zeri<br \/>\nU) IT Monte Amiata<br \/>\nV) IT Schia<br \/>\nW) IT Maniva<\/p>\n<p>Aufgeteilt auf 7 Skitage in Spanien, 6 Skitage in Frankreich, 5 Skitage in Italien und 1 Nicht-Skitag in Spanien.<\/p>\n<p>Ein paar Fotos vorweg:<\/p>\n<p><a href='http:\/\/ski.inmontanis.info\/d\/173779-2\/DSC03541.jpg'><img src=http:\/\/ski.inmontanis.info\/d\/173777-3\/DSC03541.jpg \/><\/a><br \/>\n^ Ventoux Nord (Frankreich, zwischen Alpen und Massif Central)<\/p>\n<p><a href='http:\/\/ski.inmontanis.info\/d\/173783-2\/DSC03641.jpg'><img src=http:\/\/ski.inmontanis.info\/d\/173782-3\/DSC03641.jpg \/><\/a><br \/>\n^ Keine Ahnung, was das ist, vielleicht komm ich nochmal vorbei ;) Links oberhalb der Stra\u00dfe ist eine aufgelassene Eisenbahnstrecke&#8230; <\/p>\n<p><a href='http:\/\/ski.inmontanis.info\/d\/173787-2\/DSC03749.jpg'><img src=http:\/\/ski.inmontanis.info\/d\/173786-3\/DSC03749.jpg \/><\/a><br \/>\n^ Port Ain\u00e9 (ES)<\/p>\n<p><a href='http:\/\/ski.inmontanis.info\/d\/173791-2\/DSC03787.jpg'><img src=http:\/\/ski.inmontanis.info\/d\/173790-3\/DSC03787.jpg \/><\/a><br \/>\n^ Gummi statt Spirale &#8211; lautete Yan&#8217;s Motto<\/p>\n<p><a href='http:\/\/ski.inmontanis.info\/d\/173795-2\/DSC04084.jpg'><img src=http:\/\/ski.inmontanis.info\/d\/173794-3\/DSC04084.jpg \/><\/a><br \/>\n^ Boi Ta\u00fcll (ES), S\u00fcdhang-DSB auf 2750m<\/p>\n<p><a href='http:\/\/ski.inmontanis.info\/d\/173799-2\/DSC04124.jpg'><img src=http:\/\/ski.inmontanis.info\/d\/173798-3\/DSC04124.jpg \/><\/a><br \/>\n^ Boi Ta\u00fcll &#8211; und die R\u00fcckseite der DSB<\/p>\n<p><a href='http:\/\/ski.inmontanis.info\/d\/173803-2\/DSC04131.jpg'><img src=http:\/\/ski.inmontanis.info\/d\/173802-3\/DSC04131.jpg \/><\/a><br \/>\n^ Boi Ta\u00fcll &#8211; selbst die 4KSB hat nette Offpisteh\u00e4nge<\/p>\n<p><a href='http:\/\/ski.inmontanis.info\/d\/173807-2\/DSC04295.jpg'><img src=http:\/\/ski.inmontanis.info\/d\/173806-3\/DSC04295.jpg \/><\/a><br \/>\n^ La Pierre St. Martin (FR) &#8211; hier wird n\u00e4chsten Winter eine 6KSB stehen :-(<\/p>\n<p><a href='http:\/\/ski.inmontanis.info\/d\/173811-2\/DSC04594.jpg'><img src=http:\/\/ski.inmontanis.info\/d\/173810-3\/DSC04594.jpg \/><\/a><br \/>\n^ Candanchu  (ES)<\/p>\n<p><a href='http:\/\/ski.inmontanis.info\/d\/173815-2\/DSC04752.jpg'><img src=http:\/\/ski.inmontanis.info\/d\/173814-3\/DSC04752.jpg \/><\/a><br \/>\n^ Alto Campoo (gibt doch tats\u00e4chlich noch interessante alte Lifte in Spanien &#8211; Holzlatten-DSB!)<\/p>\n<p><a href='http:\/\/ski.inmontanis.info\/d\/173819-2\/DSC05115.jpg'><img src=http:\/\/ski.inmontanis.info\/d\/173818-3\/DSC05115.jpg \/><\/a><br \/>\n^ Sierra Nevada. Der Wechsel zwischen den Kurvenrollen ist ziemlich &#8220;eckig&#8221;, man wird ziemlich durchger\u00fcttelt. Da find ich die alten DSB-Kurvenst\u00fctzen angenehmer&#8230;<\/p>\n<p><a href='http:\/\/ski.inmontanis.info\/d\/173823-2\/DSC05026.jpg'><img src=http:\/\/ski.inmontanis.info\/d\/173822-3\/DSC05026.jpg \/><\/a><br \/>\n^ Sierra Nevada, Meer und hinten die Berge Afrikas (Marokko)<\/p>\n<p><a href='http:\/\/ski.inmontanis.info\/d\/173827-2\/DSC05185.jpg'><img src=http:\/\/ski.inmontanis.info\/d\/173826-3\/DSC05185.jpg \/><\/a><br \/>\n^ Sierra Nevada &#8211; die F\u00f6rderleistung der Seilbahnen in dem Bereich ist nicht mehr lustig. Die beiden EUBs vom Tal scheffeln 6.200 p\/h, die hier im Bild sichtbaren Sessellifte in Summe 17.504 p\/h. In Summe hat das Skigebiet der Sierra Nevada 42.352 p\/h, 120 Pisten mit 105 km von &#8211; lt. GPS-Track &#8211; 2120 bis 3320m.<\/p>\n<p><a href='http:\/\/ski.inmontanis.info\/d\/174006-2\/DSC05521.jpg'><img src=http:\/\/ski.inmontanis.info\/d\/174005-3\/DSC05521.jpg \/><\/a><br \/>\n^ Benalmadena (ES), skifreier Samstag <\/p>\n<p><a href='http:\/\/ski.inmontanis.info\/d\/174010-2\/DSC05734.jpg'><img src=http:\/\/ski.inmontanis.info\/d\/174009-3\/DSC05734.jpg \/><\/a><br \/>\n^ Javalambre (ES). Auf dem Hang wollt ich egtl. offpiste fahren &#8211; hm, war wohl nix&#8230;<\/p>\n<p><a href='http:\/\/ski.inmontanis.info\/d\/174014-2\/DSC06025.jpg'><img src=http:\/\/ski.inmontanis.info\/d\/174013-3\/DSC06025.jpg \/><\/a><br \/>\n^  Waldskifahren in Cambre d&#8217;Aze (FR, Pyr.) bei besten Schneeverh\u00e4ltnissen<\/p>\n<p><a href='http:\/\/ski.inmontanis.info\/d\/174018-2\/DSC06188.jpg'><img src=http:\/\/ski.inmontanis.info\/d\/174017-3\/DSC06188.jpg \/><\/a><br \/>\n^ Soleilhas-Vauplane (FR, Alpen). Offpiste leider Windgepresst, daher noch nach Audibergue weiter.<\/p>\n<p><a href='http:\/\/ski.inmontanis.info\/d\/174022-2\/DSC09907.jpg'><img src=http:\/\/ski.inmontanis.info\/d\/174021-3\/DSC09907.jpg \/><\/a><br \/>\n^ Santo Stefano d&#8217;Aveto (Ligurien)<\/p>\n<p><a href='http:\/\/ski.inmontanis.info\/d\/174026-2\/DSC06590.jpg'><img src=http:\/\/ski.inmontanis.info\/d\/174025-3\/DSC06590.jpg \/><\/a><br \/>\n^ Zum Zeri (Toskana)<\/p>\n<p><a href='http:\/\/ski.inmontanis.info\/d\/174030-2\/DSC06688.jpg'><img src=http:\/\/ski.inmontanis.info\/d\/174029-3\/DSC06688.jpg \/><\/a><br \/>\n^ Monte Amiata (bei Siena)<\/p>\n<p><a href='http:\/\/ski.inmontanis.info\/d\/174034-2\/DSC07059.jpg'><img src=http:\/\/ski.inmontanis.info\/d\/174033-3\/DSC07059.jpg \/><\/a><br \/>\n^ Maniva &#8211; wenn schon keine Fernsicht, dann wenigstens ein halbwegs gl\u00e4nzendes Smogmeer, ist doch auch nett :)<\/p>\n<p><strong>4.2.2014<\/strong><br \/>\n&#8220;Eigentlich h\u00e4tte es ja &#8230;&#8221; mal wieder ganz wo anders hingehen sollen. Hatte ich mir doch letztes Jahr nach der Balkan-Karpaten-Tour schon vorgenommen, heuer wieder ins Appennin zu fahren &#8211; und zwar bis Sizilien runter.<\/p>\n<p>Nun, wie schon letztes Jahr, ist Schnee auch heuer in S\u00fcditalien wieder Mangelware. Immerhin liegt jetzt ein bisschen, so dass man am \u00c4tna morgen wieder den Skibetrieb in den H\u00f6henlagen aufnehmen will. Weiterer Schnee ist die n\u00e4chsten 2 Wochen kaum gemeldet, darf also bezweifelt werden, dass sich bis zu meinem Urlaub &#8211; so ich ihn nicht nach hinten verlege &#8211; die Sache \u00e4ndern wird. Auch Korsika hat momentan noch nicht viel, k\u00f6nnte sich aber noch verbessern. Eine Tour bis in den mittleren Appennin, dann r\u00fcber Korsika und Sardinien und zum Schluss noch Massif Central, w\u00e4re eine Variante, die wohl recht wahrscheinlich w\u00e4re.<\/p>\n<p>Auch in PL-CZ-SK, das ich vor 2 Wochen auslassen musste, scheint nun einigerma\u00dfen Schnee zu liegen. Nur hab ich absolut keine Lust, in diese meist Mittelgebirge f\u00fcr eine 2-Wochen-Tour zu bleiben.<\/p>\n<p>Der \u00fcbliche Blick nach Schottland bringt auch noch keine guten Ergebnisse, was die ge\u00f6ffneten Lifte in Glenshee betrifft (das mir dort das wichtigste Skigebiet w\u00e4re). Schottland ist zwar auch nichts f\u00fcr 2 Wochen, aber f\u00fcr eine &#8211; und den Rest k\u00f6nnte man ja im Massif Central vorbei, l\u00e4ge ja auch nicht so abseits.<\/p>\n<p>Gut Schnee liegt heuer auch die ganze Zeit schon in den meisten Teilen Spaniens. Einen \u00dcberblick \u00fcber die Skigebiete in Spanien hatte ich mir bisher aber noch nicht gemacht. Eine kurze Durchsicht heute zeigte aber gro\u00dfes Potential, weshalb ich die Aufstellung in den n\u00e4chsten Tagen unbedingt angehen sollte&#8230;<\/p>\n<p>Kilometerm\u00e4\u00dfig sind \u00fcbrigens die Ziele relativ \u00e4hnlich, also z.B. das s\u00fcdlichste spanische skigebiet Sierra Nevada 2100 km, Schottland 2000km. Gut, \u00c4tna ist mit 1500 km ein sch\u00f6nes St\u00fcck n\u00e4her&#8230;<\/p>\n<p><strong>5.2.2014<\/strong><br \/>\nWitzigerweise hat heute jemand im Alpinforum 2 Fotos aus Schottland verlinkt. Die H\u00e4lfte der Lifte ist nicht wegen Schneemangels zu &#8211; eher im Gegenteil, abgesehen vom schlechten Wetter sind manche Lifte komplett eingeschneit und m\u00fcssen erst ausgebuddelt werden. Krass.<\/p>\n<p><strong>6.2.2014<\/strong><br \/>\nMeine Arbeiten an der Kategorisierung der Skigebiete in Spanien schreitet gut voran. Ich dachte, die Skigebiete in Spanien seien eher langweilig (nur 4SBs, ok, das stimmt ziemlich) und totmodelliert (gut, es gibt tats\u00e4chlich viel modellierte Pisten) &#8211; bzw. den Zentralalpen zu \u00e4hnlich (Pyren\u00e4en) und damit uninteressant. Nun, die Pyren\u00e4en hab ich bisher noch nicht angeschaut, aber der Rest, der S\u00fcden, die Mitte und insb. die Cordillera Cantabrica im Nordwesten &#8211; autsch, ich hab selten so viel Skigebiete auf Prio 1-2 in meinen L\u00e4nderlisten eintragen m\u00fcssen! Selbst wenn es jetzt noch einen Meter am \u00c4tna schneien sollte oder die Schotten den ESL ausbuddeln &#8211; ich muss nach Spanien!! So das Wetter passt :)<\/p>\n<p>Nebenbei bemerkt sind die meisten spanischen Skigebiete bis 27.4. ge\u00f6ffnet. Da muss man bei uns schon lang suchen &#8230; Ob die Temperaturen und die Sonnenh\u00e4ufigkeit Spanischer Skigebiete wohl mit dem Appennin vergleichbar ist? Besser als in Schottland sollte das Wetter wohl allemal sein (Schottland ist wohl eher mit Norwegen vergleichbar, wenig Sonne, viel Sturm, viel Niederschlag &#8211; im Gegensatz zu Norwegen aber in einem h\u00f6heren Anteil auch als Regen. Eine Woche 3m Schnee, dann wieder so viel Regen, dass der Schnee in 1-2 Wochen wieder weg ist &#8211; da kann man Schottland sogar fast wieder mit S\u00fcditalien vergleichen &#8230;)<\/p>\n<p><strong>So, 16.2.2014<\/strong><br \/>\nIn den letzten Tagen hab ich kurz den Status-Quo im Appennin gecheckt &#8211; die Mehrheit der Skigebeite, die mich interessieren, haben leider kaum oder keinen Schnee und somit bei weitem keinen Vollbetrieb. Damit f\u00e4llt auch die Tourvariante &#8220;mittleres Appennin -> Korsika -> Massif Central&#8221; aus. In Schottland ist weiterhin schlechtes Wetter und damit einhergehend sind noch etliche Lifte zu, auch weil sie noch unter Schnee begraben sind. Hier w\u00fcrde es wohl auch fr\u00fchestens nach 1-2 Wochen Wetterberuhigung sinnvoll gehen. Schottland als Ski-Destination ist schon sehr schwierig..<\/p>\n<p>In der T\u00fcrkei liegt auch noch eher wenig Schnee &#8211; aber das wollte ich sowieso erst n\u00e4chstes Jahr angehen. Griechenland ist derzeit mit dem Appennin vergleichbar, einige Skigebiete haben gut Schnee, die anderen nichts. Und auf 2 Wochen PL-CZ-SK hab ich sowieso keine Lust, egal ob und wieviel Schnee dort jetzt liegt :) Ebenso ist Skandinavien heuer keine Option, war ich ja erst letzten Sommer.<\/p>\n<p>H\u00f6rt sich jetzt so an, als ob die Spanien-Tour &#8220;die letzte sinnvolle Alternative&#8221; w\u00e4re. In gewisser Hinsicht aber doch, denn Liftm\u00e4\u00dfig ist Spanien sehr modernisiert, da bin ich eh schon zu sp\u00e4t, es gibt ja kaum mehr kleine Skigebiete oder alte Lifte, die auf der &#8220;Abschussliste&#8221; stehen und folglich &#8220;asap&#8221; besucht werden m\u00fcssen. Im Gegensatz halt zum Appennin z.B. Aber schneemengenm\u00e4\u00dfig macht Spanien heuer einfach am meisten Sinn.<\/p>\n<p>Jedenfalls hab ich mal einen von den beiden Koffern gepackt und mein Bettgestell im Auto befestigt. Kann ja gut sein, dass ich unter der Woche abends losfahre und auf dem Weg die erste Nacht im Auto schlafe.<\/p>\n<p>Sollte ich am MI oder DO fahren, k\u00f6nnte es die ersten Tage wetterm\u00e4\u00dfig noch ganz brauchbar werden. Zumindest in einigen Teilen. Ab Mitte n\u00e4chster Woche soll&#8217;s nach jetzigem Stand eher schlechter werden, bzw. f\u00fcr die Pyren\u00e4en auf keiner Seite sonniges Wetter geben. Fahren und hoffen? Oder warten bis die Wetterberichte besser melden (und der Winter irgendwann vorbei ist)? Glaub ich h\u00e4tte doch schon letzt Woche fahren sollen ..<\/p>\n<p><strong>Mo, 17.2.2014<\/strong><br \/>\nNun, ich hab&#8217;s fixiert. Urlaub ab Mittwoch eingetragen, 3 Tage + 2 Wochen, also insg. 19 skim\u00f6gliche Tage. Donnerstag ist der erste Skitag in den Pyren\u00e4en geplant. Wenn ich morgen nach dem Gesch\u00e4ft losfahre und die Nacht von DI auf MI im Auto schlafe, kann ich am Mittwoch irgendwo noch in den frz. Alpen Skifahren. Auch wenn das Wetter nicht so rosig werden soll. Ein Hotel f\u00fcr Mittwoch Abend in der N\u00e4he eines der potentiellen Donnerstags-Ziele hab ich auch gleich gebucht.<\/p>\n<p>Wie \u00fcblich am letzten Tag &#8211; trotz gestriger Vorarbeiten &#8211; war noch genug zu tun. Warum muss man gewisse Sachen egtl. immer erst am letzten Tag machen? Hmpf. Paar Spanisch-W\u00f6rterb\u00fccher aufs iPhone, paar Spanisch-Lern-Podcasts auf den iPod. Nebenbei braucht man f\u00fcr 19 Tage auch ganz sch\u00f6n viel zum Anziehen, erst recht f\u00fcr den S\u00fcden, wo man auch ein paar T-Shirts und die Sommerski-Bekleidung einpacken sollte.<\/p>\n<p>Kommt mir vor, als ob im Flur mein halber Hausstand stehen w\u00fcrde, den ich morgen fr\u00fch noch ins Auto verladen muss. Und Bett und Haupt-Koffer und Ski sind ja schon im Auto :)<\/p>\n<p><strong>Di, 18.2.2014<\/strong><br \/>\nMittags kaufte ich mir noch die Schweizer Autobahnvignette, um 17 Uhr hatte ich Feierabend und hab noch ein bisschen die Wetterberichte abgecheckt, bevor ich gegen 17:30 Uhr direkt aus dem B\u00fcro die Reise gestartet hab. Ziel f\u00fcr Morgen war gefunden und ich wollte noch ca. bis zum Genfersee fahren. Arlbergpass war auf vorarlberger Seite nicht ganz frei, ging aber trotzdem problemlos.<\/p>\n<p>In Liechtenstein wurde ich mal wieder von der Zollkontrolle aufgehalten &#8211; war aber recht nett. Hatte sich zwar gewundert, warum ich 2 Navis hatte, aber vmtl. hatte er auch ein TomTom, da er meinen Redeschwall schnell stoppte, als ich ihm sagte, dass das TomTom als Navi nicht wirklich taugt und es einfach praktisch ist, gleichzeitig 2D- und 3D-Ansicht zu sehen. Kam gar nicht dazu, ihm die weiteren Vorteile zu nennen, wie unterschiedliche Routenvorschl\u00e4ge, Ausfallsicherheit, geringere Fehlnavigationen, etc.<\/p>\n<p>An der Autobahnrastst\u00e4tte Rheintal hielt ich nun schon beinahe wie \u00fcblich f\u00fcr eine Portion \u00c4lplermaccaroni, danach ging&#8217;s noch bis nach Genf, kurz vor Annecy, wo ich an einem P&#038;R-Parkplatz nahe der Autobahn in meinem Bett \u00fcbernachten wollte. Komischerweise fand ich die Fahrerei heute und in diese Richtung wesentlich angenehmer als sonst nach dem Skifahren in Gegenrichtung.<\/p>\n<p>Um 0:40 Uhr kam ich ins Bett und stellte mir den Wecker auf 6:10 Uhr. Pl\u00f6tzlich unterhielten sich Leute und hinderten mich am Einschlafen. Hmpf! Um 5 Uhr gro\u00dfer L\u00e4rm, Bus oder so. Und als ich aufstand, war der Parkplatz schon komplett voll. So fr\u00fch?!<\/p>\n<p>(Fortsetzung folgt.)<\/p>\n","protected":false},"excerpt":{"rendered":"<p>\u00dcberblick der Tour, 7.584 km (Spanien ist eben ein St\u00fcck weiter weg..), anklicken zum Vergr\u00f6\u00dfern:<\/p>\n<p> ^ Fahrstrecke und Orte im gr\u00f6\u00dferen \u00dcberblick<\/p>\n<p> ^ Fahrstrecke, Orte inkl. \u00dcberblick der Skigebiete in dem Bereich (hab auch ein paar LSAPs dabei und evtl. fehlen auch ein paar). Einige der besten Gegenden\/Gebiete Spaniens (Mitte, Nordwest) hab ich <a href=\"http:\/\/blog.inmontanis.info\/?p=2627\">[&#8230;]<\/a><\/p>\n","protected":false},"author":1,"featured_media":0,"comment_status":"open","ping_status":"closed","sticky":false,"template":"","format":"standard","meta":{"footnotes":""},"categories":[130,16,15,27,129],"tags":[],"class_list":["post-2627","post","type-post","status-publish","format-standard","hentry","category-201402-fist","category-france","category-italienitaly","category-skifahren-winterskiing-winter","category-spain","odd"],"_links":{"self":[{"href":"http:\/\/blog.inmontanis.info\/index.php?rest_route=\/wp\/v2\/posts\/2627","targetHints":{"allow":["GET"]}}],"collection":[{"href":"http:\/\/blog.inmontanis.info\/index.php?rest_route=\/wp\/v2\/posts"}],"about":[{"href":"http:\/\/blog.inmontanis.info\/index.php?rest_route=\/wp\/v2\/types\/post"}],"author":[{"embeddable":true,"href":"http:\/\/blog.inmontanis.info\/index.php?rest_route=\/wp\/v2\/users\/1"}],"replies":[{"embeddable":true,"href":"http:\/\/blog.inmontanis.info\/index.php?rest_route=%2Fwp%2Fv2%2Fcomments&post=2627"}],"version-history":[{"count":1,"href":"http:\/\/blog.inmontanis.info\/index.php?rest_route=\/wp\/v2\/posts\/2627\/revisions"}],"predecessor-version":[{"id":2628,"href":"http:\/\/blog.inmontanis.info\/index.php?rest_route=\/wp\/v2\/posts\/2627\/revisions\/2628"}],"wp:attachment":[{"href":"http:\/\/blog.inmontanis.info\/index.php?rest_route=%2Fwp%2Fv2%2Fmedia&parent=2627"}],"wp:term":[{"taxonomy":"category","embeddable":true,"href":"http:\/\/blog.inmontanis.info\/index.php?rest_route=%2Fwp%2Fv2%2Fcategories&post=2627"},{"taxonomy":"post_tag","embeddable":true,"href":"http:\/\/blog.inmontanis.info\/index.php?rest_route=%2Fwp%2Fv2%2Ftags&post=2627"}],"curies":[{"name":"wp","href":"https:\/\/api.w.org\/{rel}","templated":true}]}}