{"id":2625,"date":"2014-02-15T22:56:10","date_gmt":"2014-02-15T21:56:10","guid":{"rendered":"http:\/\/blog.inmontanis.info\/?p=2625"},"modified":"2023-08-02T21:56:45","modified_gmt":"2023-08-02T19:56:45","slug":"vigiljochmaseben-15-2-2014","status":"publish","type":"post","link":"http:\/\/blog.inmontanis.info\/?p=2625","title":{"rendered":"Vigiljoch+Maseben, 15.2.2014"},"content":{"rendered":"<p>Nachdem das Wetter am WE 15.\/16.2. nicht gut genug f\u00fcr ein Italien-WE war, hab ich mir wenigstens f\u00fcr den 15. etwas n\u00e4heres gesucht, denn weit fahren wollte ich auch nicht.<\/p>\n<p>Also ging&#8217;s erst mal zum &#8220;Nostalgieskifahren&#8221; aufs Vigiljoch, das ich bei meinem vorherigen (zweiten) Besuch ja doch etwas langweilig fand, aber die Abfahrt am ESL ist schon ganz nett. Die SL-Abfahrten sind halt schon etwas arg flach, und die Verbindungswege sind auch anstrengend, aber f\u00fcr einen halben Tag passt&#8217;s schon.<\/p>\n<p>Als zweites Gebiet standen mehrere Optionen offen, Meran 2000, das ich nun doch endlich mal besuchen wollte, Ritten, oder Maseben. Das war zwar am weitesten entfernt und wetterm\u00e4\u00dfig wohl am fraglichsten, aber da es das gef\u00e4hrdetste dieser Gebiete ist, ging&#8217;s eben dort hin.<\/p>\n<p>Tageskarte kostete ab 14 Uhr sogar nur noch 9,- \u20ac (obwohl der Preis auf der Homepage gar nicht genannt wird) &#8211; tja, wenn der Liftler mich nicht darauf aufmerksam gemacht h\u00e4tte, ich h\u00e4tte auch den normalen Halbtageskartenpreis bezahlt.<\/p>\n<p>Obwohl mir Maseben bei meinem letzten (ersten) Besuch nicht ganz so gefiel, fand ichs heute doch besser. Die blauen St\u00fctzen haben einfach Style und die Talabfahrt ging auch besser als letztes Mal.<\/p>\n<p>Da ich beide Skigebiete ja schon fotografiert hatte, hab ich nicht mehr all zu viele Fotos gemacht.<\/p>\n<p>Fotos, anklicken zum Vergr\u00f6\u00dfern:<\/p>\n<p><a href='http:\/\/ski.inmontanis.info\/d\/174099-2\/DSC03416.jpg'><img src=http:\/\/ski.inmontanis.info\/d\/174098-3\/DSC03416.jpg \/><\/a><br \/>\n^ Aufstieg von der PB zum ESL<\/p>\n<p><a href='http:\/\/ski.inmontanis.info\/d\/174103-2\/DSC03421.jpg'><img src=http:\/\/ski.inmontanis.info\/d\/174102-3\/DSC03421.jpg \/><\/a><br \/>\n^ ESL<\/p>\n<p><a href='http:\/\/ski.inmontanis.info\/d\/174107-2\/DSC03426.jpg'><img src=http:\/\/ski.inmontanis.info\/d\/174106-3\/DSC03426.jpg \/><\/a><br \/>\n^ ESL mit seinen kuriosen St\u00fctzen<\/p>\n<p><a href='http:\/\/ski.inmontanis.info\/d\/174111-2\/DSC03437.jpg'><img src=http:\/\/ski.inmontanis.info\/d\/174110-3\/DSC03437.jpg \/><\/a><br \/>\n^ ESL Bergstation mit viel Schnee<\/p>\n<p><a href='http:\/\/ski.inmontanis.info\/d\/174115-2\/DSC03439.jpg'><img src=http:\/\/ski.inmontanis.info\/d\/174114-3\/DSC03439.jpg \/><\/a><br \/>\n^ ESL-Abfahrt, ganz nett<\/p>\n<p><a href='http:\/\/ski.inmontanis.info\/d\/174119-2\/DSC03442.jpg'><img src=http:\/\/ski.inmontanis.info\/d\/174118-3\/DSC03442.jpg \/><\/a><br \/>\n^ ESL-Talstation, auch hier viel Schnee<\/p>\n<p><a href='http:\/\/ski.inmontanis.info\/d\/174124-2\/DSC03446.jpg'><img src=http:\/\/ski.inmontanis.info\/d\/174123-3\/DSC03446.jpg \/><\/a><br \/>\n^ SL Jocher<\/p>\n<p><a href='http:\/\/ski.inmontanis.info\/d\/174128-2\/DSC03450.jpg'><img src=http:\/\/ski.inmontanis.info\/d\/174127-3\/DSC03450.jpg \/><\/a><br \/>\n^ SL Jocher. Rausfallen ist bei den hohen Schneew\u00e4nden etwas erschwert :)<\/p>\n<p><a href='http:\/\/ski.inmontanis.info\/d\/174132-2\/DSC03451.jpg'><img src=http:\/\/ski.inmontanis.info\/d\/174131-3\/DSC03451.jpg \/><\/a><br \/>\n^ Bergstationen SL Jocher und Seehof, \u00dcbergang jeweils mit etwas Schieben<\/p>\n<p><a href='http:\/\/ski.inmontanis.info\/d\/174137-2\/DSC03455.jpg'><img src=http:\/\/ski.inmontanis.info\/d\/174135-3\/DSC03455.jpg \/><\/a><br \/>\n^ SL Seehof<\/p>\n<p>Vgl. 20.12.2008:<br \/>\n<a href='http:\/\/ski.inmontanis.info\/d\/89077-3\/P1320515.JPG'><img src=http:\/\/ski.inmontanis.info\/d\/89076-4\/P1320515.JPG \/><\/a><\/p>\n<p><a href='http:\/\/ski.inmontanis.info\/d\/174142-2\/DSC03460.jpg'><img src=http:\/\/ski.inmontanis.info\/d\/174141-3\/DSC03460.jpg \/><\/a><br \/>\n^ Zoom Skigebiet Meran 2000 von Vigiljoch<\/p>\n<p>&#8212;<\/p>\n<p><a href='http:\/\/ski.inmontanis.info\/d\/174043-2\/DSC03466.jpg'><img src=http:\/\/ski.inmontanis.info\/d\/174042-3\/DSC03466.jpg \/><\/a><br \/>\n^ DSB Talstation und unterer Streckenteil<\/p>\n<p><a href='http:\/\/ski.inmontanis.info\/d\/174047-2\/DSC03468.jpg'><img src=http:\/\/ski.inmontanis.info\/d\/174046-3\/DSC03468.jpg \/><\/a><br \/>\n^ DSB Talstation und Flussquerung<\/p>\n<p><a href='http:\/\/ski.inmontanis.info\/d\/174051-2\/DSC03470.jpg'><img src=http:\/\/ski.inmontanis.info\/d\/174050-3\/DSC03470.jpg \/><\/a><br \/>\n^ Blau-Rote Portalst\u00fctze. Stylisch!<\/p>\n<p><a href='http:\/\/ski.inmontanis.info\/d\/174055-2\/DSC03471.jpg'><img src=http:\/\/ski.inmontanis.info\/d\/174054-3\/DSC03471.jpg \/><\/a><br \/>\n^ Talblick; Parkplatz etwas oberhalb der Talstation<\/p>\n<p><a href='http:\/\/ski.inmontanis.info\/d\/174059-2\/DSC03473.jpg'><img src=http:\/\/ski.inmontanis.info\/d\/174058-3\/DSC03473.jpg \/><\/a><br \/>\n^ Blau-Rote DSB-St\u00fctze, orange Sessel. Farbig wei\u00df die Bahn wohl zu Gefallen.<\/p>\n<p><a href='http:\/\/ski.inmontanis.info\/d\/174063-2\/DSC03475.jpg'><img src=http:\/\/ski.inmontanis.info\/d\/174062-3\/DSC03475.jpg \/><\/a><br \/>\n^ DSB Mittelstation, die Abfahrt bis hier hin macht m.E. egtl. keinen Sinn.<\/p>\n<p><a href='http:\/\/ski.inmontanis.info\/d\/174067-2\/DSC03478.jpg'><img src=http:\/\/ski.inmontanis.info\/d\/174066-3\/DSC03478.jpg \/><\/a><br \/>\n^ DSB Bergstation<\/p>\n<p><a href='http:\/\/ski.inmontanis.info\/d\/174071-2\/DSC03479.jpg'><img src=http:\/\/ski.inmontanis.info\/d\/174070-3\/DSC03479.jpg \/><\/a><br \/>\n^ SL und ein Teil der Abfahrten<\/p>\n<p><a href='http:\/\/ski.inmontanis.info\/d\/174075-2\/DSC03481.jpg'><img src=http:\/\/ski.inmontanis.info\/d\/174074-3\/DSC03481.jpg \/><\/a><br \/>\n^ SL Bergstation<\/p>\n<p><a href='http:\/\/ski.inmontanis.info\/d\/174079-2\/DSC03482.jpg'><img src=http:\/\/ski.inmontanis.info\/d\/174078-3\/DSC03482.jpg \/><\/a><br \/>\n^ SL und die linke Abfahrt, m.E. die sch\u00f6nste hier<\/p>\n<p><a href='http:\/\/ski.inmontanis.info\/d\/174083-2\/DSC03483.jpg'><img src=http:\/\/ski.inmontanis.info\/d\/174082-3\/DSC03483.jpg \/><\/a><br \/>\n^ SL, auf dieser Seite gibt&#8217;s 2 Abfahrten mit Varianten<\/p>\n<p><a href='http:\/\/ski.inmontanis.info\/d\/174087-2\/DSC03484.jpg'><img src=http:\/\/ski.inmontanis.info\/d\/174086-3\/DSC03484.jpg \/><\/a><br \/>\n^ DSB-Bergstation und Atlantis<\/p>\n<p><a href='http:\/\/ski.inmontanis.info\/d\/174091-2\/DSC03485.jpg'><img src=http:\/\/ski.inmontanis.info\/d\/174090-3\/DSC03485.jpg \/><\/a><br \/>\n^ Talabfahrt<\/p>\n<p><a href='http:\/\/ski.inmontanis.info\/d\/174095-2\/DSC03487.jpg'><img src=http:\/\/ski.inmontanis.info\/d\/174094-3\/DSC03487.jpg \/><\/a><br \/>\n^ Alter Talabfahrtssteilhang, unpr\u00e4pariert, ging aber gut zu fahren. Umfahrung via Skiweg m\u00f6glich.<\/p>\n","protected":false},"excerpt":{"rendered":"<p>Nachdem das Wetter am WE 15.\/16.2. nicht gut genug f\u00fcr ein Italien-WE war, hab ich mir wenigstens f\u00fcr den 15. etwas n\u00e4heres gesucht, denn weit fahren wollte ich auch nicht.<\/p>\n<p>Also ging&#8217;s erst mal zum &#8220;Nostalgieskifahren&#8221; aufs Vigiljoch, das ich bei meinem vorherigen (zweiten) Besuch ja doch etwas langweilig fand, aber die Abfahrt am ESL <a href=\"http:\/\/blog.inmontanis.info\/?p=2625\">[&#8230;]<\/a><\/p>\n","protected":false},"author":1,"featured_media":0,"comment_status":"open","ping_status":"closed","sticky":false,"template":"","format":"standard","meta":{"footnotes":""},"categories":[24,15,461,59,27,378],"tags":[38,35,47],"class_list":["post-2625","post","type-post","status-publish","format-standard","hentry","category-tagestour","category-italienitaly","category-maseben","category-nostalgie","category-skifahren-winterskiing-winter","category-vigiljoch","tag-dsb","tag-esl","tag-sl","odd"],"_links":{"self":[{"href":"http:\/\/blog.inmontanis.info\/index.php?rest_route=\/wp\/v2\/posts\/2625","targetHints":{"allow":["GET"]}}],"collection":[{"href":"http:\/\/blog.inmontanis.info\/index.php?rest_route=\/wp\/v2\/posts"}],"about":[{"href":"http:\/\/blog.inmontanis.info\/index.php?rest_route=\/wp\/v2\/types\/post"}],"author":[{"embeddable":true,"href":"http:\/\/blog.inmontanis.info\/index.php?rest_route=\/wp\/v2\/users\/1"}],"replies":[{"embeddable":true,"href":"http:\/\/blog.inmontanis.info\/index.php?rest_route=%2Fwp%2Fv2%2Fcomments&post=2625"}],"version-history":[{"count":1,"href":"http:\/\/blog.inmontanis.info\/index.php?rest_route=\/wp\/v2\/posts\/2625\/revisions"}],"predecessor-version":[{"id":2626,"href":"http:\/\/blog.inmontanis.info\/index.php?rest_route=\/wp\/v2\/posts\/2625\/revisions\/2626"}],"wp:attachment":[{"href":"http:\/\/blog.inmontanis.info\/index.php?rest_route=%2Fwp%2Fv2%2Fmedia&parent=2625"}],"wp:term":[{"taxonomy":"category","embeddable":true,"href":"http:\/\/blog.inmontanis.info\/index.php?rest_route=%2Fwp%2Fv2%2Fcategories&post=2625"},{"taxonomy":"post_tag","embeddable":true,"href":"http:\/\/blog.inmontanis.info\/index.php?rest_route=%2Fwp%2Fv2%2Ftags&post=2625"}],"curies":[{"name":"wp","href":"https:\/\/api.w.org\/{rel}","templated":true}]}}