{"id":2619,"date":"2014-01-28T23:24:32","date_gmt":"2014-01-28T22:24:32","guid":{"rendered":"http:\/\/blog.inmontanis.info\/?p=2619"},"modified":"2023-07-30T21:58:14","modified_gmt":"2023-07-30T19:58:14","slug":"collet-dallevard-monts-jura-28-1-2014","status":"publish","type":"post","link":"http:\/\/blog.inmontanis.info\/?p=2619","title":{"rendered":"Collet d&#8217;Allevard &#038; Monts Jura, 28.1.2014"},"content":{"rendered":"<p><strong>SonnigeS\u00fcdAlpen Tag 8: Di, 28.1.2014 &#8211; Collet d&#8217;Allevard &#038; Monts Jura<\/strong><\/p>\n<p>Die Zielsuche f\u00fcr heute war doch recht schwierig, es sollte nicht zu weit von hier (Gap) weg sein, es sollte sonniges Wetter geben, es sollte halbwegs auf dem Weg nach Hause sein, es sollten alle f\u00fcr mich wichtigen Lifte ge\u00f6ffnet sein, &#8230;<\/p>\n<p>Gerade der letzte Punkt ist etwas schwierig, da, wie gestern Abend bereits gesagt, viele der kleineren franz\u00f6sischen Skgigebiete auch manche oder alle Lifte nur noch am Wochenende oder in den Ferien ge\u00f6ffnet haben. In die n\u00e4here Wahl kamen u.a. ein Wiederholungsbesuch am Roc d&#8217;Enfer bzw. in Abondance. Leider beides von Gap aus lt. Navi 4-4,5h entfernt&#8230;<\/p>\n<p>Kurz nach 7 Uhr bin weggefahren, am Autobahnring von Grenoble gab&#8217;s nat\u00fcrlich Stau.<\/p>\n<p>Nachdem das Wetter kurz nach Grenoble doch recht sonnig war, bin ich ins Skigebiet Collet d&#8217;Allevard raufgefahren. Lag heimwegm\u00e4\u00dfig g\u00fcnstiger als die beiden oben genannten, und ich war mir nicht ganz klar, ob es nicht doch noch interessanter sein k\u00f6nnte, als es teilweise den Anschein machte.<\/p>\n<p>Tageskarte kostet derzeit unter der Woche in der Nebensaison nur 14,- \u20ac, die 2,- \u20ac Keycard kann man zur\u00fcck geben.<\/p>\n<p>Dadurch sind allerdings auch ein paar Lifte geschlossen. Die Abfahrten sollten aber fast ausnahmslos von den anderen erreichbar sein. Naja, das stimmte nicht ganz, aber das war auch nicht mein Problem mit dem Gebiet. Dass die Abfahrten gro\u00dfteils modelliert waren, hab ich auf GE ja gesehen. Die rote Abfahrt an der oberen 3SB war in der Tat ganz nett, aber als ich zum linken Skigebietsteil fuhr, war ich doch schwer entt\u00e4uscht. Nicht nur, dass der interessante, l\u00e4ngere KSSL geschlossen war, war der k\u00fcrzere KSSL gar kein KSSL &#8211; sondern ein normaler, neuer Tellerlift, k\u00fcrzer und flacher. B\u00f6h. Kalt und schattig wars auch.<\/p>\n<p>Fotos anklickbar zum Vergr\u00f6\u00dfern:<\/p>\n<p><a href='http:\/\/extra.inmontanis.info\/d\/19687-2\/20140121-28h.jpg'><img src=http:\/\/extra.inmontanis.info\/d\/19686-3\/20140121-28h.jpg \/><\/a><br \/>\nJ) Collet d&#8217;Allevard<br \/>\nK) Monts Jura<\/p>\n<p><a href='http:\/\/ski.inmontanis.info\/d\/173691-2\/ge20140128a1.jpg'><img src=http:\/\/ski.inmontanis.info\/d\/173689-3\/ge20140128a1.jpg \/><\/a><br \/>\n^ GPS-Track<\/p>\n<p><a href='http:\/\/ski.inmontanis.info\/d\/173695-2\/DSC03304.jpg'><img src=http:\/\/ski.inmontanis.info\/d\/173694-3\/DSC03304.jpg \/><\/a><br \/>\n^ 4SB Les Tufs (1. Sektion)<\/p>\n<p><a href='http:\/\/ski.inmontanis.info\/d\/173699-2\/DSC03307.jpg'><img src=http:\/\/ski.inmontanis.info\/d\/173698-3\/DSC03307.jpg \/><\/a><br \/>\n^ 4SB Grand Paul<\/p>\n<p><a href='http:\/\/ski.inmontanis.info\/d\/173703-2\/DSC03310.jpg'><img src=http:\/\/ski.inmontanis.info\/d\/173702-3\/DSC03310.jpg \/><\/a><br \/>\n^ 4SB Grand Collet (heute nicht in Betrieb), 3SB Les Plagnes, KSSL Lac<\/p>\n<p><a href='http:\/\/ski.inmontanis.info\/d\/173707-2\/DSC03311.jpg'><img src=http:\/\/ski.inmontanis.info\/d\/173706-3\/DSC03311.jpg \/><\/a><br \/>\n^ 3SB Les Plagnes<\/p>\n<p><a href='http:\/\/ski.inmontanis.info\/d\/173711-2\/DSC03313.jpg'><img src=http:\/\/ski.inmontanis.info\/d\/173710-3\/DSC03313.jpg \/><\/a><br \/>\n^ Sehr nett trassierte rote Abfahrt an der 3SB Les Plagnes<\/p>\n<p><a href='http:\/\/ski.inmontanis.info\/d\/173715-2\/DSC03315.jpg'><img src=http:\/\/ski.inmontanis.info\/d\/173714-3\/DSC03315.jpg \/><\/a><br \/>\n^ 3SB Les Plagnes<\/p>\n<p><a href='http:\/\/ski.inmontanis.info\/d\/173719-2\/DSC03325.jpg'><img src=http:\/\/ski.inmontanis.info\/d\/173718-3\/DSC03325.jpg \/><\/a><br \/>\n^ KSSL Soleil, heute nicht in Betrieb<\/p>\n<p><a href='http:\/\/ski.inmontanis.info\/d\/173723-2\/DSC03319.jpg'><img src=http:\/\/ski.inmontanis.info\/d\/173722-3\/DSC03319.jpg \/><\/a><br \/>\n^ Tal-Pano<\/p>\n<p><a href='http:\/\/ski.inmontanis.info\/d\/173727-2\/DSC03321.jpg'><img src=http:\/\/ski.inmontanis.info\/d\/173726-3\/DSC03321.jpg \/><\/a><br \/>\n^ Pano<\/p>\n<p><a href='http:\/\/ski.inmontanis.info\/d\/173731-2\/DSC03323.jpg'><img src=http:\/\/ski.inmontanis.info\/d\/173730-3\/DSC03323.jpg \/><\/a><br \/>\n^ Rote Abfahrt an der 3SB Les Plagnes, nett trasiert und auch nettes Gel\u00e4nde dazwischen<\/p>\n<p><a href='http:\/\/ski.inmontanis.info\/d\/173735-2\/DSC03329.jpg'><img src=http:\/\/ski.inmontanis.info\/d\/173734-3\/DSC03329.jpg \/><\/a><br \/>\n^ Blaue 3SB-Abfahrt, gegen\u00fcber Bergstation 4SB Grand Collet<\/p>\n<p><a href='http:\/\/ski.inmontanis.info\/d\/173739-2\/DSC03330.jpg'><img src=http:\/\/ski.inmontanis.info\/d\/173738-3\/DSC03330.jpg \/><\/a><br \/>\n^ KSSL Pr\u00e9 Rond, dar\u00fcber 4SB-Bergstation Grand Collet (beide heute nicht in Betrieb). Gut, mit kurzem Fu\u00dfweg w\u00e4ren die Abfahrten auf der anderen Seite des KSSL m\u00f6glich gewesen. Mit dem Teller-SL wieder rauf, Skiweg zur 3SB, Skiweg wieder retour. Und daneben der heute geschlossene KSSL, pervers.<\/p>\n<p><a href='http:\/\/ski.inmontanis.info\/d\/173743-2\/DSC03331.jpg'><img src=http:\/\/ski.inmontanis.info\/d\/173742-3\/DSC03331.jpg \/><\/a><br \/>\n^ Abfahrt oder Offpistegel\u00e4nde am KSSL Pr\u00e9 Rond, darunter SL Marmottes<\/p>\n<p>Hm. Kurz rekapitulieren. Hab ich den Umweg \u00fcber Frankreich f\u00fcr dieses Skigebiet gemacht? Hab ich mir heute einen Tag Urlaub genommen, um hier zu fahren? <\/p>\n<p>Definitiv Nein. Warum bin ich blo\u00df nicht nach Roc d&#8217;Enfer oder Abondance gefahren? Da w\u00e4re alles offen gewesen und die Skigebiete waren wesentlich interessanter. Jammern hilft nicht mehr, aber hier bleiben wollte ich auch nicht. Um 12 Uhr hab ich&#8217;s gelassen und weitere Optionen gecheckt. Roc d&#8217;Enfer lohnt sich nat\u00fcrlich nicht mehr. Abondance in 2:40 anzufahren, k\u00f6nnte man noch 1-2 Stunden Skifahren, w\u00e4re ganz nett. Oder Monts Jura, wenn man den Genfer See sieht? Die EUB in Crozet w\u00e4re in 2 Stunden anzufahren.<\/p>\n<p>Gut, gemacht. Um 14:15 Uhr war ich dort an der Kasse. \u00d6h. Halbtageskarte gibt&#8217;s erst ab 14:30 Uhr und auch nur unter der Woche und wenn keine Ferien sind! Immerhin nur 15,- \u20ac plus 1,- \u20ac f\u00fcr die Keycard. Karte wurde schon verkauft, und ich hab mir an einem Imbisswagen einen Nutella-Cr\u00eape um 3,50 gekauft. Eine Panoramatafel stand keine rum, somit auch keine Info \u00fcber ge\u00f6ffnete Lifte. Pistenplan h\u00e4tte 1,- \u20ac gekostet. Ja, richtig gelesen. Also das hab ich auch noch nie erlebt, dass man f\u00fcr den Pistenplan zahlen muss! Hab ich nat\u00fcrlich drauf verzichtet.<\/p>\n<p>Um 14:27 bin ich nach oben gefahren, danach oben geschaut, wann die letzte Talfahrt ist. In Frankreich sind die Lifte ja meist bis 16:30\/17 Uhr in Betrieb, also m\u00fcsste die EUB doch mindestens bis 17 Uhr fahren, oder? Denkste. Die Lifte fahren bis 16:15. Auch die letzte Talfahrt mit der EUB ist um 16:15 Uhr. Ja hallo? Um 14:30 die Halbtageskarte verkaufen, in den Ferien und am Wochenende gar keine Halbtageskarten, f\u00fcr den Pistenplan 1,- \u20ac verlangen und die letzte Talfahrt um 16:15 Uhr machen? Wie \u00fcberheblich sind die denn, nur weil sie so nah an Genf liegen oder was?!<\/p>\n<p>Jedenfalls waren nat\u00fcrlich die meisten KSSL geschlossen, es war sehr st\u00fcrmisch, Sonne gab&#8217;s keine. Ein paar nette Abfahrtsst\u00fccke hatte es am Gipfel aber durchaus und den Genfersee konnte man auch gut sehen. <\/p>\n<p><a href='http:\/\/ski.inmontanis.info\/d\/173597-2\/ge20140128b2.jpg'><img src=http:\/\/ski.inmontanis.info\/d\/173594-3\/ge20140128b2.jpg \/><\/a><br \/>\n^ GPS-Track<\/p>\n<p><a href='http:\/\/ski.inmontanis.info\/d\/173601-2\/DSC03333.jpg'><img src=http:\/\/ski.inmontanis.info\/d\/173600-3\/DSC03333.jpg \/><\/a><br \/>\n^ Anfahrt zur EUB Flerney bei Crozet<\/p>\n<p><a href='http:\/\/ski.inmontanis.info\/d\/173605-2\/DSC03334.jpg'><img src=http:\/\/ski.inmontanis.info\/d\/173604-3\/DSC03334.jpg \/><\/a><br \/>\n^ Skipasspreise. Tageskarte 25,-. Halbtageskarte gibt&#8217;s nicht. Unter der Woche (au\u00dfer den Schulferien) gibts lediglich eine ab 14:30 verg\u00fcnstigte Karte (15,-)<\/p>\n<p><a href='http:\/\/ski.inmontanis.info\/d\/173609-2\/DSC03335.jpg'><img src=http:\/\/ski.inmontanis.info\/d\/173608-3\/DSC03335.jpg \/><\/a><br \/>\n^ Dass man sich Keycards zwangsweise kaufen muss und nicht retour geben kann, ist man ja mittlerweile gewohnt. Aber 1,- \u0080 f\u00fcr einen Pistenplan hab ich noch kein Skigebiet verlangen sehen!!<\/p>\n<p><a href='http:\/\/ski.inmontanis.info\/d\/173613-2\/DSC03336.jpg'><img src=http:\/\/ski.inmontanis.info\/d\/173612-3\/DSC03336.jpg \/><\/a><br \/>\n^ EUB Flerney, Parkplatz<\/p>\n<p><a href='http:\/\/ski.inmontanis.info\/d\/173617-2\/DSC09553.jpg'><img src=http:\/\/ski.inmontanis.info\/d\/173616-3\/DSC09553.jpg \/><\/a><br \/>\n^ Genfersee (IR)<\/p>\n<p><a href='http:\/\/ski.inmontanis.info\/d\/173621-2\/DSC03340.jpg'><img src=http:\/\/ski.inmontanis.info\/d\/173620-3\/DSC03340.jpg \/><\/a><br \/>\n^ Pistenplan und &#8211; letzte Talfahrt schon um 16:15 ??? Mega-Unfranz\u00f6sisch!<\/p>\n<p><a href='http:\/\/ski.inmontanis.info\/d\/173625-2\/DSC03342.jpg'><img src=http:\/\/ski.inmontanis.info\/d\/173624-3\/DSC03342.jpg \/><\/a><br \/>\n^ 4SB Bergers und EUB-Bergstation, im Tal der Genfersee<\/p>\n<p><a href='http:\/\/ski.inmontanis.info\/d\/173629-2\/DSC03343.jpg'><img src=http:\/\/ski.inmontanis.info\/d\/173628-3\/DSC03343.jpg \/><\/a><br \/>\n^ 4SB Bergers<\/p>\n<p><a href='http:\/\/ski.inmontanis.info\/d\/173633-2\/DSC03344.jpg'><img src=http:\/\/ski.inmontanis.info\/d\/173632-3\/DSC03344.jpg \/><\/a><br \/>\n^ Die beiden KSSL links der 4SB waren heute (unter der Woche) leider nicht in Betrieb<\/p>\n<p><a href='http:\/\/ski.inmontanis.info\/d\/173637-2\/DSC03347.jpg'><img src=http:\/\/ski.inmontanis.info\/d\/173636-3\/DSC03347.jpg \/><\/a><br \/>\n^ 4SB Bergers<\/p>\n<p><a href='http:\/\/ski.inmontanis.info\/d\/173641-2\/DSC03351.jpg'><img src=http:\/\/ski.inmontanis.info\/d\/173640-3\/DSC03351.jpg \/><\/a><br \/>\n^ KSSL Col und Janquilles (beide heute unter der Woche nicht in Betrieb)<\/p>\n<p><a href='http:\/\/ski.inmontanis.info\/d\/173645-2\/DSC03352.jpg'><img src=http:\/\/ski.inmontanis.info\/d\/173644-3\/DSC03352.jpg \/><\/a><br \/>\n^ Nette Abfahrt rechts des KSSL Col. Gibt einige nette Abfahrten in dem Bereich.<\/p>\n<p><a href='http:\/\/ski.inmontanis.info\/d\/173649-2\/DSC03355.jpg'><img src=http:\/\/ski.inmontanis.info\/d\/173648-3\/DSC03355.jpg \/><\/a><br \/>\n^ Bergstation EUB von Lelex, in Verl\u00e4ngerung KSSL Monthoisey (heute in Betrieb, aber glaub nur bis 15:30, wenn die Tafel stimmte), rechts 6KSB Loges<\/p>\n<p><a href='http:\/\/ski.inmontanis.info\/d\/173653-2\/DSC03359.jpg'><img src=http:\/\/ski.inmontanis.info\/d\/173652-3\/DSC03359.jpg \/><\/a><br \/>\n^ 6KSB Loges<\/p>\n<p><a href='http:\/\/ski.inmontanis.info\/d\/173657-2\/DSC03362.jpg'><img src=http:\/\/ski.inmontanis.info\/d\/173656-3\/DSC03362.jpg \/><\/a><br \/>\n^ KSSL Monthoisey vs. Genfersee<\/p>\n<p><a href='http:\/\/ski.inmontanis.info\/d\/173661-2\/DSC03363.jpg'><img src=http:\/\/ski.inmontanis.info\/d\/173660-3\/DSC03363.jpg \/><\/a><br \/>\n^ Nette, rote Abfahrt etwas abseits rechts der 6KSB<\/p>\n<p><a href='http:\/\/ski.inmontanis.info\/d\/173665-2\/DSC03364.jpg'><img src=http:\/\/ski.inmontanis.info\/d\/173664-3\/DSC03364.jpg \/><\/a><br \/>\n^ KSSL Monthoisey und du Col vs. Genfersee<\/p>\n<p><a href='http:\/\/ski.inmontanis.info\/d\/173669-2\/DSC09559.jpg'><img src=http:\/\/ski.inmontanis.info\/d\/173668-3\/DSC09559.jpg \/><\/a><br \/>\n^ KSSL Col und Genfersee (IR)<\/p>\n<p><a href='http:\/\/ski.inmontanis.info\/d\/173673-2\/DSC09560.jpg'><img src=http:\/\/ski.inmontanis.info\/d\/173672-3\/DSC09560.jpg \/><\/a><br \/>\n^ Alpenpano und Genfersee (IR)<\/p>\n<p><a href='http:\/\/ski.inmontanis.info\/d\/173677-2\/DSC03370.jpg'><img src=http:\/\/ski.inmontanis.info\/d\/173676-3\/DSC03370.jpg \/><\/a><br \/>\n^ Alpen-Pano<\/p>\n<p><a href='http:\/\/ski.inmontanis.info\/d\/173681-2\/DSC03374.jpg'><img src=http:\/\/ski.inmontanis.info\/d\/173680-3\/DSC03374.jpg \/><\/a><br \/>\n^ 4SB Bergers vs. Genfersee<\/p>\n<p><a href='http:\/\/ski.inmontanis.info\/d\/173685-2\/DSC03378.jpg'><img src=http:\/\/ski.inmontanis.info\/d\/173684-3\/DSC03378.jpg \/><\/a><br \/>\n^ EUB und Genfersee<\/p>\n<p>Fazit: In Summe h\u00e4tte ich darauf verzichten k\u00f6nnen. Auf die beiden Skigebiete heute. Auf den Umweg \u00fcber Frankreich.<\/p>\n<p>Nachdem man also so fr\u00fch wieder talw\u00e4rts fahren muss und man ja von hier aus nur 6 Stunden bis Innsbruck braucht&#8230; kann man ja nochmal gem\u00fctlich einkaufen gehen, tanken und zu einem Buffalo gehen. Der in Frankreich auf dem Weg hatte erst ab 18 Uhr offen. Danach Stau auf der Autobahn richtung Lausanne. Dort mal einen Schweizer Buffalo ausgetestet. Die Speisekarte ist dort etwas k\u00fcrzer, die Preise daf\u00fcr ca. 1:2 umgerechnet, au\u00dfer bei den Deserts. Der gratis Vorspeisensalat ist wesentlich gr\u00f6\u00dfer, das Karaffen-Wasser ist ebenfalls gratis. Und ehe man sich&#8217;s versieht, war ich bei einer voraussichtlichen Ankunftszeit von 0:20 Uhr. Ufz. Wenigstens gab&#8217;s keinen Stau mehr, die Autobahnen waren heute doch leerer wie sonst oft und ich war zur angegebenen Zeit daheim. Fahrstrecke der gesamten Tour ca. 2.800 km.<\/p>\n<p><a href='http:\/\/extra.inmontanis.info\/d\/19803-2\/DSC03383.jpg'><img src=http:\/\/extra.inmontanis.info\/d\/19802-3\/DSC03383.jpg \/><\/a><br \/>\n^ Da ich von Weihnachten noch genug Naschsachen hab, hab ich diesmal fast nur Fertiggerichte (zumeist gek\u00fchlt) aus Frankreich mitgenommen &#8211; meine K\u00fchlbox war mal wieder komplett voll :)<\/p>\n<p>## Ende der Tour &#8211; Zeit f\u00fcr eine neue :) ##<\/p>\n","protected":false},"excerpt":{"rendered":"<p>SonnigeS\u00fcdAlpen Tag 8: Di, 28.1.2014 &#8211; Collet d&#8217;Allevard &#038; Monts Jura<\/p>\n<p>Die Zielsuche f\u00fcr heute war doch recht schwierig, es sollte nicht zu weit von hier (Gap) weg sein, es sollte sonniges Wetter geben, es sollte halbwegs auf dem Weg nach Hause sein, es sollten alle f\u00fcr mich wichtigen Lifte ge\u00f6ffnet sein, &#8230;<\/p>\n<p>Gerade der <a href=\"http:\/\/blog.inmontanis.info\/?p=2619\">[&#8230;]<\/a><\/p>\n","protected":false},"author":1,"featured_media":0,"comment_status":"open","ping_status":"closed","sticky":false,"template":"","format":"standard","meta":{"footnotes":""},"categories":[128,302,16,323,27],"tags":[55,49,90,48,45],"class_list":["post-2619","post","type-post","status-publish","format-standard","hentry","category-2014-01-sonnigesudalpen","category-collet-dallevard","category-france","category-monts-jura","category-skifahren-winterskiing-winter","tag-3sb","tag-4sb","tag-infrarot","tag-kssl","tag-see","odd"],"_links":{"self":[{"href":"http:\/\/blog.inmontanis.info\/index.php?rest_route=\/wp\/v2\/posts\/2619","targetHints":{"allow":["GET"]}}],"collection":[{"href":"http:\/\/blog.inmontanis.info\/index.php?rest_route=\/wp\/v2\/posts"}],"about":[{"href":"http:\/\/blog.inmontanis.info\/index.php?rest_route=\/wp\/v2\/types\/post"}],"author":[{"embeddable":true,"href":"http:\/\/blog.inmontanis.info\/index.php?rest_route=\/wp\/v2\/users\/1"}],"replies":[{"embeddable":true,"href":"http:\/\/blog.inmontanis.info\/index.php?rest_route=%2Fwp%2Fv2%2Fcomments&post=2619"}],"version-history":[{"count":2,"href":"http:\/\/blog.inmontanis.info\/index.php?rest_route=\/wp\/v2\/posts\/2619\/revisions"}],"predecessor-version":[{"id":8933,"href":"http:\/\/blog.inmontanis.info\/index.php?rest_route=\/wp\/v2\/posts\/2619\/revisions\/8933"}],"wp:attachment":[{"href":"http:\/\/blog.inmontanis.info\/index.php?rest_route=%2Fwp%2Fv2%2Fmedia&parent=2619"}],"wp:term":[{"taxonomy":"category","embeddable":true,"href":"http:\/\/blog.inmontanis.info\/index.php?rest_route=%2Fwp%2Fv2%2Fcategories&post=2619"},{"taxonomy":"post_tag","embeddable":true,"href":"http:\/\/blog.inmontanis.info\/index.php?rest_route=%2Fwp%2Fv2%2Ftags&post=2619"}],"curies":[{"name":"wp","href":"https:\/\/api.w.org\/{rel}","templated":true}]}}