{"id":2617,"date":"2014-01-27T23:40:12","date_gmt":"2014-01-27T22:40:12","guid":{"rendered":"http:\/\/blog.inmontanis.info\/?p=2617"},"modified":"2023-08-03T21:51:57","modified_gmt":"2023-08-03T19:51:57","slug":"san-giacomo-frabosa-27-1-2014","status":"publish","type":"post","link":"http:\/\/blog.inmontanis.info\/?p=2617","title":{"rendered":"San Giacomo &#038; Frabosa, 27.1.2014"},"content":{"rendered":"<p><strong>SonnigeS\u00fcdAlpen Tag 7: Mo, 27.1.2014 &#8211; San Giacomo &#038; Frabosa<\/strong><\/p>\n<p>Auf dem Weg nach Frabosa hab ich mir so gedacht, dass es doch egtl. schade w\u00e4re, wenn ich San Giacomo heuer ganz auslassen w\u00fcrde, nur weil ich ein zweites Mal nach Frabosa will und dort die Tageskarte derzeit (Nebensaison Mo-Fr) nur 23,- \u20ac kostet&#8230; Schlie\u00dflich k\u00f6nnen die Betreiber am Monte Alpet und Bric Colm\u00e9 nichts daf\u00fcr, dass Mondol\u00e9 derzeit so g\u00fcnstig ist. Und trotzdem wird werktags offen gelassen, im Gegensatz zu anderen Skigebieten in der Gegend.<\/p>\n<p>Also an der n\u00e4chsten Abzweigung nach San Giacomo und dort kurz vor 9 Uhr angekommen und die Tageskarte um 23,-\u20ac (Normalpreis, f\u00fcr&#8217;s ganze Gebiet) gekauft.<\/p>\n<p>Diesmal bin ich also nicht nur am Alpet gefahren, sondern auch den unteren, Colm\u00e9-Teil. DSBs und teils auch die SL liefen doch recht lahm, aber es war auch nix los. Die Schwarze an der oberen DSB war diesmal pr\u00e4pariert, zwei andere Abfahrten (die rote Talabfahrt und die linke am Marchisio-Graffer-SL) weiterhin unpr\u00e4pariert.<\/p>\n<p>Fotos anklickbar zum Vergr\u00f6\u00dfern:<\/p>\n<p><a href='http:\/\/extra.inmontanis.info\/d\/19687-2\/20140121-28h.jpg'><img src=http:\/\/extra.inmontanis.info\/d\/19686-3\/20140121-28h.jpg \/><\/a><br \/>\nH) San Giacomo di Roburent<br \/>\nI) Frabosa<\/p>\n<p><a href='http:\/\/ski.inmontanis.info\/d\/173529-2\/ge20140127a2.jpg'><img src=http:\/\/ski.inmontanis.info\/d\/173528-3\/ge20140127a2.jpg \/><\/a><br \/>\n^ GPS-Track San Giacomo Roburent 27.1.2014<\/p>\n<p><a href='http:\/\/ski.inmontanis.info\/d\/173489-3\/DSC03233.jpg'><img src=http:\/\/ski.inmontanis.info\/d\/173488-4\/DSC03233.jpg \/><\/a><br \/>\n^ Seitenblick an der DSB Monte Alpet<\/p>\n<p><a href='http:\/\/ski.inmontanis.info\/d\/173493-3\/DSC03239.jpg'><img src=http:\/\/ski.inmontanis.info\/d\/173492-4\/DSC03239.jpg \/><\/a><br \/>\n^ Abfahrt an der DSB Monte Alpet<\/p>\n<p><a href='http:\/\/ski.inmontanis.info\/d\/173497-3\/DSC03240.jpg'><img src=http:\/\/ski.inmontanis.info\/d\/173496-4\/DSC03240.jpg \/><\/a><br \/>\n^ Abfahrt an der DSB Monte Alpet<\/p>\n<p><a href='http:\/\/ski.inmontanis.info\/d\/173501-3\/DSC03237.jpg'><img src=http:\/\/ski.inmontanis.info\/d\/173500-4\/DSC03237.jpg \/><\/a><br \/>\n^ Abfahrt zur heute arg diesigen Poebene und SL Pieanea<\/p>\n<p><a href='http:\/\/ski.inmontanis.info\/d\/173505-3\/DSC03241.jpg'><img src=http:\/\/ski.inmontanis.info\/d\/173504-4\/DSC03241.jpg \/><\/a><br \/>\n^ SL Alpet, die linke Abfahrt ist also auch bei so viel Schnee nicht pr\u00e4pariert. Tiefschnee leider Bruchharsch.<\/p>\n<p><a href='http:\/\/ski.inmontanis.info\/d\/173509-3\/DSC03242.jpg'><img src=http:\/\/ski.inmontanis.info\/d\/173508-4\/DSC03242.jpg \/><\/a><br \/>\n^ Die Qual der Abfahrtswahl am SL Sapel<\/p>\n<p><a href='http:\/\/ski.inmontanis.info\/d\/173513-3\/DSC03244.jpg'><img src=http:\/\/ski.inmontanis.info\/d\/173512-4\/DSC03244.jpg \/><\/a><br \/>\n^ Vorne SL Pineta, dahinter DSB Bric Colm\u00e9<\/p>\n<p><a href='http:\/\/ski.inmontanis.info\/d\/173517-3\/DSC03245.jpg'><img src=http:\/\/ski.inmontanis.info\/d\/173516-4\/DSC03245.jpg \/><\/a><br \/>\n^ Rechte Abfahrten an der DSB Bric Colme<\/p>\n<p><a href='http:\/\/ski.inmontanis.info\/d\/173521-3\/DSC09542.jpg'><img src=http:\/\/ski.inmontanis.info\/d\/173520-4\/DSC09542.jpg \/><\/a><br \/>\n^ Zoom von Bric Colme zum Alpet-Teilgebiet, gut zu sehen die SL Alpet und Pianea<\/p>\n<p><a href='http:\/\/ski.inmontanis.info\/d\/173525-3\/DSC03247.jpg'><img src=http:\/\/ski.inmontanis.info\/d\/173524-4\/DSC03247.jpg \/><\/a><br \/>\n^ DSB Monte Alpet Talstation und Parkplatz. Viel los ist montags nicht&#8230;<\/p>\n<p><a href='http:\/\/ski.inmontanis.info\/d\/173485-3\/DSC03231.jpg'><img src=http:\/\/ski.inmontanis.info\/d\/173484-4\/DSC03231.jpg \/><\/a><br \/>\n^ DSB Monte Alpet und Abfahrt<\/p>\n<p>Gegen 13:20 Uhr hab ich&#8217;s dann doch sein lassen und bin noch nach Frabosa (ca. halbe Stunde Fahrzeit) und hab mir um 18,- \u20ac die 2-Stunden-Karte gekauft. <\/p>\n<p>Die Auffahrt mit dem Monte-Moro-ESL dauert ca. 20 Minuten, die Skiabfahrt 10-15 Minuten, d.h. wenn man z\u00fcgig f\u00e4hrt, kann man 3x pro Stunde fahren (bzw. dann 5x in 2 Stunden). Ich bin aber doch nur 4x gefahren und hab 2x die DSB mit meinen Lieblings-Graffer-Sesseln mitgenommen. <\/p>\n<p><a href='http:\/\/ski.inmontanis.info\/d\/173533-2\/ge20140127b1.jpg'><img src=http:\/\/ski.inmontanis.info\/d\/173532-3\/ge20140127b1.jpg \/><\/a><br \/>\n^ GPS-Track Frabosa 27.1.2014<\/p>\n<p><a href='http:\/\/ski.inmontanis.info\/d\/173537-2\/DSC03259.jpg'><img src=http:\/\/ski.inmontanis.info\/d\/173536-3\/DSC03259.jpg \/><\/a><br \/>\n^ Au\u00dfer dem Marchisio-ESL und der Graffer-DSB bin ich mit der 2-Stunden-Karte nat\u00fcrlich nichts gefahren.<\/p>\n<p><a href='http:\/\/ski.inmontanis.info\/d\/173541-2\/DSC03258.jpg'><img src=http:\/\/ski.inmontanis.info\/d\/173540-3\/DSC03258.jpg \/><\/a><br \/>\n^ In dem Bereich k\u00f6nnte man ganz nett im Wald fahren &#8211; aber nicht nach dem ganzen Sturm der letzten Tage :)<\/p>\n<p><a href='http:\/\/ski.inmontanis.info\/d\/173545-2\/DSC03263.jpg'><img src=http:\/\/ski.inmontanis.info\/d\/173544-3\/DSC03263.jpg \/><\/a><br \/>\n^ Neben dem ESL befindet sich ja eine im mittleren Teil parallele SL(?)-Trasse. Dort gibt&#8217;s noch einige Betonfundamente und St\u00fctzen. Was mir \u00fcbrigens erst heute aufgefallen ist :)<\/p>\n<p>Ob die St\u00fctzen nun von diesem Lift oder alte ESL-St\u00fctzen sind, wei\u00df ich aber nicht. Portalst\u00fctzen hatte der Lift in dem Bereich wohl keine, da immer nur ein Fundament zu sehen war.<\/p>\n<p><a href='http:\/\/ski.inmontanis.info\/d\/173549-2\/DSC03268.jpg'><img src=http:\/\/ski.inmontanis.info\/d\/173548-3\/DSC03268.jpg \/><\/a><br \/>\n^ Eine weitere abges\u00e4gte St\u00fctze<\/p>\n<p><a href='http:\/\/ski.inmontanis.info\/d\/173553-2\/DSC03272.jpg'><img src=http:\/\/ski.inmontanis.info\/d\/173552-3\/DSC03272.jpg \/><\/a><br \/>\n^ Als drittes wieder eine Fachwerkst\u00fctze und ein Fundament<\/p>\n<p><a href='http:\/\/ski.inmontanis.info\/d\/173557-2\/DSC03273.jpg'><img src=http:\/\/ski.inmontanis.info\/d\/173556-3\/DSC03273.jpg \/><\/a><br \/>\n^ Links zu sehen, wieder nur ein Fundament, wird also wohl ein T-St\u00fctzen-SL gewesen sein<\/p>\n<p><a href='http:\/\/ski.inmontanis.info\/d\/173561-2\/DSC03276.jpg'><img src=http:\/\/ski.inmontanis.info\/d\/173560-3\/DSC03276.jpg \/><\/a><br \/>\n^ Links die ehemalige Bergstation<\/p>\n<p><a href='http:\/\/ski.inmontanis.info\/d\/173565-2\/DSC03283.jpg'><img src=http:\/\/ski.inmontanis.info\/d\/173564-3\/DSC03283.jpg \/><\/a><br \/>\n^ .. und hier sind 2 Portalst\u00fctzen \u00e0 la Leitner abges\u00e4gt.<\/p>\n<p><a href='http:\/\/ski.inmontanis.info\/d\/173569-2\/DSC03284.jpg'><img src=http:\/\/ski.inmontanis.info\/d\/173568-3\/DSC03284.jpg \/><\/a><br \/>\n^ Ehemalige Bergstation<\/p>\n<p><a href='http:\/\/ski.inmontanis.info\/d\/173573-2\/DSC03288.jpg'><img src=http:\/\/ski.inmontanis.info\/d\/173572-3\/DSC03288.jpg \/><\/a><br \/>\n^ Ziemlich ungew\u00f6hnliche St\u00fctzenvielfalt auf der Trasse. 2 Fachwerkst\u00fctzen, eine Vierkantst\u00fctze und jetzt 2 Portalst\u00fctzen an der Bergstation<\/p>\n<p><a href='http:\/\/ski.inmontanis.info\/d\/173577-2\/DSC03301.jpg'><img src=http:\/\/ski.inmontanis.info\/d\/173576-3\/DSC03301.jpg \/><\/a><br \/>\n^ Ziemlich ungew\u00f6hnlich, 2 solche Portalst\u00fctzen an der Bergstation von einem SL? War es gar kein SL?<\/p>\n<p><a href='http:\/\/ski.inmontanis.info\/d\/173581-2\/DSC03295.jpg'><img src=http:\/\/ski.inmontanis.info\/d\/173580-3\/DSC03295.jpg \/><\/a><br \/>\n^ \u00dcber die Po-Ebene konnte man heute kaum sehen, dann eben ein Berg-Pano-Bild.<\/p>\n<p><a href='http:\/\/ski.inmontanis.info\/d\/173585-2\/DSC03296.jpg'><img src=http:\/\/ski.inmontanis.info\/d\/173584-3\/DSC03296.jpg \/><\/a><br \/>\n^ Abfahrt am ESL vs. Po-Ebene, nachmittags wurde die Sicht doch noch besser.<\/p>\n<p><a href='http:\/\/ski.inmontanis.info\/d\/173589-2\/DSC03299.jpg'><img src=http:\/\/ski.inmontanis.info\/d\/173588-3\/DSC03299.jpg \/><\/a><br \/>\n^ Ex-SL Lusera. Die Geh\u00e4nge h\u00e4ngen immer noch an der gleichen Position wie 2008<\/p>\n<p>Am letzten Skiweg bin ich beim Skaten leider irgendwo h\u00e4ngen geblieben und seitlich auf den harten Boden gefallen. Sp\u00e4testens ein paar Tage sp\u00e4ter hatte ich dann bei bestimmten Bewegungen (nachts beim Liegen und bei schnellen Bewegungen beim Skifahren) Schmerzen irgendwo seitlich richtung R\u00fccken. Jetzt, knapp 3 Wochen sp\u00e4ter (die letzte Woche mit regelm\u00e4\u00dfigem Eincremen) sp\u00fcr ich aber fast nichts mehr.<\/p>\n<p>Trotzdem, die Entscheidung, nach San Giacomo noch hier f\u00fcr 2 Stunden vorbei zu schauen, hat sich gelohnt. Der ESL samt seinen 4 Abfahrten hat mich auch zum zweiten Mal heuer nicht entt\u00e4uscht. \u00dcberhaupt, nachdem in den letzten Jahren in Nordtirol ja fast alle ESL im Winterbetrieb getilgt wurden, macht das Fahren an so einem (kultigen) ESL noch mehr Spa\u00df.<\/p>\n<p>Nach Frabosa ging&#8217;s also \u00fcber den Colle Maddalena\/Larche nach Gap, wo ich um 20 Uhr am Hotel am Bahnhof ankam. Egtl. wollte ich in Gap ja entweder in die Pataterie oder nochmal in den Buffalo Grill gehen, blieb dann aber doch im Snackrestaurant des Hotels. Bacon Burger, Pommes und Cola um 8,50 \u20ac. Allerdings war der Burger geschmacklich weit entfernt von skandinavischen Burgerrestaurants, auch der Laden in L2A ist wesentlich besser. Hab leider auch nicht gesehen, dass der Bacon Burger auf einen Cheeseburger basiert. Ich hasse diesen Scheibenk\u00e4se auf Burgern. Ansonsten gro\u00dfes Burgerbr\u00f6tchen, in dem das Rindfleisch ziemlich unterging, und italienisch in Panini-Art zusammengepresst gew\u00e4rmt&#8230; w\u00e4r ich mal besser wo anders hin.<\/p>\n<p><a href='http:\/\/extra.inmontanis.info\/d\/19799-2\/DSC03302.jpg'><img src=http:\/\/extra.inmontanis.info\/d\/19798-3\/DSC03302.jpg \/><\/a><br \/>\n^ heutiges Hotelzimmer in Gap<\/p>\n<p>Morgen wollte ich ja egtl. endlich mal nach Alpe du Grand Serre, aber der heutige Schneebericht zeigte im Gegensatz zum gestrigen, dass 2 der oberen KSSL nicht in Betrieb sind. Evtl. sind die derzeit nur am Wochenende offen? Bl\u00f6d, dann muss ich mir ein anderes Ziel suchen&#8230; was auch nicht so einfach ist, da mich nat\u00fcrlich am meisten Lifte an den Skigebiets-R\u00e4ndern interessieren, die in Frankreich jetzt zur saisonschwachen Zeit auch in vielen (der kleineren) Skigebieten unter der Woche zu sind&#8230; <\/p>\n<p>(Eine Fortsetzung folgt noch.)<\/p>\n","protected":false},"excerpt":{"rendered":"<p>SonnigeS\u00fcdAlpen Tag 7: Mo, 27.1.2014 &#8211; San Giacomo &#038; Frabosa<\/p>\n<p>Auf dem Weg nach Frabosa hab ich mir so gedacht, dass es doch egtl. schade w\u00e4re, wenn ich San Giacomo heuer ganz auslassen w\u00fcrde, nur weil ich ein zweites Mal nach Frabosa will und dort die Tageskarte derzeit (Nebensaison Mo-Fr) nur 23,- \u20ac kostet&#8230; Schlie\u00dflich <a href=\"http:\/\/blog.inmontanis.info\/?p=2617\">[&#8230;]<\/a><\/p>\n","protected":false},"author":1,"featured_media":0,"comment_status":"open","ping_status":"closed","sticky":false,"template":"","format":"standard","meta":{"footnotes":""},"categories":[128,15,229,230,27,32],"tags":[38,35,91,80,47],"class_list":["post-2617","post","type-post","status-publish","format-standard","hentry","category-2014-01-sonnigesudalpen","category-italienitaly","category-mondole","category-roburent","category-skifahren-winterskiing-winter","category-lostplaces","tag-dsb","tag-esl","tag-graffer","tag-marchisio","tag-sl","odd"],"_links":{"self":[{"href":"http:\/\/blog.inmontanis.info\/index.php?rest_route=\/wp\/v2\/posts\/2617","targetHints":{"allow":["GET"]}}],"collection":[{"href":"http:\/\/blog.inmontanis.info\/index.php?rest_route=\/wp\/v2\/posts"}],"about":[{"href":"http:\/\/blog.inmontanis.info\/index.php?rest_route=\/wp\/v2\/types\/post"}],"author":[{"embeddable":true,"href":"http:\/\/blog.inmontanis.info\/index.php?rest_route=\/wp\/v2\/users\/1"}],"replies":[{"embeddable":true,"href":"http:\/\/blog.inmontanis.info\/index.php?rest_route=%2Fwp%2Fv2%2Fcomments&post=2617"}],"version-history":[{"count":1,"href":"http:\/\/blog.inmontanis.info\/index.php?rest_route=\/wp\/v2\/posts\/2617\/revisions"}],"predecessor-version":[{"id":2618,"href":"http:\/\/blog.inmontanis.info\/index.php?rest_route=\/wp\/v2\/posts\/2617\/revisions\/2618"}],"wp:attachment":[{"href":"http:\/\/blog.inmontanis.info\/index.php?rest_route=%2Fwp%2Fv2%2Fmedia&parent=2617"}],"wp:term":[{"taxonomy":"category","embeddable":true,"href":"http:\/\/blog.inmontanis.info\/index.php?rest_route=%2Fwp%2Fv2%2Fcategories&post=2617"},{"taxonomy":"post_tag","embeddable":true,"href":"http:\/\/blog.inmontanis.info\/index.php?rest_route=%2Fwp%2Fv2%2Ftags&post=2617"}],"curies":[{"name":"wp","href":"https:\/\/api.w.org\/{rel}","templated":true}]}}