{"id":2614,"date":"2014-01-26T22:43:25","date_gmt":"2014-01-26T21:43:25","guid":{"rendered":"http:\/\/blog.inmontanis.info\/?p=2614"},"modified":"2023-02-22T20:03:10","modified_gmt":"2023-02-22T19:03:10","slug":"garessio-tolles-meerpano-26-1-2014","status":"publish","type":"post","link":"http:\/\/blog.inmontanis.info\/?p=2614","title":{"rendered":"Garessio &#8211; tolles Meerpano, 26.1.2014"},"content":{"rendered":"<p><strong>SonnigeS\u00fcdAlpen Tag 6: So, 26.1.2014 &#8211; Garessio<\/strong><\/p>\n<p>Nun, wie bef\u00fcrchtet, bis man gefr\u00fchst\u00fcckt hat, wenn es erst um 8 Uhr welches gibt, und endlich aus dem Haus kommt und dann auch noch ca. eineinhalb Stunden oder etwas mehr fahren muss.. Gegen 10:30 Uhr kam ich am Skigebiet von Garessio 2000 an und war \u00fcberrascht &#8211; die DSB fuhr. Denn der Sturm auf dem Weg war schon enorm.<\/p>\n<p>An den beiden Kassen waren mal wieder viele Extrawunschleute vor mir, so dass es genauso schleppend ging wie gestern (5 Leute, 10 Minuten). Tageskarte kostet 19,- \u20ac plus Kaution f\u00fcr die Keycard. Wobei es ja nach wie vor keine Drehkreuz-Leser gibt und ich heute kein einziges Mal mit einem mobilen Leser kontrolliert wurde. Also wundern tu ich mich schon, warum man das macht und ob es da nicht etliche Schwarzfahrer gibt!?<\/p>\n<p>Auch der Kurven-SL war trotz des Sturmes in Betrieb, zumindest den Gro\u00dfteil des Tages, lief aber sehr langsam. Nur die rechte Abfahrt war wieder nicht ge\u00f6ffnet. Was man da immer f\u00fcr ein Theater macht &#8230;<\/p>\n<p>Der Wind, der im Laufe des Vormittag h\u00e4tte schw\u00e4cher sollen, wurde bis nach Mittag immer st\u00e4rker und drehte sich etwas von Nordost nach Nordwest, traf den Kurven-SL im oberen Bereich quasi im rechten Winkel und die DSB auch noch sch\u00f6n schr\u00e4g, an den Liften jenseits der 50 km\/h, an den freien Kammstellen jenseits der 80, wo der aufgewirbelte Schnee wie Nadeln ins Gesicht flog. Irgendwann gegen 15 Uhr war pl\u00f6tzlich kein Wind mehr &#8211; aber der Kurven-SL war und blieb komischerweise geschlossen&#8230;<\/p>\n<p>Aber ich war ja nicht zum Skifahren heute hier. Also schon irgendwie, aber mein heutiger Besuch hatte ja einen anderen Grund &#8211; und ich hatte Gl\u00fcck:<\/p>\n<p>Endlich! Endlich Meerpano in Garessio. Und war sehr gutes. Und zwar nicht zu wenig!! Mehr als ich erwartet h\u00e4tte.<\/p>\n<p>Am fr\u00fchen Nachmittag wurde es mir etwas langweilig (die DSB-Abfahrten in Saint Gree sind m.E. interessanter), die Abfahrt am Kurven-SL einfach zu st\u00fcrmisch und holte mir die Allmountain-Ski aus dem Auto um noch die schwarze, unpr\u00e4parierte Diretta zu fahren, ging ganz gut. Nun, habs dann doch problemlos bis 16 Uhr ausgehalten.<\/p>\n<p>An der Korblift-Bergstation war ich 2x oben, einmal gleich in der fr\u00fch und dann nochmal gegen 13:30 Uhr (wollte ja sp\u00e4ter, aber wer wei\u00df ob man doch nochmal raufkommt&#8230;) und hab wieder etliche Fotos gemacht, trotz des eisigen Sturmes. Da die St\u00fctzen letzten Sommer schon etwas abgebaut wurden, ist zu bef\u00fcrchten, dass auch die St\u00fctzen an der Bergstation n\u00e4chsten Sommer fallen werden. Vom restlichen Skigebiet hab ich diesmal kaum Fotos gemacht, die Auswahl mag also etwas eint\u00f6nig erscheinen &#8230;<\/p>\n<p>Fotos anklickbar zum Vergr\u00f6\u00dfern:<\/p>\n<p><a href='http:\/\/extra.inmontanis.info\/d\/19687-2\/20140121-28h.jpg'><img src=http:\/\/extra.inmontanis.info\/d\/19686-3\/20140121-28h.jpg \/><\/a><br \/>\nG) Garessio 2000<\/p>\n<p><a href='http:\/\/extra.inmontanis.info\/d\/19783-2\/DSC03172.jpg'><img src=http:\/\/extra.inmontanis.info\/d\/19782-3\/DSC03172.jpg \/><\/a><br \/>\n^ Spiegelndes Meer vom Colle San Bernardo (nahe Garessio)<\/p>\n<p><a href='http:\/\/ski.inmontanis.info\/d\/173317-2\/ge20140126.jpg'><img src=http:\/\/ski.inmontanis.info\/d\/173316-3\/ge20140126.jpg \/><\/a><br \/>\n^ GPS-Track 26.1.2014, heute erstmals die Diretta gefahren. Die rechte am Kurven-SL war ja leider nicht offen..<\/p>\n<p><a href='http:\/\/ski.inmontanis.info\/d\/173321-2\/DSC03173.jpg'><img src=http:\/\/ski.inmontanis.info\/d\/173320-3\/DSC03173.jpg \/><\/a><br \/>\n^ Zoom DSB-Bergstation, links die rote Abfahrt Primo Sole (pr\u00e4pariert), neben der DSB die schwarze Freeride-Abfahrt Diretta, rechts neben der DSB k\u00f6nnte fr\u00fcher evtl. auch mal eine Abfahrt gewesen sein, hat ein paar Schneisen &#8230;<\/p>\n<p><a href='http:\/\/ski.inmontanis.info\/d\/173325-2\/DSC03174.jpg'><img src=http:\/\/ski.inmontanis.info\/d\/173324-3\/DSC03174.jpg \/><\/a><br \/>\n^ DSB unterhalb der Mittelstation mit Abfahrt Larici (rechts) und Diretta (links)<\/p>\n<p><a href='http:\/\/ski.inmontanis.info\/d\/173329-2\/DSC03178.jpg'><img src=http:\/\/ski.inmontanis.info\/d\/173328-3\/DSC03178.jpg \/><\/a><br \/>\n^ Bergstation DSB mit Meerblick<\/p>\n<p><a href='http:\/\/ski.inmontanis.info\/d\/173333-2\/DSC09431.jpg'><img src=http:\/\/ski.inmontanis.info\/d\/173332-3\/DSC09431.jpg \/><\/a><br \/>\n^ Bergstation DSB mit Meer und Appennino (IR)<\/p>\n<p><a href='http:\/\/ski.inmontanis.info\/d\/173337-2\/DSC03182.jpg'><img src=http:\/\/ski.inmontanis.info\/d\/173336-3\/DSC03182.jpg \/><\/a><br \/>\n^ Kurven-SL Mussiglione<\/p>\n<p><a href='http:\/\/ski.inmontanis.info\/d\/173341-2\/DSC03181.jpg'><img src=http:\/\/ski.inmontanis.info\/d\/173340-3\/DSC03181.jpg \/><\/a><br \/>\n^ St\u00fcrmisches Meerpano von der Bergstation SL Mussiglione<\/p>\n<p><a href='http:\/\/ski.inmontanis.info\/d\/173345-2\/DSC09435.jpg'><img src=http:\/\/ski.inmontanis.info\/d\/173344-3\/DSC09435.jpg \/><\/a><br \/>\n^ &#8230; und das Meer in IR<\/p>\n<p><a href='http:\/\/ski.inmontanis.info\/d\/173349-2\/DSC09441.jpg'><img src=http:\/\/ski.inmontanis.info\/d\/173348-3\/DSC09441.jpg \/><\/a><br \/>\n^ Kurven-SL Mussiglione mit Blick ins Appennin und Genua (IR)<\/p>\n<p><a href='http:\/\/ski.inmontanis.info\/d\/173353-2\/DSC09442.jpg'><img src=http:\/\/ski.inmontanis.info\/d\/173352-3\/DSC09442.jpg \/><\/a><br \/>\n^ Abfahrt SL Mussiglione, IR-Pano zur Bergstation DSB bzw. ehemaligen Korblift-Bergstation. In Verl\u00e4ngerung der Golf von Genua, dahinter der Appennino<\/p>\n<p><a href='http:\/\/ski.inmontanis.info\/d\/173357-2\/DSC09444.jpg'><img src=http:\/\/ski.inmontanis.info\/d\/173356-3\/DSC09444.jpg \/><\/a><br \/>\n^ .. gleicher Standort, Blickrichtung offenes Meer<\/p>\n<p><a href='http:\/\/ski.inmontanis.info\/d\/173361-2\/DSC03187.jpg'><img src=http:\/\/ski.inmontanis.info\/d\/173360-3\/DSC03187.jpg \/><\/a><br \/>\n^ Ankunft an der ehemaligen Korbliftbergstation, gerade noch, dass sich das Meer da hinten etwas spiegelt &#8230;<\/p>\n<p><a href='http:\/\/ski.inmontanis.info\/d\/173365-2\/DSC03189.jpg'><img src=http:\/\/ski.inmontanis.info\/d\/173364-3\/DSC03189.jpg \/><\/a><br \/>\n^ Der Sturm war heute bzw. die letzten Tage so stark, dass um das alte Geb\u00e4ude lauter Ziegelstein-Abbr\u00fcche sind. Krass. Richtig gef\u00e4hrlich hier oben, m\u00fcsste man glatt einen Helm mitnehmen :)<\/p>\n<p><a href='http:\/\/ski.inmontanis.info\/d\/173369-2\/DSC03191.jpg'><img src=http:\/\/ski.inmontanis.info\/d\/173368-3\/DSC03191.jpg \/><\/a><br \/>\n^ Portalst\u00fctze des Korblifts, im Hintergrund das Mittelmeer. Gut m\u00f6glich, dass die S\u00fctzen n\u00e4chsten Sommer alle abgebaut werden :-(<\/p>\n<p><a href='http:\/\/ski.inmontanis.info\/d\/173373-2\/DSC03190.jpg'><img src=http:\/\/ski.inmontanis.info\/d\/173372-3\/DSC03190.jpg \/><\/a><br \/>\n^ Portalst\u00fctze und Bergstation des Korblifts, im Hintergrund das Mittelmeer.<\/p>\n<p><a href='http:\/\/ski.inmontanis.info\/d\/173377-2\/DSC09468.jpg'><img src=http:\/\/ski.inmontanis.info\/d\/173376-3\/DSC09468.jpg \/><\/a><br \/>\n^ Portalst\u00fctze und Bergstation des Korblifts, im Hintergrund das Mittelmeer &#8211; in IR<\/p>\n<p><a href='http:\/\/ski.inmontanis.info\/d\/173381-2\/DSC03193.jpg'><img src=http:\/\/ski.inmontanis.info\/d\/173380-3\/DSC03193.jpg \/><\/a><br \/>\n^ Die obersten 2 Korbliftst\u00fctzen &#8211; und das Mittelmeer<\/p>\n<p><a href='http:\/\/ski.inmontanis.info\/d\/173385-2\/DSC09460.jpg'><img src=http:\/\/ski.inmontanis.info\/d\/173384-3\/DSC09460.jpg \/><\/a><br \/>\n^ Die obersten 2 Korbliftst\u00fctzen &#8211; und das Mittelmeer &#8211; in IR<\/p>\n<p><a href='http:\/\/ski.inmontanis.info\/d\/173389-2\/DSC09454.jpg'><img src=http:\/\/ski.inmontanis.info\/d\/173388-3\/DSC09454.jpg \/><\/a><br \/>\n^ Korbliftst\u00fctze und Meer (IR)<\/p>\n<p><a href='http:\/\/ski.inmontanis.info\/d\/173393-2\/DSC09471.jpg'><img src=http:\/\/ski.inmontanis.info\/d\/173392-3\/DSC09471.jpg \/><\/a><br \/>\n^ Ex-Korbliftst\u00fctze und Po-Ebene bzw. Alpenbogen (unter den Wolken)<\/p>\n<p><a href='http:\/\/ski.inmontanis.info\/d\/173397-2\/DSC09486.jpg'><img src=http:\/\/ski.inmontanis.info\/d\/173396-3\/DSC09486.jpg \/><\/a><br \/>\n^ (IR) Golfo di Genova. Vorne links die ehemalige Korbliftbergstation<\/p>\n<p><a href='http:\/\/ski.inmontanis.info\/d\/173401-2\/DSC09490.jpg'><img src=http:\/\/ski.inmontanis.info\/d\/173400-3\/DSC09490.jpg \/><\/a><br \/>\n^ Ex-Korbliftst\u00fctze und ligurischer Teil des Appennin<\/p>\n<p><a href='http:\/\/ski.inmontanis.info\/d\/173405-2\/DSC09494.jpg'><img src=http:\/\/ski.inmontanis.info\/d\/173404-3\/DSC09494.jpg \/><\/a><br \/>\n^ Ex-Korbliftst\u00fctze und Meer<\/p>\n<p><a href='http:\/\/ski.inmontanis.info\/d\/173409-2\/DSC03206.jpg'><img src=http:\/\/ski.inmontanis.info\/d\/173408-3\/DSC03206.jpg \/><\/a><br \/>\n^ Ex-St\u00fctzen vs. Meer<\/p>\n<p><a href='http:\/\/ski.inmontanis.info\/d\/173413-2\/DSC03200.jpg'><img src=http:\/\/ski.inmontanis.info\/d\/173412-3\/DSC03200.jpg \/><\/a><br \/>\n^ Ex-Bergstation Korblift. Noch kann man sich unterstellen und Zuflucht suchen bei dem starken Sturm.<\/p>\n<p><a href='http:\/\/ski.inmontanis.info\/d\/173417-2\/DSC03196.jpg'><img src=http:\/\/ski.inmontanis.info\/d\/173416-3\/DSC03196.jpg \/><\/a><br \/>\n^ Ex-Bergstation Korblift<\/p>\n<p><a href='http:\/\/ski.inmontanis.info\/d\/173421-2\/DSC03203.jpg'><img src=http:\/\/ski.inmontanis.info\/d\/173420-3\/DSC03203.jpg \/><\/a><br \/>\n^ Ex-Bergstation Korblift (wird wohl &#8216;ne Bar gewesen sein hier)<\/p>\n<p><a href='http:\/\/ski.inmontanis.info\/d\/173425-2\/DSC09501.jpg'><img src=http:\/\/ski.inmontanis.info\/d\/173424-3\/DSC09501.jpg \/><\/a><br \/>\n^ IR-Pano Korsika<\/p>\n<p><a href='http:\/\/ski.inmontanis.info\/d\/173429-2\/DSC09503.jpg'><img src=http:\/\/ski.inmontanis.info\/d\/173428-3\/DSC09503.jpg \/><\/a><br \/>\n^ Abfahrt Primo Sole mit Meerpano (IR)<\/p>\n<p><a href='http:\/\/ski.inmontanis.info\/d\/173433-2\/DSC03210.jpg'><img src=http:\/\/ski.inmontanis.info\/d\/173432-3\/DSC03210.jpg \/><\/a><br \/>\n^ Schwarze Diretta<\/p>\n<p><a href='http:\/\/ski.inmontanis.info\/d\/173437-2\/DSC03212.jpg'><img src=http:\/\/ski.inmontanis.info\/d\/173436-3\/DSC03212.jpg \/><\/a><br \/>\n^ Schwarze Diretta<\/p>\n<p><a href='http:\/\/ski.inmontanis.info\/d\/173441-2\/DSC09511.jpg'><img src=http:\/\/ski.inmontanis.info\/d\/173440-3\/DSC09511.jpg \/><\/a><br \/>\n^ Meerpano (IR), paar Gipfelchen des Appennins bzw. von Inseln sind zu sehen &#8230;<\/p>\n<p><a href='http:\/\/ski.inmontanis.info\/d\/173445-2\/DSC09513.jpg'><img src=http:\/\/ski.inmontanis.info\/d\/173444-3\/DSC09513.jpg \/><\/a><br \/>\n^ Links der verschneite Alpenbogen (Lombardei, 250-300km von hier), rechts das Meer bei Genua (ca 80km). Dazwischen liegen ca. 170-200 km.<\/p>\n<p><a href='http:\/\/ski.inmontanis.info\/d\/173449-2\/DSC09512.jpg'><img src=http:\/\/ski.inmontanis.info\/d\/173448-3\/DSC09512.jpg \/><\/a><br \/>\n^ Golfo di Genova und Appennino<\/p>\n<p><a href='http:\/\/ski.inmontanis.info\/d\/173453-2\/DSC09519.jpg'><img src=http:\/\/ski.inmontanis.info\/d\/173452-3\/DSC09519.jpg \/><\/a><br \/>\n^ Zoom \u00fcbers Meer (IR). D\u00fcrften Berge in der N\u00e4he von Livorno sein (ca. 210 km)<\/p>\n<p><a href='http:\/\/ski.inmontanis.info\/d\/173457-2\/DSC09522.jpg'><img src=http:\/\/ski.inmontanis.info\/d\/173456-3\/DSC09522.jpg \/><\/a><br \/>\n^ Zoom \u00fcbers Meer (IR). Appennin Bereich Massa-Viareggio (ca. 200 km)<\/p>\n<p><a href='http:\/\/ski.inmontanis.info\/d\/173461-2\/DSC09524.jpg'><img src=http:\/\/ski.inmontanis.info\/d\/173460-3\/DSC09524.jpg \/><\/a><br \/>\n^ Zoom \u00fcbers Meer (IR). Appennin \/ Alpi Apuane<\/p>\n<p><a href='http:\/\/ski.inmontanis.info\/d\/173465-2\/DSC09525.jpg'><img src=http:\/\/ski.inmontanis.info\/d\/173464-3\/DSC09525.jpg \/><\/a><br \/>\n^ Zoom \u00fcbers Meer (IR). Appennino, Bildmitte der Cimone (220 km)<\/p>\n<p><a href='http:\/\/ski.inmontanis.info\/d\/173469-2\/DSC03216.jpg'><img src=http:\/\/ski.inmontanis.info\/d\/173468-3\/DSC03216.jpg \/><\/a><br \/>\n^ Zoom Genua (Kontrastverst\u00e4rkt). Dar\u00fcber links der Bildmitte oben die wei\u00dfen Pistenschneisen geh\u00f6ren zum Monte Bue, dem Skigebiet von Santo Stefano d&#8217;Aveto (ca. 130 km)<\/p>\n<p><a href='http:\/\/ski.inmontanis.info\/d\/173473-2\/DSC09528.jpg'><img src=http:\/\/ski.inmontanis.info\/d\/173472-3\/DSC09528.jpg \/><\/a><br \/>\n^ Zoom Genova\/Genua (in IR)<\/p>\n<p><a href='http:\/\/ski.inmontanis.info\/d\/173477-2\/DSC03217.jpg'><img src=http:\/\/ski.inmontanis.info\/d\/173476-3\/DSC03217.jpg \/><\/a><br \/>\n^ DSB vs. Alpen (Monviso) &#8211; heute eher schlecht zu sehen.<\/p>\n<p><a href='http:\/\/ski.inmontanis.info\/d\/173481-2\/DSC03220.jpg'><img src=http:\/\/ski.inmontanis.info\/d\/173480-3\/DSC03220.jpg \/><\/a><br \/>\n^ Ehemalige Korblifttrasse, paar St\u00fctzen sind in Bildmitte noch zu sehen.<\/p>\n<p>\u00dcbernachtet wird im gleichen Hotel wie letztes Mal &#8211; war mal wieder der einzige Gast, heute sogar zum Abendessen (ist anscheinend normal, dass am Sonntag Abend keiner Essen geht). Zahlen musste ich am n\u00e4chsten Tag diesmal nur 55,- \u20ac (also 15,- f\u00fcrs Abendessen, 10 weniger als in der Weihnachtswoche mit den Anti-Pasti-G\u00e4ngen)<\/p>\n<p>Dank meines neuen WLan-USB-Adapters hab ich jedenfalls kein Problem mehr mit dem Empfang:<\/p>\n<p>eingebauter Empf\u00e4nger: 0-2 Striche (1 Netz)<br \/>\nmit externem Adapter, kleine Antenne: 3 Striche (2 Netze)<br \/>\nmit gro\u00dfer Antenne: 5 Striche (5 Netze)<\/p>\n<p><a href='http:\/\/extra.inmontanis.info\/d\/19787-2\/DSC03222.jpg'><img src=http:\/\/extra.inmontanis.info\/d\/19786-3\/DSC03222.jpg \/><\/a><br \/>\n^ Ab sofort keine WLan-Empfangsprobleme mehr mit dieser langen Antenne :) Ich h\u00e4tte ja gar nicht erwartet, dass die so lang ist. Hab mich schon gewundert, als ich das Amazon-Paket bekam, warum das so gro\u00df ist &#8230; Die Antenne passt nur noch in die \u00e4u\u00dfere Tasche meiner Reisetasche, w\u00e4re sie l\u00e4nger, k\u00f6nnte ich sie gar nicht mitnehmen ;)<\/p>\n<p>F\u00fcr morgen steht Frabosa auf dem Plan. Egtl. h\u00e4tte ich teilsteils machen wollen, halber Tag San Giacomo und halber Tag Frabosa. Aber jetzt hab ich gelesen, dass es momentan in der Nebensaison in Frabosa den Mondole-Tagespass um lediglich 23,- statt 32,- gibt &#8211; das sollte man doch ausn\u00fctzen.<\/p>\n<p>F\u00fcr \u00fcbermorgen dagegen steht noch alles offen. Nord-Piemont und Lombardei f\u00e4llt jedenfalls ziemlich flach, da die Gebiete, die ich dort fahren m\u00f6chte, nicht oder nicht alles unter der Woche ge\u00f6ffnet haben. Allerdings hat sich noch eine weitere Option ergeben &#8211; die aktuellen Wettervorhersagen melden f\u00fcr Dienstag f\u00fcr die franz\u00f6sischen Alpen nun auch wieder recht sonnig. Fahrtechnisch (und zeitlich) ist es zwar ein ziemlicher umweg, nochmal f\u00fcr einen Tag nach Frankreich r\u00fcber. Auch wenn der Colle Maddalena \/ Col de Larche seit gestern oder so wieder ge\u00f6fnet ist&#8230; <\/p>\n<p>Einige \u00dcberlegungen sp\u00e4ter hab ich mir ein Hotel in Gap reserviert. Zwar direkt am Bahnhof gelegen, aber daf\u00fcr nur 43,- \u20ac &#8211; ohne Fr\u00fchst\u00fcck, aber ich will ja ggf. eh fr\u00fch weg am Dienstag. Hoffentlich bleibt der Pass offen morgen Abend ;)<\/p>\n<p>(Fortsetzung folgt.)<\/p>\n","protected":false},"excerpt":{"rendered":"<p>SonnigeS\u00fcdAlpen Tag 6: So, 26.1.2014 &#8211; Garessio<\/p>\n<p>Nun, wie bef\u00fcrchtet, bis man gefr\u00fchst\u00fcckt hat, wenn es erst um 8 Uhr welches gibt, und endlich aus dem Haus kommt und dann auch noch ca. eineinhalb Stunden oder etwas mehr fahren muss.. Gegen 10:30 Uhr kam ich am Skigebiet von Garessio 2000 an und war \u00fcberrascht &#8211; <a href=\"http:\/\/blog.inmontanis.info\/?p=2614\">[&#8230;]<\/a><\/p>\n","protected":false},"author":1,"featured_media":0,"comment_status":"open","ping_status":"closed","sticky":false,"template":"","format":"standard","meta":{"footnotes":""},"categories":[128,232,15,27,32],"tags":[38,90,37,47],"class_list":["post-2614","post","type-post","status-publish","format-standard","hentry","category-2014-01-sonnigesudalpen","category-garessio","category-italienitaly","category-skifahren-winterskiing-winter","category-lostplaces","tag-dsb","tag-infrarot","tag-meer","tag-sl","odd"],"_links":{"self":[{"href":"http:\/\/blog.inmontanis.info\/index.php?rest_route=\/wp\/v2\/posts\/2614","targetHints":{"allow":["GET"]}}],"collection":[{"href":"http:\/\/blog.inmontanis.info\/index.php?rest_route=\/wp\/v2\/posts"}],"about":[{"href":"http:\/\/blog.inmontanis.info\/index.php?rest_route=\/wp\/v2\/types\/post"}],"author":[{"embeddable":true,"href":"http:\/\/blog.inmontanis.info\/index.php?rest_route=\/wp\/v2\/users\/1"}],"replies":[{"embeddable":true,"href":"http:\/\/blog.inmontanis.info\/index.php?rest_route=%2Fwp%2Fv2%2Fcomments&post=2614"}],"version-history":[{"count":1,"href":"http:\/\/blog.inmontanis.info\/index.php?rest_route=\/wp\/v2\/posts\/2614\/revisions"}],"predecessor-version":[{"id":2615,"href":"http:\/\/blog.inmontanis.info\/index.php?rest_route=\/wp\/v2\/posts\/2614\/revisions\/2615"}],"wp:attachment":[{"href":"http:\/\/blog.inmontanis.info\/index.php?rest_route=%2Fwp%2Fv2%2Fmedia&parent=2614"}],"wp:term":[{"taxonomy":"category","embeddable":true,"href":"http:\/\/blog.inmontanis.info\/index.php?rest_route=%2Fwp%2Fv2%2Fcategories&post=2614"},{"taxonomy":"post_tag","embeddable":true,"href":"http:\/\/blog.inmontanis.info\/index.php?rest_route=%2Fwp%2Fv2%2Ftags&post=2614"}],"curies":[{"name":"wp","href":"https:\/\/api.w.org\/{rel}","templated":true}]}}