{"id":2612,"date":"2014-01-25T19:12:11","date_gmt":"2014-01-25T18:12:11","guid":{"rendered":"http:\/\/blog.inmontanis.info\/?p=2612"},"modified":"2023-07-31T18:05:05","modified_gmt":"2023-07-31T16:05:05","slug":"roubion-25-1-2014","status":"publish","type":"post","link":"http:\/\/blog.inmontanis.info\/?p=2612","title":{"rendered":"Roubion, 25.1.2014"},"content":{"rendered":"<p><strong>SonnigeS\u00fcdAlpen Tag 5: Sa, 25.1.2014 &#8211; Roubion<\/strong><\/p>\n<p>Heute fr\u00fch hatte ich ziemlich Gl\u00fcck, dass mich meine innere Uhr genau 6 Stunden nach dem Zu-Bett-Gehen aufgeweckt hat, mein iPhone, dessen Weckerorgie eine viertel Stunde sp\u00e4ter h\u00e4tte losgehen sollen, war n\u00e4mlich auf 5% Akkuzustand &#8211; ich hatte vergessen, die GPS-Aufzeichnung zu stoppen. Puh.<\/p>\n<p>Vor dem Hotelverlassen noch eben 2 Minuten auf den Sonnenuntergang gewartet &#8230;<\/p>\n<p><a href='http:\/\/extra.inmontanis.info\/d\/19731-2\/DSC03094.jpg'><img src=http:\/\/extra.inmontanis.info\/d\/19730-3\/DSC03094.jpg \/><\/a><\/p>\n<p>&#8230; und kurz vor 8 Uhr losgefahren. Ziel: Roubion, das ich schon lange auf der Liste hatte, das aber au\u00dferhalb der Ferien nur an den WE ge\u00f6ffnet hat.<\/p>\n<p>Die Fahrt war etwas staulastig, da von Nizza aus viele ins Tin\u00e9e-Tal (zumeist nach Isola und Auron) wollten. Gegen 9:30 kam ich in Roubion an und kaufte mir die Tageskarte um g\u00fcnstige 17,- \u20ac. Wobei ich bei 5 Leuten vor mir fast 15 Minuten warten musste. Nerv. <\/p>\n<p>Kurzer Zubringer-KSSL gefahren, dann den steilen linken (mit krassem Katapultstart, schon lange nicht mehr so extrem erlebt), dann zur DSB und dann den oberen KSSL. Fahren wollen. Fuhr auch noch, aber man durfte nicht mehr zusteigen. Technisches Problem. Also wieder zur DSB runter, nochmal rauf, KSSL fuhr wieder. Also Stop-and-Go. Die l\u00e4ngste Pause machte der Lift, als ich vor St\u00fctze 2 war. Nach einer gef\u00fchlten Ewigkeit durfte ich dann bis St\u00fctze 5. So ging&#8217;s dann weiter, lt. GPS-Track hat die Auffahrt &#8216;ne knappe halbe Stunde gedauert! Aber endlich kam ich oben an &#8211; sch\u00f6nes Meerpano, besser als ich von GE erwartet h\u00e4tte!<\/p>\n<p>Weiter gings nat\u00fcrlich gleich zum rechten KSSL, der nur von hier aus erreichbar ist. Wer wei\u00df, wann man wieder hier rauf kommt, somit dort alle Abfahrten abgefahren. Hab dann auch gesehen, dass der andere KSSL immer mal wieder l\u00e4ngere Zeit stehen blieb. Auch als ich ihn sp\u00e4ter wieder fahren wollte, verhielt es sich so: War er in Betrieb, sollte man ihn nicht fahren, da er gleich wieder stoppte und den Betrieb einstellte. War er gerade nicht in Betrieb, lohnte es, zu warten. Und so wartete ich. Gegen 12:30 wurde dann mittels eines neuen Kabels der Fehler an der obersten St\u00fctze endlich behoben und der Lift fuhr fortan durchgehend. Also, fast. <\/p>\n<p><a href='http:\/\/extra.inmontanis.info\/d\/19687-2\/20140121-28h.jpg'><img src=http:\/\/extra.inmontanis.info\/d\/19686-3\/20140121-28h.jpg \/><\/a><br \/>\nF) Roubion<\/p>\n<p><a href='http:\/\/extra.inmontanis.info\/d\/19735-2\/DSC03097.jpg'><img src=http:\/\/extra.inmontanis.info\/d\/19734-3\/DSC03097.jpg \/><\/a><br \/>\n^ Nette Stra\u00dfe aus dem Tin\u00e9e-Tal rauf nach Roubion (bzw. weiter nach Beuil)<\/p>\n<p><a href='http:\/\/ski.inmontanis.info\/d\/173209-2\/DSC03169.jpg'><img src=http:\/\/ski.inmontanis.info\/d\/173207-3\/DSC03169.jpg \/><\/a><br \/>\n^ Pistenplan und Skipass. H ist die DSB.<\/p>\n<p><a href='http:\/\/ski.inmontanis.info\/d\/173213-2\/ge20140125a.jpg'><img src=http:\/\/ski.inmontanis.info\/d\/173212-3\/ge20140125a.jpg \/><\/a><br \/>\n^ GPS-Track<\/p>\n<p><a href='http:\/\/ski.inmontanis.info\/d\/173217-2\/DSC03104.jpg'><img src=http:\/\/ski.inmontanis.info\/d\/173216-3\/DSC03104.jpg \/><\/a><br \/>\n^ DSB und Mini-KSSL (Talstation, 1 St\u00fctze am Ausstieg, Bergstation)<\/p>\n<p><a href='http:\/\/ski.inmontanis.info\/d\/173221-2\/DSC03131.jpg'><img src=http:\/\/ski.inmontanis.info\/d\/173220-3\/DSC03131.jpg \/><\/a><br \/>\n^ Mini-KSSL<\/p>\n<p><a href='http:\/\/ski.inmontanis.info\/d\/173225-2\/DSC03108.jpg'><img src=http:\/\/ski.inmontanis.info\/d\/173224-3\/DSC03108.jpg \/><\/a><br \/>\n^ DSB, links die Schwarze 20, mittig die rote 16\/10 und unter der DSB die rote 11<\/p>\n<p><a href='http:\/\/ski.inmontanis.info\/d\/173229-2\/DSC03110.jpg'><img src=http:\/\/ski.inmontanis.info\/d\/173228-3\/DSC03110.jpg \/><\/a><br \/>\n^ DSB, unter der DSB die rote 11, rechts die blaue 4 und dar\u00fcber die schwarze 12<\/p>\n<p><a href='http:\/\/ski.inmontanis.info\/d\/173233-2\/DSC03112.jpg'><img src=http:\/\/ski.inmontanis.info\/d\/173232-3\/DSC03112.jpg \/><\/a><br \/>\n^ Bergstation DSB Buisses, dr\u00fcber KSSL Pommier<\/p>\n<p><a href='http:\/\/ski.inmontanis.info\/d\/173237-2\/DSC03115.jpg'><img src=http:\/\/ski.inmontanis.info\/d\/173236-3\/DSC03115.jpg \/><\/a><br \/>\n^ Bergstation KSSL Pommier und spiegelndes Mittelmeer<\/p>\n<p><a href='http:\/\/ski.inmontanis.info\/d\/173241-2\/DSC09377.jpg'><img src=http:\/\/ski.inmontanis.info\/d\/173240-3\/DSC09377.jpg \/><\/a><br \/>\n^ IR-Pano zum Mittelmeer (links Korsika)<\/p>\n<p><a href='http:\/\/ski.inmontanis.info\/d\/173245-2\/DSC03118.jpg'><img src=http:\/\/ski.inmontanis.info\/d\/173244-3\/DSC03118.jpg \/><\/a><br \/>\n^ Zoom Meer<\/p>\n<p><a href='http:\/\/ski.inmontanis.info\/d\/173313-2\/DSC03119.jpg'><img src=http:\/\/ski.inmontanis.info\/d\/173312-3\/DSC03119.jpg \/><\/a><br \/>\n^ Zoom Skigebiet Gr\u00e9oli\u00e8res von Roubion<\/p>\n<p><a href='http:\/\/ski.inmontanis.info\/d\/173249-2\/DSC03121.jpg'><img src=http:\/\/ski.inmontanis.info\/d\/173248-3\/DSC03121.jpg \/><\/a><br \/>\n^ Abfahrt 19 am KSSL Pommier, geradeaus am Gegenhang endet der KSSL Tournerie<\/p>\n<p><a href='http:\/\/ski.inmontanis.info\/d\/173253-2\/DSC03122.jpg'><img src=http:\/\/ski.inmontanis.info\/d\/173252-3\/DSC03122.jpg \/><\/a><br \/>\n^ Bergstation DSB und KSSL Pommier<\/p>\n<p><a href='http:\/\/ski.inmontanis.info\/d\/173257-2\/DSC03124.jpg'><img src=http:\/\/ski.inmontanis.info\/d\/173256-3\/DSC03124.jpg \/><\/a><br \/>\n^ Abfahrt 14 oder 15 am KSSL Tournerie<\/p>\n<p><a href='http:\/\/ski.inmontanis.info\/d\/173261-2\/DSC03125.jpg'><img src=http:\/\/ski.inmontanis.info\/d\/173260-3\/DSC03125.jpg \/><\/a><br \/>\n^ Abfahrt 13 am KSSL Tournerie und Blick ins Skigebiet von Valberg<\/p>\n<p><a href='http:\/\/ski.inmontanis.info\/d\/173265-2\/DSC03126.jpg'><img src=http:\/\/ski.inmontanis.info\/d\/173264-3\/DSC03126.jpg \/><\/a><br \/>\n^ KSSL Tournerie<\/p>\n<p><a href='http:\/\/ski.inmontanis.info\/d\/173269-2\/DSC03127.jpg'><img src=http:\/\/ski.inmontanis.info\/d\/173268-3\/DSC03127.jpg \/><\/a><br \/>\n^ Blick von der Bergstation KSSL Tournerie zum KSSL Pommier (rechts oben)<\/p>\n<p><a href='http:\/\/ski.inmontanis.info\/d\/173273-2\/DSC03128.jpg'><img src=http:\/\/ski.inmontanis.info\/d\/173272-3\/DSC03128.jpg \/><\/a><br \/>\n^ Schwarze 12. Beide schwarzen Abfahrten in Roubion waren \u00fcbrigens pr\u00e4pariert<\/p>\n<p><a href='http:\/\/ski.inmontanis.info\/d\/173277-2\/DSC03135.jpg'><img src=http:\/\/ski.inmontanis.info\/d\/173276-3\/DSC03135.jpg \/><\/a><br \/>\n^ Reparaturarbeiten am KSSL Pommier<\/p>\n<p><a href='http:\/\/ski.inmontanis.info\/d\/173281-2\/DSC03137.jpg'><img src=http:\/\/ski.inmontanis.info\/d\/173280-3\/DSC03137.jpg \/><\/a><br \/>\n^ Blick von der blauen 17 zu den H\u00e4ngen am KSSL Cr\u00e9basse (Abfahrt 5, 20, 16, 3\/4)<\/p>\n<p><a href='http:\/\/ski.inmontanis.info\/d\/173285-2\/DSC03138.jpg'><img src=http:\/\/ski.inmontanis.info\/d\/173284-3\/DSC03138.jpg \/><\/a><br \/>\n^ Abfahrt 7 vom KSSL Cr\u00e9basse zum KSSL Buisses<\/p>\n<p><a href='http:\/\/ski.inmontanis.info\/d\/173289-2\/DSC03139.jpg'><img src=http:\/\/ski.inmontanis.info\/d\/173288-3\/DSC03139.jpg \/><\/a><br \/>\n^ Abfahrt 7 vom KSSL Cr\u00e9basse zum KSSL Buisses inkl. Einm\u00fcndung Abfahrt 6<\/p>\n<p><a href='http:\/\/ski.inmontanis.info\/d\/173293-2\/DSC03142.jpg'><img src=http:\/\/ski.inmontanis.info\/d\/173292-3\/DSC03142.jpg \/><\/a><br \/>\n^ Talstationen KSSL Cr\u00e9basse und DSB Buisses<\/p>\n<p><a href='http:\/\/ski.inmontanis.info\/d\/173297-2\/DSC09383.jpg'><img src=http:\/\/ski.inmontanis.info\/d\/173296-3\/DSC09383.jpg \/><\/a><br \/>\n^ Mittelmeer- und Korsika-Pano von der Bergstation KSSL Pommier (IR)<\/p>\n<p><a href='http:\/\/ski.inmontanis.info\/d\/173301-2\/DSC09384.jpg'><img src=http:\/\/ski.inmontanis.info\/d\/173300-3\/DSC09384.jpg \/><\/a><br \/>\n^ Mittelmeer von der Bergstation KSSL Pommier (IR)<\/p>\n<p><a href='http:\/\/ski.inmontanis.info\/d\/173305-2\/DSC09385.jpg'><img src=http:\/\/ski.inmontanis.info\/d\/173304-3\/DSC09385.jpg \/><\/a><br \/>\n^ Zoom nach Korsika (ca. 240-260 km) von der Bergstation KSSL Pommier (IR)<\/p>\n<p><a href='http:\/\/ski.inmontanis.info\/d\/173309-2\/DSC09395.jpg'><img src=http:\/\/ski.inmontanis.info\/d\/173308-3\/DSC09395.jpg \/><\/a><br \/>\n^ Zoom nach Korsika (ca. 240-260 km) von der Bergstation KSSL Pommier (IR)<\/p>\n<p>Mit seinen 20 Abfahrten ist das Skigebiet zwar halbwegs abwechlsungsreich, allerdings gibt es auch immer wieder einige Pistenst\u00fccke, die man mehrfach befahren muss. Und nat\u00fcrlich gibt&#8217;s weder sonderlich lange, noch h\u00f6henmeterintensive Abfahrten, so dass ich um kurz nach 15 Uhr keine Lust mehr hatte, was aber ja eh praktisch war, da ich ja noch ca. 2,5 Stunden Fahrt vor mir hatte und gegen 18 Uhr am Albergo Matteo in San Bartolomeo al Mare ankommen wollte. Wurde dann etwas sp\u00e4ter, da ich noch an einem Autobahnparkplatz hielt, um ein paar Meer- und Korsika-Fotos zu machen.<\/p>\n<p><a href='http:\/\/extra.inmontanis.info\/d\/19739-2\/DSC03149.jpg'><img src=http:\/\/extra.inmontanis.info\/d\/19738-3\/DSC03149.jpg \/><\/a><br \/>\n^ Abendliche Mittelmeerk\u00fcste von der Autobahnrastst\u00e4tte Beausoleil aus<\/p>\n<p><a href='http:\/\/extra.inmontanis.info\/d\/19743-2\/DSC03148.jpg'><img src=http:\/\/extra.inmontanis.info\/d\/19742-3\/DSC03148.jpg \/><\/a><br \/>\n^ ebendort, andere Blickrichtung<\/p>\n<p><a href='http:\/\/extra.inmontanis.info\/d\/19747-2\/DSC09402.jpg'><img src=http:\/\/extra.inmontanis.info\/d\/19746-3\/DSC09402.jpg \/><\/a><br \/>\n^ Abendliche Mittelmeerk\u00fcste in IR<\/p>\n<p><a href='http:\/\/extra.inmontanis.info\/d\/19751-2\/DSC09403.jpg'><img src=http:\/\/extra.inmontanis.info\/d\/19750-3\/DSC09403.jpg \/><\/a><br \/>\n^ IR-Pano \u00fcber&#8217;s Meer nach Korsika (ca. 180-200 km)<\/p>\n<p><a href='http:\/\/extra.inmontanis.info\/d\/19755-2\/DSC09410.jpg'><img src=http:\/\/extra.inmontanis.info\/d\/19754-3\/DSC09410.jpg \/><\/a><br \/>\n^ IR-Pano \u00fcber&#8217;s Mittelmeer ins Appennin (max. 235 km, Bereich Spezia\/Pisa)<\/p>\n<p><a href='http:\/\/extra.inmontanis.info\/d\/19759-2\/DSC03161.jpg'><img src=http:\/\/extra.inmontanis.info\/d\/19758-3\/DSC03161.jpg \/><\/a><br \/>\n^ Hochh\u00e4user in La Rousse-Saint-Roman \/ Monaco. Die Bewohner am Hang hinter dem Hochhaus werden wohl ziemlich angepisst sein, statt Meerblick nun das Hochhaus sehen zu m\u00fcssen &#8230;<\/p>\n<p><a href='http:\/\/extra.inmontanis.info\/d\/19763-2\/DSC03165.jpg'><img src=http:\/\/extra.inmontanis.info\/d\/19762-3\/DSC03165.jpg \/><\/a><br \/>\n^ Monaco-Ville und abendliches Mittelmeer<\/p>\n<p><a href='http:\/\/extra.inmontanis.info\/d\/19767-2\/DSC03164.jpg'><img src=http:\/\/extra.inmontanis.info\/d\/19766-3\/DSC03164.jpg \/><\/a><br \/>\n^ Monaco-Ville<\/p>\n<p><a href='http:\/\/extra.inmontanis.info\/d\/19771-2\/DSC09412.jpg'><img src=http:\/\/extra.inmontanis.info\/d\/19770-3\/DSC09412.jpg \/><\/a><br \/>\n^ Zoom Korsika von der Autobahnrastst\u00e4tte Beausoleil<\/p>\n<p><a href='http:\/\/extra.inmontanis.info\/d\/19775-2\/DSC09422.jpg'><img src=http:\/\/extra.inmontanis.info\/d\/19774-3\/DSC09422.jpg \/><\/a><br \/>\n^ Zoom Korsika von der Autobahnrastst\u00e4tte Beausoleil<\/p>\n<p><a href='http:\/\/extra.inmontanis.info\/d\/19779-2\/DSC03166.jpg'><img src=http:\/\/extra.inmontanis.info\/d\/19778-3\/DSC03166.jpg \/><\/a><br \/>\n^ Hotelzimmer<\/p>\n<p>Das heutige ***-Hotel selbst ist, wie schon gestern gesagt, g\u00fcnstig, 35,- \u20ac f\u00fcr \u00dcF. Das Zimmer allerdings dementsprechend altmodisch und renovierungsbed\u00fcrftig, wobei das WC besser ausschaut. Abendessen war sehr reichhaltig und ebenfalls gut. Kleines Antipasta-Dreierlei, Tagliatelle Ragu (wie gut so &#8216;ne Portion Nudeln schmecken kann, wenn man schon lang keine mehr gehabt hat, hab sogar noch nachgefasst), Saltimbocca mit Pommes (in einer eher \u00f6lig\/fettigen Sauce, Rohschinken mit Salbeiblatt am Naturschnitzel festgemacht) und ein kleines St\u00fcck Sachertorte. Pappsatt. Fr\u00fchst\u00fcck am n\u00e4chsten Tag war auch OK, zwar kein Schinken oder K\u00e4se und auch kein Joghurt oder M\u00fcsli und auch keine Croissants, aber immerhin gute Semmeln. Als ich am n\u00e4chsten Tag gezahlt hab, war ich \u00e4u\u00dferst positiv \u00fcberrascht: Das Abendessenmen\u00fc kostete lediglich 12,- \u20ac, also nur 47,- \u20ac f\u00fcr die Halbpension &#8211; und die Flasche Mineralwasser wurde auch nicht berechnet. Also hier kann man mal wieder vorbei kommen, wenn man auf den Weg ist (was im Winter schon mal vorkommen kann, wenn man sowohl die Alpi Mondovi wie auch z.B. Greolieres fahren m\u00f6chte&#8230;)<\/p>\n<p>Von den zu Weihnachten ausgelassenen Gebieten kommen f\u00fcr morgen 2 in die engere Wahl: Garessio und San Giacomo. W\u00e4hrend mir vom Skigebiet San Giacomo besser gef\u00e4llt, hatte ich es in Garessio halt noch nie geschafft dort zu sein, wenn das Meer mal gut zu sehen ist. Das d\u00fcrfte morgen egtl. gegeben sein. Allerdings soll&#8217;s dort auch windiger werden&#8230; (NB, Garessio hat nur von Fr-So derzeit ge\u00f6ffnet, San Giacomo anscheinend t\u00e4glich, k\u00f6nnte ich also auch noch am Montag oder Dienstag machen. Denn ansonsten ist Dienstag etwas schwierig, da es kaum Gebiete rund um die Poebene gibt, die unter der Woche komplett ge\u00f6ffnet sind &#8211; wenn sie \u00fcberhaupt offen haben.)<\/p>\n<p>(Fortsetzung folgt.)<\/p>\n","protected":false},"excerpt":{"rendered":"<p>SonnigeS\u00fcdAlpen Tag 5: Sa, 25.1.2014 &#8211; Roubion<\/p>\n<p>Heute fr\u00fch hatte ich ziemlich Gl\u00fcck, dass mich meine innere Uhr genau 6 Stunden nach dem Zu-Bett-Gehen aufgeweckt hat, mein iPhone, dessen Weckerorgie eine viertel Stunde sp\u00e4ter h\u00e4tte losgehen sollen, war n\u00e4mlich auf 5% Akkuzustand &#8211; ich hatte vergessen, die GPS-Aufzeichnung zu stoppen. Puh.<\/p>\n<p>Vor dem Hotelverlassen noch <a href=\"http:\/\/blog.inmontanis.info\/?p=2612\">[&#8230;]<\/a><\/p>\n","protected":false},"author":1,"featured_media":0,"comment_status":"open","ping_status":"closed","sticky":false,"template":"","format":"standard","meta":{"footnotes":""},"categories":[128,16,330,27],"tags":[38,90,48,37],"class_list":["post-2612","post","type-post","status-publish","format-standard","hentry","category-2014-01-sonnigesudalpen","category-france","category-roubion","category-skifahren-winterskiing-winter","tag-dsb","tag-infrarot","tag-kssl","tag-meer","odd"],"_links":{"self":[{"href":"http:\/\/blog.inmontanis.info\/index.php?rest_route=\/wp\/v2\/posts\/2612","targetHints":{"allow":["GET"]}}],"collection":[{"href":"http:\/\/blog.inmontanis.info\/index.php?rest_route=\/wp\/v2\/posts"}],"about":[{"href":"http:\/\/blog.inmontanis.info\/index.php?rest_route=\/wp\/v2\/types\/post"}],"author":[{"embeddable":true,"href":"http:\/\/blog.inmontanis.info\/index.php?rest_route=\/wp\/v2\/users\/1"}],"replies":[{"embeddable":true,"href":"http:\/\/blog.inmontanis.info\/index.php?rest_route=%2Fwp%2Fv2%2Fcomments&post=2612"}],"version-history":[{"count":2,"href":"http:\/\/blog.inmontanis.info\/index.php?rest_route=\/wp\/v2\/posts\/2612\/revisions"}],"predecessor-version":[{"id":8940,"href":"http:\/\/blog.inmontanis.info\/index.php?rest_route=\/wp\/v2\/posts\/2612\/revisions\/8940"}],"wp:attachment":[{"href":"http:\/\/blog.inmontanis.info\/index.php?rest_route=%2Fwp%2Fv2%2Fmedia&parent=2612"}],"wp:term":[{"taxonomy":"category","embeddable":true,"href":"http:\/\/blog.inmontanis.info\/index.php?rest_route=%2Fwp%2Fv2%2Fcategories&post=2612"},{"taxonomy":"post_tag","embeddable":true,"href":"http:\/\/blog.inmontanis.info\/index.php?rest_route=%2Fwp%2Fv2%2Ftags&post=2612"}],"curies":[{"name":"wp","href":"https:\/\/api.w.org\/{rel}","templated":true}]}}