{"id":2597,"date":"2014-01-11T22:14:33","date_gmt":"2014-01-11T21:14:33","guid":{"rendered":"http:\/\/blog.inmontanis.info\/?p=2597"},"modified":"2023-08-04T18:45:22","modified_gmt":"2023-08-04T16:45:22","slug":"teglio-aprica-11-1-2014","status":"publish","type":"post","link":"http:\/\/blog.inmontanis.info\/?p=2597","title":{"rendered":"Teglio (+ Aprica), 11.1.2014"},"content":{"rendered":"<p><strong>Tag 1, 11.1.2014 &#8211; Teglio &#038; Aprica<\/strong><\/p>\n<p>Nachdem sich das geplante 3-Tage-Lombardei-Wochenende um den 6.1. wetterbedingt erledigt hatte, bin ich eben dieses WE 2 Tage gegangen. Schlie\u00dflich gibt&#8217;s in der Lombardei noch etliche Skigebiete, in denen ich noch nicht war und die ich endlich unbedingt fahren wollte.<\/p>\n<p>Heute ging&#8217;s nach Teglio. Teglio liegt Skigebietstechnisch &#8220;gegen\u00fcber von Aprica&#8221;, nah an der schweizer Grenze, nahe der Bernina-Passtra\u00dfe und bestand einst aus einer Ovovia als Zubringer (1960-1984) und im oberen Bereich aus 4 Liften, einer DSB und drei SL. 2004 oder 2005 wurde das Skigebiet geschlossen und lag brach, 2010 war ich im April kurz zu einem Fotoshooting oben. Im Winter 2012\/13 wurde die DSB samt oberem SL wieder in Betrieb genommen. Leider der obere SL nur bis zu einem Zwischenausstieg, das oberste St\u00fcck darf man leider nicht mehr fahren &#8211; keine Ahnung warum&#8230;<\/p>\n<p>Hier mein Fotobericht aus 2010:<br \/>\nhttp:\/\/www.sommerschi.com\/forum\/reportagen-f8\/restschnee-lsap-und-quasi-vollbetrieb-24-25-4-2010-t2283.html#p30711<\/p>\n<p>Kleiner Auszug:<\/p>\n<p><a href='http:\/\/ski.inmontanis.info\/d\/116030-3\/P1510642.JPG'><img src=http:\/\/ski.inmontanis.info\/d\/116029-4\/P1510642.JPG \/><\/a><br \/>\n^ (2010) Zoom Skigebiet Teglio (DSB, inkl. Mittel- und Bergstation) von Aprica aus<\/p>\n<p><a href='http:\/\/ski.inmontanis.info\/d\/116034-3\/P1510644.JPG'><img src=http:\/\/ski.inmontanis.info\/d\/116033-4\/P1510644.JPG \/><\/a><br \/>\n^ (2010) Zoom Skigebiet Teglio von Aprica aus (DSB Bergstation links unten und der obere SL in fast gesamter L\u00e4nge)<\/p>\n<p><a href='http:\/\/ski.inmontanis.info\/d\/116051-3\/P1510661.JPG'><img src=http:\/\/ski.inmontanis.info\/d\/116050-4\/P1510661.JPG \/><\/a><br \/>\n^ (2010) Ovovia St\u00fctze 7<\/p>\n<p><a href='http:\/\/ski.inmontanis.info\/d\/116087-3\/P1510700.JPG'><img src=http:\/\/ski.inmontanis.info\/d\/116086-4\/P1510700.JPG \/><\/a><br \/>\n^ (2010) Talstation DSB<\/p>\n<p><a href='http:\/\/ski.inmontanis.info\/d\/116151-3\/P1510738.JPG'><img src=http:\/\/ski.inmontanis.info\/d\/116150-4\/P1510738.JPG \/><\/a><br \/>\n^ (2010) Pistenplan-Prospekt, hier ist der untere SL (4) noch eingezeichnet, obwohl er sicher schon l\u00e4nger stillgelegt ist&#8230;<\/p>\n<p><a href='http:\/\/ski.inmontanis.info\/d\/116183-3\/P1510761.JPG'><img src=http:\/\/ski.inmontanis.info\/d\/116182-4\/P1510761.JPG \/><\/a><br \/>\n^ (2010) SL Combolina<\/p>\n<p><a href='http:\/\/ski.inmontanis.info\/d\/116195-3\/P1510767.JPG'><img src=http:\/\/ski.inmontanis.info\/d\/116194-4\/P1510767.JPG \/><\/a><br \/>\n^ (2010) In der Talstation des SL Combolina liegt noch ein Antrieb, vmtl. der vom unteren SL Prato Valentino. Schaut recht gleich aus. Au\u00dferdem gibt&#8217;s hier massige Oldschool-Ski!<\/p>\n<p><a href='http:\/\/ski.inmontanis.info\/d\/116232-3\/P1510792.JPG'><img src=http:\/\/ski.inmontanis.info\/d\/116231-4\/P1510792.JPG \/><\/a><br \/>\n^ (2010) SL Prato Valentino, d\u00fcrfte schon etwas l\u00e4nger au\u00dfer Betrieb sein<\/p>\n<p><a href='http:\/\/ski.inmontanis.info\/d\/116268-3\/P1510824.JPG'><img src=http:\/\/ski.inmontanis.info\/d\/116267-4\/P1510824.JPG \/><\/a><br \/>\n^ (2010) Talstation SL Prato Valentino<\/p>\n<p><a href='http:\/\/ski.inmontanis.info\/d\/116284-3\/P1510839.JPG'><img src=http:\/\/ski.inmontanis.info\/d\/116283-4\/P1510839.JPG \/><\/a><br \/>\n^ (2010) SL Prato Valentino St\u00fctze nach Talstation und verwachsene Strecke<\/p>\n<p>Um 6 Uhr fuhr ich los, gegen 10 Uhr war ich an der DSB. Samstags kostet die Tageskarte nur 15,- \u20ac (Sonntags 20,- und wochentags ist au\u00dferhalb der Hochsaison nat\u00fcrlich zu bzw. nur das F\u00f6rderband offen).<\/p>\n<p>Sowohl die DSB wie auch der SL war in Betrieb und alle momentan noch aktiven Pisten ge\u00f6ffnet.<\/p>\n<p>Leider spielte das Wetter nicht mit. Gemeldet war: sehr sonnig. Nunja, ganz oben wars auch sonnig, aber im Laufe des Vormittags zog Nebel vom Tal (bzw. von der Po-Ebene?) rein und rauf, die Nebeldecke wurde immer dichter und dicker und erreichte nachmittags ihren H\u00f6hepunkt indem sie kurz oberhalb der DSB-Talstation anfing und bis fast zum SL-Ausstieg andauerte. Nerv. So konnte ich von den sch\u00f6nen Waldabfahrten im unteren Teil nicht wirklich viel erkennen.<\/p>\n<p>Womit wir aber auch bei einigen Entt\u00e4uschungen sind, denn die mittlere Abfahrt wurde nicht wieder in Betrieb genommen, auch die mittlere Schneise der mittleren Abfahrt nicht, die man problemlos h\u00e4tte pr\u00e4parieren k\u00f6nnen, wie auch eine andere Schneise. Wenn nicht sogar noch mehr. Schade ist nat\u00fcrlich auch, dass der SL nicht mehr bis ganz oben in Betrieb ist und dass es am SL nur eine Abfahrt gab. Aber das war einem vom Pistenplan her nat\u00fcrlich klar. Nur k\u00f6nnte man dadurch das Skigebiet halt wesentlich interessanter machen, mit relativ geringem Aufwand.<\/p>\n<p>An Offpistefahren war bei den Schneeverh\u00e4ltnissen auch nicht zu denken, immerhin wars nicht so eisig wie letzte Woche in Sappada.<\/p>\n<p>Dennoch &#8211; in Teglio f\u00e4hrt man hin, weil man sich aufgrund des S\u00fcdhangs den ganzen Tag Sonne erhofft &#8211; und das war heute leider nichts.<\/p>\n<p>Gegen Mittag hab ich mir an der Talstation am &#8220;Au\u00dfengrill&#8221; ein Panino con Salsiccia gekauft, frisch &#8220;gegrillt&#8221;, aber mit 5,- \u20ac eher auf der teureren Seite.<\/p>\n<p>Fotos anklickbar zum Vergr\u00f6\u00dfern:<\/p>\n<p><a href='http:\/\/ski.inmontanis.info\/d\/172312-2\/ge-20140111t1.jpg'><img src=http:\/\/ski.inmontanis.info\/d\/172311-3\/ge-20140111t1.jpg \/><\/a><br \/>\n^ GPS-Track. Rot unten die ehemalige Ovovia, deren St\u00fctzen noch stehen, Rot mittig die ehemaligen SL, Rot oben der stillgelegte Teil des im Betrieb befindlichen SL<\/p>\n<p><a href='http:\/\/ski.inmontanis.info\/d\/172316-2\/DSC02688.jpg'><img src=http:\/\/ski.inmontanis.info\/d\/172315-3\/DSC02688.jpg \/><\/a><br \/>\n^ Pistenplan<\/p>\n<p><a href='http:\/\/ski.inmontanis.info\/d\/172320-2\/DSC02638.jpg'><img src=http:\/\/ski.inmontanis.info\/d\/172319-3\/DSC02638.jpg \/><\/a><br \/>\n^ Rifugio ist wieder offen<\/p>\n<p><a href='http:\/\/ski.inmontanis.info\/d\/172324-2\/DSC02639.jpg'><img src=http:\/\/ski.inmontanis.info\/d\/172323-3\/DSC02639.jpg \/><\/a><br \/>\n^ F\u00f6rderband<\/p>\n<p><a href='http:\/\/ski.inmontanis.info\/d\/172328-2\/DSC02644.jpg'><img src=http:\/\/ski.inmontanis.info\/d\/172327-3\/DSC02644.jpg \/><\/a><br \/>\n^ Eine der DSB-Abfahrten<\/p>\n<p><a href='http:\/\/ski.inmontanis.info\/d\/172332-2\/DSC02645.jpg'><img src=http:\/\/ski.inmontanis.info\/d\/172331-3\/DSC02645.jpg \/><\/a><br \/>\n^ DSB Talstation<\/p>\n<p><a href='http:\/\/ski.inmontanis.info\/d\/172336-2\/DSC02647.jpg'><img src=http:\/\/ski.inmontanis.info\/d\/172335-3\/DSC02647.jpg \/><\/a><br \/>\n^ DSB und ehemalige SL-Trasse<\/p>\n<p><a href='http:\/\/ski.inmontanis.info\/d\/172340-2\/DSC02650.jpg'><img src=http:\/\/ski.inmontanis.info\/d\/172339-3\/DSC02650.jpg \/><\/a><br \/>\n^ Eine der DSB-Abfahrten<\/p>\n<p><a href='http:\/\/ski.inmontanis.info\/d\/172344-2\/DSC02653.jpg'><img src=http:\/\/ski.inmontanis.info\/d\/172343-3\/DSC02653.jpg \/><\/a><br \/>\n^ DSB gen Nebelmeer<\/p>\n<p><a href='http:\/\/ski.inmontanis.info\/d\/172348-2\/DSC02656.jpg'><img src=http:\/\/ski.inmontanis.info\/d\/172347-3\/DSC02656.jpg \/><\/a><br \/>\n^ DSB, Portalst\u00fctze, Nr. 14<\/p>\n<p><a href='http:\/\/ski.inmontanis.info\/d\/172352-2\/DSC02661.jpg'><img src=http:\/\/ski.inmontanis.info\/d\/172351-3\/DSC02661.jpg \/><\/a><br \/>\n^ Mittelstation der DSB (Blick talw\u00e4rts)<\/p>\n<p><a href='http:\/\/ski.inmontanis.info\/d\/172356-2\/DSC02660.jpg'><img src=http:\/\/ski.inmontanis.info\/d\/172355-3\/DSC02660.jpg \/><\/a><br \/>\n^ DSB, St\u00fcck oberhalb der Mittelstation. Im Anschluss der SL<\/p>\n<p><a href='http:\/\/ski.inmontanis.info\/d\/172360-2\/DSC02669.jpg'><img src=http:\/\/ski.inmontanis.info\/d\/172359-3\/DSC02669.jpg \/><\/a><br \/>\n^ DSB, oberhalb der Mittelstation, rechts die Abfahrt<\/p>\n<p><a href='http:\/\/ski.inmontanis.info\/d\/172364-2\/DSC02672.jpg'><img src=http:\/\/ski.inmontanis.info\/d\/172363-3\/DSC02672.jpg \/><\/a><br \/>\n^ DSB Bergstation<\/p>\n<p><a href='http:\/\/ski.inmontanis.info\/d\/172368-2\/DSC02673.jpg'><img src=http:\/\/ski.inmontanis.info\/d\/172367-3\/DSC02673.jpg \/><\/a><br \/>\n^ SL, leider nur eine Abfahrt und leider nicht mehr bis oben in Betrieb<\/p>\n<p><a href='http:\/\/ski.inmontanis.info\/d\/172372-2\/DSC02675.jpg'><img src=http:\/\/ski.inmontanis.info\/d\/172371-3\/DSC02675.jpg \/><\/a><br \/>\n^ Abfahrt am SL<\/p>\n<p><a href='http:\/\/ski.inmontanis.info\/d\/172376-2\/DSC02677.jpg'><img src=http:\/\/ski.inmontanis.info\/d\/172375-3\/DSC02677.jpg \/><\/a><br \/>\n^ Kastriertes Teilst\u00fcck am SL<\/p>\n<p><a href='http:\/\/ski.inmontanis.info\/d\/172380-2\/DSC02678.jpg'><img src=http:\/\/ski.inmontanis.info\/d\/172379-3\/DSC02678.jpg \/><\/a><br \/>\n^ SL, DSB, Abfahrt und ein immer weiter steigendes Nebelmeer<\/p>\n<p><a href='http:\/\/ski.inmontanis.info\/d\/172384-2\/DSC02680.jpg'><img src=http:\/\/ski.inmontanis.info\/d\/172383-3\/DSC02680.jpg \/><\/a><br \/>\n^ Die DSB hat 30 St\u00fctzen. Kommt auch nicht so h\u00e4ufig vor.<\/p>\n<p><a href='http:\/\/ski.inmontanis.info\/d\/172388-2\/DSC02689.jpg'><img src=http:\/\/ski.inmontanis.info\/d\/172387-3\/DSC02689.jpg \/><\/a><br \/>\n^ An der DSB gibt&#8217;s leider auch einige stillgelegte Abfahrtsschneisen<\/p>\n<p><a href='http:\/\/ski.inmontanis.info\/d\/172392-2\/DSC02691.jpg'><img src=http:\/\/ski.inmontanis.info\/d\/172391-3\/DSC02691.jpg \/><\/a><br \/>\n^ Pano nach kurzem Aufstieg oberhalb des SL. Den Teil verpasst man leider durch die K\u00fcrzung.<\/p>\n<p><a href='http:\/\/ski.inmontanis.info\/d\/172396-2\/DSC02697.jpg'><img src=http:\/\/ski.inmontanis.info\/d\/172395-3\/DSC02697.jpg \/><\/a><br \/>\n^ Blick runter zum aktuellen SL-Ausstieg<\/p>\n<p><a href='http:\/\/ski.inmontanis.info\/d\/172400-2\/DSC02700.jpg'><img src=http:\/\/ski.inmontanis.info\/d\/172399-3\/DSC02700.jpg \/><\/a><br \/>\n^ Eine der DSB-Abfahrten<\/p>\n<p><a href='http:\/\/ski.inmontanis.info\/d\/172404-2\/DSC02702.jpg'><img src=http:\/\/ski.inmontanis.info\/d\/172403-3\/DSC02702.jpg \/><\/a><br \/>\n^ Nebelmeer<\/p>\n<p><a href='http:\/\/ski.inmontanis.info\/d\/172408-2\/DSC02708.jpg'><img src=http:\/\/ski.inmontanis.info\/d\/172407-3\/DSC02708.jpg \/><\/a><br \/>\n^ Ehemalige SL-Bergstation<\/p>\n<p><a href='http:\/\/ski.inmontanis.info\/d\/172412-2\/DSC02709.jpg'><img src=http:\/\/ski.inmontanis.info\/d\/172411-3\/DSC02709.jpg \/><\/a><br \/>\n^ Eine weitere ehemalige Abfahrtsschneise<\/p>\n<p><a href='http:\/\/ski.inmontanis.info\/d\/172416-2\/DSC02712.jpg'><img src=http:\/\/ski.inmontanis.info\/d\/172415-3\/DSC02712.jpg \/><\/a><br \/>\n^ Hier konnte man fr\u00fcher wohl zum unteren SL abfahren.<\/p>\n<p><a href='http:\/\/ski.inmontanis.info\/d\/172420-2\/DSC02714.jpg'><img src=http:\/\/ski.inmontanis.info\/d\/172419-3\/DSC02714.jpg \/><\/a><br \/>\n^ Eine der blauen DSB-Abfahrten<\/p>\n<p><a href='http:\/\/ski.inmontanis.info\/d\/172424-2\/DSC02721.jpg'><img src=http:\/\/ski.inmontanis.info\/d\/172423-3\/DSC02721.jpg \/><\/a><br \/>\n^ \u00dcberfahrt DSB an der ehemaligen SL-Schneise<\/p>\n<p>In Summe fand ich das Skigebiet aber nett genug, dass ich&#8217;s in 2-3 Jahren &#8211; bei besserem Wetter &#8211; gerne nochmal besuchen m\u00f6chte.<\/p>\n<p>Im Anschluss bin ich noch kurz nach Aprica r\u00fcber, da es hier in Teglio mit dem Nebel keinen Sinn mehr hatte und es in Aprica eine g\u00fcnstige 1-Studen-Karte um 12,- \u20ac gibt. Und das ist mir die Agudio-6EUB und die Marchisio-Anlagen nat\u00fcrlich wert :)<\/p>\n<p>Um 15:07 Uhr war ich an der Kasse und konnte dann 2x die Agudio-6EUB, 1x den Marchisio-SL, 2x die Marchisio-DSB und 1x den DM-SL im mittleren Sektor fahren. Da im oberen Bereich Nebel war, hatte es keinen Sinn, den oberen SL zu fahren. Oder gar viel Fotos zu machen&#8230;<\/p>\n<p><a href='http:\/\/ski.inmontanis.info\/d\/172300-2\/ge-20140111a1.jpg'><img src=http:\/\/ski.inmontanis.info\/d\/172299-3\/ge-20140111a1.jpg \/><\/a><br \/>\n^ GPS-Track, f\u00fcr eine 1-Stunden-Karte doch nicht schlecht.<\/p>\n<p><a href='http:\/\/ski.inmontanis.info\/d\/172304-2\/DSC02729.jpg'><img src=http:\/\/ski.inmontanis.info\/d\/172303-3\/DSC02729.jpg \/><\/a><br \/>\n^ Agudio-6EUB und Marchisio-SL<\/p>\n<p><a href='http:\/\/ski.inmontanis.info\/d\/172308-2\/DSC02730.jpg'><img src=http:\/\/ski.inmontanis.info\/d\/172307-3\/DSC02730.jpg \/><\/a><br \/>\n^ 6EUB-Abfahrt<\/p>\n<p>War jedenfalls ganz nett zum Abschluss.<\/p>\n<p>Am Ende des Skitags fing dann f\u00fcr mich ein neues Zeitalter an. W\u00e4hrend ich mir schon seit Jahren ein Skileben ohne Skischuheizung nicht mehr vorstellen k\u00f6nnte, hab ich jetzt auch Heizsohlen f\u00fcr die Winterstiefel. Denn nach dem Skifahren in die kalten Stiefel und die F\u00fc\u00dfe waren ratz fatz kalt und bis die Auto-Heizung die Schuhe und die F\u00fc\u00dfe wieder warmgemacht haben, verging oft &#8216;ne Stunde &#8211; das ist ab sofort vorbei!<\/p>\n<p>\u00dcbernachtet wird im **-Hotel Rezia in Sondalo, das ich mir gestern um 40,- \u00dcF reserviert hab, da es halb auf dem Weg nach Bormio liegt, was mir noch ein bisschen Jonglierm\u00f6glichkeit f\u00fcr morgen gibt, falls Lifte oder Wetter eine Plan\u00e4nderung ergeben sollten. Neues Haus, nettes Zimmer, WLan problemlos, liegt am Hang mit Aussicht, Balkon und hat eine Tiefgarage, die allerdings sehr steil anzufahren ist und etwas Mut erfordert.<\/p>\n<p>Die Rezeption ist dann auch im 4. Stock (was dem Eingang an der Stra\u00dfe entspricht) und mein Zimmer im 3. &#8211; aber es gibt ja einen Aufzug. Schreibtisch gibt&#8217;s zwar keinen, aber mit dem Stuhl kann man bequem das Notebook am Bett stehe haben und so arbeiten. Und dass der Fernseher nur ein kleiner R\u00f6hrenbild-TV ist, st\u00f6rt mich nicht &#8211; brauch ich im Urlaub eh nicht. Wer jetzt 1+1 zusammen z\u00e4hlen kann: Mein Zimmer ist also genau unter dem Restaurant. Mal eine andere Art von L\u00e4rmbel\u00e4stigung :)<\/p>\n<p><a href='http:\/\/extra.inmontanis.info\/d\/19679-2\/DSC02732.jpg'><img src=http:\/\/extra.inmontanis.info\/d\/19678-3\/DSC02732.jpg \/><\/a><br \/>\n^ Hotelzimmer<\/p>\n<p><a href='http:\/\/extra.inmontanis.info\/d\/19683-2\/DSC02733.jpg'><img src=http:\/\/extra.inmontanis.info\/d\/19682-3\/DSC02733.jpg \/><\/a><br \/>\n^ Hotel-Ausblick<\/p>\n<p>Da das Tagesmen\u00fc lt. Beschreibung nicht ganz nach meinem Geschmack war, hab ich nur &#8216;ne Portion Nudeln &#8211; bzw. Pizzoccheri (oder so?) Valtellinese gegessen (mit K\u00e4se und Kartoffeln und Kohl oder so, recht fettig, aber gut, hab die ganze Portion gar nicht geschafft) und anschlie\u00dfend einen Coupe Denmark. Fr\u00fchst\u00fcck gibt&#8217;s ab 7 Uhr, aber so fr\u00fch muss ich glaub ich nicht raus &#8211; zumindest nicht, wenn ich wie geplant nach Oga\/Isolaccia fahre&#8230; Jedenfalls kann man das Hotel durchaus empfehlen.<\/p>\n","protected":false},"excerpt":{"rendered":"<p>Tag 1, 11.1.2014 &#8211; Teglio &#038; Aprica<\/p>\n<p>Nachdem sich das geplante 3-Tage-Lombardei-Wochenende um den 6.1. wetterbedingt erledigt hatte, bin ich eben dieses WE 2 Tage gegangen. Schlie\u00dflich gibt&#8217;s in der Lombardei noch etliche Skigebiete, in denen ich noch nicht war und die ich endlich unbedingt fahren wollte.<\/p>\n<p>Heute ging&#8217;s nach Teglio. Teglio liegt Skigebietstechnisch &#8220;gegen\u00fcber <a href=\"http:\/\/blog.inmontanis.info\/?p=2597\">[&#8230;]<\/a><\/p>\n","protected":false},"author":1,"featured_media":0,"comment_status":"open","ping_status":"closed","sticky":false,"template":"","format":"standard","meta":{"footnotes":""},"categories":[531,15,27,216,81],"tags":[39,79,38,77,47],"class_list":["post-2597","post","type-post","status-publish","format-standard","hentry","category-aprica","category-italienitaly","category-skifahren-winterskiing-winter","category-teglio","category-kurztrips","tag-6eub","tag-agudio","tag-dsb","tag-nebelmeer","tag-sl","odd"],"_links":{"self":[{"href":"http:\/\/blog.inmontanis.info\/index.php?rest_route=\/wp\/v2\/posts\/2597","targetHints":{"allow":["GET"]}}],"collection":[{"href":"http:\/\/blog.inmontanis.info\/index.php?rest_route=\/wp\/v2\/posts"}],"about":[{"href":"http:\/\/blog.inmontanis.info\/index.php?rest_route=\/wp\/v2\/types\/post"}],"author":[{"embeddable":true,"href":"http:\/\/blog.inmontanis.info\/index.php?rest_route=\/wp\/v2\/users\/1"}],"replies":[{"embeddable":true,"href":"http:\/\/blog.inmontanis.info\/index.php?rest_route=%2Fwp%2Fv2%2Fcomments&post=2597"}],"version-history":[{"count":1,"href":"http:\/\/blog.inmontanis.info\/index.php?rest_route=\/wp\/v2\/posts\/2597\/revisions"}],"predecessor-version":[{"id":2598,"href":"http:\/\/blog.inmontanis.info\/index.php?rest_route=\/wp\/v2\/posts\/2597\/revisions\/2598"}],"wp:attachment":[{"href":"http:\/\/blog.inmontanis.info\/index.php?rest_route=%2Fwp%2Fv2%2Fmedia&parent=2597"}],"wp:term":[{"taxonomy":"category","embeddable":true,"href":"http:\/\/blog.inmontanis.info\/index.php?rest_route=%2Fwp%2Fv2%2Fcategories&post=2597"},{"taxonomy":"post_tag","embeddable":true,"href":"http:\/\/blog.inmontanis.info\/index.php?rest_route=%2Fwp%2Fv2%2Ftags&post=2597"}],"curies":[{"name":"wp","href":"https:\/\/api.w.org\/{rel}","templated":true}]}}