{"id":2584,"date":"2013-12-29T19:55:41","date_gmt":"2013-12-29T18:55:41","guid":{"rendered":"http:\/\/blog.inmontanis.info\/?p=2584"},"modified":"2023-08-03T21:52:00","modified_gmt":"2023-08-03T19:52:00","slug":"frabosa-mondole-29-12-2013","status":"publish","type":"post","link":"http:\/\/blog.inmontanis.info\/?p=2584","title":{"rendered":"Frabosa &#038; Mondol\u00e9, 29.12.2013"},"content":{"rendered":"<p>Tag 9, 29.12.2013 &#8211; Frabosa &#038; Mondole<\/p>\n<p>Um 8 Uhr hab ich Fr\u00fchst\u00fccken wollen &#8211; alles tote Hose. Hab bl\u00f6derweise auch gestern nicht gefragt. Na egal, komm ich fr\u00fcher weg. Als ich versucht hab, die T\u00fcr zu \u00f6ffnen, kam einer der S\u00f6hne und half mir dabei. Somit war ich schon p\u00fcnktlich um kurz nach 8:30 Uhr in Frabosa und kaufte mir die Tageskarte um 32,- \u20ac.<\/p>\n<p>Mondole an einem Sonntag in den Weihnachtsferien, ob das gut geht? Stellenweise. Aber an einigen Liften, insb. in Prato Nevoso, gab&#8217;s schon Wartezeiten bis zu 10 Minuten. In Frabosa dagegen konnte man immer gleich einstiegen. Artesina war unterschiedlich. Leider scheint es gestern wieder weit hinauf geregnet zu haben, es war gr\u00f6\u00dftenteils recht eisig. Nur die Abfahrten am Monte Moro (ca. 2\/3-1\/2) und im oberen Bereich von Artesina waren noch pulvrig.<\/p>\n<p>Nicht pr\u00e4pariert und somit absolut bl\u00f6d zu fahren (Bruchharsch!) waren die unteren (geschlossenen) Verbindungen in Frabosa. Egtl. hie\u00df es gestern im Netz doch, dass alle Verbindungen offen sein? Naja. Da h\u00e4tten sie sich einen abgebrochen, wenn&#8217;s 1-2x mit der Raupe durch w\u00e4ren&#8230;<\/p>\n<p>Da es also in Nevoso-Artesina gar so voll war, bin ich nachmittags relativ z\u00fcgig wieder retour, so dass ich den Monte Moro &#8211; ESL in Summe 4x fahren konnte (eine Runde dauert &#8220;normal&#8221; ca. 35 Minuten) und sich zum Schluss auch die Graffer-DSB noch ein zweites Mal und sogar noch der Baby-SL ausging. Die Abfahrten am ESL w\u00e4r ich gern noch ein paar Mal gefahren. Allerdings ist Frabosa und Moro recht schattig jetzt Ende Dezember. Denke, dass ich das n\u00e4chste Mal fr\u00fchestens wieder Ende Januar oder dann Februar\/M\u00e4rz fahren sollte (Moro ist zu Weihnachten eh nicht immer offen), und dass ich mir den Moro auf &#8220;so gut wie j\u00e4hrlich&#8221; legen sollte. Evtl. halber Tag nur Fraboso + anderes Skigebiet, anstatt ganzer Tag Mondole?<\/p>\n<p>Fotos anklickbar zum Vergr\u00f6\u00dfern:<\/p>\n<p><a href='http:\/\/extra.inmontanis.info\/d\/19613-2\/ge_2013xmas2.jpg'><img src=http:\/\/extra.inmontanis.info\/d\/19612-3\/ge_2013xmas2.jpg \/><\/a><br \/>\nI) Frabosa &#8211; Mondol\u00e9<\/p>\n<p><img src=http:\/\/ski.inmontanis.info\/d\/55120-3\/P1240515.JPG \/><br \/>\n^ Pistenplan<\/p>\n<p><a href='http:\/\/ski.inmontanis.info\/d\/171481-2\/ge20131229a.jpg'><img src=http:\/\/ski.inmontanis.info\/d\/171480-3\/ge20131229a.jpg \/><\/a><br \/>\n^ GPS-Track 29.12.2013, in Rot einige der stillgelegten Lifte (nicht vollst\u00e4ndig).<\/p>\n<p><a href='http:\/\/ski.inmontanis.info\/d\/171485-2\/DSC01628.jpg'><img src=http:\/\/ski.inmontanis.info\/d\/171484-3\/DSC01628.jpg \/><\/a><br \/>\n^ Schon imposant, der ESL auf den Monte Moro. 2 km lang und knapp \u00fcber 700 hm. Das allein w\u00fcrde schon f\u00fcr einen halben Tag reichen ;-)<\/p>\n<p><a href='http:\/\/ski.inmontanis.info\/d\/171489-2\/DSC01631.jpg'><img src=http:\/\/ski.inmontanis.info\/d\/171488-3\/DSC01631.jpg \/><\/a><br \/>\n^ ESL Monte Moro, oberer Bereich<\/p>\n<p><a href='http:\/\/ski.inmontanis.info\/d\/171493-2\/DSC01632.jpg'><img src=http:\/\/ski.inmontanis.info\/d\/171492-3\/DSC01632.jpg \/><\/a><br \/>\n^ Wenn man im ESL sitzt und r\u00fcckw\u00e4rts fotografiert &#8211; hat man halt die Ski im Bild ;)<\/p>\n<p><a href='http:\/\/ski.inmontanis.info\/d\/171497-2\/DSC09313.jpg'><img src=http:\/\/ski.inmontanis.info\/d\/171496-3\/DSC09313.jpg \/><\/a><br \/>\n^ IR-Alpen-Zoom \u00fcber die Ebene<\/p>\n<p><a href='http:\/\/ski.inmontanis.info\/d\/171501-2\/DSC09314.jpg'><img src=http:\/\/ski.inmontanis.info\/d\/171500-3\/DSC09314.jpg \/><\/a><br \/>\n^ Mal wieder ein IR-Zoom \u00fcber die Ebene zu Matterhorn und Monte Rosa, weil die Sicht heute gar so gut war. Links ein paar rauchende Schornsteine die zu Turin geh\u00f6ren d\u00fcrften.<\/p>\n<p><a href='http:\/\/ski.inmontanis.info\/d\/171505-2\/DSC01636.jpg'><img src=http:\/\/ski.inmontanis.info\/d\/171504-3\/DSC01636.jpg \/><\/a><br \/>\n^ Pano am ESL. Einfach perfekt hier. <\/p>\n<p><a href='http:\/\/ski.inmontanis.info\/d\/171509-2\/DSC01639.jpg'><img src=http:\/\/ski.inmontanis.info\/d\/171508-3\/DSC01639.jpg \/><\/a><br \/>\n^ Die rechte ESL-Abfahrt<\/p>\n<p><a href='http:\/\/ski.inmontanis.info\/d\/171513-2\/DSC01643.jpg'><img src=http:\/\/ski.inmontanis.info\/d\/171512-3\/DSC01643.jpg \/><\/a><br \/>\n^ Der schon lange stillgelegte SL steht immer noch &#8230;<\/p>\n<p><a href='http:\/\/ski.inmontanis.info\/d\/171517-2\/DSC01645.jpg'><img src=http:\/\/ski.inmontanis.info\/d\/171516-3\/DSC01645.jpg \/><\/a><br \/>\n^ Die mittlere ESL-Abfahrt<\/p>\n<p><a href='http:\/\/ski.inmontanis.info\/d\/171521-2\/DSC01647.jpg'><img src=http:\/\/ski.inmontanis.info\/d\/171520-3\/DSC01647.jpg \/><\/a><br \/>\n^ Graffer-DSB (Paskireaux) und ESL. Ziemlich schattig hier zu der Jahreszeit<\/p>\n<p><a href='http:\/\/ski.inmontanis.info\/d\/171525-2\/DSC01649.jpg'><img src=http:\/\/ski.inmontanis.info\/d\/171524-3\/DSC01649.jpg \/><\/a><br \/>\n^ ESL-Flachlandpano<\/p>\n<p><a href='http:\/\/ski.inmontanis.info\/d\/171529-2\/DSC01650.jpg'><img src=http:\/\/ski.inmontanis.info\/d\/171528-3\/DSC01650.jpg \/><\/a><br \/>\n^ Die linke Abfahrt am ESL<\/p>\n<p><a href='http:\/\/ski.inmontanis.info\/d\/171533-2\/DSC01652.jpg'><img src=http:\/\/ski.inmontanis.info\/d\/171532-3\/DSC01652.jpg \/><\/a><br \/>\n^ Verbindung Moro-Mongrosso leider noch nicht ge\u00f6ffnet und leider auch nicht richtig pr\u00e4pariert.<\/p>\n<p><a href='http:\/\/ski.inmontanis.info\/d\/171537-2\/DSC01653.jpg'><img src=http:\/\/ski.inmontanis.info\/d\/171536-3\/DSC01653.jpg \/><\/a><br \/>\n^ DSB Burrino (Malanotte Sektion I)<\/p>\n<p><a href='http:\/\/ski.inmontanis.info\/d\/171541-2\/DSC01655.jpg'><img src=http:\/\/ski.inmontanis.info\/d\/171540-3\/DSC01655.jpg \/><\/a><br \/>\n^ DSB Malanotte (Sektion II)<\/p>\n<p><a href='http:\/\/ski.inmontanis.info\/d\/171545-2\/DSC01656.jpg'><img src=http:\/\/ski.inmontanis.info\/d\/171544-3\/DSC01656.jpg \/><\/a><br \/>\n^ Verbindungs-DSB von Frabosa nach Prato Nevoso<\/p>\n<p><a href='http:\/\/ski.inmontanis.info\/d\/171433-2\/DSC01660.jpg'><img src=http:\/\/ski.inmontanis.info\/d\/171432-3\/DSC01660.jpg \/><\/a><br \/>\n^ Wartezeiten an der 4SB Blu. Wie bl\u00f6d muss ich gewesen sein, hier runter zu fahren, anstelle den Skiweg gleich weiter zur DSB zu nehmen..<\/p>\n<p><a href='http:\/\/ski.inmontanis.info\/d\/171437-2\/DSC01661.jpg'><img src=http:\/\/ski.inmontanis.info\/d\/171436-3\/DSC01661.jpg \/><\/a><br \/>\n^ Wartezeiten an der DSB Rossa und 6KSB Caudano<\/p>\n<p><a href='http:\/\/ski.inmontanis.info\/d\/171441-2\/DSC01662.jpg'><img src=http:\/\/ski.inmontanis.info\/d\/171440-3\/DSC01662.jpg \/><\/a><br \/>\n^ DSB Rossa<\/p>\n<p><a href='http:\/\/ski.inmontanis.info\/d\/171445-2\/DSC01663.jpg'><img src=http:\/\/ski.inmontanis.info\/d\/171444-3\/DSC01663.jpg \/><\/a><br \/>\n^ SL Alpet, hab ich auch schon Jahre nicht mehr in Betrieb gesehen. Vmtl. nur sonntags und in der Hochsaison offen.<\/p>\n<p><a href='http:\/\/ski.inmontanis.info\/d\/171449-2\/DSC01665.jpg'><img src=http:\/\/ski.inmontanis.info\/d\/171448-3\/DSC01665.jpg \/><\/a><br \/>\n^ Pano Bergstationen DSB Rosso \/ SL Alpet<\/p>\n<p><a href='http:\/\/ski.inmontanis.info\/d\/171453-2\/DSC01666.jpg'><img src=http:\/\/ski.inmontanis.info\/d\/171452-3\/DSC01666.jpg \/><\/a><br \/>\n^ DSB Colletto<\/p>\n<p><a href='http:\/\/ski.inmontanis.info\/d\/171457-2\/DSC01671.jpg'><img src=http:\/\/ski.inmontanis.info\/d\/171456-3\/DSC01671.jpg \/><\/a><br \/>\n^ DSB Trucca Turra<\/p>\n<p><a href='http:\/\/ski.inmontanis.info\/d\/171461-2\/DSC01672.jpg'><img src=http:\/\/ski.inmontanis.info\/d\/171460-3\/DSC01672.jpg \/><\/a><br \/>\n^ DSB Trucca Turra und Doppel-SL Turra<\/p>\n<p><a href='http:\/\/ski.inmontanis.info\/d\/171465-2\/DSC01676.jpg'><img src=http:\/\/ski.inmontanis.info\/d\/171464-3\/DSC01676.jpg \/><\/a><br \/>\n^ 4SB Mirafiori und SL Pogliola (sogar mal in Betrieb). Links am Rand SL Rocche Giardina (wird im Sommer ersetzt), rechts DSB Mondol\u00e8<\/p>\n<p><a href='http:\/\/ski.inmontanis.info\/d\/171469-2\/DSC01678.jpg'><img src=http:\/\/ski.inmontanis.info\/d\/171468-3\/DSC01678.jpg \/><\/a><br \/>\n^ Pano Doppel-SL Turra<\/p>\n<p><a href='http:\/\/ski.inmontanis.info\/d\/171473-2\/DSC01679.jpg'><img src=http:\/\/ski.inmontanis.info\/d\/171472-3\/DSC01679.jpg \/><\/a><br \/>\n^ Ex-Kurven-SL Balma. Wird seit dem neuen Skiweg nicht mehr als Verbindungslift ben\u00f6tigt und ist seither zu.<\/p>\n<p><a href='http:\/\/ski.inmontanis.info\/d\/171477-2\/DSC01682.jpg'><img src=http:\/\/ski.inmontanis.info\/d\/171476-3\/DSC01682.jpg \/><\/a><br \/>\n^ Verbindungs-DSB Nevoso-Fabrosa<\/p>\n<p><a href='http:\/\/ski.inmontanis.info\/d\/171549-2\/DSC01683.jpg'><img src=http:\/\/ski.inmontanis.info\/d\/171548-3\/DSC01683.jpg \/><\/a><br \/>\n^ Nachmittags in der Sonne: Nordwest-Abfahrt am ESL &#8211; dem Monviso entgegen<\/p>\n<p><a href='http:\/\/ski.inmontanis.info\/d\/171553-2\/DSC01686.jpg'><img src=http:\/\/ski.inmontanis.info\/d\/171552-3\/DSC01686.jpg \/><\/a><br \/>\n^ mittlerer Skiweg am ESL, vorbei an einer ehemaligen SL-Bergstation &#8230;<\/p>\n<p><a href='http:\/\/ski.inmontanis.info\/d\/171557-2\/DSC01688.jpg'><img src=http:\/\/ski.inmontanis.info\/d\/171556-3\/DSC01688.jpg \/><\/a><br \/>\n^ Schneise des zum ESL im mittleren Teil parallelen SL. Links der ESL<\/p>\n<p><a href='http:\/\/ski.inmontanis.info\/d\/171561-2\/DSC01689.jpg'><img src=http:\/\/ski.inmontanis.info\/d\/171560-3\/DSC01689.jpg \/><\/a><br \/>\n^ Hier oben sind sogar noch ein paar St\u00fctzenreste des SL<\/p>\n<p>Fazit: In einem Tag kann man das Skigebiet nicht komplett abfahren, insb. wenn man am liebsten den halben Tag am ESL verbringen m\u00f6chte ;) Eins der wenigen Skigebiete, die ich 2 Tage hinteinerander aushalten w\u00fcrde. Ich h\u00e4tte nichts dagegen, da heuer noch mal hin zu fahren.<\/p>\n<p>Jedenfalls ist mir heute klar geworden, dass San Giacomo morgen keinen Sinn hat. Die direkte DSB-Abfahrt hab ich ja noch nie pr\u00e4pariert erlebt, und bei den momentanen Schneeverh\u00e4ltnissen hat die Piste unpr\u00e4pariert keinen Sinn. Da sollte ich in h\u00f6here Skigebiete gehen, sprich Argentera oder Pontechianale. F\u00fcr letzteres sprechen die S\u00fcdh\u00e4nge, f\u00fcr ersteres die gr\u00f6\u00dfere Abwechslung sofern in Pontechianale die Talabfahrten nicht gehen. Aber egtl. liegt genug Schnee, denke, dass die Abfahrten zumindestens teilweise pr\u00e4pariert wurden. Fahrzeit von hier allerdings 2 Stunden. Mit Fr\u00fchst\u00fcck morgen werd ich also kaum vor 11 Uhr dort sein. <\/p>\n<p>Abendessen:<br \/>\n&#8211; 4 Scheiben Rohwurst bzw. Salami bzw. so was<br \/>\n&#8211; nochmal die Kastanien von gestern (h\u00e4tte ich nicht noch mal gebraucht)<br \/>\n&#8211; Pepperoncini sauer\/scharf\/thunfischm\u00e4\u00dfig gef\u00fcllt (n\u00f6\u00f6..)<br \/>\n&#8211; Gebratene Polenta mit Arrabbiata-Sauce (warm)<br \/>\n&#8211; Nudeln mit dem Brassato-Rest von gestern gef\u00fcllt<br \/>\n&#8211; irgendeine Piemonteser Spezialit\u00e4t, das Fleisch war f\u00fcr mich undefinierbar, in Summe mir zu sauer und die 4 Saucen ebenso sauer\/senflastig<br \/>\n&#8211; 2 gro\u00dfe Profiteroles mit Schokomousse drumrum<\/p>\n<p>In Summe war ich zwar voller als gestern, aber so wirklich umgehaut hat&#8217;s mich heute leider nicht.<\/p>\n<p>Am n\u00e4chsten Morgen war Zahltag, das Zimmer mit 40,- \u20ac hat gepasst, aber das Men\u00fc war heuer doch um einiges teurer, lag vmtl. an den Antipasti, denn 25,- \u20ac hatte ich letztes Jahr nicht f\u00fcr&#8217;s Men\u00fc bezahlt. Insofern war die HP im Gelsi 7,- \u20ac g\u00fcnstiger bei wesentlich besserem Fr\u00fchst\u00fcck und &#8211; diesmal &#8211; nicht schlechterem Abendessen.<\/p>\n","protected":false},"excerpt":{"rendered":"<p>Tag 9, 29.12.2013 &#8211; Frabosa &#038; Mondole<\/p>\n<p>Um 8 Uhr hab ich Fr\u00fchst\u00fccken wollen &#8211; alles tote Hose. Hab bl\u00f6derweise auch gestern nicht gefragt. Na egal, komm ich fr\u00fcher weg. Als ich versucht hab, die T\u00fcr zu \u00f6ffnen, kam einer der S\u00f6hne und half mir dabei. Somit war ich schon p\u00fcnktlich um kurz nach 8:30 <a href=\"http:\/\/blog.inmontanis.info\/?p=2584\">[&#8230;]<\/a><\/p>\n","protected":false},"author":1,"featured_media":0,"comment_status":"open","ping_status":"closed","sticky":false,"template":"","format":"standard","meta":{"footnotes":""},"categories":[127,15,229,59,27],"tags":[49,38,35,91,90,80],"class_list":["post-2584","post","type-post","status-publish","format-standard","hentry","category-2013-12-weihnachten","category-italienitaly","category-mondole","category-nostalgie","category-skifahren-winterskiing-winter","tag-4sb","tag-dsb","tag-esl","tag-graffer","tag-infrarot","tag-marchisio","odd"],"_links":{"self":[{"href":"http:\/\/blog.inmontanis.info\/index.php?rest_route=\/wp\/v2\/posts\/2584","targetHints":{"allow":["GET"]}}],"collection":[{"href":"http:\/\/blog.inmontanis.info\/index.php?rest_route=\/wp\/v2\/posts"}],"about":[{"href":"http:\/\/blog.inmontanis.info\/index.php?rest_route=\/wp\/v2\/types\/post"}],"author":[{"embeddable":true,"href":"http:\/\/blog.inmontanis.info\/index.php?rest_route=\/wp\/v2\/users\/1"}],"replies":[{"embeddable":true,"href":"http:\/\/blog.inmontanis.info\/index.php?rest_route=%2Fwp%2Fv2%2Fcomments&post=2584"}],"version-history":[{"count":1,"href":"http:\/\/blog.inmontanis.info\/index.php?rest_route=\/wp\/v2\/posts\/2584\/revisions"}],"predecessor-version":[{"id":2585,"href":"http:\/\/blog.inmontanis.info\/index.php?rest_route=\/wp\/v2\/posts\/2584\/revisions\/2585"}],"wp:attachment":[{"href":"http:\/\/blog.inmontanis.info\/index.php?rest_route=%2Fwp%2Fv2%2Fmedia&parent=2584"}],"wp:term":[{"taxonomy":"category","embeddable":true,"href":"http:\/\/blog.inmontanis.info\/index.php?rest_route=%2Fwp%2Fv2%2Fcategories&post=2584"},{"taxonomy":"post_tag","embeddable":true,"href":"http:\/\/blog.inmontanis.info\/index.php?rest_route=%2Fwp%2Fv2%2Ftags&post=2584"}],"curies":[{"name":"wp","href":"https:\/\/api.w.org\/{rel}","templated":true}]}}